{"id":8598,"__str__":"Projeto de Lei EM n\u00ba 21 de 2023 | Apresenta\u00e7\u00e3o em Plen\u00e1rio | 27/02/2023","link_detail_backend":"/materia/tramitacao/8598","metadata":{},"timestamp":"2023-02-28T16:28:54.249812-03:00","data_tramitacao":"2023-02-27","data_encaminhamento":null,"urgente":false,"turno":"","texto":"","data_fim_prazo":null,"ip":"201.222.28.9","ultima_edicao":"2023-02-28T16:28:53.147532-03:00","status":1,"materia":7535,"unidade_tramitacao_local":10,"unidade_tramitacao_destino":10,"user":47}