{"id":9384,"__str__":"Requerimento n\u00ba 62 de 2023 | Apresenta\u00e7\u00e3o em Plen\u00e1rio | 19/06/2023","link_detail_backend":"/materia/tramitacao/9384","metadata":{},"timestamp":"2023-06-20T17:47:24.020409-03:00","data_tramitacao":"2023-06-19","data_encaminhamento":null,"urgente":false,"turno":"","texto":"Requerimento apresentado em plen\u00e1rio.","data_fim_prazo":null,"ip":"201.222.28.9","ultima_edicao":"2023-06-20T17:47:23.813991-03:00","status":1,"materia":7696,"unidade_tramitacao_local":10,"unidade_tramitacao_destino":10,"user":47}