{"headers": {"id": "ID", "ano": "Ano", "numero": "N\u00famero", "tipo__sigla": "Tipo de Mat\u00e9ria Legislativa/Sigla", "tipo__descricao": "Tipo de Mat\u00e9ria Legislativa/Descri\u00e7\u00e3o", "autoria": "Autorias", "texto_original": "Texto Original", "ementa": "Ementa"}, "results": [{"id": "5512", "ano": "2018", "numero": "1", "tipo__sigla": "ANTEP", "tipo__descricao": "Anteprojeto de Lei", "autoria": "Quelli C\u00e1ssia Couto", "texto_original": "http://sapl.lagoadaprata.mg.leg.br/media/sapl/public/materialegislativa/2018/5512/anteprojeto_01-2018_quelli_-_parcerias_horta_co_BrWKg4H.pdf", "ementa": "Disp\u00f5e sobre Regulamenta\u00e7\u00e3o do Programa\r\nde Hortas Comunit\u00e1rias no Munic\u00edpio de\r\nLagoa da Prata e Institui Incentivo e\r\nParceria entre os Participantes do Projeto\r\nOrtoterapia e Setores da Administra\u00e7\u00e3o\r\nP\u00fablica Municipal."}, {"id": "5513", "ano": "2018", "numero": "2", "tipo__sigla": "ANTEP", "tipo__descricao": "Anteprojeto de Lei", "autoria": "Quelli C\u00e1ssia Couto", "texto_original": "http://sapl.lagoadaprata.mg.leg.br/media/sapl/public/materialegislativa/2018/5513/anteprojeto_02-2018_quelli_-_conselho_municipal_27LFWFJ.pdf", "ementa": "Cria o Conselho Municipal dos Direitos da Mulher no Munic\u00edpio de Lagoa da Prata \u2013 CMDM."}, {"id": "5514", "ano": "2018", "numero": "3", "tipo__sigla": "ANTEP", "tipo__descricao": "Anteprojeto de Lei", "autoria": "Joanes Bosco, Professor Elias Izaias", "texto_original": "http://sapl.lagoadaprata.mg.leg.br/media/sapl/public/materialegislativa/2018/5514/anteprojeto_03-2018_joanes_-_portaria_da_praia_jr.pdf", "ementa": "Altera a Lei Municipal n\u00ba 984/2001."}, {"id": "5515", "ano": "2018", "numero": "4", "tipo__sigla": "ANTEP", "tipo__descricao": "Anteprojeto de Lei", "autoria": "Quelli C\u00e1ssia Couto", "texto_original": "http://sapl.lagoadaprata.mg.leg.br/media/sapl/public/materialegislativa/2018/5515/anteprojeto_04-2018_quelli_-_aumento_no_numero__srIowNQ.pdf", "ementa": "Altera a Lei Complementar n\u00ba 003, de 22 de Maio de 1991."}, {"id": "5516", "ano": "2018", "numero": "5", "tipo__sigla": "ANTEP", "tipo__descricao": "Anteprojeto de Lei", "autoria": "Preto, Cabo Nunes ", "texto_original": "http://sapl.lagoadaprata.mg.leg.br/media/sapl/public/materialegislativa/2018/5516/anteprojeto_05-2018_preto_e_nunes_-_concessao_a_mJB3Eko.pdf", "ementa": "Autoriza a concess\u00e3o de aux\u00edlio financeiro a estudantes universit\u00e1rios."}, {"id": "5517", "ano": "2018", "numero": "6", "tipo__sigla": "ANTEP", "tipo__descricao": "Anteprojeto de Lei", "autoria": "Quelli C\u00e1ssia Couto", "texto_original": "http://sapl.lagoadaprata.mg.leg.br/media/sapl/public/materialegislativa/2018/5517/anteprojeto_06-2018_quelli_-_odontologos_07-05.pdf", "ementa": "Altera a Lei Complementar n\u00ba 093, de 06 de julho de 2011."}, {"id": "5518", "ano": "2018", "numero": "7", "tipo__sigla": "ANTEP", "tipo__descricao": "Anteprojeto de Lei", "autoria": "Adriano Moreira", "texto_original": "http://sapl.lagoadaprata.mg.leg.br/media/sapl/public/materialegislativa/2018/5518/anteprojeto_07-2018_-_jr_-_adriano_-_autista.pdf", "ementa": "Institui a Pol\u00edtica Municipal de Atendimento Integrado \u00e0 Pessoa com Transtorno do Espectro Autista."}, {"id": "5519", "ano": "2018", "numero": "8", "tipo__sigla": "ANTEP", "tipo__descricao": "Anteprojeto de Lei", "autoria": "Cabo Nunes ", "texto_original": "http://sapl.lagoadaprata.mg.leg.br/media/sapl/public/materialegislativa/2018/5519/anteprojeto_08-2018_nunes_-_gratificacao_enferm_z3YUcuS.pdf", "ementa": "Altera a Lei Complementar n\u00ba 93, de 06 de julho de 2011, para criar a Fun\u00e7\u00e3o Gratificada de Enfermeiro(a) Coordenador(a) de Unidade B\u00e1sica de Sa\u00fade."}, {"id": "5520", "ano": "2018", "numero": "9", "tipo__sigla": "ANTEP", "tipo__descricao": "Anteprojeto de Lei", "autoria": "Preto", "texto_original": "http://sapl.lagoadaprata.mg.leg.br/media/sapl/public/materialegislativa/2018/5520/anteprojeto_09-2018-preto_jr_-_reducao_tarifa_esgoto.pdf", "ementa": "Autoriza o Servi\u00e7o Aut\u00f4nomo de \u00c1gua e Esgoto a Reduzir o Valor da Tarifa de Esgoto a Percentual que Menciona."}, {"id": "5521", "ano": "2018", "numero": "10", "tipo__sigla": "ANTEP", "tipo__descricao": "Anteprojeto de Lei", "autoria": "Preto, Josiane Protetora dos Animais", "texto_original": "http://sapl.lagoadaprata.mg.leg.br/media/", "ementa": "Disp\u00f5e sobre cria\u00e7\u00e3o do Conselho Municipal de\r\nProte\u00e7\u00e3o e Defesa dos Animais."}, {"id": "5447", "ano": "2018", "numero": "11", "tipo__sigla": "ANTEP", "tipo__descricao": "Anteprojeto de Lei", "autoria": "Adriano Moreira", "texto_original": "http://sapl.lagoadaprata.mg.leg.br/media/./sapl/public/materialegislativa/2018/5447/5447_texto_integral.pdf", "ementa": "ALTERA A LEI COMPLEMENTAR N\u00ba 42/2001 QUE TRATA DO C\u00d3DIGO TRIBUT\u00c1RIO MUNICIPAL."}, {"id": "5493", "ano": "2018", "numero": "12", "tipo__sigla": "ANTEP", "tipo__descricao": "Anteprojeto de Lei", "autoria": "Josiane Protetora dos Animais", "texto_original": "http://sapl.lagoadaprata.mg.leg.br/media/sapl/public/materialegislativa/2018/5493/anteprojeto_12-2018_-_adocao_de_animais_rev_-_23-07.pdf", "ementa": "Institui o \u201cPrograma Municipal de Ado\u00e7\u00e3o Respons\u00e1vel de Animais\u201d."}, {"id": "5530", "ano": "2018", "numero": "13", "tipo__sigla": "ANTEP", "tipo__descricao": "Anteprojeto de Lei", "autoria": "Quelli C\u00e1ssia Couto", "texto_original": "http://sapl.lagoadaprata.mg.leg.br/media/sapl/public/materialegislativa/2018/5530/anteprojeto_13-2018_-_jr_-_quelli_-_centro_de_a_fGdOhQV.pdf", "ementa": "Institui o Centro de Atendimento de Especialidades M\u00e9dicas e Exames no Munic\u00edpio de Lagoa da Prata"}, {"id": "5553", "ano": "2018", "numero": "14", "tipo__sigla": "ANTEP", "tipo__descricao": "Anteprojeto de Lei", "autoria": "Preto", "texto_original": "http://sapl.lagoadaprata.mg.leg.br/media/sapl/public/materialegislativa/2018/5553/anteprojeto_14-2018_-_preto_-_gravacao_de_licitacoes.pdf", "ementa": "Disp\u00f5e sobre a grava\u00e7\u00e3o em \u00e1udio e v\u00eddeo das sess\u00f5es de licita\u00e7\u00f5es p\u00fablicas realizadas pelos Poderes Legislativo e Executivo no Munic\u00edpio de Lagoa da Prata"}, {"id": "5554", "ano": "2018", "numero": "15", "tipo__sigla": "ANTEP", "tipo__descricao": "Anteprojeto de Lei", "autoria": "Adriano Moreira", "texto_original": "http://sapl.lagoadaprata.mg.leg.br/media/sapl/public/materialegislativa/2018/5554/anteprojeto_15-2018_-_moreira_-_servico_de_conv_uHHSTFp.pdf", "ementa": "Cria o Servi\u00e7o de Conviv\u00eancia e Fortalecimento de V\u00ednculos para Idosos no munic\u00edpio de Lagoa da Prata"}, {"id": "5654", "ano": "2018", "numero": "16", "tipo__sigla": "ANTEP", "tipo__descricao": "Anteprojeto de Lei", "autoria": "Professor Elias Izaias", "texto_original": "http://sapl.lagoadaprata.mg.leg.br/media/sapl/public/materialegislativa/2018/5654/anteprojeto_16-2018_elias_-_institui_o_janeiro__IvxAZJc.pdf", "ementa": "Disp\u00f5e sobre a Institui\u00e7\u00e3o no Calend\u00e1rio Oficial do Munic\u00edpio de Lagoa da Prata do \u201cJaneiro Branco\u201d, m\u00eas dedicado \u00e0 conscientiza\u00e7\u00e3o e difus\u00e3o da sa\u00fade mental e emocional."}, {"id": "5683", "ano": "2018", "numero": "17", "tipo__sigla": "ANTEP", "tipo__descricao": "Anteprojeto de Lei", "autoria": "Cida Marcelino", "texto_original": "http://sapl.lagoadaprata.mg.leg.br/media/sapl/public/materialegislativa/2018/5683/anteprojeto_17-2018_cida_-_interprete_de_libras_IokvprU.pdf", "ementa": "Institui-se obrigatoriedade da inclus\u00e3o de int\u00e9rprete de Libras nas reuni\u00f5es da C\u00e2mara Municipal de Lagoa da Prata"}, {"id": "5684", "ano": "2018", "numero": "18", "tipo__sigla": "ANTEP", "tipo__descricao": "Anteprojeto de Lei", "autoria": "Cida Marcelino", "texto_original": "http://sapl.lagoadaprata.mg.leg.br/media/sapl/public/materialegislativa/2018/5684/anteprojeto_18-2018_cida_-_interprete_de_libras_udljzps.pdf", "ementa": "Institui-se obrigatoriedade da inclus\u00e3o de int\u00e9rprete de Libras em reparti\u00e7\u00f5es p\u00fablicas do munic\u00edpio de Lagoa da Prata"}, {"id": "5696", "ano": "2018", "numero": "19", "tipo__sigla": "ANTEP", "tipo__descricao": "Anteprojeto de Lei", "autoria": "Cabo Nunes ", "texto_original": "http://sapl.lagoadaprata.mg.leg.br/media/sapl/public/materialegislativa/2018/5696/anteprojeto_19-2018_nunes_-_institui_o_dia_de_r_EBI2aAt.pdf", "ementa": "Disp\u00f5e sobre a Institui\u00e7\u00e3o no Calend\u00e1rio Oficial do Munic\u00edpio de Lagoa da Prata do \u201cDia de Rol\u00ea dos Pets\u201d"}, {"id": "5385", "ano": "2018", "numero": "1", "tipo__sigla": "IND", "tipo__descricao": "Indica\u00e7\u00e3o", "autoria": "Quelli C\u00e1ssia Couto", "texto_original": "http://sapl.lagoadaprata.mg.leg.br/media/./sapl/public/materialegislativa/2018/5385/5385_texto_integral.pdf", "ementa": "INDICA AO EXECUTIVO MUNICIPAL, NA FORMA\r\nREGIMENTAL, A NECESSIDADE DE SE REALIZAR A LIMPEZA DA AVENIDA ISABEL DE CASTRO,\r\nESPECIALMENTE NO TRECHO QUE COMPREENDE O BAIRRO AM\u00c9RICO SILVA (DA AV. JOS\u00c9\r\nBERNARDES MACIEL AT\u00c9 A PROXIMIDADE DA APAE), REALIZANDO A CAPINA DA AVENIDA E A\r\nRETIRADA DE ENTULHO, CARCA\u00c7AS DE VE\u00cdCULOS ABANDONADOS E LIXO QUE T\u00caM SIDO\r\nDESCARTADOS NOS LOTES AO LONGO DA AVENIDA."}, {"id": "5386", "ano": "2018", "numero": "2", "tipo__sigla": "IND", "tipo__descricao": "Indica\u00e7\u00e3o", "autoria": "Adriano Moreira", "texto_original": "http://sapl.lagoadaprata.mg.leg.br/media/./sapl/public/materialegislativa/2018/5386/5386_texto_integral.pdf", "ementa": "INDICA AO PRESIDENTE DESTA CASA LEGISLATIVA,\r\nNA FORMA REGIMENTAL, A NECESSIDADE DE SE REALIZAR UMA AUDI\u00caNCIA P\u00daBLICA PARA TRATAR\r\nA RESPEITO DO AUTISMO"}, {"id": "5387", "ano": "2018", "numero": "3", "tipo__sigla": "IND", "tipo__descricao": "Indica\u00e7\u00e3o", "autoria": "Cida Marcelino", "texto_original": "http://sapl.lagoadaprata.mg.leg.br/media/./sapl/public/materialegislativa/2018/5387/5387_texto_integral.pdf", "ementa": "INDICA AO EXECUTIVO MUNICIPAL, NA FORMA\r\nREGIMENTAL, A NECESSIDADE DE SE PASSAR URGENTEMENTE A M\u00c1QUINA PATROL NAS\r\nESTRADAS VICINAIS DA COMUNIDADE DOS MIRANDAS, ASSIM COMO REALIZAR INSPE\u00c7\u00c3O NA\r\nPONTE SITUADA NA REFERIDA ESTRADA, PARA SEGURAN\u00c7A DOS USU\u00c1RIOS."}, {"id": "5388", "ano": "2018", "numero": "4", "tipo__sigla": "IND", "tipo__descricao": "Indica\u00e7\u00e3o", "autoria": "Cabo Nunes ", "texto_original": "http://sapl.lagoadaprata.mg.leg.br/media/./sapl/public/materialegislativa/2018/5388/5388_texto_integral.pdf", "ementa": "INDICA AO EXECUTIVO MUNICIPAL, NA FORMA\r\nREGIMENTAL, A NECESSIDADE DE SE REALIZAR A REPOSI\u00c7\u00c3O DE TODAS AS L\u00c2MPADAS\r\nQUEIMADAS DA QUADRA POLIESPORTIVA DO BAIRRO SANTA HELENA."}, {"id": "5389", "ano": "2018", "numero": "5", "tipo__sigla": "IND", "tipo__descricao": "Indica\u00e7\u00e3o", "autoria": "Cabo Nunes ", "texto_original": "http://sapl.lagoadaprata.mg.leg.br/media/./sapl/public/materialegislativa/2018/5389/5389_texto_integral.pdf", "ementa": "INDICA AO EXECUTIVO MUNICIPAL, NA FORMA\r\nREGIMENTAL, A NECESSIDADE DE SE APROVEITAR O MOMENTO EM QUE OS MUNIC\u00cdPIOS DE\r\nTODO PA\u00cdS REIVINDICAM AUX\u00cdLIO AO GOVERNO FEDERAL E QUE ESTE TAMB\u00c9M CUMPRA SEUS\r\nCOMPROMISSOS COM O REPASSE DE RECURSOS, BEM COMO A MANIFESTA\u00c7\u00c3O DO PRESIDENTE\r\nDA REP\u00daBLICA EM ATENDER ESTAS DEMANDAS, PARA BUSCAR FINANCIAMENTOS E/OU\r\nEMPR\u00c9STIMOS JUNTO A BANCOS P\u00daBLICOS OU O REPASSE DIRETO DE RECURSOS FINANCEIROS\r\nJUNTO AO GOVERNO FEDERAL, A FIM DE SEREM DESTINADOS \u00c0 SEGURAN\u00c7A P\u00daBLICA LOCAL, COM\r\nINSTALA\u00c7\u00c3O DE CANCELAS ELETR\u00d4NICAS NAS PRINCIPAIS ENTRADAS/SA\u00cdDAS DA CIDADE E MAIS\r\nINVESTIMENTOS EM EQUIPAMENTOS E PESSOAL PARA SISTEMA DE SEGURAN\u00c7A DE\r\nVIDEOMONITORAMENTO (OLHO VIVO) NAS VIAS P\u00daBLICAS."}, {"id": "5390", "ano": "2018", "numero": "6", "tipo__sigla": "IND", "tipo__descricao": "Indica\u00e7\u00e3o", "autoria": "Professor Elias Izaias", "texto_original": "http://sapl.lagoadaprata.mg.leg.br/media/./sapl/public/materialegislativa/2018/5390/5390_texto_integral.pdf", "ementa": "INDICA AO EXECUTIVO MUNICIPAL, NA FORMA\r\nREGIMENTAL, A NECESSIDADE DE SE SINALIZAR COM FAIXAS PARA PEDESTRES O PISO DA\r\nAVENIDA GET\u00daLIO VARGAS E DA RUA ALEXANDRE BERNARDES PRIMO, EM FRENTE AOS\r\nACESSOS A UM GRANDE SUPERMERCADO SITUADO NA QUADRA ENTRE AS DUAS VIAS P\u00daBLICAS\r\nMENCIONADAS."}, {"id": "5391", "ano": "2018", "numero": "7", "tipo__sigla": "IND", "tipo__descricao": "Indica\u00e7\u00e3o", "autoria": "Quelli C\u00e1ssia Couto", "texto_original": "http://sapl.lagoadaprata.mg.leg.br/media/./sapl/public/materialegislativa/2018/5391/5391_texto_integral.pdf", "ementa": "INDICA AO EXECUTIVO MUNICIPAL, NA FORMA\r\nREGIMENTAL, A NECESSIDADE DE SE REALIZAR OBRAS DE AMPLIA\u00c7\u00c3O DA CAPACIDADE DE\r\nILUMINA\u00c7\u00c3O P\u00daBLICA NO PROLONGAMENTO DA AVENIDA BENEDITO VALADARES, NO BAIRRO\r\nGOMES, NESTA CIDADE."}, {"id": "5392", "ano": "2018", "numero": "8", "tipo__sigla": "IND", "tipo__descricao": "Indica\u00e7\u00e3o", "autoria": "Quelli C\u00e1ssia Couto", "texto_original": "http://sapl.lagoadaprata.mg.leg.br/media/./sapl/public/materialegislativa/2018/5392/5392_texto_integral.pdf", "ementa": "INDICA AO EXECUTIVO MUNICIPAL, NA FORMA\r\nREGIMENTAL, A NECESSIDADE DE SE REALIZAR A CANALIZA\u00c7\u00c3O DO C\u00d3RREGO CHICO SILVEIRA, NO\r\nTRECHO SITUADO NOS BAIRROS GOMES E MANGABEIRAS, NESTA CIDADE."}, {"id": "5393", "ano": "2018", "numero": "9", "tipo__sigla": "IND", "tipo__descricao": "Indica\u00e7\u00e3o", "autoria": "Cida Marcelino", "texto_original": "http://sapl.lagoadaprata.mg.leg.br/media/./sapl/public/materialegislativa/2018/5393/5393_texto_integral.pdf", "ementa": "INDICA AO EXECUTIVO MUNICIPAL, NA FORMA\r\nREGIMENTAL, A NECESSIDADE DE SE CONCLUIR A PAVIMENTA\u00c7\u00c3O DA RUA ALAGOAS, NO TRECHO\r\nCOMPREENDIDO ENTRE A RUA PARA\u00cdBA E A RUA ALEXANDRE MENDES MACIEL, NESTA CIDADE."}, {"id": "5394", "ano": "2018", "numero": "10", "tipo__sigla": "IND", "tipo__descricao": "Indica\u00e7\u00e3o", "autoria": "Cida Marcelino", "texto_original": "http://sapl.lagoadaprata.mg.leg.br/media/./sapl/public/materialegislativa/2018/5394/5394_texto_integral.pdf", "ementa": "INDICA AO EXECUTIVO MUNICIPAL, NA FORMA\r\nREGIMENTAL, A NECESSIDADE DE SE LIMPAR, URGENTEMENTE, AS CANALETAS PARA\r\nESCOAMENTO DAS \u00c1GUAS PLUVIAIS SITUADAS NAS MARGENS DA PASSAGEM ELEVADA PARA\r\nPEDESTRES, EM FRENTE AO CEMEI ALEXANDRE BERNARDES PRIMO, LOCALIZADO \u00c0 RUA JOS\u00c9\r\nBERNARDES LOBATO."}, {"id": "5395", "ano": "2018", "numero": "11", "tipo__sigla": "IND", "tipo__descricao": "Indica\u00e7\u00e3o", "autoria": "Preto", "texto_original": "http://sapl.lagoadaprata.mg.leg.br/media/./sapl/public/materialegislativa/2018/5395/5395_texto_integral.pdf", "ementa": "INDICA AO EXECUTIVO MUNICIPAL, NA FORMA\r\nREGIMENTAL, A NECESSIDADE DE SE ADOTAR UM PLANO DE REVITALIZA\u00c7\u00c3O DAS PRA\u00c7AS\r\nSITUADAS NO CONJUNTO HABITACIONAL CHICO REZENDE, NO BAIRRO MAR\u00cdLIA, NESTA CIDADE."}, {"id": "5396", "ano": "2018", "numero": "12", "tipo__sigla": "IND", "tipo__descricao": "Indica\u00e7\u00e3o", "autoria": "Cida Marcelino", "texto_original": "http://sapl.lagoadaprata.mg.leg.br/media/./sapl/public/materialegislativa/2018/5396/5396_texto_integral.pdf", "ementa": "INDICA AO EXECUTIVO MUNICIPAL, NA FORMA\r\nREGIMENTAL, A NECESSIDADE DE SE PROVIDENCIAR A SINALIZA\u00c7\u00c3O DE SOLO EM FRENTE \u00c0S\r\nRAMPAS DE ACESSO \u00c0S CAL\u00c7ADAS PARA OS PORTADORES DE DEFICI\u00caNCIA, EM ESPECIAL A\r\nSITUADA NA RUA PERNAMBUCO, EM FRENTE AO EST\u00c1DIO MUNICIPAL E \u00c0 CASA DE N\u00ba 629."}, {"id": "5415", "ano": "2018", "numero": "13", "tipo__sigla": "IND", "tipo__descricao": "Indica\u00e7\u00e3o", "autoria": "Cida Marcelino", "texto_original": "http://sapl.lagoadaprata.mg.leg.br/media/./sapl/public/materialegislativa/2018/5415/5415_texto_integral.pdf", "ementa": "INDICA AO EXECUTIVO MUNICIPAL, NA FORMA\r\nREGIMENTAL, A NECESSIDADE DE SE PROVIDENCIAR, URGENTEMENTE, A LIMPEZA DOS LOTES\r\nSITUADOS NA RUA ELI MACIEL, NO BAIRRO MANGABEIRAS, NESTE MUNIC\u00cdPIO."}, {"id": "5416", "ano": "2018", "numero": "14", "tipo__sigla": "IND", "tipo__descricao": "Indica\u00e7\u00e3o", "autoria": "Cida Marcelino", "texto_original": "http://sapl.lagoadaprata.mg.leg.br/media/./sapl/public/materialegislativa/2018/5416/5416_texto_integral.pdf", "ementa": "INDICA AO EXECUTIVO MUNICIPAL, NA FORMA\r\nREGIMENTAL, A NECESSIDADE DE SE PASSAR, URGENTEMENTE, A M\u00c1QUINA RO\u00c7ADEIRA \u00c0S\r\nMARGENS DA RODOVIA MG-429, NO TRECHO COMPREENDIDO ENTRE A RUA MODESTO GOMES\r\nAT\u00c9 O S\u00cdTIO DO SENHOR ALEXANDRE F\u00c9LIX."}, {"id": "5417", "ano": "2018", "numero": "15", "tipo__sigla": "IND", "tipo__descricao": "Indica\u00e7\u00e3o", "autoria": "Cida Marcelino", "texto_original": "http://sapl.lagoadaprata.mg.leg.br/media/./sapl/public/materialegislativa/2018/5417/5417_texto_integral.pdf", "ementa": "INDICA AO EXECUTIVO MUNICIPAL, NA FORMA\r\nREGIMENTAL, A NECESSIDADE DE SE PASSAR, URGENTEMENTE, A M\u00c1QUINA RO\u00c7ADEIRA \u00c0S\r\nMARGENS DA RODOVIA MG-429, NO TRECHO COMPREENDIDO ENTRE A RUA MODESTO GOMES\r\nAT\u00c9 O S\u00cdTIO DO SENHOR ALEXANDRE F\u00c9LIX."}, {"id": "5418", "ano": "2018", "numero": "16", "tipo__sigla": "IND", "tipo__descricao": "Indica\u00e7\u00e3o", "autoria": "Cida Marcelino", "texto_original": "http://sapl.lagoadaprata.mg.leg.br/media/./sapl/public/materialegislativa/2018/5418/5418_texto_integral.pdf", "ementa": "INDICA AO EXECUTIVO MUNICIPAL, NA FORMA\r\nREGIMENTAL, A NECESSIDADE DE SE ACRESCENTAR REDUTORES DE VELOCIDADE NA RUA SANTO\r\nANT\u00d4NIO DO MONTE, BAIRRO AM\u00c9RICO SILVA, NESTA CIDADE."}, {"id": "5468", "ano": "2018", "numero": "17", "tipo__sigla": "IND", "tipo__descricao": "Indica\u00e7\u00e3o", "autoria": "Cida Marcelino", "texto_original": "http://sapl.lagoadaprata.mg.leg.br/media/./sapl/public/materialegislativa/2018/5468/5468_texto_integral.pdf", "ementa": "INDICA AO EXECUTIVO MUNICIPAL, NA FORMA\r\nREGIMENTAL, A NECESSIDADE DE SE BUSCAR SOLU\u00c7\u00d5ES EFETIVAS PARA COMBATER A\r\nINFESTA\u00c7\u00c3O E PROLIFERA\u00c7\u00c3O DE ESCORPI\u00d5ES NOS BAIRROS DE TODA A CIDADE."}, {"id": "5469", "ano": "2018", "numero": "18", "tipo__sigla": "IND", "tipo__descricao": "Indica\u00e7\u00e3o", "autoria": "Cida Marcelino", "texto_original": "http://sapl.lagoadaprata.mg.leg.br/media/./sapl/public/materialegislativa/2018/5469/5469_texto_integral.pdf", "ementa": "INDICA AO EXECUTIVO MUNICIPAL, NA FORMA\r\nREGIMENTAL, A NECESSIDADE DE SE ACRESCENTAR UM REDUTOR DE VELOCIDADE NA RUA\r\nTEODOLINO FERREIRA DE MOURA, EM FRENTE \u00c0 CASA DE N\u00daMERO 83, NO BAIRRO AM\u00c9RICO\r\nSILVA."}, {"id": "5470", "ano": "2018", "numero": "19", "tipo__sigla": "IND", "tipo__descricao": "Indica\u00e7\u00e3o", "autoria": "Quelli C\u00e1ssia Couto", "texto_original": "http://sapl.lagoadaprata.mg.leg.br/media/./sapl/public/materialegislativa/2018/5470/5470_texto_integral.pdf", "ementa": "INDICA AO EXECUTIVO MUNICIPAL E AO SECRET\u00c1RIO\r\nMUNICIPAL DE SA\u00daDE, SENHOR GERALDO MANGELO DE ALMEIDA, NA FORMA REGIMENTAL, A\r\nNECESSIDADE DE SE CONTRATAR SERVI\u00c7OS M\u00c9DICOS ESPECIALIZADOS EM HEMATOLOGIA, PARA\r\nATENDIMENTO DAS PESSOAS DO MUNIC\u00cdPIO QUE REQUEREM CONSULTAS E TRATAMENTO NESTA\r\n\u00c1REA M\u00c9DICA."}, {"id": "5471", "ano": "2018", "numero": "20", "tipo__sigla": "IND", "tipo__descricao": "Indica\u00e7\u00e3o", "autoria": "Quelli C\u00e1ssia Couto", "texto_original": "http://sapl.lagoadaprata.mg.leg.br/media/./sapl/public/materialegislativa/2018/5471/5471_texto_integral.pdf", "ementa": "INDICA AO EXECUTIVO MUNICIPAL E AO SECRET\u00c1RIO\r\nMUNICIPAL DE SA\u00daDE, SENHOR GERALDO MANGELO DE ALMEIDA, NA FORMA REGIMENTAL, A\r\nNECESSIDADE DE SE CONTRATAR SERVI\u00c7OS M\u00c9DICOS ESPECIALIZADOS EM NEUROPEDIATRIA,\r\nPARA ATENDIMENTO DAS CRIAN\u00c7AS DO MUNIC\u00cdPIO QUE REQUEREM CONSULTAS E TRATAMENTO\r\nNESTA \u00c1REA M\u00c9DICA."}, {"id": "5472", "ano": "2018", "numero": "21", "tipo__sigla": "IND", "tipo__descricao": "Indica\u00e7\u00e3o", "autoria": "Cida Marcelino", "texto_original": "http://sapl.lagoadaprata.mg.leg.br/media/./sapl/public/materialegislativa/2018/5472/5472_texto_integral.pdf", "ementa": "INDICA AO EXECUTIVO MUNICIPAL, NA FORMA\r\nREGIMENTAL, A NECESSIDADE DE SE REALIZAR A PAVIMENTA\u00c7\u00c3O ASF\u00c1LTICA NO RESTANTE DE UM\r\nTRECHO, CORRESPONDENTE A UNS QUATRO QUARTEIR\u00d5ES, DA RUA GERALDO IN\u00c1CIO DA FONSECA, NO\r\nBAIRRO MAR\u00cdLIA, NESTA CIDADE."}, {"id": "5473", "ano": "2018", "numero": "22", "tipo__sigla": "IND", "tipo__descricao": "Indica\u00e7\u00e3o", "autoria": "Cida Marcelino", "texto_original": "http://sapl.lagoadaprata.mg.leg.br/media/./sapl/public/materialegislativa/2018/5473/5473_texto_integral.pdf", "ementa": "INDICA AO EXECUTIVO MUNICIPAL, NA FORMA REGIMENTAL, A\r\nNECESSIDADE DE SE REALIZAR A PAVIMENTA\u00c7\u00c3O ASF\u00c1LTICA DA RUA ALEXANDRE BERNARDES PRIMO,\r\nNO TRECHO COMPREENDIDO ENTRE A RUA MODESTO GOMES (PRA\u00c7A DO CRUZEIRO) AT\u00c9 A RUA\r\nSANTO ANT\u00d4NIO DO MONTE, NO BAIRRO AM\u00c9RICO SILVA, NESTA CIDADE."}, {"id": "5507", "ano": "2018", "numero": "23", "tipo__sigla": "IND", "tipo__descricao": "Indica\u00e7\u00e3o", "autoria": "Cida Marcelino", "texto_original": "http://sapl.lagoadaprata.mg.leg.br/media/sapl/public/materialegislativa/2018/5507/indicacao_23-2018_-_cida_-_jr_-_placas_de_redut_Gy7FTKM.pdf", "ementa": "indica ao Executivo Municipal, na forma regimental, a\r\nnecessidade de se providenciar a instala\u00e7\u00e3o de placas e a sinaliza\u00e7\u00e3o de solo indicando a\r\npresen\u00e7a de redutores de velocidade hoje existentes, bem como nos que est\u00e3o sendo\r\ninstalados no Munic\u00edpio."}, {"id": "5508", "ano": "2018", "numero": "24", "tipo__sigla": "IND", "tipo__descricao": "Indica\u00e7\u00e3o", "autoria": "Cabo Nunes , Adriano Moreira, Cida Marcelino, Joanes Bosco, Josiane Protetora dos Animais, Lalinho Duzinho, Preto, Professor Elias Izaias, Quelli C\u00e1ssia Couto", "texto_original": "http://sapl.lagoadaprata.mg.leg.br/media/sapl/public/materialegislativa/2018/5508/indicacao_24-2016_-_vereadores_mirins.pdf", "ementa": "indicam ao Executivo Municipal, atendendo reivindica\u00e7\u00f5es dos Vereadores\r\nMirins:\r\na) a necessidade de sinalizar com faixas para pedestres e colocar placa de\r\nindica\u00e7\u00e3o em frente \u00e0s Escolas Estaduais situadas no munic\u00edpio e renovar a pintura\r\nonde j\u00e1 existem;\r\nb) a necessidade de se efetuar a troca da ilumina\u00e7\u00e3o ao lado da Praia\r\nMunicipal, como tamb\u00e9m sua preserva\u00e7\u00e3o;\r\nc) a necessidade de se aumentar a ilumina\u00e7\u00e3o em toda nossa cidade,\r\nprincipalmente na \u00e1rea central;\r\nd) a necessidade de se desenvolver um Projeto de Poesias e m\u00fasicas nos\r\nmuros da cidade;\r\ne) a necessidade de se realizar uma feira art\u00edstica focada em artesanato, com\r\nexposi\u00e7\u00e3o e venda de produtos, al\u00e9m de cursos que incentivem a inicia\u00e7\u00e3o de outras\r\npessoas. O munic\u00edpio poderia prover a estrutura em parceria com os artes\u00e3os que\r\nseriam cadastrados na Secretaria Municipal de Cultura e Turismo;\r\nf) a necessidade de se fazer uma reforma na quadra do Bairro Santa Helena,\r\narrumando os refletores, traves dos gol, repintar a quadra, colocar uma cesta de\r\nbasquete e cobertura."}, {"id": "5509", "ano": "2018", "numero": "25", "tipo__sigla": "IND", "tipo__descricao": "Indica\u00e7\u00e3o", "autoria": "Professor Elias Izaias", "texto_original": "http://sapl.lagoadaprata.mg.leg.br/media/sapl/public/materialegislativa/2018/5509/indicacao_25-2017_-_elias_-_jr_-_redutor_veloci_giWL7VH.pdf", "ementa": "indica ao Executivo Municipal, na forma\r\nregimental, a necessidade de se acrescentar redutores de velocidade na Rua Dona\r\nAlexandrina, antes da esquina com a Rua Geraldinho Zueira, no Bairro Santa\r\nEug\u00eania, nesta cidade."}, {"id": "5510", "ano": "2018", "numero": "26", "tipo__sigla": "IND", "tipo__descricao": "Indica\u00e7\u00e3o", "autoria": "Joanes Bosco", "texto_original": "http://sapl.lagoadaprata.mg.leg.br/media/sapl/public/materialegislativa/2018/5510/indicacao_26-2018_-_joanes_-_jr_-_poste_publico_RRmGDeN.pdf", "ementa": "indica ao Executivo Municipal, na forma regimental,\r\na necessidade de se colocar um Poste de Energia El\u00e9trica na Rua Armides Agenor\r\ndos Santos, em frente ao n.\u00ba 30, no Bairro Am\u00e9rico Silva, nesta cidade."}, {"id": "5579", "ano": "2018", "numero": "27", "tipo__sigla": "IND", "tipo__descricao": "Indica\u00e7\u00e3o", "autoria": "Preto", "texto_original": "http://sapl.lagoadaprata.mg.leg.br/media/sapl/public/materialegislativa/2018/5579/indicacao_27-2018_preto_-_lampadas_da_quadra_do_Iyga0d1.pdf", "ementa": "indica ao Executivo Municipal, na forma\r\nregimental, a necessidade de se realizar a reposi\u00e7\u00e3o de todas as l\u00e2mpadas\r\nqueimadas da Quadra Poliesportiva do Bairro Santa Helena."}, {"id": "5580", "ano": "2018", "numero": "28", "tipo__sigla": "IND", "tipo__descricao": "Indica\u00e7\u00e3o", "autoria": "Preto", "texto_original": "http://sapl.lagoadaprata.mg.leg.br/media/sapl/public/materialegislativa/2018/5580/indicacao_28-2018_preto_-_lampadas_da_praca_do__4u43gyY.pdf", "ementa": "indica ao Executivo Municipal, na forma\r\nregimental, a necessidade de se realizar a reposi\u00e7\u00e3o de todas as l\u00e2mpadas\r\nqueimadas da Pra\u00e7a Olinto Pinto Ribeiro, tamb\u00e9m conhecida como Pra\u00e7a do\r\nCruzeiro."}, {"id": "5581", "ano": "2018", "numero": "29", "tipo__sigla": "IND", "tipo__descricao": "Indica\u00e7\u00e3o", "autoria": "Preto", "texto_original": "http://sapl.lagoadaprata.mg.leg.br/media/sapl/public/materialegislativa/2018/5581/indicacao_29-2018_preto_-_gradear_praca_dona_zaza_06-08.pdf", "ementa": "indica ao Executivo Municipal, na forma\r\nregimental, a necessidade de se realizar uma limpeza, passar a m\u00e1quina ro\u00e7adeira\r\nou at\u00e9 mesmo arar a terra na Pra\u00e7a Dona Zaz\u00e1, situada no Bairro Am\u00e9rico Silva,\r\nnesta cidade, visando a diminui\u00e7\u00e3o do lixo e do mato no local."}, {"id": "5582", "ano": "2018", "numero": "30", "tipo__sigla": "IND", "tipo__descricao": "Indica\u00e7\u00e3o", "autoria": "Preto", "texto_original": "http://sapl.lagoadaprata.mg.leg.br/media/sapl/public/materialegislativa/2018/5582/indicacao_30-2018_preto_-_rearborizacao_06-08.pdf", "ementa": "indica ao Executivo Municipal, na forma\r\nregimental, a necessidade de se investir mais na arboriza\u00e7\u00e3o e/ou rearboriza\u00e7\u00e3o da\r\ncidade."}, {"id": "5583", "ano": "2018", "numero": "31", "tipo__sigla": "IND", "tipo__descricao": "Indica\u00e7\u00e3o", "autoria": "Cabo Nunes ", "texto_original": "http://sapl.lagoadaprata.mg.leg.br/media/sapl/public/materialegislativa/2018/5583/indicacao_31-2018_-_nunes_-_jr_-_pavimentacao_a_v6ZAndh.pdf", "ementa": "indica ao Executivo Municipal, na forma regimental, a\r\nnecessidade de se realizar a pavimenta\u00e7\u00e3o asf\u00e1ltica na Rua Professor Afonso Goulart, no\r\nbairro Dona Alexandrina e na Rua Padre Guarino, no bairro Santa Eug\u00eania, nesta cidade,\r\nquando inaugurarem a usina de asfalto municipal."}, {"id": "5584", "ano": "2018", "numero": "32", "tipo__sigla": "IND", "tipo__descricao": "Indica\u00e7\u00e3o", "autoria": "Preto", "texto_original": "http://sapl.lagoadaprata.mg.leg.br/media/sapl/public/materialegislativa/2018/5584/indicacao_32-2018_preto_-_jr_-_lampadas_da_pist_BelDFCc.pdf", "ementa": "indica ao Executivo Municipal, na forma\r\nregimental, a necessidade de se realizar manuten\u00e7\u00e3o na ilumina\u00e7\u00e3o da pista de\r\nSkate, com a reposi\u00e7\u00e3o de todas as l\u00e2mpadas queimadas."}, {"id": "5585", "ano": "2018", "numero": "33", "tipo__sigla": "IND", "tipo__descricao": "Indica\u00e7\u00e3o", "autoria": "Cida Marcelino", "texto_original": "http://sapl.lagoadaprata.mg.leg.br/media/sapl/public/materialegislativa/2018/5585/indicacao_33-2018_cida_-_jr_-_limpeza__horta_am_VnVQYLN.pdf", "ementa": "indica ao Executivo Municipal, na forma\r\nregimental, a necessidade de se realizar uma limpeza no lote onde se localiza a\r\nHorta Comunit\u00e1ria do Bairro Am\u00e9rico Silva, situado na Rua Dom Pedro II, face a\r\napar\u00eancia de abandono do terreno."}, {"id": "5586", "ano": "2018", "numero": "34", "tipo__sigla": "IND", "tipo__descricao": "Indica\u00e7\u00e3o", "autoria": "Preto", "texto_original": "http://sapl.lagoadaprata.mg.leg.br/media/", "ementa": "indica ao Diretor do Servi\u00e7o Aut\u00f4nomo de\r\n\u00c1gua e Esgoto de Lagoa da Prata \u2013 SAAE-LP, na forma regimental, a necessidade\r\nde se realizar um estudo visando solucionar o problema de falta de \u00e1gua, bem como\r\nda baixa press\u00e3o desta, em determinados im\u00f3veis do Bairro Cidade Jardim."}, {"id": "5587", "ano": "2018", "numero": "35", "tipo__sigla": "IND", "tipo__descricao": "Indica\u00e7\u00e3o", "autoria": "Preto", "texto_original": "http://sapl.lagoadaprata.mg.leg.br/media/sapl/public/materialegislativa/2018/5587/indicacao_35-2018_preto_-_rev_-_vias_publica_20-08.pdf", "ementa": "indica ao Executivo Municipal, na forma\r\nregimental, a necessidade de se informar \u00e0 popula\u00e7\u00e3o a previs\u00e3o para a conclus\u00e3o\r\nda pavimenta\u00e7\u00e3o de pequenos trechos de vias p\u00fablicas, entre os Bairros Paradiso e\r\nNossa Senhora das Gra\u00e7as, nesta cidade."}, {"id": "5588", "ano": "2018", "numero": "36", "tipo__sigla": "IND", "tipo__descricao": "Indica\u00e7\u00e3o", "autoria": "Cida Marcelino", "texto_original": "http://sapl.lagoadaprata.mg.leg.br/media/sapl/public/materialegislativa/2018/5588/indicacao_36-2018_cida_-_rev_-_rotatoria_na_rua_vjcq6H2.pdf", "ementa": "indica ao Executivo Municipal, na forma\r\nregimental, a necessidade de se colocar uma rotat\u00f3ria no cruzamento da Rua S\u00e3o\r\nPaulo com a Rua Rio de Janeiro no centro, nesta cidade."}, {"id": "5589", "ano": "2018", "numero": "37", "tipo__sigla": "IND", "tipo__descricao": "Indica\u00e7\u00e3o", "autoria": "Adriano Moreira", "texto_original": "http://sapl.lagoadaprata.mg.leg.br/media/sapl/public/materialegislativa/2018/5589/indicacao_37-2018_adriano_-_quebra_de_sigilo_20-08.pdf", "ementa": "indica ao Presidente desta Casa Legislativa,\r\nna forma regimental, a necessidade de se enviar ao representante do Minist\u00e9rio\r\nP\u00fablico local, Curadoria do Patrim\u00f4nio P\u00fablico, os documentos que apresento a esta\r\nCasa, em especial aquele em que este Vereador autoriza e solicita ao Promotor que\r\nsolicite junto ao Poder Judici\u00e1rio e que este conceda, a quebra do meu sigilo fiscal,\r\nbanc\u00e1rio e telef\u00f4nico, para uma efetiva investiga\u00e7\u00e3o a minha pessoa."}, {"id": "5590", "ano": "2018", "numero": "38", "tipo__sigla": "IND", "tipo__descricao": "Indica\u00e7\u00e3o", "autoria": "Quelli C\u00e1ssia Couto", "texto_original": "http://sapl.lagoadaprata.mg.leg.br/media/sapl/public/materialegislativa/2018/5590/indicacao_38-2018_quelli_-_especialidades_medicas_27-08.pdf", "ementa": "indica ao Executivo Municipal, na forma\r\nregimental, a necessidade de se oferecer, no rec\u00e9m-inaugurado Centro de\r\nEspecialidades M\u00e9dicas, atendimento das especialidades de Alergista,\r\nDermatologista, Hematologista e Otorrinolaringologista."}, {"id": "5591", "ano": "2018", "numero": "39", "tipo__sigla": "IND", "tipo__descricao": "Indica\u00e7\u00e3o", "autoria": "Preto", "texto_original": "http://sapl.lagoadaprata.mg.leg.br/media/sapl/public/materialegislativa/2018/5591/indicacao_39-2018_preto_-_fiscalizar_sinalizaca_qjFwc9N.pdf", "ementa": "indica ao Executivo Municipal, na forma\r\nregimental, a necessidade de se realizar uma efetiva fiscaliza\u00e7\u00e3o no servi\u00e7o de\r\npintura das faixas de pedestres e demais sinaliza\u00e7\u00f5es de tr\u00e2nsito no solo, bem como\r\nnos redutores de velocidade, para verificar se os mesmos est\u00e3o sendo executados\r\nde acordo com o previsto no Edital."}, {"id": "5593", "ano": "2018", "numero": "40", "tipo__sigla": "IND", "tipo__descricao": "Indica\u00e7\u00e3o", "autoria": "Cida Marcelino", "texto_original": "http://sapl.lagoadaprata.mg.leg.br/media/sapl/public/materialegislativa/2018/5593/indicacao_40-2018_cida_-_semaforo_avenida_jose__8ehhRTq.pdf", "ementa": "indica ao Executivo Municipal, na forma\r\nregimental, a necessidade de se retirar ou consertar o sem\u00e1foro situado no\r\ncruzamento da Av. Jos\u00e9 Bernardes Maciel com a Rua Rio de Janeiro, no centro\r\ndesta cidade e no caso de retirada, instal\u00e1-lo em um outro cruzamento que esteja\r\nprecisando de sinaliza\u00e7\u00e3o para regular o fluxo do tr\u00e2nsito, visando evitar acidentes."}, {"id": "5608", "ano": "2018", "numero": "41", "tipo__sigla": "IND", "tipo__descricao": "Indica\u00e7\u00e3o", "autoria": "Joanes Bosco", "texto_original": "http://sapl.lagoadaprata.mg.leg.br/media/sapl/public/materialegislativa/2018/5608/indicacao_41-2018_-_joanes_-_jr_-_poste_samuel__OB8DIdL.pdf", "ementa": "indica ao Executivo Municipal, na forma regimental,\r\na necessidade de se colocar um Poste de Energia El\u00e9trica na Rua Samuel\r\nBernardes, pr\u00f3ximo ao seu cruzamento com a Rua Eurico dos Santos Ribeiro, no\r\nBairro Mar\u00edlia, nesta cidade."}, {"id": "5609", "ano": "2018", "numero": "42", "tipo__sigla": "IND", "tipo__descricao": "Indica\u00e7\u00e3o", "autoria": "Preto", "texto_original": "http://sapl.lagoadaprata.mg.leg.br/media/sapl/public/materialegislativa/2018/5609/indicacao_42-2018_preto_-_sinal_tv_24-09.pdf", "ementa": "indica ao Executivo Municipal, na forma\r\nregimental, a necessidade de se tomar provid\u00eancias para a melhoria da qualidade do\r\nsinal da \u201cTV ABERTA\u201d no Munic\u00edpio."}, {"id": "5610", "ano": "2018", "numero": "43", "tipo__sigla": "IND", "tipo__descricao": "Indica\u00e7\u00e3o", "autoria": "Cida Marcelino", "texto_original": "http://sapl.lagoadaprata.mg.leg.br/media/sapl/public/materialegislativa/2018/5610/indicacao_43-2018_-_cida_-_tapa-buraco_24-09.pdf", "ementa": "indica ao Executivo Municipal, na forma\r\nregimental, a necessidade da realiza\u00e7\u00e3o de opera\u00e7\u00e3o tapa-buracos, nas ruas Josino\r\nFrancisco Vidal e Cec\u00edlia Bernardes, no bairro Mar\u00edlia, nesta cidade."}, {"id": "5611", "ano": "2018", "numero": "44", "tipo__sigla": "IND", "tipo__descricao": "Indica\u00e7\u00e3o", "autoria": "Cida Marcelino", "texto_original": "http://sapl.lagoadaprata.mg.leg.br/media/", "ementa": "indica ao Executivo Municipal, na forma\r\nregimental, a necessidade de se colocar bueiro(s) (\u201cboca de lobo\u201d) na Rua Tom\u00e9 de\r\nSouza, em seu cruzamento com Rua Bom Despacho, no Bairro Am\u00e9rico Silva, nesta\r\ncidade."}, {"id": "5612", "ano": "2018", "numero": "45", "tipo__sigla": "IND", "tipo__descricao": "Indica\u00e7\u00e3o", "autoria": "Cabo Nunes , Adriano Moreira, Cida Marcelino, Joanes Bosco, Josiane Protetora dos Animais, Lalinho Duzinho, Preto, Professor Elias Izaias, Quelli C\u00e1ssia Couto", "texto_original": "http://sapl.lagoadaprata.mg.leg.br/media/sapl/public/materialegislativa/2018/5612/indicacao_45-2018_-_vereadores_mirins.pdf", "ementa": "indicam ao Executivo Municipal, atendendo reivindica\u00e7\u00f5es dos Vereadores\r\nMirins:\r\na) a necessidade de se renovar e adicionar novas placas indicativas das vias\r\ne placas de sinaliza\u00e7\u00e3o de tr\u00e2nsito;\r\nb) a necessidade de se proibir o estacionamento ao lado do Campo Municipal,\r\nna Rua Paran\u00e1, entre as Ruas Alagoas e a Rua Pernambuco, deixando apenas o\r\noutro lado da referida rua liberada para estacionamento;\r\nc) a necessidade de se colocar Redutores de Velocidade nas Ruas Coronel\r\nAm\u00e2ncio Bernardes, Rodolfo Bernardes e Avenida Dona Rosa Maciel;\r\nd) a necessidade de se realizar uma limpeza na Pra\u00e7a do Cruzeiro;"}, {"id": "5621", "ano": "2018", "numero": "46", "tipo__sigla": "IND", "tipo__descricao": "Indica\u00e7\u00e3o", "autoria": "Cida Marcelino", "texto_original": "http://sapl.lagoadaprata.mg.leg.br/media/sapl/public/materialegislativa/2018/5621/indicacao_46-2018_cida_-_jr_-_redutor_velocidad_0K4xfMn.pdf", "ementa": "indica ao Executivo Municipal, na forma\r\nregimental, a necessidade de se acrescentar um Redutor de Velocidade na Rua\r\nBahia, na quadra entre as Ruas Jos\u00e9 de Castro Teixeira e Jos\u00e9 Luiz Bernardes,\r\nnesta cidade, onde j\u00e1 existia um redutor de velocidade e foi retirado."}, {"id": "5656", "ano": "2018", "numero": "47", "tipo__sigla": "IND", "tipo__descricao": "Indica\u00e7\u00e3o", "autoria": "Quelli C\u00e1ssia Couto", "texto_original": "http://sapl.lagoadaprata.mg.leg.br/media/sapl/public/materialegislativa/2018/5656/indicacao_47-2018_quelli_iluminacao_jose_bernar_0UkCMxR.pdf", "ementa": "necessidade de se realizar obras de amplia\u00e7\u00e3o da\r\ncapacidade de ilumina\u00e7\u00e3o p\u00fablica na Avenida Jos\u00e9 Bernardes Maciel,\r\nprincipalmente no trecho que compreende o denominado \u201cParque dos\r\nBuritis\u201d, assim como a necessidade de se reparar a ilumina\u00e7\u00e3o\r\nexistente."}, {"id": "5657", "ano": "2018", "numero": "48", "tipo__sigla": "IND", "tipo__descricao": "Indica\u00e7\u00e3o", "autoria": "Cida Marcelino", "texto_original": "http://sapl.lagoadaprata.mg.leg.br/media/sapl/public/materialegislativa/2018/5657/indicacao_48-2018_cida_-_sinalizacao_horizontal_26ShTa1.pdf", "ementa": "necessidade de cola\u00e7\u00e3o do sinal horizontal de parada obrigat\u00f3ria no\r\ncruzamento entre a Rua Rio de Janeiro e a Rua S\u00e3o Paulo, localizadas na regi\u00e3o\r\nCentral da Cidade de Lagoa da Prata \u2013 MG."}, {"id": "5658", "ano": "2018", "numero": "49", "tipo__sigla": "IND", "tipo__descricao": "Indica\u00e7\u00e3o", "autoria": "Cida Marcelino", "texto_original": "http://sapl.lagoadaprata.mg.leg.br/media/sapl/public/materialegislativa/2018/5658/indicacao_49-2018_cida_-_bebedouro_ubs_edil_22-10.pdf", "ementa": "necessidade de realiza\u00e7\u00e3o de reparos e manuten\u00e7\u00f5es nos bebedouros\r\nda Unidade B\u00e1sica de Sa\u00fade - UBS \u2013 Edil Handan, e caso os bens estejam\r\ninserv\u00edveis, realizar o processo de compra de novos bebedouros o mais breve\r\nposs\u00edvel."}, {"id": "5659", "ano": "2018", "numero": "50", "tipo__sigla": "IND", "tipo__descricao": "Indica\u00e7\u00e3o", "autoria": "Quelli C\u00e1ssia Couto", "texto_original": "http://sapl.lagoadaprata.mg.leg.br/media/sapl/public/materialegislativa/2018/5659/indicacao_50-2018_-_quelli_recapeamento_avenidas_05-11.pdf", "ementa": "necessidade de se realizar obras de recapeamento asf\u00e1ltico na\r\nAvenida Fern\u00e3o Dias, especialmente no seu in\u00edcio, pr\u00f3ximo \u00e0 Escola Estadual\r\nDr. Arnaldo de Faria Tavares e borracharia do Assis; bem como da Avenida Jos\u00e9\r\nBernardes Maciel, em toda sua extens\u00e3o."}, {"id": "5660", "ano": "2018", "numero": "51", "tipo__sigla": "IND", "tipo__descricao": "Indica\u00e7\u00e3o", "autoria": "Quelli C\u00e1ssia Couto", "texto_original": "http://sapl.lagoadaprata.mg.leg.br/media/sapl/public/materialegislativa/2018/5660/indicacao_51-2018_-_quelli_revitalizacao_de_praca_05-11.pdf", "ementa": "necessidade de se realizar obras de revitaliza\u00e7\u00e3o do espa\u00e7o de\r\nterreno, em formato triangular, localizado no entrocamento das Ruas Princesa\r\nIsabel, Duque de Caxias e Rua Homero de Castro, no Bairro Gomes."}, {"id": "5688", "ano": "2018", "numero": "52", "tipo__sigla": "IND", "tipo__descricao": "Indica\u00e7\u00e3o", "autoria": "Cabo Nunes , Adriano Moreira, Cida Marcelino, Joanes Bosco, Josiane Protetora dos Animais, Lalinho Duzinho, Preto, Professor Elias Izaias, Quelli C\u00e1ssia Couto", "texto_original": "http://sapl.lagoadaprata.mg.leg.br/media/sapl/public/materialegislativa/2018/5688/indicacao_52-2018_-_vereadores_mirins_19-11.pdf", "ementa": "indicam ao Executivo Municipal, atendendo reivindica\u00e7\u00f5es dos Vereadores\r\nMirins:\r\na) necessidade de instala\u00e7\u00e3o de placas, indicativas com o nome das ruas,\r\ncomo tamb\u00e9m a realiza\u00e7\u00e3o do cadastramento num\u00e9rico nos domic\u00edlios urbanos da\r\nnossa cidade;\r\nb) a necessidade de construir rampas de acesso em todos os espa\u00e7os\r\np\u00fablicos e privados, reparti\u00e7\u00f5es p\u00fablicas, com\u00e9rcios e afins da cidade de Lagoa da\r\nPrata, e que os espa\u00e7os p\u00fablicos de maneira geral, p\u00fablicos ou privados tenham\r\nacessibilidade."}, {"id": "5718", "ano": "2018", "numero": "53", "tipo__sigla": "IND", "tipo__descricao": "Indica\u00e7\u00e3o", "autoria": "Cabo Nunes ", "texto_original": "http://sapl.lagoadaprata.mg.leg.br/media/sapl/public/materialegislativa/2018/5718/indicacao_53-2018_nunes_-_limpeza_dos_cemiterios_19-11.pdf", "ementa": "indica ao Executivo Municipal a necessidade de se realizar capina, limpeza\r\ne posterior recolhimento de lixo e entulhos dentro dos Cemit\u00e9rios da Saudade e\r\nCampo da Paz, nesta cidade."}, {"id": "5719", "ano": "2018", "numero": "54", "tipo__sigla": "IND", "tipo__descricao": "Indica\u00e7\u00e3o", "autoria": "Preto", "texto_original": "http://sapl.lagoadaprata.mg.leg.br/media/sapl/public/materialegislativa/2018/5719/indicacao_54-2018_preto_-_manutencao_das_vias_p_l6Y0XOE.pdf", "ementa": "indica ao Executivo Municipal, na forma\r\nregimental, a necessidade de se dar manuten\u00e7\u00e3o nas vias p\u00fablicas pr\u00f3ximo \u00e0\r\nPharlab \u2013 Ind\u00fastria Farmac\u00eautica, no Bairro Am\u00e9rico Silva, nesta cidade."}, {"id": "5720", "ano": "2018", "numero": "55", "tipo__sigla": "IND", "tipo__descricao": "Indica\u00e7\u00e3o", "autoria": "Cida Marcelino", "texto_original": "http://sapl.lagoadaprata.mg.leg.br/media/sapl/public/materialegislativa/2018/5720/indicacao_55-2018_cida_-_desobstrucao_das_calca_773KOVk.pdf", "ementa": "indica ao Executivo Municipal, na forma\r\nregimental, a necessidade de se implementar a\u00e7\u00f5es de fiscaliza\u00e7\u00e3o no sentido de se\r\ndesobstruir as cal\u00e7adas das vias p\u00fablicas municipais, principalmente na \u00e1rea central,\r\nconsiderando que concession\u00e1rias de ve\u00edculo t\u00eam estacionado ve\u00edculos em cima das\r\ncal\u00e7adas, pessoas t\u00eam colocado materiais de constru\u00e7\u00e3o tamb\u00e9m nas cal\u00e7adas, e\r\npor fim, as j\u00e1 tradicionais mesas e cadeiras dos bares e lanchonetes, que ocupam\r\nparte das cal\u00e7adas, atrapalhando assim, a utiliza\u00e7\u00e3o das mesmas pelos pedestres."}, {"id": "5397", "ano": "2018", "numero": "1", "tipo__sigla": "MOC", "tipo__descricao": "Mo\u00e7\u00e3o", "autoria": "Cida Marcelino", "texto_original": "http://sapl.lagoadaprata.mg.leg.br/media/./sapl/public/materialegislativa/2018/5397/5397_texto_integral.pdf", "ementa": "MO\u00c7\u00c3O DE APLAUSO AO\r\nSENHOR REINALDO C\u00c9SAR FELISBINO DE CASTRO, PARABENIZANDO-O PELO\r\nEXCELENTE TRABALHO PRESTADO \u00c0 COLETIVIDADE DE LAGOA DA PRATA."}, {"id": "5398", "ano": "2018", "numero": "2", "tipo__sigla": "MOC", "tipo__descricao": "Mo\u00e7\u00e3o", "autoria": "Cabo Nunes ", "texto_original": "http://sapl.lagoadaprata.mg.leg.br/media/./sapl/public/materialegislativa/2018/5398/5398_texto_integral.pdf", "ementa": "MO\u00c7\u00c3O DE APLAUSO \u00c0\r\nREDE CIDAD\u00c3, PARABENIZANDO-A PELO EXCELENTE TRABALHO PRESTADO \u00c0 COLETIVIDADE DE\r\nLAGOA DA PRATA."}, {"id": "5399", "ano": "2018", "numero": "3", "tipo__sigla": "MOC", "tipo__descricao": "Mo\u00e7\u00e3o", "autoria": "Josiane Protetora dos Animais", "texto_original": "http://sapl.lagoadaprata.mg.leg.br/media/./sapl/public/materialegislativa/2018/5399/5399_texto_integral.pdf", "ementa": "MO\u00c7\u00c3O DE APLAUSO \u00c0\r\nSENHORA V\u00c2NIA M\u00c1RCIA RUAS DO CARMO, PARABENIZANDO-A PELO BELO TRABALHO\r\nPRESTADO \u00c0 COLETIVIDADE DE LAGOA DA PRATA."}, {"id": "5419", "ano": "2018", "numero": "4", "tipo__sigla": "MOC", "tipo__descricao": "Mo\u00e7\u00e3o", "autoria": "Adriano Moreira", "texto_original": "http://sapl.lagoadaprata.mg.leg.br/media/./sapl/public/materialegislativa/2018/5419/5419_texto_integral.pdf", "ementa": "MO\u00c7\u00c3O DE APLAUSO \u00c0\r\nACADEMIA SEISHIN&#8211;KAY, PARABENIZANDO-A PELAS CONQUISTAS EM COMPETI\u00c7\u00d5ES\r\nDE KARAT\u00ca, TANTO MUNICIPAIS, REGIONAIS, ESTADUAIS, NACIONAIS E INTERNACIONAIS,\r\nELEVANDO ASSIM O NOME DE LAGOA DA PRATA."}, {"id": "5474", "ano": "2018", "numero": "5", "tipo__sigla": "MOC", "tipo__descricao": "Mo\u00e7\u00e3o", "autoria": "Professor Elias Izaias", "texto_original": "http://sapl.lagoadaprata.mg.leg.br/media/./sapl/public/materialegislativa/2018/5474/5474_texto_integral.pdf", "ementa": "REQUER A VOSSA\r\nEXCEL\u00caNCIA SEJA SUBMETIDA \u00c0 APROVA\u00c7\u00c3O DO PLEN\u00c1RIO MO\u00c7\u00c3O DE APLAUSO AO\r\n200\u00ba GRUPO ESCOTEIRO PROFESSORA SID\u00d4NIA, PELOS BELOS TRABALHOS\r\nREALIZADOS PELO GRUPO EM LAGOA DA PRATA."}, {"id": "5620", "ano": "2018", "numero": "6", "tipo__sigla": "MOC", "tipo__descricao": "Mo\u00e7\u00e3o", "autoria": "Preto", "texto_original": "http://sapl.lagoadaprata.mg.leg.br/media/sapl/public/materialegislativa/2018/5620/mocao_de_aplauso_06-2018_-_preto_-jaime.pdf", "ementa": "O Vereador infra-assinado, regimentalmente apoiado, requer a Vossa Excel\u00eancia seja submetida \u00e0 aprova\u00e7\u00e3o do Plen\u00e1rio MO\u00c7\u00c3O DE APLAUSO a Jaime Ferreira J\u00fanior, parabenizando-o pelo excelente trabalho prestado ao Poder Legislativo local, aos Vereadores e \u00e0 coletividade de Lagoa da Prata, como Assessor Jur\u00eddico desta Casa de Leis"}, {"id": "5491", "ano": "2018", "numero": "9", "tipo__sigla": "PL-CM", "tipo__descricao": "Projeto de Lei CM", "autoria": "Adriano Moreira", "texto_original": "http://sapl.lagoadaprata.mg.leg.br/media/./sapl/public/materialegislativa/2018/5491/5491_texto_integral.pdf", "ementa": "DISP\u00d5E SOBRE A UTILIZA\u00c7\u00c3O DE EQUIPAMENTO PARA AFERIR PRESS\u00c3O ARTERIAL EM ACADEMIAS DE GIN\u00c1STICA E ESTABELECIMENTOS SIMILARES."}, {"id": "5478", "ano": "2018", "numero": "12", "tipo__sigla": "PL-CM", "tipo__descricao": "Projeto de Lei CM", "autoria": "Cabo Nunes , Adriano Moreira, Preto", "texto_original": "http://sapl.lagoadaprata.mg.leg.br/media/sapl/public/materialegislativa/2018/5478/projeto_de_lei_cm_no_12-2018_-_diaria_so_para_s_BZ7AYrS.pdf", "ementa": "DISP\u00d5E SOBRE PAGAMENTO DE DI\u00c1RIA DE VIAGEM A SERVIDORES DA C\u00c2MARA MUNICIPAL DE LAGOA DA PRATA."}, {"id": "5479", "ano": "2018", "numero": "13", "tipo__sigla": "PL-CM", "tipo__descricao": "Projeto de Lei CM", "autoria": "Cabo Nunes ", "texto_original": "http://sapl.lagoadaprata.mg.leg.br/media/./sapl/public/materialegislativa/2018/5479/5479_texto_integral.pdf", "ementa": "ALTERA A LEI MUNICIPAL N\u00ba 954, DE 24 DE ABRIL DE 2001, QUE DECLARA DE UTILIDADE P\u00daBLICA A ASSOCIA\u00c7\u00c3O COMUNIT\u00c1RIA DE SEGURAN\u00c7A P\u00daBLICA DE LAGOA DA PRATA."}, {"id": "5494", "ano": "2018", "numero": "14", "tipo__sigla": "PL-CM", "tipo__descricao": "Projeto de Lei CM", "autoria": "", "texto_original": "http://sapl.lagoadaprata.mg.leg.br/media/sapl/public/materialegislativa/2018/5494/projeto_de_lei_cm_no_14-2018_-_mes_abril_laranj_4MDrzQU.pdf", "ementa": "&#8220;INSTITUI NO CALEND\u00c1RIO DE EVENTOS DO MUNIC\u00cdPIO O M\u00caS DE INCENTIVO \u00c0 ADO\u00c7\u00c3O, CASTRA\u00c7\u00c3O E PREVEN\u00c7\u00c3O DA CRUELDADE CONTRA ANIMAIS &#8211; ABRIL LARANJA&#8221;."}, {"id": "5542", "ano": "2018", "numero": "15", "tipo__sigla": "PL-CM", "tipo__descricao": "Projeto de Lei CM", "autoria": "Preto", "texto_original": "http://sapl.lagoadaprata.mg.leg.br/media/sapl/public/materialegislativa/2018/5542/projeto_de_lei_cm_no_15-2018_preto_-_rev_-_maio_amarelo.pdf", "ementa": "Institui no Calend\u00e1rio de Eventos do Munic\u00edpio o m\u00eas Maio \u2013 Amarelo - Preven\u00e7\u00e3o de Acidentes"}, {"id": "5543", "ano": "2018", "numero": "16", "tipo__sigla": "PL-CM", "tipo__descricao": "Projeto de Lei CM", "autoria": "Josiane Protetora dos Animais", "texto_original": "http://sapl.lagoadaprata.mg.leg.br/media/sapl/public/materialegislativa/2018/5543/projeto_de_lei__cm_no16-2018_altera_a_lei_de_no_6KgqFmy.pdf", "ementa": "Altera a Lei Municipal n\u00ba 2323 de 17 de setembro de 2014, que Institui a Pol\u00edtica de Controle e Bem Estar Animal das Esp\u00e9cies Canina e Felina no Munic\u00edpio de Lagoa da Prata"}, {"id": "5547", "ano": "2018", "numero": "17", "tipo__sigla": "PL-CM", "tipo__descricao": "Projeto de Lei CM", "autoria": "Cabo Nunes ", "texto_original": "http://sapl.lagoadaprata.mg.leg.br/media/", "ementa": "D\u00e1 nome \u00e0 Creche Pr\u00f3-Inf\u00e2ncia que passa a se denominar Creche Municipal Dona Zuleica Machado Malta"}, {"id": "5597", "ano": "2018", "numero": "18", "tipo__sigla": "PL-CM", "tipo__descricao": "Projeto de Lei CM", "autoria": "Cabo Nunes ", "texto_original": "http://sapl.lagoadaprata.mg.leg.br/media/sapl/public/materialegislativa/2018/5597/projeto_de_lei_cm_no_18-2018_-_cabo_nunes_-_out_pYQUf18.pdf", "ementa": "Institui no Calend\u00e1rio de Eventos do Munic\u00edpio o  \u201cOutubro \u2013 Todos Contra a Pedofilia\u201d."}, {"id": "5601", "ano": "2018", "numero": "19", "tipo__sigla": "PL-CM", "tipo__descricao": "Projeto de Lei CM", "autoria": "Adriano Moreira", "texto_original": "http://sapl.lagoadaprata.mg.leg.br/media/", "ementa": "D\u00e1 nome \u00e0 Esta\u00e7\u00e3o de Tratamento de Esgoto \u2013 ETE -  do Munic\u00edpio, que passa a se denominar \u201cEsta\u00e7\u00e3o de Tratamento de Esgoto Jos\u00e9 Modesto de Miranda\"."}, {"id": "5602", "ano": "2018", "numero": "20", "tipo__sigla": "PL-CM", "tipo__descricao": "Projeto de Lei CM", "autoria": "Cabo Nunes ", "texto_original": "http://sapl.lagoadaprata.mg.leg.br/media/sapl/public/materialegislativa/2018/5602/projeto_de_lei_cm_no_20-2018_-_cabo_nunes_-_da__gCVz088.pdf", "ementa": "D\u00e1 nome \u00e0 Quadra de Basquete de Rua do Munic\u00edpio de Lagoa da Prata."}, {"id": "5603", "ano": "2018", "numero": "21", "tipo__sigla": "PL-CM", "tipo__descricao": "Projeto de Lei CM", "autoria": "Professor Elias Izaias", "texto_original": "http://sapl.lagoadaprata.mg.leg.br/media/sapl/public/materialegislativa/2018/5603/projeto_de_lei_cm_no_21-2018_-_elias_-_institui_7rTBDoz.pdf", "ementa": "Disp\u00f5e sobre a Institui\u00e7\u00e3o no Calend\u00e1rio Oficial do Munic\u00edpio de Lagoa da Prata do \u201cJaneiro Branco\u201d, m\u00eas dedicado \u00e0 conscientiza\u00e7\u00e3o e difus\u00e3o da sa\u00fade mental e emocional."}, {"id": "5628", "ano": "2018", "numero": "22", "tipo__sigla": "PL-CM", "tipo__descricao": "Projeto de Lei CM", "autoria": "Professor Elias Izaias", "texto_original": "http://sapl.lagoadaprata.mg.leg.br/media/", "ementa": "AUTORIZA O SERVI\u00c7O AUT\u00d4NOMO DE \u00c1GUA E  ESGOTO DE LAGOA DA PRATA \u2013 SAAE-LP A RECEBER DOA\u00c7\u00d5ES."}, {"id": "5629", "ano": "2018", "numero": "23", "tipo__sigla": "PL-CM", "tipo__descricao": "Projeto de Lei CM", "autoria": "Preto", "texto_original": "http://sapl.lagoadaprata.mg.leg.br/media/sapl/public/materialegislativa/2018/5629/proposta_de_emenda_a_lom_no_03-2018_-_jr_-_pret_yLJtQHh.pdf", "ementa": "D\u00e1 nome \u00e0 Policl\u00ednica ll do Munic\u00edpio de Lagoa da Prata, que passa a se denominar Policl\u00ednica Dr. Carlos Bernardes de Castro."}, {"id": "5682", "ano": "2018", "numero": "24", "tipo__sigla": "PL-CM", "tipo__descricao": "Projeto de Lei CM", "autoria": "Lalinho Duzinho", "texto_original": "http://sapl.lagoadaprata.mg.leg.br/media/sapl/public/materialegislativa/2018/5682/projeto_de_lei_cm_no_24-2018_-_lalinho_utilidad_dCeHSOd.pdf", "ementa": "DECLARA DE UTILIDADE P\u00daBLICA A ASSOCIA\u00c7\u00c3O ESCOLINHA MTB TEAM."}, {"id": "5694", "ano": "2018", "numero": "25", "tipo__sigla": "PL-CM", "tipo__descricao": "Projeto de Lei CM", "autoria": "Preto", "texto_original": "http://sapl.lagoadaprata.mg.leg.br/media/sapl/public/materialegislativa/2018/5694/projeto_de_lei_cm_no_25-2018_preto_-_jr_-_laboratorios.pdf", "ementa": "Determina que os laborat\u00f3rios contratados que prestam servi\u00e7os \u00e0 Rede P\u00fablica Municipal de Sa\u00fade realizem coleta de materiais para exames laboratoriais nas resid\u00eancias de pessoas com dificuldades de locomo\u00e7\u00e3o, no Munic\u00edpio de Lagoa da Prata"}, {"id": "5492", "ano": "2018", "numero": "1", "tipo__sigla": "PLC-C", "tipo__descricao": "Projeto de Lei Complementar - CM", "autoria": "Adriano Moreira", "texto_original": "http://sapl.lagoadaprata.mg.leg.br/media/./sapl/public/materialegislativa/2018/5492/5492_texto_integral.doc", "ementa": "ALTERA A LEI COMPLEMENTAR MUNICIPAL N\u00ba 05/1991, QUE INSTITUI O C\u00d3DIGO DE POSTURAS DO MUNIC\u00cdPIO DE LAGOA DA PRATA."}, {"id": "5477", "ano": "2018", "numero": "4", "tipo__sigla": "PLC-C", "tipo__descricao": "Projeto de Lei Complementar - CM", "autoria": "Preto", "texto_original": "http://sapl.lagoadaprata.mg.leg.br/media/./sapl/public/materialegislativa/2018/5477/5477_texto_integral.pdf", "ementa": "ALTERA A LEI COMPLEMENTAR MUNICIPAL N\u00ba 05/1991 QUE INSTITUI O C\u00d3DIGO DE POSTURAS DO MUNIC\u00cdPIO DE LAGOA DA PRATA."}, {"id": "5488", "ano": "2018", "numero": "5", "tipo__sigla": "PLC-C", "tipo__descricao": "Projeto de Lei Complementar - CM", "autoria": "Quelli C\u00e1ssia Couto", "texto_original": "http://sapl.lagoadaprata.mg.leg.br/media/./sapl/public/materialegislativa/2018/5488/5488_texto_integral.pdf", "ementa": "ACRESCENTA DISPOSITIVOS \u00c0 LEI COMPLEMENTAR MUNICIPAL N\u00ba 176/2.017, QUE DISP\u00d5E SOBRE A INSTITUI\u00c7\u00c3O DO PLANO DIRETOR DO MUNIC\u00cdPIO DE LAGOA DA PRATA, DEC\u00caNIO 2017-2026"}, {"id": "5535", "ano": "2018", "numero": "7", "tipo__sigla": "PLC-C", "tipo__descricao": "Projeto de Lei Complementar - CM", "autoria": "Preto", "texto_original": "http://sapl.lagoadaprata.mg.leg.br/media/sapl/public/materialegislativa/2018/5535/projeto_de_lei_complementar_-_cm_07_altera_42-2_jiXO7WF.pdf", "ementa": "Altera a Lei Complementar Municipal n\u00ba 42, de 31 de dezembro de 2001, que Institui o C\u00f3digo Tribut\u00e1rio do Munic\u00edpio de Lagoa da Prata"}, {"id": "5541", "ano": "2018", "numero": "8", "tipo__sigla": "PLC-C", "tipo__descricao": "Projeto de Lei Complementar - CM", "autoria": "Cida Marcelino", "texto_original": "http://sapl.lagoadaprata.mg.leg.br/media/sapl/public/materialegislativa/2018/5541/projeto_de_lei_complementar_cm_08-2018_cida_rev_NlauDp2.pdf", "ementa": "Altera a Lei Complementar Municipal n\u00ba 05/1991, que Institui o C\u00f3digo de Posturas do Munic\u00edpio de Lagoa da Prata"}, {"id": "5679", "ano": "2018", "numero": "9", "tipo__sigla": "PLC-C", "tipo__descricao": "Projeto de Lei Complementar - CM", "autoria": "Adriano Moreira", "texto_original": "http://sapl.lagoadaprata.mg.leg.br/media/sapl/public/materialegislativa/2018/5679/projeto_de_lei_complementar_cm_no_09-2018_adria_XhvzN9s.pdf", "ementa": "ALTERA A LEI COMPLEMENTAR MUNICIPAL N\u00ba42/2001, QUE DISP\u00d5E SOBRE O SISTEMA TRIBUT\u00c1RIO DO MUNIC\u00cdPIO DE LAGOA DA PRATA E D\u00c1 OUTRAS PROVID\u00caNCIAS."}, {"id": "5482", "ano": "2018", "numero": "4", "tipo__sigla": "PLC-E", "tipo__descricao": "Projeto de Lei Complementar - EM ", "autoria": "Paulo C\u00e9sar Teodoro", "texto_original": "http://sapl.lagoadaprata.mg.leg.br/media/./sapl/public/materialegislativa/2018/5482/5482_texto_integral.pdf", "ementa": "&#8220;ALTERA A LEI COMPLEMENTAR MUNICIPAL N\u00ba 038, DE 20 DE NOVEMBRO DE 2000.&#8221;"}, {"id": "5448", "ano": "2018", "numero": "5", "tipo__sigla": "PLC-E", "tipo__descricao": "Projeto de Lei Complementar - EM ", "autoria": "Paulo C\u00e9sar Teodoro", "texto_original": "http://sapl.lagoadaprata.mg.leg.br/media/./sapl/public/materialegislativa/2018/5448/5448_texto_integral.pdf", "ementa": "INSTITUI A CORREGEDORIA E A OUVIDORIA DA GUARDA CIVIL MUNICIPAL DE LAGOA DA PRATA E D\u00c1 OUTRAS PROVID\u00caNCIAS&#8221;"}, {"id": "5643", "ano": "2018", "numero": "6", "tipo__sigla": "PLC-E", "tipo__descricao": "Projeto de Lei Complementar - EM ", "autoria": "Paulo C\u00e9sar Teodoro", "texto_original": "http://sapl.lagoadaprata.mg.leg.br/media/sapl/public/materialegislativa/2018/5643/projeto_de_lei_complementar_em_06-2018_-__alter_3yZeo8V.pdf", "ementa": "ALTERA A LEI COMPLEMENTAR N\u00ba 003, DE 22 DE MAIO DE 1991"}, {"id": "5681", "ano": "2018", "numero": "7", "tipo__sigla": "PLC-E", "tipo__descricao": "Projeto de Lei Complementar - EM ", "autoria": "Paulo C\u00e9sar Teodoro", "texto_original": "http://sapl.lagoadaprata.mg.leg.br/media/sapl/public/materialegislativa/2018/5681/projeto_de_lei_complementar_em_08-2018_-__alter_gT8wjxp.pdf", "ementa": "ALTERA A LEI COMPLEMENTAR N\u00ba  003, DE 22 DE MAIO DE 1991"}, {"id": "5685", "ano": "2018", "numero": "8", "tipo__sigla": "PLC-E", "tipo__descricao": "Projeto de Lei Complementar - EM ", "autoria": "Paulo C\u00e9sar Teodoro", "texto_original": "http://sapl.lagoadaprata.mg.leg.br/media/sapl/public/materialegislativa/2018/5685/projeto_de_lei_complementar_em_07-2018_-__alter_9ccBcLh.pdf", "ementa": "ALTERA A LEI COMPLEMENTAR N\u00ba 079, DE 16 DE DEZEMBRO DE 2008"}, {"id": "5690", "ano": "2018", "numero": "9", "tipo__sigla": "PLC-E", "tipo__descricao": "Projeto de Lei Complementar - EM ", "autoria": "Paulo C\u00e9sar Teodoro", "texto_original": "http://sapl.lagoadaprata.mg.leg.br/media/", "ementa": "ALTERA A LEI COMPLEMENTAR MUNICIPAL 176, DE 03 DE JANEIRO DE 2017"}, {"id": "5691", "ano": "2018", "numero": "10", "tipo__sigla": "PLC-E", "tipo__descricao": "Projeto de Lei Complementar - EM ", "autoria": "Paulo C\u00e9sar Teodoro", "texto_original": "http://sapl.lagoadaprata.mg.leg.br/media/", "ementa": "ALTERA A LEI COMPLEMENTAR MUNICIPAL 087, DE 21 DE JUNHO DE 2010"}, {"id": "5692", "ano": "2018", "numero": "11", "tipo__sigla": "PLC-E", "tipo__descricao": "Projeto de Lei Complementar - EM ", "autoria": "Paulo C\u00e9sar Teodoro", "texto_original": "http://sapl.lagoadaprata.mg.leg.br/media/", "ementa": "ALTERA A LEI COMPLEMENTAR N\u00ba 003, DE 22 DE MAIO DE 1991"}, {"id": "5693", "ano": "2018", "numero": "12", "tipo__sigla": "PLC-E", "tipo__descricao": "Projeto de Lei Complementar - EM ", "autoria": "Paulo C\u00e9sar Teodoro", "texto_original": "http://sapl.lagoadaprata.mg.leg.br/media/", "ementa": "ALTERA A LEI COMPLEMENTAR N\u00ba 003, DE 22 DE MAIO DE 1991"}, {"id": "5449", "ano": "2018", "numero": "56", "tipo__sigla": "PL-EM", "tipo__descricao": "Projeto de Lei EM", "autoria": "Paulo C\u00e9sar Teodoro", "texto_original": "http://sapl.lagoadaprata.mg.leg.br/media/", "ementa": "ALTERA A LEI N\u00ba 2.519 DE 24 DE JUNHO DE 2015"}, {"id": "5480", "ano": "2018", "numero": "60", "tipo__sigla": "PL-EM", "tipo__descricao": "Projeto de Lei EM", "autoria": "Paulo C\u00e9sar Teodoro", "texto_original": "http://sapl.lagoadaprata.mg.leg.br/media/./sapl/public/materialegislativa/2018/5480/5480_texto_integral.pdf", "ementa": "&#8220;AUTORIZA O MUNIC\u00cdPIO DE LAGOA DA PRATA A DOAR IM\u00d3VEL QUE MENCIONA E CONT\u00c9M OUTRAS PROVID\u00caNCIAS.&#8221;"}, {"id": "5450", "ano": "2018", "numero": "68", "tipo__sigla": "PL-EM", "tipo__descricao": "Projeto de Lei EM", "autoria": "Paulo C\u00e9sar Teodoro", "texto_original": "http://sapl.lagoadaprata.mg.leg.br/media/", "ementa": "&#8220;ABRE CR\u00c9DITO SUPLEMENTAR AO OR\u00c7AMENTO VIGENTE DO MUNIC\u00cdPIO DE LAGOA DA PRATA E CONT\u00c9M OUTRAS PROVID\u00caNCIAS&#8217;."}, {"id": "5528", "ano": "2018", "numero": "71", "tipo__sigla": "PL-EM", "tipo__descricao": "Projeto de Lei EM", "autoria": "Paulo C\u00e9sar Teodoro", "texto_original": "http://sapl.lagoadaprata.mg.leg.br/media/sapl/public/materialegislativa/2018/5528/projeto_de_lei_71-2018_-_autoriza_doacao_de_imo_zcpahux.pdf", "ementa": "Autoriza o Munic\u00edpio de Lagoa da Prata a Doar Im\u00f3vel Que Menciona e Cont\u00e9m Outras Provid\u00eancias"}, {"id": "5529", "ano": "2018", "numero": "72", "tipo__sigla": "PL-EM", "tipo__descricao": "Projeto de Lei EM", "autoria": "Paulo C\u00e9sar Teodoro", "texto_original": "http://sapl.lagoadaprata.mg.leg.br/media/sapl/public/materialegislativa/2018/5529/projetode_lei_em_72-2018_ldo_2019.pdf", "ementa": "Disp\u00f5e Sobre As Diretrizes Para A Elabora\u00e7\u00e3o Da Lei Or\u00e7ament\u00e1ria De 2019 E D\u00e1 Outras Provid\u00eancias"}, {"id": "5483", "ano": "2018", "numero": "74", "tipo__sigla": "PL-EM", "tipo__descricao": "Projeto de Lei EM", "autoria": "Paulo C\u00e9sar Teodoro", "texto_original": "http://sapl.lagoadaprata.mg.leg.br/media/./sapl/public/materialegislativa/2018/5483/5483_texto_integral.pdf", "ementa": "&#8220;ALTERA A LEI MUNICIPAL N\u00ba 541, DE 30 DE NOVEMBRO DE 1992.&#8221;"}, {"id": "5527", "ano": "2018", "numero": "75", "tipo__sigla": "PL-EM", "tipo__descricao": "Projeto de Lei EM", "autoria": "", "texto_original": "http://sapl.lagoadaprata.mg.leg.br/media/", "ementa": "Autoriza o Munic\u00edpio de Lagoa da Prata a Doar Im\u00f3vel Que Menciona e Cont\u00e9m Outras Provid\u00eancias.\u201d"}, {"id": "5452", "ano": "2018", "numero": "76", "tipo__sigla": "PL-EM", "tipo__descricao": "Projeto de Lei EM", "autoria": "Paulo C\u00e9sar Teodoro", "texto_original": "http://sapl.lagoadaprata.mg.leg.br/media/", "ementa": "ABRE CR\u00c9DITO SUPLEMENTAR AO OR\u00c7AMENTO VIGENTE DO MUNIC\u00cdPIO DE LAGOA DA PRATA E CONT\u00c9M OUTRAS PROVID\u00caNCIAS."}, {"id": "5475", "ano": "2018", "numero": "77", "tipo__sigla": "PL-EM", "tipo__descricao": "Projeto de Lei EM", "autoria": "Paulo C\u00e9sar Teodoro", "texto_original": "http://sapl.lagoadaprata.mg.leg.br/media/./sapl/public/materialegislativa/2018/5475/5475_texto_integral.pdf", "ementa": "ABRE CR\u00c9DITO SUPLEMENTAR AO OR\u00c7AMENTO VIGENTE DO MUNIC\u00cdPIO DE LAGOA DA PRATA E CONT\u00c9M OUTRAS PROVID\u00caNCIAS"}, {"id": "5484", "ano": "2018", "numero": "78", "tipo__sigla": "PL-EM", "tipo__descricao": "Projeto de Lei EM", "autoria": "Paulo C\u00e9sar Teodoro", "texto_original": "http://sapl.lagoadaprata.mg.leg.br/media/./sapl/public/materialegislativa/2018/5484/5484_texto_integral.pdf", "ementa": "ABRE CR\u00c9DITO SUPLEMENTAR AO OR\u00c7AMENTO VIGENTE DO MUNIC\u00cdPIO DE LAGOA DA PRATA  E CONT\u00c9M OUTRAS PROVID\u00caNCIAS."}, {"id": "5485", "ano": "2018", "numero": "79", "tipo__sigla": "PL-EM", "tipo__descricao": "Projeto de Lei EM", "autoria": "Paulo C\u00e9sar Teodoro", "texto_original": "http://sapl.lagoadaprata.mg.leg.br/media/./sapl/public/materialegislativa/2018/5485/5485_texto_integral.pdf", "ementa": "ABRE CR\u00c9DITO SUPLEMENTAR AO OR\u00c7AMENTO VIGENTE DO MUNIC\u00cdPIO DE LAGOA DA PRATA E CONT\u00c9M OUTRAS PROVID\u00caNCIAS."}, {"id": "5490", "ano": "2018", "numero": "80", "tipo__sigla": "PL-EM", "tipo__descricao": "Projeto de Lei EM", "autoria": "Paulo C\u00e9sar Teodoro", "texto_original": "http://sapl.lagoadaprata.mg.leg.br/media/", "ementa": "ABRE CR\u00c9DITO SUPLEMENTAR AO OR\u00c7AMENTO VIGENTE DO MUNIC\u00cdPIO DE LAGOA DA PRATA E CONT\u00c9M OUTRAS PROVID\u00caNCIAS."}, {"id": "5511", "ano": "2018", "numero": "81", "tipo__sigla": "PL-EM", "tipo__descricao": "Projeto de Lei EM", "autoria": "Paulo C\u00e9sar Teodoro", "texto_original": "http://sapl.lagoadaprata.mg.leg.br/media/sapl/public/materialegislativa/2018/5511/projeto_de_lei_-_altera_lei_3017-2017_-_ratific_SgLdHCa.pdf", "ementa": "Altera a Lei Municipal n\u00ba 3.017, de 22 de setembro de 2017."}, {"id": "5531", "ano": "2018", "numero": "82", "tipo__sigla": "PL-EM", "tipo__descricao": "Projeto de Lei EM", "autoria": "Paulo C\u00e9sar Teodoro", "texto_original": "http://sapl.lagoadaprata.mg.leg.br/media/sapl/public/materialegislativa/2018/5531/projeto_de_lei__82-__2018credito_especial_-_r_7_t4p3Cmb.pdf", "ementa": "Abre Cr\u00e9dito Suplementar ao Or\u00e7amento Vigente do Munic\u00edpio de Lagoa da Prata e Cont\u00e9m Outras Provid\u00eancias"}, {"id": "5532", "ano": "2018", "numero": "83", "tipo__sigla": "PL-EM", "tipo__descricao": "Projeto de Lei EM", "autoria": "Paulo C\u00e9sar Teodoro", "texto_original": "http://sapl.lagoadaprata.mg.leg.br/media/", "ementa": "Autoriza o Munic\u00edpio de Lagoa da Prata a Doar Im\u00f3vel Que Menciona e Cont\u00e9m Outras Provid\u00eancias"}, {"id": "5536", "ano": "2018", "numero": "84", "tipo__sigla": "PL-EM", "tipo__descricao": "Projeto de Lei EM", "autoria": "Paulo C\u00e9sar Teodoro", "texto_original": "http://sapl.lagoadaprata.mg.leg.br/media/sapl/public/materialegislativa/2018/5536/projeto_de_lei_84-2018_-_credito_especial-_r_37_eQd0EFE.pdf", "ementa": "Abre Cr\u00e9dito Especial ao Or\u00e7amento Vigente do Munic\u00edpio de Lagoa da Prata e Cont\u00e9m Outras Provid\u00eancias"}, {"id": "5537", "ano": "2018", "numero": "85", "tipo__sigla": "PL-EM", "tipo__descricao": "Projeto de Lei EM", "autoria": "Paulo C\u00e9sar Teodoro", "texto_original": "http://sapl.lagoadaprata.mg.leg.br/media/sapl/public/materialegislativa/2018/5537/projeto_de_lei__85-2018-_concede_subvencao_soci_RcJ5Bcv.pdf", "ementa": "Abre Cr\u00e9dito Suplementar ao Or\u00e7amento Vigente do Munic\u00edpio de Lagoa da Prata"}, {"id": "5538", "ano": "2018", "numero": "86", "tipo__sigla": "PL-EM", "tipo__descricao": "Projeto de Lei EM", "autoria": "Paulo C\u00e9sar Teodoro", "texto_original": "http://sapl.lagoadaprata.mg.leg.br/media/sapl/public/materialegislativa/2018/5538/projeto_de_lei_86-2018-_autoriza_doacao_de_imov_eV87r0a.pdf", "ementa": "Autoriza o Munic\u00edpio de Lagoa da Prata a Doar Im\u00f3vel Que Menciona e Cont\u00e9m Outras Provid\u00eancias"}, {"id": "5544", "ano": "2018", "numero": "87", "tipo__sigla": "PL-EM", "tipo__descricao": "Projeto de Lei EM", "autoria": "Paulo C\u00e9sar Teodoro", "texto_original": "http://sapl.lagoadaprata.mg.leg.br/media/", "ementa": "Altera a Lei n\u00ba 2.519 de 24 de junho de 2015."}, {"id": "5545", "ano": "2018", "numero": "88", "tipo__sigla": "PL-EM", "tipo__descricao": "Projeto de Lei EM", "autoria": "Paulo C\u00e9sar Teodoro", "texto_original": "http://sapl.lagoadaprata.mg.leg.br/media/sapl/public/materialegislativa/2018/5545/projeto_de_lei_-_em_88-2018_aut_trans_de_saldo__VJNCrjO.pdf", "ementa": "Autoriza a transfer\u00eancia de Saldo Or\u00e7ament\u00e1rio em Dota\u00e7\u00f5es do Exerc\u00edcio de 2018 do Munic\u00edpio de Lagoa da Prata e Cont\u00e9m Outras Provid\u00eancias"}, {"id": "5546", "ano": "2018", "numero": "89", "tipo__sigla": "PL-EM", "tipo__descricao": "Projeto de Lei EM", "autoria": "Paulo C\u00e9sar Teodoro", "texto_original": "http://sapl.lagoadaprata.mg.leg.br/media/sapl/public/materialegislativa/2018/5546/projeto_de_lei_-_em_89_-2018_credito_suplementa_2qhuTGF.pdf", "ementa": "Abre Cr\u00e9dito Suplementar ao Or\u00e7amento Vigente do Munic\u00edpio de Lagoa da Prata e Cont\u00e9m Outras Provid\u00eancias"}, {"id": "5550", "ano": "2018", "numero": "90", "tipo__sigla": "PL-EM", "tipo__descricao": "Projeto de Lei EM", "autoria": "Paulo C\u00e9sar Teodoro", "texto_original": "http://sapl.lagoadaprata.mg.leg.br/media/sapl/public/materialegislativa/2018/5550/projeto_de_lei__em_90-2018-_credito_suplementar_AMyqPPK.pdf", "ementa": "Abre Cr\u00e9dito Suplementar ao Or\u00e7amento Vigente do Munic\u00edpio de Lagoa da Prata e Cont\u00e9m Outras Provid\u00eancias"}, {"id": "5551", "ano": "2018", "numero": "91", "tipo__sigla": "PL-EM", "tipo__descricao": "Projeto de Lei EM", "autoria": "Paulo C\u00e9sar Teodoro", "texto_original": "http://sapl.lagoadaprata.mg.leg.br/media/sapl/public/materialegislativa/2018/5551/projeto_de_lei_em_91-2018_-_credito_suplementar_TtZ3zcp.pdf", "ementa": "Abre Cr\u00e9dito Suplementar ao Or\u00e7amento Vigente do Munic\u00edpio de Lagoa da Prata e Cont\u00e9m Outras Provid\u00eancias"}, {"id": "5552", "ano": "2018", "numero": "92", "tipo__sigla": "PL-EM", "tipo__descricao": "Projeto de Lei EM", "autoria": "Paulo C\u00e9sar Teodoro", "texto_original": "http://sapl.lagoadaprata.mg.leg.br/media/sapl/public/materialegislativa/2018/5552/projeto_de_lei__em_92-2018_-_altera_lei_2602-20_HDecqyg.pdf", "ementa": "Altera a Lei n\u00ba 2.602/2015"}, {"id": "5592", "ano": "2018", "numero": "93", "tipo__sigla": "PL-EM", "tipo__descricao": "Projeto de Lei EM", "autoria": "Paulo C\u00e9sar Teodoro", "texto_original": "http://sapl.lagoadaprata.mg.leg.br/media/", "ementa": "Abre Cr\u00e9dito Especial ao Or\u00e7amento Vigente do Munic\u00edpio de Lagoa da Prata e Cont\u00e9m Outras Provid\u00eancias"}, {"id": "5598", "ano": "2018", "numero": "94", "tipo__sigla": "PL-EM", "tipo__descricao": "Projeto de Lei EM", "autoria": "Paulo C\u00e9sar Teodoro", "texto_original": "http://sapl.lagoadaprata.mg.leg.br/media/", "ementa": "ABRE CR\u00c9DITO SUPLEMENTAR AO OR\u00c7AMENTO VIGENTE DO MUNIC\u00cdPIO DE LAGOA DA PRATA E CONT\u00c9M OUTRAS PROVID\u00caNCIAS."}, {"id": "5599", "ano": "2018", "numero": "95", "tipo__sigla": "PL-EM", "tipo__descricao": "Projeto de Lei EM", "autoria": "Paulo C\u00e9sar Teodoro", "texto_original": "http://sapl.lagoadaprata.mg.leg.br/media/sapl/public/materialegislativa/2018/5599/projeto_de_lei__em_95-2018-_concede_subvencao_s_4iHSgeb.pdf", "ementa": "Autoriza o Executivo Municipal a Conceder Contribui\u00e7\u00e3o \u00e0 Entidade Que Menciona e Cont\u00e9m Outras Provid\u00eancias"}, {"id": "5600", "ano": "2018", "numero": "96", "tipo__sigla": "PL-EM", "tipo__descricao": "Projeto de Lei EM", "autoria": "Paulo C\u00e9sar Teodoro", "texto_original": "http://sapl.lagoadaprata.mg.leg.br/media/sapl/public/materialegislativa/2018/5600/projeto_de_lei_em_96-2018_-_credito_suplementar_m6NgW5M.pdf", "ementa": "Abre Cr\u00e9dito Adicional ao Or\u00e7amento Vigente do Munic\u00edpio de Lagoa da Prata e Cont\u00e9m Outras Provid\u00eancias"}, {"id": "5605", "ano": "2018", "numero": "97", "tipo__sigla": "PL-EM", "tipo__descricao": "Projeto de Lei EM", "autoria": "Paulo C\u00e9sar Teodoro", "texto_original": "http://sapl.lagoadaprata.mg.leg.br/media/sapl/public/materialegislativa/2018/5605/projeto_de_lei_em_97-2018_-_autoriza_doacao_de__rmmt4QJ.pdf", "ementa": "Autoriza o Munic\u00edpio de Lagoa da Prata a Doar Im\u00f3vel Que Menciona e Cont\u00e9m Outras Provid\u00eancias."}, {"id": "5606", "ano": "2018", "numero": "98", "tipo__sigla": "PL-EM", "tipo__descricao": "Projeto de Lei EM", "autoria": "Paulo C\u00e9sar Teodoro", "texto_original": "http://sapl.lagoadaprata.mg.leg.br/media/sapl/public/materialegislativa/2018/5606/projeto_de_lei_em_98-2018_-_contrat_e_trans_de__KKXtzKk.pdf", "ementa": "Disp\u00f5e sobre a transfer\u00eancia de recursos p\u00fablicos para as entidades do Terceiro Setor e cont\u00e9m outras provid\u00eancias."}, {"id": "5607", "ano": "2018", "numero": "99", "tipo__sigla": "PL-EM", "tipo__descricao": "Projeto de Lei EM", "autoria": "Paulo C\u00e9sar Teodoro", "texto_original": "http://sapl.lagoadaprata.mg.leg.br/media/sapl/public/materialegislativa/2018/5607/projeto_de_lei__em_99-2018-_ratifica_a_segunda__WnLja7C.pdf", "ementa": "Ratifica a segunda altera\u00e7\u00e3o do Protocolo de Inten\u00e7\u00f5es consubstanciado em Contrato de Cons\u00f3rcio P\u00fablico do Cons\u00f3rcio Intermunicipal de Sa\u00fade da Regi\u00e3o Ampliada Oeste para Gerenciamento dos Servi\u00e7os de Urg\u00eancia e emerg\u00eancia \u2013 CIS-URG Oeste e d\u00e1 outras provid\u00eancias"}, {"id": "5626", "ano": "2018", "numero": "100", "tipo__sigla": "PL-EM", "tipo__descricao": "Projeto de Lei EM", "autoria": "Paulo C\u00e9sar Teodoro", "texto_original": "http://sapl.lagoadaprata.mg.leg.br/media/sapl/public/materialegislativa/2018/5626/projeto_de_lei_em_100-2018_autoriza_a_compra_de_pLuuWk6.pdf", "ementa": "Autoriza o Munic\u00edpio de Lagoa da Prata a adquirir o im\u00f3vel que menciona e cont\u00e9m outras provid\u00eancias."}, {"id": "5627", "ano": "2018", "numero": "101", "tipo__sigla": "PL-EM", "tipo__descricao": "Projeto de Lei EM", "autoria": "Paulo C\u00e9sar Teodoro", "texto_original": "http://sapl.lagoadaprata.mg.leg.br/media/sapl/public/materialegislativa/2018/5627/projeto_de_lei_-_101-2018_-_ratifica_alteracoes_lQDxAE8.pdf", "ementa": "Ratifica as altera\u00e7\u00f5es e consolida\u00e7\u00e3o do Contrato de Cons\u00f3rcio P\u00fablico da Institui\u00e7\u00e3o de Coopera\u00e7\u00e3o Intermunicipal do M\u00e9dio Paraopeba \u2013 ICISMEP."}, {"id": "5640", "ano": "2018", "numero": "102", "tipo__sigla": "PL-EM", "tipo__descricao": "Projeto de Lei EM", "autoria": "Paulo C\u00e9sar Teodoro", "texto_original": "http://sapl.lagoadaprata.mg.leg.br/media/sapl/public/materialegislativa/2018/5640/projeto_de_lei_em_102-2018_-_credito_suplementa_lzuSVei.pdf", "ementa": "Abre Cr\u00e9dito Suplementar ao Or\u00e7amento Vigente do Munic\u00edpio de Lagoa da Prata e Cont\u00e9m Outras Provid\u00eancias."}, {"id": "5641", "ano": "2018", "numero": "103", "tipo__sigla": "PL-EM", "tipo__descricao": "Projeto de Lei EM", "autoria": "Paulo C\u00e9sar Teodoro", "texto_original": "http://sapl.lagoadaprata.mg.leg.br/media/sapl/public/materialegislativa/2018/5641/projeto_de_lei__em_103-2018-_credito_especial_-_6Re17ph.pdf", "ementa": "Abre Cr\u00e9dito Especial ao Or\u00e7amento Vigente do Munic\u00edpio de Lagoa da Prata e Cont\u00e9m Outras Provid\u00eancias."}, {"id": "5642", "ano": "2018", "numero": "104", "tipo__sigla": "PL-EM", "tipo__descricao": "Projeto de Lei EM", "autoria": "Paulo C\u00e9sar Teodoro", "texto_original": "http://sapl.lagoadaprata.mg.leg.br/media/sapl/public/materialegislativa/2018/5642/projeto_de_lei_em_104-2018_-_credito_suplementa_ore0LHO.pdf", "ementa": "Abre Cr\u00e9dito Suplementar ao Or\u00e7amento Vigente do Munic\u00edpio de Lagoa da Prata e Cont\u00e9m Outras Provid\u00eancias."}, {"id": "5644", "ano": "2018", "numero": "106", "tipo__sigla": "PL-EM", "tipo__descricao": "Projeto de Lei EM", "autoria": "Paulo C\u00e9sar Teodoro", "texto_original": "http://sapl.lagoadaprata.mg.leg.br/media/sapl/public/materialegislativa/2018/5644/projeto_de_lei_em_106-2018_-_auxilio_transporte_uNsqiXs.pdf", "ementa": "DISP\u00d5E SOBRE A CONCESS\u00c3O DE AUXILIO TRANSPORTE AOS ESTUDANTES UNIVERSIT\u00c1RIOS NO MUNIC\u00cdPIO DE LAGOA DA PRATA E D\u00c1 OUTRAS PROVID\u00caNCIAS"}, {"id": "5645", "ano": "2018", "numero": "107", "tipo__sigla": "PL-EM", "tipo__descricao": "Projeto de Lei EM", "autoria": "Paulo C\u00e9sar Teodoro", "texto_original": "http://sapl.lagoadaprata.mg.leg.br/media/sapl/public/materialegislativa/2018/5645/projeto_de_lei_em_107-2018_-_autoriza_doacao_de_DMr0qzi.pdf", "ementa": "AUTORIZA O MUNIC\u00cdPIO DE LAGOA DA PRATA A DOAR O VE\u00cdCULO QUE MENCIONA E CONT\u00c9M OUTRAS PROVID\u00caNCIAS"}, {"id": "5646", "ano": "2018", "numero": "108", "tipo__sigla": "PL-EM", "tipo__descricao": "Projeto de Lei EM", "autoria": "Paulo C\u00e9sar Teodoro", "texto_original": "http://sapl.lagoadaprata.mg.leg.br/media/sapl/public/materialegislativa/2018/5646/projeto_de_lei_em_108-2018_-_ppa_2019_-_alteracao.pdf", "ementa": "ALTERA A LEI 3049/2017, QUE INSTITUI O PLANO PLURIANUAL DO MUNIC\u00cdPIO PARA O PER\u00cdODO DE 2018 A 2021"}, {"id": "5647", "ano": "2018", "numero": "109", "tipo__sigla": "PL-EM", "tipo__descricao": "Projeto de Lei EM", "autoria": "Paulo C\u00e9sar Teodoro", "texto_original": "http://sapl.lagoadaprata.mg.leg.br/media/sapl/public/materialegislativa/2018/5647/projeto_de_lei_em_109-2018_-_ldo_2019_alteracao.pdf", "ementa": "ALTERA AS METAS FISCAIS DA LEI 3.152/2018 QUE INSTITUI AS DIRETRIZES OR\u00c7AMENT\u00c1RIAS PARA O EXERC\u00cdCIO DE 2019"}, {"id": "5648", "ano": "2018", "numero": "110", "tipo__sigla": "PL-EM", "tipo__descricao": "Projeto de Lei EM", "autoria": "Paulo C\u00e9sar Teodoro", "texto_original": "http://sapl.lagoadaprata.mg.leg.br/media/sapl/public/materialegislativa/2018/5648/projeto_de_lei_em_110-2018_-_loa_2019_-_projeto_de_lei.pdf", "ementa": "ESTIMA A RECEITA E FIXA AS DESPESAS DO MUNIC\u00cdPIO DE LAGOA DA PRATA PARA O EXERC\u00cdCIO FINANCEIRO DE 2019"}, {"id": "5649", "ano": "2018", "numero": "111", "tipo__sigla": "PL-EM", "tipo__descricao": "Projeto de Lei EM", "autoria": "Paulo C\u00e9sar Teodoro", "texto_original": "http://sapl.lagoadaprata.mg.leg.br/media/sapl/public/materialegislativa/2018/5649/projeto_de_lei_em_111-2018_-_credito_especial-__eGeRUmb.pdf", "ementa": "ABRE CR\u00c9DITO ESPECIAL AO OR\u00c7AMENTO DO MUNIC\u00cdPIO DE LAGOA DA PRATA E CONT\u00c9M OUTRAS PROVID\u00caNCIAS"}, {"id": "5650", "ano": "2018", "numero": "112", "tipo__sigla": "PL-EM", "tipo__descricao": "Projeto de Lei EM", "autoria": "Paulo C\u00e9sar Teodoro", "texto_original": "http://sapl.lagoadaprata.mg.leg.br/media/sapl/public/materialegislativa/2018/5650/projeto_de_lei_em_112-2018_-_autoriza_doacao_de_qJm859E.pdf", "ementa": "AUTORIZA O MUNIC\u00cdPIO DE LAGOA DA PRATA A DOAR IM\u00d3VEL QUE MENCIONA E CONT\u00c9M OUTRAS PROVID\u00caNCIAS"}, {"id": "5651", "ano": "2018", "numero": "113", "tipo__sigla": "PL-EM", "tipo__descricao": "Projeto de Lei EM", "autoria": "Paulo C\u00e9sar Teodoro", "texto_original": "http://sapl.lagoadaprata.mg.leg.br/media/sapl/public/materialegislativa/2018/5651/projeto_de_lei_em_113-2018_-_altera_lei_no_203-_6K6fxUO.pdf", "ementa": "ALTERA A LEI MUNICIPAL N\u00ba 203, DE 21 DE NOVEMBRO DE 1984"}, {"id": "5652", "ano": "2018", "numero": "114", "tipo__sigla": "PL-EM", "tipo__descricao": "Projeto de Lei EM", "autoria": "Paulo C\u00e9sar Teodoro", "texto_original": "http://sapl.lagoadaprata.mg.leg.br/media/sapl/public/materialegislativa/2018/5652/projeto_de_lei_em_114-2018_-_credito_suplementa_lIfLG1M.pdf", "ementa": "ABRE CR\u00c9DITO SUPLEMENTAR AO OR\u00c7AMENTO VIGENTE DO MUNIC\u00cdPIO DE LAGOA DA PRATA E CONT\u00c9M OUTRAS PROVID\u00caNCIAS"}, {"id": "5653", "ano": "2018", "numero": "115", "tipo__sigla": "PL-EM", "tipo__descricao": "Projeto de Lei EM", "autoria": "Paulo C\u00e9sar Teodoro", "texto_original": "http://sapl.lagoadaprata.mg.leg.br/media/sapl/public/materialegislativa/2018/5653/projeto_de_lei_em_115-2018_-_credito_suplementa_Luma8hP.pdf", "ementa": "ABRE CR\u00c9DITO SUPLEMENTAR AO OR\u00c7AMENTO VIGENTE DO MUNIC\u00cdPIO DE LAGOA DA PRATA E CONT\u00c9M OUTRAS PROVID\u00caNCIAS"}, {"id": "5680", "ano": "2018", "numero": "116", "tipo__sigla": "PL-EM", "tipo__descricao": "Projeto de Lei EM", "autoria": "Paulo C\u00e9sar Teodoro", "texto_original": "http://sapl.lagoadaprata.mg.leg.br/media/sapl/public/materialegislativa/2018/5680/projeto_de_lei_em_116-2018_-_autoriza_a_compra__XB8avST.pdf", "ementa": "AUTORIZA O MUNIC\u00cdPIO DE LAGOA DA PRATA A ADQUIRIR O IM\u00d3VEL QUE MENCIONA E CONT\u00c9M OUTRAS PROVID\u00caNCIAS"}, {"id": "5686", "ano": "2018", "numero": "117", "tipo__sigla": "PL-EM", "tipo__descricao": "Projeto de Lei EM", "autoria": "Paulo C\u00e9sar Teodoro", "texto_original": "http://sapl.lagoadaprata.mg.leg.br/media/sapl/public/materialegislativa/2018/5686/projeto_de_lei_em_117-2018_-_credito_suplementa_v8vDbK4.pdf", "ementa": "ABRE CR\u00c9DITO SUPLEMENTAR AO OR\u00c7AMENTO VIGENTE DO MUNIC\u00cdPIO DE LAGOA DA PRATA E CONT\u00c9M OUTRAS PROVID\u00caNCIAS"}, {"id": "5687", "ano": "2018", "numero": "118", "tipo__sigla": "PL-EM", "tipo__descricao": "Projeto de Lei EM", "autoria": "Paulo C\u00e9sar Teodoro", "texto_original": "http://sapl.lagoadaprata.mg.leg.br/media/sapl/public/materialegislativa/2018/5687/projeto_de_lei_em_118-2018_-_altera_do_perimetr_V8uEs8F.pdf", "ementa": "DELIMITA O PER\u00cdMETRO URBANO DA CIDADE DE LAGOA DA PRATA"}, {"id": "5689", "ano": "2018", "numero": "119", "tipo__sigla": "PL-EM", "tipo__descricao": "Projeto de Lei EM", "autoria": "", "texto_original": "http://sapl.lagoadaprata.mg.leg.br/media/sapl/public/materialegislativa/2018/5689/projeto_de_lei_em_119_-_doa_bens_inserviveis_pa_WiAXodG.pdf", "ementa": "Autoriza doa\u00e7\u00e3o de bens que menciona e d\u00e1 outras provid\u00eancias."}, {"id": "5451", "ano": "2018", "numero": "16", "tipo__sigla": "PR", "tipo__descricao": "Projeto de Resolu\u00e7\u00e3o", "autoria": "Cida Marcelino", "texto_original": "http://sapl.lagoadaprata.mg.leg.br/media/./sapl/public/materialegislativa/2018/5451/5451_texto_integral.pdf", "ementa": "ALTERA O REGIME INTERNO DA C\u00c2MARA MUNICIPAL DE LAGOA DA PRATA."}, {"id": "5486", "ano": "2018", "numero": "17", "tipo__sigla": "PR", "tipo__descricao": "Projeto de Resolu\u00e7\u00e3o", "autoria": "Cabo Nunes ", "texto_original": "http://sapl.lagoadaprata.mg.leg.br/media/./sapl/public/materialegislativa/2018/5486/5486_texto_integral.pdf", "ementa": "ALTERA O REGIMENTO INTERNO DA C\u00c2MARA MUNICIPAL DE LAGOA DA PRATA. "}, {"id": "5526", "ano": "2018", "numero": "18", "tipo__sigla": "PR", "tipo__descricao": "Projeto de Resolu\u00e7\u00e3o", "autoria": "Professor Elias Izaias", "texto_original": "http://sapl.lagoadaprata.mg.leg.br/media/sapl/public/materialegislativa/2018/5526/projeto_de_resolucao_no_18-2018_-_elias_joanes__hbtg9rJ.pdf", "ementa": "Altera a Resolu\u00e7\u00e3o n\u00ba 462/2004 \u2013 Regimento Interno da C\u00e2mara Municipal"}, {"id": "5533", "ano": "2018", "numero": "19", "tipo__sigla": "PR", "tipo__descricao": "Projeto de Resolu\u00e7\u00e3o", "autoria": "Preto, Cabo Nunes ", "texto_original": "http://sapl.lagoadaprata.mg.leg.br/media/sapl/public/materialegislativa/2018/5533/projeto_de_resolucao_no_19-2018_-_preto_-_cria__RcO8gmL.pdf", "ementa": "INSTITUI NA C\u00c2MARA MUNICIPAL DE LAGOA DA PRATA A HONRARIA POLICIAL DESTAQUE DO ANO"}, {"id": "5534", "ano": "2018", "numero": "20", "tipo__sigla": "PR", "tipo__descricao": "Projeto de Resolu\u00e7\u00e3o", "autoria": "Adriano Moreira", "texto_original": "http://sapl.lagoadaprata.mg.leg.br/media/sapl/public/materialegislativa/2018/5534/projeto_de_resolucao_no_20-2018_-_moreira_-__al_bjMoQLk.pdf", "ementa": "Altera a Resolu\u00e7\u00e3o n\u00ba 754/2017"}, {"id": "5540", "ano": "2018", "numero": "21", "tipo__sigla": "PR", "tipo__descricao": "Projeto de Resolu\u00e7\u00e3o", "autoria": "Cida Marcelino", "texto_original": "http://sapl.lagoadaprata.mg.leg.br/media/sapl/public/materialegislativa/2018/5540/projeto_de_resolucao_no_21-_2018_-_rev_-_cida_e_jUTeiea.pdf", "ementa": "Altera o Regimento Interno da C\u00e2mara Municipal de Lagoa da Prata"}, {"id": "5548", "ano": "2018", "numero": "22", "tipo__sigla": "PR", "tipo__descricao": "Projeto de Resolu\u00e7\u00e3o", "autoria": "Cabo Nunes ", "texto_original": "http://sapl.lagoadaprata.mg.leg.br/media/", "ementa": "Referenda Despesa Para o Or\u00e7amento da C\u00e2mara Municipal de Lagoa da Prata Para o Exerc\u00edcio de 2019."}, {"id": "5630", "ano": "2018", "numero": "23", "tipo__sigla": "PR", "tipo__descricao": "Projeto de Resolu\u00e7\u00e3o", "autoria": "Quelli C\u00e1ssia Couto", "texto_original": "http://sapl.lagoadaprata.mg.leg.br/media/sapl/public/materialegislativa/2018/5630/projeto_de_resolucao_no_023-2018_-_cidadao_amarilio.pdf", "ementa": "CONCEDE T\u00cdTULO DE CIDAD\u00c3O HONOR\u00c1RIO A AMAR\u00cdLIO FERNANDES SOBRINHO NETO."}, {"id": "5631", "ano": "2018", "numero": "24", "tipo__sigla": "PR", "tipo__descricao": "Projeto de Resolu\u00e7\u00e3o", "autoria": "Joanes Bosco", "texto_original": "http://sapl.lagoadaprata.mg.leg.br/media/sapl/public/materialegislativa/2018/5631/projeto_de_resolucao_no_024-2018_-_cidadao__edmilson.pdf", "ementa": "CONCEDE T\u00cdTULO DE CIDAD\u00c3O HONOR\u00c1RIO A EDIMILSON JOS\u00c9 DA LAGE."}, {"id": "5632", "ano": "2018", "numero": "25", "tipo__sigla": "PR", "tipo__descricao": "Projeto de Resolu\u00e7\u00e3o", "autoria": "Josiane Protetora dos Animais", "texto_original": "http://sapl.lagoadaprata.mg.leg.br/media/sapl/public/materialegislativa/2018/5632/projeto_de_resolucao_no__025-2018_-_cidadao-edson.pdf", "ementa": "CONCEDE T\u00cdTULO DE CIDAD\u00c3O HONOR\u00c1RIO A EDSON TADEU DA SILVA"}, {"id": "5633", "ano": "2018", "numero": "26", "tipo__sigla": "PR", "tipo__descricao": "Projeto de Resolu\u00e7\u00e3o", "autoria": "Lalinho Duzinho", "texto_original": "http://sapl.lagoadaprata.mg.leg.br/media/sapl/public/materialegislativa/2018/5633/projeto_de_resolucao_n_o_026-2018_-_cidadao_gilfar.pdf", "ementa": "CONCEDE T\u00cdTULO DE CIDAD\u00c3O HONOR\u00c1RIO A GILFAR ALVES RIBEIRO"}, {"id": "5634", "ano": "2018", "numero": "27", "tipo__sigla": "PR", "tipo__descricao": "Projeto de Resolu\u00e7\u00e3o", "autoria": "Adriano Moreira", "texto_original": "http://sapl.lagoadaprata.mg.leg.br/media/sapl/public/materialegislativa/2018/5634/projeto_de_resolucao__n_o_027-2018_-_cidadao__l_SAfs3lB.pdf", "ementa": "CONCEDE T\u00cdTULO DE CIDAD\u00c3O HONOR\u00c1RIO A LUIZ FRANCISCO DE JESUS"}, {"id": "5635", "ano": "2018", "numero": "28", "tipo__sigla": "PR", "tipo__descricao": "Projeto de Resolu\u00e7\u00e3o", "autoria": "Preto", "texto_original": "http://sapl.lagoadaprata.mg.leg.br/media/sapl/public/materialegislativa/2018/5635/projeto_de_resolucao_no_028-2018_-_cidadao_marcia.pdf", "ementa": "CONCEDE T\u00cdTULO DE CIDAD\u00c3 HONOR\u00c1RIA A M\u00c1RCIA DE F\u00c1TIMA SALVADOR DOS SANTOS"}, {"id": "5636", "ano": "2018", "numero": "29", "tipo__sigla": "PR", "tipo__descricao": "Projeto de Resolu\u00e7\u00e3o", "autoria": "Cabo Nunes ", "texto_original": "http://sapl.lagoadaprata.mg.leg.br/media/sapl/public/materialegislativa/2018/5636/projeto_de_resolucao_n_o_029-2018_-_cidadao-ozamar.pdf", "ementa": "CONCEDE T\u00cdTULO DE CIDAD\u00c3O HONOR\u00c1RIO A OZAMAR T\u00daLIO DOS SANTOS"}, {"id": "5637", "ano": "2018", "numero": "30", "tipo__sigla": "PR", "tipo__descricao": "Projeto de Resolu\u00e7\u00e3o", "autoria": "Professor Elias Izaias", "texto_original": "http://sapl.lagoadaprata.mg.leg.br/media/sapl/public/materialegislativa/2018/5637/projeto_de_resolucao__n_o_030-2018_-_cidadao-_p_HvlYL8P.pdf", "ementa": "CONCEDE T\u00cdTULO DE CIDAD\u00c3O HONOR\u00c1RIO AO PASTOR VIN\u00cdCIUS RAVANI DE OLIVEIRA."}, {"id": "5638", "ano": "2018", "numero": "31", "tipo__sigla": "PR", "tipo__descricao": "Projeto de Resolu\u00e7\u00e3o", "autoria": "Cida Marcelino", "texto_original": "http://sapl.lagoadaprata.mg.leg.br/media/sapl/public/materialegislativa/2018/5638/projeto_de_resolucao_no_031-2018_-_cidadao_dr._reinaldo.pdf", "ementa": "CONCEDE T\u00cdTULO DE CIDAD\u00c3O HONOR\u00c1RIO A REINALDO ARA\u00daJO DA CRUZ"}, {"id": "5639", "ano": "2018", "numero": "32", "tipo__sigla": "PR", "tipo__descricao": "Projeto de Resolu\u00e7\u00e3o", "autoria": "Adriano Moreira", "texto_original": "http://sapl.lagoadaprata.mg.leg.br/media/sapl/public/materialegislativa/2018/5639/projeto_de_resolucao_no_032-2018_-_ilidio_carva_gHfPB18.pdf", "ementa": "CONCEDE A MEDALHA IL\u00cdDIO DE CARVALHO A   CLAUDINEI REZENDE DE OLIVEIRA."}, {"id": "5695", "ano": "2018", "numero": "33", "tipo__sigla": "PR", "tipo__descricao": "Projeto de Resolu\u00e7\u00e3o", "autoria": "Adriano Moreira, Cabo Nunes , Preto", "texto_original": "http://sapl.lagoadaprata.mg.leg.br/media/sapl/public/materialegislativa/2018/5695/projeto_de_resolucao_no_033-2018_-_altera_camar_y0LKFYs.pdf", "ementa": "Altera a Resolu\u00e7\u00e3o n\u00ba 672/2013 que \u201cINSTITUI O PROGRAMA C\u00c2MARA MIRIM NA C\u00c2MARA MUNICIPAL DE LAGOA DA PRATA\u201d"}, {"id": "5453", "ano": "2018", "numero": "2", "tipo__sigla": "P-LOM", "tipo__descricao": "Proposta de Emenda LOM", "autoria": "Cida Marcelino", "texto_original": "http://sapl.lagoadaprata.mg.leg.br/media/./sapl/public/materialegislativa/2018/5453/5453_texto_integral.pdf", "ementa": "ALTERA O CAPUT DO ARTIGO 22 DA LEI ORG\u00c2NICA DO MUNIC\u00cdPIO DE LAGOA DA PRATA."}, {"id": "5481", "ano": "2018", "numero": "3", "tipo__sigla": "P-LOM", "tipo__descricao": "Proposta de Emenda LOM", "autoria": "Preto", "texto_original": "http://sapl.lagoadaprata.mg.leg.br/media/./sapl/public/materialegislativa/2018/5481/5481_texto_integral.doc", "ementa": "REVOGA O PAR\u00c1GRAFO \u00daNICO DO ARTIGO 178 DA LEI ORG\u00c2NICA DO MUNIC\u00cdPIO DE LAGOA DA PRATA."}, {"id": "5489", "ano": "2018", "numero": "4", "tipo__sigla": "P-LOM", "tipo__descricao": "Proposta de Emenda LOM", "autoria": "Cabo Nunes ", "texto_original": "http://sapl.lagoadaprata.mg.leg.br/media/./sapl/public/materialegislativa/2018/5489/5489_texto_integral.pdf", "ementa": "ALTERA O CAPUT DO ARTIGO 22 DA LEI ORG\u00c2NICA DO MUNIC\u00cdPIO DE LAGOA DA PRATA."}, {"id": "5539", "ano": "2018", "numero": "5", "tipo__sigla": "P-LOM", "tipo__descricao": "Proposta de Emenda LOM", "autoria": "Professor Elias Izaias", "texto_original": "http://sapl.lagoadaprata.mg.leg.br/media/sapl/public/materialegislativa/2018/5539/proposta_de_emenda_a_lom_no_05-2018_elias_-_jr__ANqoh8H.pdf", "ementa": "ALTERA A LEI ORG\u00c2NICA DO MUNIC\u00cdPIO DE LAGOA DA PRATA"}, {"id": "5337", "ano": "2018", "numero": "1", "tipo__sigla": "REQ", "tipo__descricao": "Requerimento", "autoria": "Cabo Nunes ", "texto_original": "http://sapl.lagoadaprata.mg.leg.br/media/./sapl/public/materialegislativa/2018/5337/5337_texto_integral.pdf", "ementa": "QUE O\r\nPROJETO DE RESOLU\u00c7\u00c3O N\u00ba 01/2018, QUE &#8220;REVISA OS VALORES DOS\r\nVENCIMENTOS DOS SERVIDORES P\u00daBLICOS DA C\u00c2MARA MUNICIPAL DE\r\nLAGOA DA PRATA, NOS TERMOS DO INCISO X DO ARTIGO 37 DA CR/1988 E DA\r\nLEI MUNICIPAL N\u00ba 2.198/2014&#8221;, O VETO \u00c0 PROPOSI\u00c7\u00c3O DE LEI N\u00ba 143/2017, QUE\r\n&#8220;DISP\u00d5E SOBRE A VIDA \u00daTIL DOS VE\u00cdCULOS DA SECRETARIA MUNICIPAL DE\r\nSA\u00daDE UTILIZADOS PARA TRANSPORTE DE PACIENTES PARA TRATAMENTO\r\nFORA DE DOMIC\u00cdLIO DO MUNIC\u00cdPIO DE LAGOA DA PRATA&#8221;, E O PROJETO DE LEI\r\nEM N\u00ba 01/2018, QUE &#8220;ABRE CR\u00c9DITO SUPLEMENTAR AO OR\u00c7AMENTO VIGENTE\r\nDO MUNIC\u00cdPIO DE LAGOA DA PRATA E CONT\u00c9M OUTRAS PROVID\u00caNCIAS&#8221;,\r\nSEJAM DELIBERADOS EM DISCUSS\u00c3O E VOTA\u00c7\u00c3O \u00daNICAS NA PRESENTE REUNI\u00c3O.\r\nREQUER TAMB\u00c9M QUE O PROJETO DE LEI EM N\u00ba 02/2018, QUE &#8220;AUTORIZA\r\nO REMANEJAMENTO DE SALDO OR\u00c7AMENT\u00c1RIO EM DOTA\u00c7\u00d5ES DO\r\nEXERC\u00cdCIO DE 2018 DO MUNIC\u00cdPIO DE LAGOA DA PRATA E CONT\u00c9M OUTRAS\r\nPROVID\u00caNCIAS&#8221;, E O PROJETO DE LEI CM N\u00ba 02/2018, QUE &#8220;REVISA OS VALORES\r\nDOS SUBS\u00cdDIOS DOS AGENTES POL\u00cdTICOS DO MUNIC\u00cdPIO DE LAGOA DA\r\nPRATA&#8221;, SEJAM DELIBERADOS EM PRIMEIRA DISCUSS\u00c3O E VOTA\u00c7\u00c3O NA PRESENTE REUNI\u00c3O."}, {"id": "5338", "ano": "2018", "numero": "2", "tipo__sigla": "REQ", "tipo__descricao": "Requerimento", "autoria": "Cabo Nunes ", "texto_original": "http://sapl.lagoadaprata.mg.leg.br/media/./sapl/public/materialegislativa/2018/5338/5338_texto_integral.pdf", "ementa": "QUE A REUNI\u00c3O ORDIN\u00c1RIA DO DIA 12 DE FEVEREIRO\r\nSEJA ADIADA PARA O DIA 15 DE FEVEREIRO DE 2018, QUINTA-FEIRA."}, {"id": "5340", "ano": "2018", "numero": "3", "tipo__sigla": "REQ", "tipo__descricao": "Requerimento", "autoria": "Cabo Nunes ", "texto_original": "http://sapl.lagoadaprata.mg.leg.br/media/./sapl/public/materialegislativa/2018/5340/5340_texto_integral.pdf", "ementa": "REQUER A VOSSA EXCEL\u00caNCIA, CONSULTADO O PLEN\u00c1RIO, QUE A REUNI\u00c3O ORDIN\u00c1RIA DO DIA 12 DE FEVEREIRO SEJA ADIADA PARA O DIA 15 DE FEVEREIRO DE 2018, QUINTA-FEIRA."}, {"id": "5341", "ano": "2018", "numero": "4", "tipo__sigla": "REQ", "tipo__descricao": "Requerimento", "autoria": "Preto", "texto_original": "http://sapl.lagoadaprata.mg.leg.br/media/./sapl/public/materialegislativa/2018/5341/5341_texto_integral.pdf", "ementa": "REQUER A VOSSA EXCEL\u00caNCIA QUE SEJA ENVIADO OF\u00cdCIO AO CHEFE DO PODER\r\nEXECUTIVO MUNICIPAL ENCAMINHANDO O PRESENTE REQUERIMENTO, QUE SOLICITA AO\r\nSECRET\u00c1RIO DE ADMINISTRA\u00c7\u00c3O E GOVERNO E AO SECRET\u00c1RIO DE SA\u00daDE QUE INFORMEM A\r\nESTA CASA SE H\u00c1 POSSIBILIDADE DA ABERTURA DE UMA NOVA UNIDADE B\u00c1SICA DE SA\u00daDE\r\n(UBS) PARA ATENDER OS MORADORES DOS BAIRROS PARAD\u00cdSO E SANTA EUG\u00caNIA II."}, {"id": "5342", "ano": "2018", "numero": "5", "tipo__sigla": "REQ", "tipo__descricao": "Requerimento", "autoria": "Professor Elias Izaias", "texto_original": "http://sapl.lagoadaprata.mg.leg.br/media/./sapl/public/materialegislativa/2018/5342/5342_texto_integral.pdf", "ementa": "REQUER A VOSSA EXCEL\u00caNCIA QUE SEJA ENVIADO OF\u00cdCIO AO CHEFE DO PODER\r\nEXECUTIVO MUNICIPAL ENCAMINHANDO O PRESENTE REQUERIMENTO, QUE SOLICITA AO\r\nSECRET\u00c1RIO MUNICIPAL DE ADMINISTRA\u00c7\u00c3O E GOVERNO E AO SECRET\u00c1RIO DE TRANSPORTES E\r\nLIMPEZA P\u00daBLICA QUE INFORMEM A ESTA CASA SE H\u00c1 POSSIBILIDADE DA DEMARCA\u00c7\u00c3O DE\r\nVAGAS EXCLUSIVAS PARA ESTACIONAMENTO DE VE\u00cdCULOS DE IDOSOS E DEFICIENTES F\u00cdSICOS,\r\nNAS PRINCIPAIS VIAS DA CIDADE."}, {"id": "5343", "ano": "2018", "numero": "6", "tipo__sigla": "REQ", "tipo__descricao": "Requerimento", "autoria": "Josiane Protetora dos Animais", "texto_original": "http://sapl.lagoadaprata.mg.leg.br/media/", "ementa": "REQUER A VOSSA EXCEL\u00caNCIA QUE SEJA DETERMINADA A REALIZA\u00c7\u00c3O DE UMA AUDI\u00caNCIA\r\nP\u00daBLICA COM O SEGUINTE TEMA: &#8220;CESS\u00c3O GRATUITA DO CASTRAM\u00d3VEL&#8221;, A SE REALIZAR NESTE\r\nANO, EM DATA A SER AGENDADA."}, {"id": "5344", "ano": "2018", "numero": "7", "tipo__sigla": "REQ", "tipo__descricao": "Requerimento", "autoria": "Cabo Nunes ", "texto_original": "http://sapl.lagoadaprata.mg.leg.br/media/./sapl/public/materialegislativa/2018/5344/5344_texto_integral.pdf", "ementa": "REQUER QUE SEJAM DISPENSADAS AS EXIG\u00caNCIAS REGIMENTAIS PARA QUE O\r\nPROJETO DE LEI N\u00ba 14/2018, QUE &#8220;ABRE CR\u00c9DITO SUPLEMENTAR AO OR\u00c7AMENTO\r\nVIGENTE DO MUNIC\u00cdPIO DE LAGOA DA PRATA E CONT\u00c9M OUTRAS\r\nPROVID\u00caNCIAS&#8221;, SEJA DELIBERADO EM DISCUSS\u00c3O E VOTA\u00c7\u00c3O \u00daNICAS NA PRESENTE\r\nREUNI\u00c3O."}, {"id": "5345", "ano": "2018", "numero": "8", "tipo__sigla": "REQ", "tipo__descricao": "Requerimento", "autoria": "Joanes Bosco", "texto_original": "http://sapl.lagoadaprata.mg.leg.br/media/./sapl/public/materialegislativa/2018/5345/5345_texto_integral.pdf", "ementa": "REQUER QUE SEJAM DISPENSADAS AS EXIG\u00caNCIAS REGIMENTAIS PARA QUE O\r\nPROJETO DE LEI CM N\u00ba 01/2018 QUE &#8220;INSTITUI O PROGRAMA DE INCENTIVO AO\r\nSERVIDOR ESTUDANTE NA C\u00c2MARA MUNICIPAL DE LAGOA DA PRATA&#8221;, SEJA\r\nDELIBERADO EM SEGUNDA DISCUSS\u00c3O E VOTA\u00c7\u00c3O NA PRESENTE REUNI\u00c3O."}, {"id": "5346", "ano": "2018", "numero": "9", "tipo__sigla": "REQ", "tipo__descricao": "Requerimento", "autoria": "Josiane Protetora dos Animais, Preto, Professor Elias Izaias", "texto_original": "http://sapl.lagoadaprata.mg.leg.br/media/./sapl/public/materialegislativa/2018/5346/5346_texto_integral.pdf", "ementa": "REQUEREM A VOSSA EXCEL\u00caNCIA QUE SE ENVIE OF\u00cdCIO AO CHEFE DO PODER\r\nEXECUTIVO MUNICIPAL ENCAMINHANDO O PRESENTE REQUERIMENTO, QUE SOLICITA AO\r\nSECRET\u00c1RIO DE SA\u00daDE, GERALDO MANGELO DE ALMEIDA, QUE INFORME A ESTA CASA SE H\u00c1\r\nPOSSIBILIDADE DE SE ENVIAR AO LEGISLATIVO PROJETO DE LEI VISANDO A ABERTURA DE VAGAS\r\nPARA O CARGO P\u00daBLICO DE PSIC\u00d3LOGO E POSTERIOR NOMEA\u00c7\u00c3O, PARA QUE SEJA OFERTADO\r\nATENDIMENTO EM CADA UMA DAS UNIDADES DE SA\u00daDE, OU, ENQUANTO N\u00c3O SE ABRIR VAGAS\r\nE N\u00c3O REALIZAR CONCURSO, QUE ESTES PROFISSIONAIS POSSAM SER CONTRATADOS\r\nTEMPORARIAMENTE OU POR MEIO DE TERCEIRIZA\u00c7\u00c3O, A FIM DE QUE SE AUMENTE O\r\nATENDIMENTO AOS PACIENTES EM SEUS PR\u00d3PRIOS BAIRROS."}, {"id": "5347", "ano": "2018", "numero": "10", "tipo__sigla": "REQ", "tipo__descricao": "Requerimento", "autoria": "Adriano Moreira", "texto_original": "http://sapl.lagoadaprata.mg.leg.br/media/./sapl/public/materialegislativa/2018/5347/5347_texto_integral.pdf", "ementa": "REQUER QUE SEJA AGENDADA REUNI\u00c3O COM OS MEMBROS DA DIRETORIA DE CADA UMA DAS\r\nENTIDADES FILANTR\u00d3PICAS SITUADAS NO MUNIC\u00cdPIO, A INICIAR-SE COM O SERVI\u00c7O DE OBRAS\r\nSOCIAIS &#8211; SOS, E AINDA, QUE SEJA REALIZADA NA SEDE DAS MESMAS, COM TODOS OS\r\nVEREADORES OU COM AQUELES QUE SE INTERESSAREM."}, {"id": "5348", "ano": "2018", "numero": "11", "tipo__sigla": "REQ", "tipo__descricao": "Requerimento", "autoria": "Cabo Nunes ", "texto_original": "http://sapl.lagoadaprata.mg.leg.br/media/./sapl/public/materialegislativa/2018/5348/5348_texto_integral.pdf", "ementa": "REQUER A VOSSA EXCEL\u00caNCIA QUE SEJA ENVIADO OF\u00cdCIO AO CHEFE DO PODER\r\nEXECUTIVO MUNICIPAL ENCAMINHANDO O PRESENTE REQUERIMENTO, QUE SOLICITA AO\r\nSECRET\u00c1RIO DE CULTURA E TURISMO QUE INFORME A ESTA CASA SE H\u00c1 POSSIBILIDADE DE\r\nESTENDER O HOR\u00c1RIO DE T\u00c9RMINO DO CARNAVAL PARA A MEIA-NOITE, NA PRA\u00c7A DE EVENTOS\r\nDESTE MUNIC\u00cdPIO, A PARTIR DE 2019."}, {"id": "5349", "ano": "2018", "numero": "12", "tipo__sigla": "REQ", "tipo__descricao": "Requerimento", "autoria": "Professor Elias Izaias", "texto_original": "http://sapl.lagoadaprata.mg.leg.br/media/./sapl/public/materialegislativa/2018/5349/5349_texto_integral.pdf", "ementa": "REQUER A VOSSA EXCEL\u00caNCIA QUE SEJA ENVIADO OF\u00cdCIO AO CHEFE DO PODER\r\nEXECUTIVO MUNICIPAL ENCAMINHANDO O PRESENTE REQUERIMENTO, QUE SOLICITA AO\r\nSECRET\u00c1RIO MUNICIPAL DE ADMINISTRA\u00c7\u00c3O E GOVERNO, BEM COMO AO SECRET\u00c1RIO DE\r\nTRANSPORTES E LIMPEZA P\u00daBLICA, QUE INFORMEM A ESTA CASA SE H\u00c1 POSSIBILIDADE DE SE\r\nCOLOCAR PLACAS DE SINALIZA\u00c7\u00c3O NO CRUZAMENTO DA AV. FERN\u00c3O DIAS, COM AS RUAS\r\nALEXANDRE BERNARDES LOBATO E EN\u00c9IAS LOBATO, NO BAIRRO SANTA HELENA, INDICANDO\r\nQUE REFERIDAS VIAS FICAM &#8220;SEM SA\u00cdDA&#8221; NO SENTIDO \u00c0 RUA DA REDE FERROVI\u00c1RIA, NESTA\r\nCIDADE."}, {"id": "5350", "ano": "2018", "numero": "13", "tipo__sigla": "REQ", "tipo__descricao": "Requerimento", "autoria": "Cida Marcelino", "texto_original": "http://sapl.lagoadaprata.mg.leg.br/media/./sapl/public/materialegislativa/2018/5350/5350_texto_integral.pdf", "ementa": "REQUER A VOSSA EXCEL\u00caNCIA QUE SE ENVIE OF\u00cdCIO AO CHEFE DO PODER EXECUTIVO MUNICIPAL\r\nENCAMINHANDO O PRESENTE REQUERIMENTO, QUE SOLICITA AO SECRET\u00c1RIO DE SA\u00daDE E \u00c0 CHEFE\r\nDO SETOR DE PESSOAL, QUE INFORMEM A ESTA CASA SE H\u00c1 POSSIBILIDADE DE SE COLOCAR, O MAIS\r\nURGENTE POSS\u00cdVEL, UM NOVO REL\u00d3GIO DE PONTO DIGITAL DA UPA &#8211; UNIDADE DE PRONTO\r\nATENDIMENTO."}, {"id": "5351", "ano": "2018", "numero": "14", "tipo__sigla": "REQ", "tipo__descricao": "Requerimento", "autoria": "Quelli C\u00e1ssia Couto", "texto_original": "http://sapl.lagoadaprata.mg.leg.br/media/./sapl/public/materialegislativa/2018/5351/5351_texto_integral.pdf", "ementa": "REQUER A VOSSA EXCEL\u00caNCIA QUE SEJA ENVIADO OF\u00cdCIO \u00c0 PRESIDENTE DO COMIT\u00ca MUNICIPAL\r\nDE COMBATE \u00c0 DENGUE, SENHORA JANEANY CRISTINA ALMEIDA, SOLICITANDO\r\nQUE COMPARE\u00c7A A ESTA CASA, NO PRAZO REGIMENTAL, PARA DAR CI\u00caNCIA AOS VEREADORES E\r\n\u00c0 POPULA\u00c7\u00c3O EM GERAL SOBRE O PLANEJAMENTO DE COMBATE AOS FOCOS DE MOSQUITOS\r\nTRANSMISSORES DA DENGUE E OUTRAS ENFERMIDADES, ASSIM COMO DA ATUA\u00c7\u00c3O DE EQUIPE\r\nDOS AGENTES DE EPIDEMIOLOGIA, DIANTE DA EXPANS\u00c3O HORIZONTAL DA MALHA URBANA E DOS\r\nLOTES VAGOS, QUE INVARIAVELMENTE ACUMULAM MATO, LIXO E ENTULHO EM TODOS OS BAIRROS\r\nDA CIDADE."}, {"id": "5352", "ano": "2018", "numero": "15", "tipo__sigla": "REQ", "tipo__descricao": "Requerimento", "autoria": "Lalinho Duzinho", "texto_original": "http://sapl.lagoadaprata.mg.leg.br/media/./sapl/public/materialegislativa/2018/5352/5352_texto_integral.pdf", "ementa": "REQUER QUE SEJAM DISPENSADAS AS EXIG\u00caNCIAS REGIMENTAIS PARA QUE OS\r\nPROJETOS DE LEI EM N\u00ba 09 E 17/2018, QUE ABREM CR\u00c9DITO SUPLEMENTAR AO\r\nOR\u00c7AMENTO VIGENTE DO MUNIC\u00cdPIO DE LAGOA DA PRATA E CONT\u00caM\r\nOUTRAS PROVID\u00caNCIAS, E OS PROJETOS DE LEI EM N\u00ba 11, 12, 13, 18/2018, QUE ABREM CR\u00c9DITO ESPECIAL AO OR\u00c7AMENTO VIGENTE DO MUNIC\u00cdPIO DE\r\nLAGOA DA PRATA E CONT\u00caM OUTRAS PROVID\u00caNCIAS, SEJAM DELIBERADOS EM\r\nDISCUSS\u00c3O E VOTA\u00c7\u00c3O \u00daNICAS NA PRESENTE REUNI\u00c3O."}, {"id": "5353", "ano": "2018", "numero": "16", "tipo__sigla": "REQ", "tipo__descricao": "Requerimento", "autoria": "Preto, Cabo Nunes ", "texto_original": "http://sapl.lagoadaprata.mg.leg.br/media/./sapl/public/materialegislativa/2018/5353/5353_texto_integral.pdf", "ementa": "REQUER A VOSSA EXCEL\u00caNCIA QUE SEJA ENVIADO OF\u00cdCIO AO CHEFE DO PODER\r\nEXECUTIVO MUNICIPAL ENCAMINHANDO O PRESENTE REQUERIMENTO, QUE SOLICITA AO\r\nSECRET\u00c1RIO DE ADMINISTRA\u00c7\u00c3O E GOVERNO QUE INFORME A ESTA CASA SE H\u00c1 POSSIBILIDADE\r\nDE SE VENDER O PR\u00c9DIO DA PREFEITURA, NOS TERMOS DA LEI DE LICITA\u00c7\u00d5ES, VISANDO \u00c0\r\nCONSTRU\u00c7\u00c3O DA NOVA SEDE."}, {"id": "5354", "ano": "2018", "numero": "17", "tipo__sigla": "REQ", "tipo__descricao": "Requerimento", "autoria": "Cida Marcelino", "texto_original": "http://sapl.lagoadaprata.mg.leg.br/media/./sapl/public/materialegislativa/2018/5354/5354_texto_integral.pdf", "ementa": "REQUER A VOSSA EXCEL\u00caNCIA QUE SE ENVIE OF\u00cdCIO AO CHEFE DO PODER EXECUTIVO MUNICIPAL\r\nENCAMINHANDO O PRESENTE REQUERIMENTO, QUE SOLICITA AO SECRET\u00c1RIO DE CULTURA E TURISMO\r\nQUE INFORME A ESTA CASA SE H\u00c1 POSSIBILIDADE DE SE REDUZIR OS VALORES COBRADOS DOS\r\nPARTICULARES QUE EXPLORAM BARRACAS E TENDAS DURANTE AS FESTIVIDADES DO CARNAVAL NO\r\nMUNIC\u00cdPIO."}, {"id": "5355", "ano": "2018", "numero": "18", "tipo__sigla": "REQ", "tipo__descricao": "Requerimento", "autoria": "Cabo Nunes ", "texto_original": "http://sapl.lagoadaprata.mg.leg.br/media/./sapl/public/materialegislativa/2018/5355/5355_texto_integral.pdf", "ementa": "REQUER QUE SEJAM DISPENSADAS AS EXIG\u00caNCIAS REGIMENTAIS PARA QUE O\r\nPROJETO DE LEI CM N\u00ba 03/2018, QUE &#8220;AUTORIZA O PODER LEGISLATIVO\r\nMUNICIPAL A ADOTAR O DI\u00c1RIO OFICIAL DOS MUNIC\u00cdPIOS DO ESTADO DE\r\nMINAS GERAIS, INSTITU\u00cdDO E ADMINISTRADO PELA ASSOCIA\u00c7\u00c3O MINEIRA\r\nDE MUNIC\u00cdPIOS &#8211; AMM, COMO MEIO OFICIAL DE COMUNICA\u00c7\u00c3O DOS ATOS\r\nNORMATIVOS E ADMINISTRATIVOS DA C\u00c2MARA MUNICIPAL DE LAGOA DA\r\nPRATA&#8221;, SEJA DELIBERADO EM SEGUNDA DISCUSS\u00c3O E VOTA\u00c7\u00c3O NA PRESENTE REUNI\u00c3O."}, {"id": "5356", "ano": "2018", "numero": "19", "tipo__sigla": "REQ", "tipo__descricao": "Requerimento", "autoria": "Preto", "texto_original": "http://sapl.lagoadaprata.mg.leg.br/media/./sapl/public/materialegislativa/2018/5356/5356_texto_integral.pdf", "ementa": "REQUER A VOSSA EXCEL\u00caNCIA QUE SEJA ENVIADO OF\u00cdCIO AOS GERENTES DE\r\nINSTITUI\u00c7\u00d5ES FINANCEIRAS SITUADAS EM NOSSO MUNIC\u00cdPIO ENCAMINHANDO O PRESENTE\r\nREQUERIMENTO, QUE QUESTIONA SE H\u00c1 PREVIS\u00c3O PARA O RETORNO DA DISPONIBILIDADE DOS\r\nTERMINAIS DE AUTOATENDIMENTO AOS USU\u00c1RIOS E/OU CORRENTISTAS DAS AG\u00caNCIAS, NOS\r\nMESMOS HOR\u00c1RIOS ANTERIORES, PRINCIPALMENTE NOS FINAIS DE SEMANA E FERIADOS."}, {"id": "5357", "ano": "2018", "numero": "20", "tipo__sigla": "REQ", "tipo__descricao": "Requerimento", "autoria": "Professor Elias Izaias", "texto_original": "http://sapl.lagoadaprata.mg.leg.br/media/./sapl/public/materialegislativa/2018/5357/5357_texto_integral.pdf", "ementa": "REQUER A VOSSA EXCEL\u00caNCIA QUE SEJA ENVIADO OF\u00cdCIO AO CHEFE DO PODER\r\nEXECUTIVO MUNICIPAL ENCAMINHANDO O PRESENTE REQUERIMENTO, QUE SOLICITA AOS\r\nSECRET\u00c1RIOS DE MEIO AMBIENTE E DE TRANSPORTES E LIMPEZA P\u00daBLICA QUE INFORMEM A\r\nESTA CASA SE H\u00c1 POSSIBILIDADE DE SE REALIZAR CAPINA, LIMPEZA E POSTERIOR\r\nRECOLHIMENTO DE LIXO E ENTULHOS DENTRO DO CEMIT\u00c9RIO DA SAUDADE, NO CENTRO DESTA\r\nCIDADE."}, {"id": "5358", "ano": "2018", "numero": "21", "tipo__sigla": "REQ", "tipo__descricao": "Requerimento", "autoria": "Cida Marcelino", "texto_original": "http://sapl.lagoadaprata.mg.leg.br/media/./sapl/public/materialegislativa/2018/5358/5358_texto_integral.pdf", "ementa": "REQUER A VOSSA EXCEL\u00caNCIA QUE SE ENVIE OF\u00cdCIO AO CHEFE DO PODER EXECUTIVO MUNICIPAL\r\nENCAMINHANDO O PRESENTE REQUERIMENTO, QUE SOLICITA AO SECRET\u00c1RIO DE ADMINISTRA\u00c7\u00c3O E\r\nGOVERNO, ANT\u00d4NIO JUAREZ DE CASTRO, QUE INFORME A ESTA CASA A DATA PREVISTA PARA\r\nCOME\u00c7AR A CONSTRU\u00c7\u00c3O DO GALP\u00c3O SITUADO NA RUA DR. CARLOS BERNARDES DE CASTRO, BAIRRO\r\nAM\u00c9RICO SILVA, NESTA CIDADE, DA EMPRESA MG LOCA\u00c7\u00c3O E TRANSPORTES LTDA., INSCRITA NO\r\nCNPJ SOB O N\u00ba 19.535.161/0001-08, CONFORME PREVISTO NA LEI MUNICIPAL N\u00ba 3.041/2017."}, {"id": "5359", "ano": "2018", "numero": "22", "tipo__sigla": "REQ", "tipo__descricao": "Requerimento", "autoria": "Adriano Moreira", "texto_original": "http://sapl.lagoadaprata.mg.leg.br/media/./sapl/public/materialegislativa/2018/5359/5359_texto_integral.pdf", "ementa": "REQUER A VOSSA EXCEL\u00caNCIA QUE SEJA ENVIADO OF\u00cdCIO AO CHEFE DO PODER EXECUTIVO\r\nMUNICIPAL ENCAMINHANDO O PRESENTE REQUERIMENTO, QUE SOLICITA \u00c0 SECRET\u00c1RIA DE\r\nOBRAS E URBANISMO, SRA. ANITA DE BESSAS ADONIN, QUE INFORME A ESTA CASA SE H\u00c1\r\nPOSSIBILIDADE DE SE REFORMAR AS PONTES DAS ESTRADAS VICINAIS QUE D\u00c3O ACESSO AO\r\nDISTRITO DE MARTINS GUIMAR\u00c3ES E A DENOMINADA &#8220;PONTE DO VANDO&#8221;, QUE LIGA REFERIDO\r\nDISTRITO \u00c0 COMUNIDADE DOS MIRANDAS."}, {"id": "5360", "ano": "2018", "numero": "23", "tipo__sigla": "REQ", "tipo__descricao": "Requerimento", "autoria": "Lalinho Duzinho", "texto_original": "http://sapl.lagoadaprata.mg.leg.br/media/./sapl/public/materialegislativa/2018/5360/5360_texto_integral.pdf", "ementa": "REQUER A VOSSA EXCEL\u00caNCIA, CONSULTADO O PLEN\u00c1RIO, QUE A REUNI\u00c3O ORDIN\u00c1RIA DO DIA 12 DE MAR\u00c7O DO\r\nCORRENTE ANO SEJA ANTECIPADA PARA O DIA 08 DE MAR\u00c7O DE 2018, QUINTA-FEIRA."}, {"id": "5361", "ano": "2018", "numero": "24", "tipo__sigla": "REQ", "tipo__descricao": "Requerimento", "autoria": "Lalinho Duzinho", "texto_original": "http://sapl.lagoadaprata.mg.leg.br/media/./sapl/public/materialegislativa/2018/5361/5361_texto_integral.pdf", "ementa": "REQUER QUE SEJAM DISPENSADAS AS EXIG\u00caNCIAS REGIMENTAIS PARA QUE O\r\nPROJETO DE LEI COMPLEMENTAR EM N\u00ba 23/2017, QUE &#8220;ALTERA A LEI COMPLEMENTAR\r\nN\u00ba 176, DE 03 DE JANEIRO DE 2017&#8221;, SEJA DELIBERADO EM SEGUNDA DISCUSS\u00c3O E\r\nVOTA\u00c7\u00c3O NA PRESENTE REUNI\u00c3O."}, {"id": "5362", "ano": "2018", "numero": "25", "tipo__sigla": "REQ", "tipo__descricao": "Requerimento", "autoria": "Cabo Nunes ", "texto_original": "http://sapl.lagoadaprata.mg.leg.br/media/./sapl/public/materialegislativa/2018/5362/5362_texto_integral.pdf", "ementa": "REQUER A VOSSA EXCEL\u00caNCIA QUE A REUNI\u00c3O ORDIN\u00c1RIA DO DIA 09 DE ABRIL DE\r\n2018 SEJA ADIADA PARA O DIA 12 DE ABRIL DE 2018, QUINTA-FEIRA."}, {"id": "5363", "ano": "2018", "numero": "26", "tipo__sigla": "REQ", "tipo__descricao": "Requerimento", "autoria": "Quelli C\u00e1ssia Couto", "texto_original": "http://sapl.lagoadaprata.mg.leg.br/media/", "ementa": "REQUER A VOSSA EXCEL\u00caNCIA, CONSULTADO O PLEN\u00c1RIO, AUTORIZA\u00c7\u00c3O PARA A CONCESS\u00c3O DE ADIANTAMENTO DE\r\nVIAGEM AOS VEREADORES QUE MANIFESTAREM INTERESSE, PARA A CIDADE DE S\u00c3O ROQUE DE\r\nMINAS, PARA MELHOR CONHECERMOS O PROJETO &#8220;A EDUCA\u00c7\u00c3O \u00c9 A BASE DA SEGURAN\u00c7A.&#8221;"}, {"id": "5364", "ano": "2018", "numero": "27", "tipo__sigla": "REQ", "tipo__descricao": "Requerimento", "autoria": "Cida Marcelino", "texto_original": "http://sapl.lagoadaprata.mg.leg.br/media/./sapl/public/materialegislativa/2018/5364/5364_texto_integral.pdf", "ementa": "REQUER A VOSSA EXCEL\u00caNCIA QUE SE ENVIE OF\u00cdCIO AO CHEFE DO PODER EXECUTIVO MUNICIPAL\r\nENCAMINHANDO O PRESENTE REQUERIMENTO, QUE SOLICITA AO SECRET\u00c1RIO DE ADMINISTRA\u00c7\u00c3O E GOVERNO, ANT\u00d4NIO JUAREZ DE CASTRO, QUE INFORME A ESTA CASA SE H\u00c1 POSSIBILIDADE DE SE DAR NOVA DESTINA\u00c7\u00c3O \u00c0 \u00c1REA ATUALMENTE OCUPADA PELO CAMPO DO BAIANO, NO BAIRRO CHICO MIRANDA, QUAL SEJA, O PARCELAMENTO DO TERRENO EM LOTES PARA CONSTRU\u00c7\u00c3O DE APROXIMADAMENTE 20 (VINTE) CASAS POPULARES EM BENEFICIO DE PESSOAS CARENTES, FAZENDO \u00c9 CLARO, O DEVIDO APROVEITAMENTO DA INFRAESTRUTURA L\u00c1 EXISTENTE, EM ESPECIAL A DA\r\nILUMINA\u00c7\u00c3O DO CAMPO."}, {"id": "5365", "ano": "2018", "numero": "28", "tipo__sigla": "REQ", "tipo__descricao": "Requerimento", "autoria": "Preto, Cabo Nunes ", "texto_original": "http://sapl.lagoadaprata.mg.leg.br/media/./sapl/public/materialegislativa/2018/5365/5365_texto_integral.pdf", "ementa": "RQUEREM A VOSSA EXCEL\u00caNCIA QUE SEJA ENVIADO OF\u00cdCIO AO CHEFE DO PODER\r\nEXECUTIVO MUNICIPAL ENCAMINHANDO O PRESENTE REQUERIMENTO, QUE SOLICITA \u00c0 SECRET\u00c1RIA DE EDUCA\u00c7\u00c3O QUE INFORME A ESTA CASA SE A MESMA EST\u00c1 BUSCANDO\r\nALTERNATIVAS PARA O REPASSE DE RECURSOS PARA O AUX\u00cdLIO-TRANSPORTE AOS ESTUDANTES UNIVERSIT\u00c1RIOS DE LAGOA DA PRATA, DENTRE ELAS O REPASSE DIRETAMENTE PARA OS ALUNOS, CONFORME J\u00c1 VEM SENDO REALIZADO POR OUTROS MUNIC\u00cdPIOS."}, {"id": "5366", "ano": "2018", "numero": "29", "tipo__sigla": "REQ", "tipo__descricao": "Requerimento", "autoria": "Preto", "texto_original": "http://sapl.lagoadaprata.mg.leg.br/media/./sapl/public/materialegislativa/2018/5366/5366_texto_integral.pdf", "ementa": "REQUER A VOSSA EXCEL\u00caNCIA QUE SEJA ENVIADO OF\u00cdCIO AO CHEFE DO PODER\r\nEXECUTIVO MUNICIPAL ENCAMINHANDO O PRESENTE REQUERIMENTO, QUE SOLICITA AOS\r\nSECRET\u00c1RIOS DE ADMINISTRA\u00c7\u00c3O E GOVERNO E DE DESENVOLVIMENTO ECON\u00d4MICO QUE\r\nINFORMEM A ESTA CASA SE J\u00c1 TOMARAM OU PRETENDEM TOMAR PROVID\u00caNCIAS A RESPEITO DA\r\nUTILIZA\u00c7\u00c3O DO TANQUE DE RESFRIAMENTO DE LEITE QUE SE ENCONTRA NO P\u00c1TIO DA GARAGEM\r\nMUNICIPAL."}, {"id": "5367", "ano": "2018", "numero": "30", "tipo__sigla": "REQ", "tipo__descricao": "Requerimento", "autoria": "Quelli C\u00e1ssia Couto", "texto_original": "http://sapl.lagoadaprata.mg.leg.br/media/./sapl/public/materialegislativa/2018/5367/5367_texto_integral.pdf", "ementa": "REQUER A VOSSA EXCEL\u00caNCIA,\r\nCONSULTADO O PLEN\u00c1RIO, SEJA ENVIADO OF\u00cdCIO AO CHEFE DO PODER EXECUTIVO MUNICIPAL\r\nENCAMINHANDO O PRESENTE REQUERIMENTO, QUE SOLICITA AO SECRET\u00c1RIO DE TRANSPORTES E\r\nLIMPEZA P\u00daBLICA, QUE INFORME A ESTA CASA SE H\u00c1 POSSIBILIDADE DE SE REALIZAR UMA\r\nLIMPEZA NAS VIAS P\u00daBLICAS DO DISTRITO DE MARTINS GUIMAR\u00c3ES, NESTE MUNIC\u00cdPIO, PELO\r\nMENOS DE 15 EM 15 DIAS SE N\u00c3O FOR POSS\u00cdVEL TODA SEMANA, BEM COMO A LIMPEZA E\r\nMANUTEN\u00c7\u00c3O DI\u00c1RIA DA PRA\u00c7A P\u00daBLICA SITUADA NO REFERIDO DISTRITO."}, {"id": "5368", "ano": "2018", "numero": "31", "tipo__sigla": "REQ", "tipo__descricao": "Requerimento", "autoria": "Professor Elias Izaias", "texto_original": "http://sapl.lagoadaprata.mg.leg.br/media/./sapl/public/materialegislativa/2018/5368/5368_texto_integral.pdf", "ementa": "REQUER A VOSSA EXCEL\u00caNCIA QUE SEJA ENVIADO OF\u00cdCIO AO CHEFE DO PODER\r\nEXECUTIVO MUNICIPAL ENCAMINHANDO O PRESENTE REQUERIMENTO, QUE SOLICITA AO\r\nSECRET\u00c1RIO DE MEIO AMBIENTE QUE INFORME A ESTA CASA O MOTIVO PELO QUAL OCORREM\r\nFREQUENTES QUEDAS DE ENERGIA EL\u00c9TRICA NO CEMIT\u00c9RIO CAMPO DA PAZ, LOCALIZADO NO\r\nBAIRRO GOMES, NESTA CIDADE, E AINDA, JUSTIFIQUE A AUS\u00caNCIA DE ILUMINA\u00c7\u00c3O NA \u00c1REA\r\nINTERNA E EXTERNA DO REFERIDO LOCAL."}, {"id": "5369", "ano": "2018", "numero": "32", "tipo__sigla": "REQ", "tipo__descricao": "Requerimento", "autoria": "Cabo Nunes ", "texto_original": "http://sapl.lagoadaprata.mg.leg.br/media/./sapl/public/materialegislativa/2018/5369/5369_texto_integral.pdf", "ementa": "REQUER A VOSSA EXCEL\u00caNCIA QUE SEJA ENVIADO OF\u00cdCIO AO CHEFE DO PODER\r\nEXECUTIVO MUNICIPAL ENCAMINHANDO O PRESENTE REQUERIMENTO, QUE SOLICITA AO\r\nSECRET\u00c1RIO DE ADMINISTRA\u00c7\u00c3O E GOVERNO QUE INFORME A ESTA CASA SE H\u00c1 POSSIBILIDADE\r\nDA CRIA\u00c7\u00c3O DE UMA SECRETARIA MUNICIPAL DE SEGURAN\u00c7A P\u00daBLICA."}, {"id": "5370", "ano": "2018", "numero": "33", "tipo__sigla": "REQ", "tipo__descricao": "Requerimento", "autoria": "Cida Marcelino", "texto_original": "http://sapl.lagoadaprata.mg.leg.br/media/./sapl/public/materialegislativa/2018/5370/5370_texto_integral.pdf", "ementa": "REQUER A VOSSA EXCEL\u00caNCIA QUE SEJA ENVIADO OF\u00cdCIO AO CHEFE DO PODER\r\nEXECUTIVO MUNICIPAL ENCAMINHANDO O PRESENTE REQUERIMENTO, QUE SOLICITA AO\r\nSECRET\u00c1RIO DE ADMINISTRA\u00c7\u00c3O E GOVERNO, SR. ANT\u00d4NIO JUAREZ DE CASTRO, QUE INFORME A\r\nESTA CASA SE H\u00c1 POSSIBILIDADE DE SE AMPLIAR A REDE DE ILUMINA\u00c7\u00c3O P\u00daBLICA, COLOCANDO\r\nDOIS POSTES DE ENERGIA EL\u00c9TRICA, COM AS RESPECTIVAS LUMIN\u00c1RIAS E L\u00c2MPADAS, PR\u00d3XIMO\r\nAO N\u00ba 83 DA RUA TEODOLINO FERREIRA DE MOURA, NO BAIRRO AM\u00c9RICO SILVA, NESTA CIDADE."}, {"id": "5371", "ano": "2018", "numero": "34", "tipo__sigla": "REQ", "tipo__descricao": "Requerimento", "autoria": "Lalinho Duzinho", "texto_original": "http://sapl.lagoadaprata.mg.leg.br/media/./sapl/public/materialegislativa/2018/5371/5371_texto_integral.pdf", "ementa": "REQUER QUE SEJAM DISPENSADAS AS EXIG\u00caNCIAS REGIMENTAIS PARA QUE O\r\nPROJETO DE LEI EM N\u00ba 25/2018, QUE &#8220;ABRE CR\u00c9DITO ESPECIAL AO OR\u00c7AMENTO\r\nVIGENTE DO MUNIC\u00cdPIO DE LAGOA DA PRATA E CONT\u00c9M OUTRAS\r\nPROVID\u00caNCIAS&#8221;, SEJA DELIBERADO EM DISCUSS\u00c3O E VOTA\u00c7\u00c3O \u00daNICAS NA PRESENTE\r\nREUNI\u00c3O."}, {"id": "5372", "ano": "2018", "numero": "35", "tipo__sigla": "REQ", "tipo__descricao": "Requerimento", "autoria": "Cida Marcelino", "texto_original": "http://sapl.lagoadaprata.mg.leg.br/media/./sapl/public/materialegislativa/2018/5372/5372_texto_integral.pdf", "ementa": "SOLICITA AO SECRET\u00c1RIO DE ADMINISTRA\u00c7\u00c3O E\r\nGOVERNO, ANT\u00d4NIO JUAREZ DE CASTRO, QUE INFORME A ESTA CASA SE H\u00c1 POSSIBILIDADE DE\r\nIMPLEMENTAR NOVAMENTE A JORNADA DE TRABALHO DE 6 (SEIS) HORAS DI\u00c1RIAS PARA OS\r\nSERVIDORES P\u00daBLICOS DO MUNIC\u00cdPIO DE LAGOA DA PRATA."}, {"id": "5373", "ano": "2018", "numero": "36", "tipo__sigla": "REQ", "tipo__descricao": "Requerimento", "autoria": "Cida Marcelino, Adriano Moreira, Cabo Nunes , Joanes Bosco", "texto_original": "http://sapl.lagoadaprata.mg.leg.br/media/./sapl/public/materialegislativa/2018/5373/5373_texto_integral.pdf", "ementa": "REQUEREM A VOSSA EXCEL\u00caNCIA QUE SEJA ENVIADO OF\u00cdCIO AO CHEFE DO PODER\r\nEXECUTIVO MUNICIPAL ENCAMINHANDO O PRESENTE REQUERIMENTO, QUE SOLICITA \u00c0\r\nSECRET\u00c1RIA MUNICIPAL DE OBRAS E URBANISMO, BEM COMO AO SECRET\u00c1RIO DE\r\nADMINISTRA\u00c7\u00c3O E GOVERNO, QUE INFORMEM A ESTA CASA SE H\u00c1 POSSIBILIDADE DE SE\r\nASFALTAR, URGENTEMENTE, A ESTRADA DE TERRA QUE D\u00c1 ACESSO AO DISTRITO DE MARTINS\r\nGUIMAR\u00c3ES (QUE LIGA A MG-429 AO REFERIDO DISTRITO), NESTE MUNIC\u00cdPIO."}, {"id": "5374", "ano": "2018", "numero": "37", "tipo__sigla": "REQ", "tipo__descricao": "Requerimento", "autoria": "Quelli C\u00e1ssia Couto", "texto_original": "http://sapl.lagoadaprata.mg.leg.br/media/./sapl/public/materialegislativa/2018/5374/5374_texto_integral.pdf", "ementa": "REQUER A VOSSA EXCEL\u00caNCIA QUE SEJA ENVIADO OF\u00cdCIO AO CHEFE DO PODER\r\nEXECUTIVO MUNICIPAL ENCAMINHANDO O PRESENTE REQUERIMENTO, QUE SOLICITA \u00c0\r\nSECRETARIA MUNICIPAL DE EDUCA\u00c7\u00c3O, SRA. PAULENE M\u00c1RCIA ANDRADE E SILVA, QUE\r\nINFORME A ESTA CASA SE EXISTE NO PLANEJAMENTO DID\u00c1TICO-PEDAG\u00d3GICO DA REFERIDA\r\nSECRETARIA ESTUDO ACERCA DA POSSIBILIDADE DE SE DESMEMBRAR TURMAS DO ENSINO\r\nFUNDAMENTAL I DAS ESCOLAS MUNICIPAIS, QUE SE ENCONTRAM COM N\u00daMERO ELEVADO DE\r\nCRIAN\u00c7AS EM SALA DE AULA."}, {"id": "5375", "ano": "2018", "numero": "38", "tipo__sigla": "REQ", "tipo__descricao": "Requerimento", "autoria": "", "texto_original": "http://sapl.lagoadaprata.mg.leg.br/media/", "ementa": "REQUER QUE SEJAM DISPENSADAS AS EXIG\u00caNCIAS REGIMENTAIS PARA QUE O\r\nPROJETO DE LEI CM N\u00ba 13/2017, QUE &#8220;ALTERA A LEI MUNICIPAL N\u00ba 1646/2008, QUE\r\nPRO\u00cdBE O LAN\u00c7AMENTO DE AGROT\u00d3XICO E CONG\u00caNERE, POR VIA A\u00c9REA,\r\nNAS LAVOURAS CULTIVADAS EM IM\u00d3VEIS SITUADOS NA \u00c1REA TERRITORIAL\r\nDO MUNIC\u00cdPIO DE LAGOA DA PRATA&#8221;, SEJA DELIBERADO EM SEGUNDA DISCUSS\u00c3O E\r\nVOTA\u00c7\u00c3O NA PRESENTE REUNI\u00c3O."}, {"id": "5376", "ano": "2018", "numero": "39", "tipo__sigla": "REQ", "tipo__descricao": "Requerimento", "autoria": "Quelli C\u00e1ssia Couto", "texto_original": "http://sapl.lagoadaprata.mg.leg.br/media/./sapl/public/materialegislativa/2018/5376/5376_texto_integral.pdf", "ementa": "REQUER A VOSSA EXCEL\u00caNCIA,\r\nCONSULTADO O PLEN\u00c1RIO, SEJA ENVIADO OF\u00cdCIO AO CHEFE DO PODER EXECUTIVO, ENCAMINHANDO O\r\nPRESENTE REQUERIMENTO AO SECRET\u00c1RIO MUNICIPAL DE SA\u00daDE, GERALDO MANGELO DE ALMEIDA,\r\nSOLICITANDO AO MESMO QUE INFORME A ESTA CASA SE H\u00c1 POSSIBILIDADE DE SE REALIZAR COM\r\nURG\u00caNCIA PROCESSO SELETIVO SIMPLIFICADO, AT\u00c9 A REALIZA\u00c7\u00c3O DO CONCURSO P\u00daBLICO, PARA A\r\nCONTRATA\u00c7\u00c3O TEMPOR\u00c1RIA DE AGENTES DE EPIDEMIOLOGIA, PARA SUPRIR A NECESSIDADE URGENTE\r\nDE COMBATE AOS FOCOS DO MOSQUITO DA DENGUE EM NOSSA CIDADE."}, {"id": "5377", "ano": "2018", "numero": "40", "tipo__sigla": "REQ", "tipo__descricao": "Requerimento", "autoria": "Cabo Nunes ", "texto_original": "http://sapl.lagoadaprata.mg.leg.br/media/./sapl/public/materialegislativa/2018/5377/5377_texto_integral.pdf", "ementa": "REQUER QUE SEJAM DISPENSADAS AS EXIG\u00caNCIAS REGIMENTAIS PARA QUE O\r\nPROJETO DE RESOLU\u00c7\u00c3O N\u00ba 03/2018, QUE &#8220;DISP\u00d5E SOBRE O NOVO MANUAL DE\r\nNORMAS E PROCEDIMENTOS DO CONTROLE INTERNO DA C\u00c2MARA\r\nMUNICIPAL DE LAGOA DA PRATA&#8221;; OS PROJETOS DE LEI EM N\u00ba 35 E 39/2018, QUE\r\nABREM CR\u00c9DITO SUPLEMENTAR AO OR\u00c7AMENTO VIGENTE DO MUNIC\u00cdPIO\r\nDE LAGOA DA PRATA E CONT\u00caM OUTRAS PROVID\u00caNCIAS; E O VETO APOSTO \u00c0\r\nPROPOSI\u00c7\u00c3O DE LEI COMPLEMENTAR 21/2017; SEJAM DELIBERADOS EM DISCUSS\u00c3O E\r\nVOTA\u00c7\u00c3O \u00daNICAS NA PRESENTE REUNI\u00c3O.\r\nREQUER TAMB\u00c9M QUE A PROPOSTA DE EMENDA \u00c0 LEI ORG\u00c2NICA MUNICIPAL\r\nN\u00ba 01/2018, QUE &#8220;ACRESCENTA DISPOSITIVO \u00c0 LEI ORG\u00c2NICA DO MUNIC\u00cdPIO\r\nDE LAGOA DA PRATA&#8221;, SEJA DELIBERADA EM PRIMEIRA DISCUSS\u00c3O E VOTA\u00c7\u00c3O NESTA\r\nREUNI\u00c3O."}, {"id": "5378", "ano": "2018", "numero": "41", "tipo__sigla": "REQ", "tipo__descricao": "Requerimento", "autoria": "Cida Marcelino", "texto_original": "http://sapl.lagoadaprata.mg.leg.br/media/./sapl/public/materialegislativa/2018/5378/5378_texto_integral.pdf", "ementa": "REQUER A VOSSA EXCEL\u00caNCIA,\r\nCONSULTADO O PLEN\u00c1RIO, SEJA ENVIADO OF\u00cdCIO AO CHEFE DO PODER EXECUTIVO MUNICIPAL,\r\nENCAMINHANDO O PRESENTE REQUERIMENTO, QUE SOLICITA AO SECRET\u00c1RIO MUNICIPAL DE\r\nSA\u00daDE QUE INFORME A ESTA CASA SE H\u00c1 POR PARTE DA ADMINISTRA\u00c7\u00c3O MUNICIPAL A\r\nINTEN\u00c7\u00c3O DE CONCRETIZAR A APLICA\u00c7\u00c3O SISTEM\u00c1TICA DO &#8220;FUMAC\u00ca&#8221; EM NOSSO MUNIC\u00cdPIO."}, {"id": "5379", "ano": "2018", "numero": "42", "tipo__sigla": "REQ", "tipo__descricao": "Requerimento", "autoria": "Preto", "texto_original": "http://sapl.lagoadaprata.mg.leg.br/media/./sapl/public/materialegislativa/2018/5379/5379_texto_integral.pdf", "ementa": "REQUER A VOSSA EXCEL\u00caNCIA QUE SE ENVIE OF\u00cdCIO AO CHEFE DO PODER\r\nEXECUTIVO MUNICIPAL ENCAMINHANDO O PRESENTE REQUERIMENTO, QUE SOLICITA AO\r\nSECRET\u00c1RIO DE ADMINISTRA\u00c7\u00c3O E GOVERNO, ANT\u00d4NIO JUAREZ DE CASTRO, QUE INFORME A\r\nESTA CASA SE H\u00c1 POSSIBILIDADE DA CONTRATA\u00c7\u00c3O TEMPOR\u00c1RIA, VIA PROCESSO SELETIVO, DE\r\nFISCAIS PARA ATUAREM EM &#8220;FOR\u00c7A TAREFA&#8221; PARA FISCALIZAR A LIMPEZA DE LOTES VAGOS,\r\nNOTIFICANDO SEUS PROPRIET\u00c1RIOS, USU\u00c1RIOS OU POSSUIDORES, DA SITUA\u00c7\u00c3O DE SEUS IM\u00d3VEIS\r\nPARA QUE OBEDE\u00c7AM \u00c0 LEGISLA\u00c7\u00c3O MUNICIPAL VIGENTE."}, {"id": "5380", "ano": "2018", "numero": "43", "tipo__sigla": "REQ", "tipo__descricao": "Requerimento", "autoria": "Professor Elias Izaias", "texto_original": "http://sapl.lagoadaprata.mg.leg.br/media/./sapl/public/materialegislativa/2018/5380/5380_texto_integral.pdf", "ementa": "REQUER A VOSSA EXCEL\u00caNCIA QUE SEJA ENVIADO OF\u00cdCIO AO CHEFE DO PODER\r\nEXECUTIVO MUNICIPAL ENCAMINHANDO O PRESENTE REQUERIMENTO, QUE SOLICITA \u00c0\r\nSECRETARIA DE EDUCA\u00c7\u00c3O, SRA. PAULENE M\u00c1RCIA ANDRADE E SILVA, QUE INFORME A ESTA\r\nCASA SE H\u00c1 POSSIBILIDADE DO RETORNO DO SISTEMA DE ENSINO EJA &#8211; EDUCA\u00c7\u00c3O DE\r\nJOVENS E ADULTOS &#8211; ENSINO FUNDAMENTAL - EM NOSSA CIDADE.\r\n"}, {"id": "5381", "ano": "2018", "numero": "44", "tipo__sigla": "REQ", "tipo__descricao": "Requerimento", "autoria": "Quelli C\u00e1ssia Couto", "texto_original": "http://sapl.lagoadaprata.mg.leg.br/media/./sapl/public/materialegislativa/2018/5381/5381_texto_integral.pdf", "ementa": "REQUER A VOSSA EXCEL\u00caNCIA QUE SEJA ENVIADO OF\u00cdCIO AO CHEFE DO PODER EXECUTIVO\r\nMUNICIPAL ENCAMINHANDO O PRESENTE REQUERIMENTO, QUE SOLICITA AO SECRET\u00c1RIO DE\r\nSA\u00daDE, SR. GERALDO DE ALMEIDA, QUE INFORME A ESTA CASA SE EXISTE A OBRIGATORIEDADE\r\nDAS FARM\u00c1CIAS PERMANECEREM EM REGIME DE PLANT\u00c3O NOTURNO E FINAIS DE SEMANA PARA\r\nATENDIMENTO AO P\u00daBLICO. CASO SEJA AFIRMATIVA A RESPOSTA, QUE NOS ENVIE A RELA\u00c7\u00c3O DE\r\nPLANT\u00d5ES POR FARM\u00c1CIA E, CASO N\u00c3O SEJA OBRIGAT\u00d3RIO, QUE INFORME SE EXISTE A\r\nPOSSIBILIDADE DE SE ESTABELECER A OBRIGATORIEDADE."}, {"id": "5382", "ano": "2018", "numero": "45", "tipo__sigla": "REQ", "tipo__descricao": "Requerimento", "autoria": "Cabo Nunes ", "texto_original": "http://sapl.lagoadaprata.mg.leg.br/media/./sapl/public/materialegislativa/2018/5382/5382_texto_integral.pdf", "ementa": "REQUER QUE SEJAM DISPENSADAS AS EXIG\u00caNCIAS REGIMENTAIS PARA QUE O\r\nPROJETO DE LEI CM N\u00ba 06/2018, QUE &#8220;ALTERA A LEI MUNICIPAL N\u00ba 1.523/2007, QUE\r\nAUTORIZA A C\u00c2MARA MUNICIPAL DE LAGOA DA PRATA A FIRMAR CONV\u00caNIO\r\nCOM INSTITUI\u00c7\u00d5ES EDUCACIONAIS DO ENSINO SUPERIOR VISANDO A\r\nCONCESS\u00c3O DE EST\u00c1GIO CURRICULAR&#8221;, O PROJETO DE LEI EM N\u00ba 27/2018, QUE\r\n&#8220;AUTORIZA O EXECUTIVO MUNICIPAL A ABRIR CR\u00c9DITO SUPLEMENTAR,\r\nCONCEDER CONTRIBUI\u00c7\u00d5ES \u00c0 ENTIDADE QUE MENCIONA E CONT\u00c9M\r\nOUTRAS PROVID\u00caNCIAS&#8221; E O PROJETO DE LEI COMPLEMENTAR EM N\u00ba 01/2018, QUE\r\n&#8220;ALTERA A LEI COMPLEMENTAR N\u00ba 068, DE 12 DE DEZEMBRO DE 2007, SEJAM\r\nDELIBERADOS EM SEGUNDA DISCUSS\u00c3O E VOTA\u00c7\u00c3O NESTA REUNI\u00c3O."}, {"id": "5383", "ano": "2018", "numero": "46", "tipo__sigla": "REQ", "tipo__descricao": "Requerimento", "autoria": "Cabo Nunes ", "texto_original": "http://sapl.lagoadaprata.mg.leg.br/media/./sapl/public/materialegislativa/2018/5383/5383_texto_integral.pdf", "ementa": "REQUER QUE SEJAM DISPENSADAS AS EXIG\u00caNCIAS REGIMENTAIS PARA QUE O\r\nPROJETO DE LEI CM N\u00ba 05/2018, QUE &#8220;INSTITUI O DIA MUNICIPAL DA ORDEM\r\nDEMOLAY NO MUNIC\u00cdPIO DE LAGOA DA PRATA&#8221;, SEJA DELIBERADO EM SEGUNDA\r\nDISCUSS\u00c3O E VOTA\u00c7\u00c3O NESTA REUNI\u00c3O."}, {"id": "5384", "ano": "2018", "numero": "47", "tipo__sigla": "REQ", "tipo__descricao": "Requerimento", "autoria": "", "texto_original": "http://sapl.lagoadaprata.mg.leg.br/media/./sapl/public/materialegislativa/2018/5384/5384_texto_integral.pdf", "ementa": "REQUER A VOSSA EXCEL\u00caNCIA QUE SE ENVIE OF\u00cdCIO AO CHEFE DO PODER\r\nEXECUTIVO MUNICIPAL ENCAMINHANDO O PRESENTE REQUERIMENTO, QUE SOLICITA AO\r\nSECRET\u00c1RIO DE ADMINISTRA\u00c7\u00c3O E GOVERNO, ANT\u00d4NIO JUAREZ DE CASTRO, BEM COMO \u00c0\r\nSECRET\u00c1RIA DE EDUCA\u00c7\u00c3O, PAULENE M\u00c1RCIA ANDRADE E SILVA, QUE INFORMEM A ESTA CASA\r\nSE H\u00c1 POSSIBILIDADE DE SE BUSCAR UMA ALTERNATIVA PARA QUE A SERVIDORA P\u00daBLICA\r\nMUNICIPAL OCUPANTE DO CARGO P\u00daBLICO DE PROFESSORA, DE PROVIMENTO EFETIVO, EUNICE\r\nPEREIRA, QUE POSSUI VASTO CONHECIMENTO E EXPERI\u00caNCIA NO TRABALHO COM PESSOAS COM\r\nTRANSTORNO DO ESPECTRO AUTISTA, POSSA ATUAR PELA ASAP &#8211; ASSOCIA\u00c7\u00c3O AUTISMO E\r\nPOSSIBILIDADES &#8211; COM A REMUNERA\u00c7\u00c3O PAGA PELO MUNIC\u00cdPIO, SEJA CEDIDA \u00c0 ENTIDADE OU\r\nDE UMA OUTRA FORMA, VISANDO ATENDER TANTO OS ALUNOS DA REDE P\u00daBLICA MUNICIPAL DE\r\nENSINO, QUANTO DEMAIS CRIAN\u00c7AS, ADOLESCENTES E JOVENS PORTADORES DO REFERIDO\r\nTRANSTORNO."}, {"id": "5400", "ano": "2018", "numero": "48", "tipo__sigla": "REQ", "tipo__descricao": "Requerimento", "autoria": "Professor Elias Izaias", "texto_original": "http://sapl.lagoadaprata.mg.leg.br/media/./sapl/public/materialegislativa/2018/5400/5400_texto_integral.pdf", "ementa": "REQUER A VOSSA EXCEL\u00caNCIA,\r\nCONSULTADO O PLEN\u00c1RIO, SEJA ADIADA PARA A PR\u00d3XIMA REUNI\u00c3O, SEGUNDA-FEIRA, DIA 23 DE ABRIL\r\nDO CORRENTE ANO, A VOTA\u00c7\u00c3O DO PROJETO DE LEI EM N\u00ba 16/2018 QUE &#8220;ALTERA A LEI N\u00ba 363,\r\nDE 16 DE OUTUBRO DE 1967.&#8221;"}, {"id": "5401", "ano": "2018", "numero": "49", "tipo__sigla": "REQ", "tipo__descricao": "Requerimento", "autoria": "Quelli C\u00e1ssia Couto", "texto_original": "http://sapl.lagoadaprata.mg.leg.br/media/./sapl/public/materialegislativa/2018/5401/5401_texto_integral.pdf", "ementa": "REQUER A VOSSA EXCEL\u00caNCIA,\r\nCONSULTADO O PLEN\u00c1RIO, QUE SEJA ENVIADO OF\u00cdCIO AO CHEFE DO PODER EXECUTIVO MUNICIPAL\r\nENCAMINHANDO O PRESENTE REQUERIMENTO, QUE CONVOCA O SECRET\u00c1RIO MUNICIPAL DE\r\nDESPORTOS, SENHOR VILMAR PEREIRA, A COMPARECER A ESTA CASA, NO PRAZO REGIMENTAL,\r\nPARA TRATAR DE ASSUNTOS REFERENTES \u00c0 SUA SECRETARIA, EM ESPECIAL QUANTO AOS PROJETOS\r\nEM ANDAMENTO E AO PLANEJAMENTO DA PASTA."}, {"id": "5402", "ano": "2018", "numero": "50", "tipo__sigla": "REQ", "tipo__descricao": "Requerimento", "autoria": "Cida Marcelino", "texto_original": "http://sapl.lagoadaprata.mg.leg.br/media/./sapl/public/materialegislativa/2018/5402/5402_texto_integral.pdf", "ementa": "REQUER A VOSSA EXCEL\u00caNCIA QUE SE ENVIE OF\u00cdCIO AO CHEFE DO PODER EXECUTIVO MUNICIPAL\r\nENCAMINHANDO O PRESENTE REQUERIMENTO, QUE SOLICITA AO SECRET\u00c1RIO DE ADMINISTRA\u00c7\u00c3O E\r\nGOVERNO, BEM COMO AO SECRET\u00c1RIO DE DESENVOLVIMENTO ECON\u00d4MICO, E \u00c0 SENHORA \u00c9RICA\r\nMENDON\u00c7A DE LIMA VARGAS, QUE INFORMEM A ESTA CASA A DATA PREVISTA PARA COME\u00c7AR A\r\nCONSTRU\u00c7\u00c3O DO PROJETO INDUSTRIAL, QUE SER\u00c1 REALIZADO POR REFERIDA CIDAD\u00c3."}, {"id": "5403", "ano": "2018", "numero": "51", "tipo__sigla": "REQ", "tipo__descricao": "Requerimento", "autoria": "Cabo Nunes ", "texto_original": "http://sapl.lagoadaprata.mg.leg.br/media/./sapl/public/materialegislativa/2018/5403/5403_texto_integral.pdf", "ementa": "REQUER QUE SEJAM DISPENSADAS AS EXIG\u00caNCIAS REGIMENTAIS PARA QUE O PROJETO DE LEI EM N\u00ba 16/2018, QUE &#8220;ALTERA A LEI N\u00ba 363, DE 16 DE OUTUBRO DE 1967&#8221;, SEJA DELIBERADO EM SEGUNDA DISCUSS\u00c3O E VOTA\u00c7\u00c3O NA PRESENTE REUNI\u00c3O. "}, {"id": "5404", "ano": "2018", "numero": "52", "tipo__sigla": "REQ", "tipo__descricao": "Requerimento", "autoria": "Preto", "texto_original": "http://sapl.lagoadaprata.mg.leg.br/media/./sapl/public/materialegislativa/2018/5404/5404_texto_integral.pdf", "ementa": "REQUER A VOSSA EXCEL\u00caNCIA QUE SE ENVIE OF\u00cdCIO AO CHEFE DO PODER EXECUTIVO\r\nMUNICIPAL ENCAMINHANDO O PRESENTE REQUERIMENTO, QUE SOLICITA AO SECRET\u00c1RIO DE\r\nADMINISTRA\u00c7\u00c3O E GOVERNO, ANT\u00d4NIO JUAREZ DE CASTRO, QUE INFORME A ESTA CASA SE H\u00c1\r\nPOSSIBILIDADE DE REALIZAR-SE UM ESTUDO DETALHADO A RESPEITO DOS CUSTOS DO TRANSPORTE\r\nCOLETIVO P\u00daBLICO LOCAL, BEM COMO A VIABILIDADE DE SE CONCEDER SUBS\u00cdDIO \u00c0S EMPRESAS\r\nCONCESSION\u00c1RIAS DO SERVI\u00c7O."}, {"id": "5405", "ano": "2018", "numero": "53", "tipo__sigla": "REQ", "tipo__descricao": "Requerimento", "autoria": "Quelli C\u00e1ssia Couto", "texto_original": "http://sapl.lagoadaprata.mg.leg.br/media/./sapl/public/materialegislativa/2018/5405/5405_texto_integral.pdf", "ementa": "REQUER A VOSSA EXCEL\u00caNCIA,\r\nCONSULTADO O PLEN\u00c1RIO, QUE SEJA ENVIADO OF\u00cdCIO AO CHEFE DO PODER EXECUTIVO MUNICIPAL\r\nENCAMINHANDO O PRESENTE REQUERIMENTO, QUE SOLICITA AO SECRET\u00c1RIO MUNICIPAL DE\r\nADMINISTRA\u00c7\u00c3O E GOVERNO, SR. ANT\u00d4NIO JUAREZ DE CASTRO, QUE VERIFIQUE A POSSIBILIDADE\r\nDE SE MUDAR A LOCALIZA\u00c7\u00c3O E FUNCIONAMENTO DO &#8220;POSTO DE ATENDIMENTO DE SA\u00daDE&#8221; DO\r\nDISTRITO DE MARTINS GUIMAR\u00c3ES DO LOCAL ONDE SE ENCONTRA PARA O PR\u00c9DIO DA ESCOLA\r\nMUNICIPAL \u00c2NGELO PERILO, UMA VEZ QUE ESTA SE ENCONTRA FECHADA E POSSUI MELHORES\r\nCONDI\u00c7\u00d5ES DE INFRAESTRUTURA PARA O ATENDIMENTO \u00c0 POPULA\u00c7\u00c3O."}, {"id": "5406", "ano": "2018", "numero": "54", "tipo__sigla": "REQ", "tipo__descricao": "Requerimento", "autoria": "", "texto_original": "http://sapl.lagoadaprata.mg.leg.br/media/./sapl/public/materialegislativa/2018/5406/5406_texto_integral.pdf", "ementa": "REQUER QUE SEJAM DISPENSADAS AS EXIG\u00caNCIAS REGIMENTAIS PARA QUE O\r\nPROJETO DE RESOLU\u00c7\u00c3O N\u00ba 04/2018, QUE &#8220;DISP\u00d5E SOBRE O ARQUIVAMENTO DOS\r\n\u00c1UDIOS DAS REUNI\u00d5ES DA C\u00c2MARA MUNICIPAL DE LAGOA DA PRATA&#8221; SEJA\r\nDELIBERADO EM DISCUSS\u00c3O E VOTA\u00c7\u00c3O \u00daNICAS NESTA REUNI\u00c3O."}, {"id": "5407", "ano": "2018", "numero": "55", "tipo__sigla": "REQ", "tipo__descricao": "Requerimento", "autoria": "Cabo Nunes ", "texto_original": "http://sapl.lagoadaprata.mg.leg.br/media/./sapl/public/materialegislativa/2018/5407/5407_texto_integral.pdf", "ementa": "REQUER QUE SEJAM DISPENSADAS AS EXIG\u00caNCIAS REGIMENTAIS PARA QUE O\r\nPROJETO DE LEI EM N\u00ba 43/2018 QUE &#8220;ABRE CR\u00c9DITO SUPLEMENTAR AO\r\nOR\u00c7AMENTO VIGENTE DO MUNIC\u00cdPIO DE LAGOA DA PRATA E CONT\u00c9M\r\nOUTRAS PROVID\u00caNCIAS&#8221;, SEJA DELIBERADO EM DISCUSS\u00c3O E VOTA\u00c7\u00c3O \u00daNICAS NESTA\r\nREUNI\u00c3O."}, {"id": "5408", "ano": "2018", "numero": "56", "tipo__sigla": "REQ", "tipo__descricao": "Requerimento", "autoria": "Professor Elias Izaias", "texto_original": "http://sapl.lagoadaprata.mg.leg.br/media/./sapl/public/materialegislativa/2018/5408/5408_texto_integral.pdf", "ementa": "REQUER A VOSSA EXCEL\u00caNCIA,\r\nCONSULTADO O PLEN\u00c1RIO, SEJA AGENDADA UMA AUDI\u00caNCIA P\u00daBLICA PARA A APRESENTA\u00c7\u00c3O E\r\nDIVULGA\u00c7\u00c3O DO PROJETO &#8220;NA PONTA DO L\u00c1PIS&#8221;, DO TRIBUNAL DE CONTAS DO ESTADO DE MINAS\r\nGERAIS, VOLTADO PARA O CONTROLE DA EDUCA\u00c7\u00c3O P\u00daBLICA, TANTO ESTADUAL, QUANTO MUNICIPAL,\r\nBEM COMO DO RESPECTIVO APLICATIVO M\u00d3VEL, QUE \u00c9 IMPORTANTE FERRAMENTA PARA UMA EFETIVA\r\nFISCALIZA\u00c7\u00c3O DOS GASTOS COM A EDUCA\u00c7\u00c3O."}, {"id": "5409", "ano": "2018", "numero": "57", "tipo__sigla": "REQ", "tipo__descricao": "Requerimento", "autoria": "Cida Marcelino", "texto_original": "http://sapl.lagoadaprata.mg.leg.br/media/./sapl/public/materialegislativa/2018/5409/5409_texto_integral.pdf", "ementa": "REQUER A VOSSA EXCEL\u00caNCIA,\r\nCONSULTADO O PLEN\u00c1RIO, SEJA ENVIADO OF\u00cdCIO AO CHEFE DO PODER EXECUTIVO MUNICIPAL,\r\nENCAMINHANDO O PRESENTE REQUERIMENTO, QUE SOLICITA AO SECRET\u00c1RIO DE\r\nADMINISTRA\u00c7\u00c3O E GOVERNO, ANT\u00d4NIO JUAREZ DE CASTRO, QUE INFORME A ESTA CASA SE H\u00c1\r\nPOSSIBILIDADE DE SE ADQUIRIR UM CAMINH\u00c3O-PIPA PARA COMBATE A INC\u00caNDIO, COM AS\r\nSEGUINTES CARACTER\u00cdSTICAS: CAPACIDADE DE 4 AT\u00c9 20.000 LITROS; CARRETEL NA PARTE\r\nDIANTEIRA OU TRASEIRA DO TANQUE, COM 20 (VINTE) METROS DE MANGUEIRA MANGOTINHO DE\r\n\u00d81\" E ESGUICHO TIPO JATO S\u00d3LIDO E NEBLINA; ESCADA TUBULAR COM DEGRAU ANTIDERRAPANTE\r\nDE ACESSO AO PASSADI\u00c7O NA PARTE TRASEIRA DO TANQUE; GUARDA-CORPO SUPERIOR TUBULAR\r\n(BAGAGEIRO); REGISTRO DE SA\u00cdDA DO TIPO ESFERA, INTERNAMENTE COM SISTEMA QUEBRA\r\nONDAS; E NA PARTE SUPERIOR COM 01 (UM) BOCAL DE INSPE\u00c7\u00c3O/ABASTECIMENTO POR\r\nGRAVIDADE; PARA QUE O MESMO POSSA FICAR SEMPRE COM O SEU RESERVAT\u00d3RIO CHEIO DE\r\n\u00c1GUA E COM UM MOTORISTA \u00c0 DISPOSI\u00c7\u00c3O, 24 HORAS, PARA ATENDIMENTO DA POPULA\u00c7\u00c3O\r\nEM SITUA\u00c7\u00d5ES DE URG\u00caNCIA E EMERG\u00caNCIA, EM ESPECIAL NO COMBATE A INC\u00caNDIOS."}, {"id": "5410", "ano": "2018", "numero": "58", "tipo__sigla": "REQ", "tipo__descricao": "Requerimento", "autoria": "Cabo Nunes ", "texto_original": "http://sapl.lagoadaprata.mg.leg.br/media/./sapl/public/materialegislativa/2018/5410/5410_texto_integral.pdf", "ementa": "REQUER QUE SEJAM DISPENSADAS AS EXIG\u00caNCIAS REGIMENTAIS PARA QUE OS\r\nPROJETOS DE RESOLU\u00c7\u00c3O N\u00ba 5 A 13/2018 QUE CONCEDEM MEDALHAS DE HONRA AO M\u00c9RITO\r\nMUNICIPAL, BEM COMO OS PROJETOS DE LEI EM N\u00ba 50 E 52/2018, QUE &#8220;ABREM\r\nCR\u00c9DITO SUPLEMENTAR AO OR\u00c7AMENTO VIGENTE DO MUNIC\u00cdPIO DE\r\nLAGOA DA PRATA E CONT\u00c9M OUTRAS PROVID\u00caNCIAS&#8221;, SEJAM DELIBERADOS EM\r\nDISCUSS\u00c3O E VOTA\u00c7\u00c3O \u00daNICAS NESTA REUNI\u00c3O."}, {"id": "5411", "ano": "2018", "numero": "59", "tipo__sigla": "REQ", "tipo__descricao": "Requerimento", "autoria": "Cida Marcelino", "texto_original": "http://sapl.lagoadaprata.mg.leg.br/media/./sapl/public/materialegislativa/2018/5411/5411_texto_integral.pdf", "ementa": "REQUER A VOSSA EXCEL\u00caNCIA,\r\nCONSULTADO O PLEN\u00c1RIO, SEJA ENVIADO OF\u00cdCIO AO CHEFE DO PODER EXECUTIVO MUNICIPAL,\r\nENCAMINHANDO O PRESENTE REQUERIMENTO, QUE SOLICITA \u00c0 SECRET\u00c1RIA DE OBRAS E\r\nURBANISMO, QUE INFORME A ESTA CASA SE H\u00c1 POSSIBILIDADE DE SE ACRESCENTAR DOIS\r\nREDUTORES DE VELOCIDADE EM FRENTE \u00c0 ESCOLA MUNICIPAL PROFESSOR AFONSO GOULART,\r\nSITUADA NA RUA JOSAF\u00c1 BERNARDES, BAIRRO GOMES, NESTA CIDADE, BEM COMO A DEVIDA\r\nSINALIZA\u00c7\u00c3O INDICANDO A PRESEN\u00c7A DA INSTITUI\u00c7\u00c3O DE ENSINO E DA PRESEN\u00c7A DE CRIAN\u00c7AS\r\nNA VIA P\u00daBLICA."}, {"id": "5412", "ano": "2018", "numero": "60", "tipo__sigla": "REQ", "tipo__descricao": "Requerimento", "autoria": "Joanes Bosco", "texto_original": "http://sapl.lagoadaprata.mg.leg.br/media/./sapl/public/materialegislativa/2018/5412/5412_texto_integral.pdf", "ementa": "REQUER A VOSSA EXCEL\u00caNCIA QUE SEJA ENVIADO OF\u00cdCIO AO DIRETOR DO SERVI\u00c7O AUT\u00d4NOMO\r\nDE \u00c1GUA E ESGOTO DE LAGOA DA PRATA &#8211; SAAE-LP, SOLICITANDO QUE INFORME A ESTA\r\nCASA SE H\u00c1 POSSIBILIDADE DE CONTRATAR EMPRESA PARA FORNECER PLANO DE SA\u00daDE PARA\r\nOS SERVIDORES DA REFERIDA AUTARQUIA MUNICIPAL"}, {"id": "5413", "ano": "2018", "numero": "61", "tipo__sigla": "REQ", "tipo__descricao": "Requerimento", "autoria": "Preto", "texto_original": "http://sapl.lagoadaprata.mg.leg.br/media/./sapl/public/materialegislativa/2018/5413/5413_texto_integral.pdf", "ementa": "REQUER A VOSSA EXCEL\u00caNCIA QUE SE ENVIE OF\u00cdCIO AO CHEFE DO PODER\r\nEXECUTIVO MUNICIPAL ENCAMINHANDO O PRESENTE REQUERIMENTO, QUE SOLICITA AO\r\nSECRET\u00c1RIO DE TRANSPORTES E LIMPEZA P\u00daBLICA, QUE INFORME A ESTA CASA SE H\u00c1\r\nPOSSIBILIDADE DE SE REALIZAR A REVITALIZA\u00c7\u00c3O DAS FAIXAS DE PEDESTRES SITUADAS NAS VIAS\r\nP\u00daBLICAS DO MUNIC\u00cdPIO, BEM COMO DAS ROTAT\u00d3RIAS EXISTENTES, EM ESPECIAL READEQUAR A\r\nSINALIZA\u00c7\u00c3O DE SOLO DO CRUZAMENTO DA AV. BENEDITO VALADARES COM A RUA OLEG\u00c1RIO\r\nMACIEL, NO CENTRO DESTA CIDADE."}, {"id": "5414", "ano": "2018", "numero": "62", "tipo__sigla": "REQ", "tipo__descricao": "Requerimento", "autoria": "Quelli C\u00e1ssia Couto", "texto_original": "http://sapl.lagoadaprata.mg.leg.br/media/./sapl/public/materialegislativa/2018/5414/5414_texto_integral.pdf", "ementa": "REQUER A VOSSA EXCEL\u00caNCIA,\r\nCONSULTADO O PLEN\u00c1RIO, QUE SEJA REQUERIDO JUNTO \u00c0 MESA DIRETORA DESTA CASA, PARA\r\nQUE, INTERESSANDO, POSSA SOLICITAR \u00c0 COORDENADORA DO PROGRAMA &#8220;C\u00c2MARA MIRIM&#8221;,\r\nSENHORA RAQUEL VIDAL GON\u00c7ALVES DE OLIVEIRA, QUE APRESENTE A SEUS INTEGRANTES O\r\nPROJETO DA C\u00c2MARA FEDERAL, TAMB\u00c9M INTITULADO &#8220;C\u00c2MARA MIRIM 2018&#8221;, QUE ENVOLVE\r\nESTUDANTES DE TODO O PA\u00cdS, E BUSCA INCENTIVAR, A EXEMPLO DO QUE FAZ O PROGRAMA\r\nMUNICIPAL, A PARTICIPA\u00c7\u00c3O DOS ESTUDANTES DO ENSINO FUNDAMENTAL II (5\u00ba AO 9\u00ba ANO), NO\r\nDEBATE E APRESENTA\u00c7\u00c3O DE PROJETOS A N\u00cdVEL NACIONAL."}, {"id": "5420", "ano": "2018", "numero": "63", "tipo__sigla": "REQ", "tipo__descricao": "Requerimento", "autoria": "Joanes Bosco", "texto_original": "http://sapl.lagoadaprata.mg.leg.br/media/./sapl/public/materialegislativa/2018/5420/5420_texto_integral.pdf", "ementa": "REQUER A VOSSA\r\nEXCEL\u00caNCIA, CONSULTADO O PLEN\u00c1RIO, QUE A REUNI\u00c3O ORDIN\u00c1RIA DO DIA 21 DE MAIO SEJA\r\nADIADA PARA O DIA 24 DE MAIO DE 2018, QUINTA-FEIRA."}, {"id": "5421", "ano": "2018", "numero": "64", "tipo__sigla": "REQ", "tipo__descricao": "Requerimento", "autoria": "Cabo Nunes ", "texto_original": "http://sapl.lagoadaprata.mg.leg.br/media/./sapl/public/materialegislativa/2018/5421/5421_texto_integral.pdf", "ementa": "REQUER QUE SEJAM DISPENSADAS AS EXIG\u00caNCIAS REGIMENTAIS PARA QUE OS\r\nPROJETOS DE LEI EM N\u00ba 48, 49, 54 E 55/2018, QUE &#8220;ABREM CR\u00c9DITO\r\nSUPLEMENTAR AO OR\u00c7AMENTO VIGENTE DO MUNIC\u00cdPIO DE LAGOA DA\r\nPRATA E CONT\u00c9M OUTRAS PROVID\u00caNCIAS&#8221;, SEJAM DELIBERADOS EM DISCUSS\u00c3O E\r\nVOTA\u00c7\u00c3O \u00daNICAS NESTA REUNI\u00c3O."}, {"id": "5422", "ano": "2018", "numero": "65", "tipo__sigla": "REQ", "tipo__descricao": "Requerimento", "autoria": "Quelli C\u00e1ssia Couto", "texto_original": "http://sapl.lagoadaprata.mg.leg.br/media/./sapl/public/materialegislativa/2018/5422/5422_texto_integral.pdf", "ementa": "REQUER A VOSSA EXCEL\u00caNCIA,\r\nCONSULTADO O PLEN\u00c1RIO, QUE SEJA ENVIADO OF\u00cdCIO AO CHEFE DO PODER EXECUTIVO\r\nMUNICIPAL, ENCAMINHANDO ESTE REQUERIMENTO, QUE SOLICITA \u00c0 SECRET\u00c1RIA DE\r\nASSIST\u00caNCIA SOCIAL, CALIM\u00c9RIA GON\u00c7ALVES SOUTO E SILVA, E \u00c0 SECRET\u00c1RIA DE\r\nEDUCA\u00c7\u00c3O, PAULENE M\u00c1RCIA ANDRADE E SILVA, QUE INFORMEM A ESTA CASA, SE H\u00c1\r\nPOSSIBILIDADE, J\u00c1 PARA O PR\u00d3XIMO ANO, DE SE DESENVOLVER EM SUAS PASTAS UM AMPLO\r\nPROGRAMA DE ESCLARECIMENTO E PREVEN\u00c7\u00c3O CONTRA O ABUSO SEXUAL DE CRIAN\u00c7AS E\r\nADOLESCENTES, ESTABELECENDO UMA SEMANA DE ATIVIDADES VOLTADAS PARA O TEMA NA\r\nREDE MUNICIPAL DE ENSINO E RESERVANDO UM DIA NO CALEND\u00c1RIO ESCOLAR PARA A\r\nREALIZA\u00c7\u00c3O DE UMA CAMINHADA COM A PRESEN\u00c7A DE REPRESENTANTES DAS ESCOLAS\r\nMUNICIPAIS, ESTADUAIS, DA SECRETARIA DE ASSIST\u00caNCIA SOCIAL E ENTIDADES QUE ATUAM NA\r\nDEFESA DE CRIAN\u00c7AS E JOVENS NO MUNIC\u00cdPIO, COM O OBJETIVO DE LEVAR \u00c0 POPULA\u00c7\u00c3O\r\nINFORMA\u00c7\u00d5ES SOBRE O TEMA E ENVOLVER TODA A SOCIEDADE CIVIL ORGANIZADA EM SUA\r\nDISCUSS\u00c3O."}, {"id": "5423", "ano": "2018", "numero": "66", "tipo__sigla": "REQ", "tipo__descricao": "Requerimento", "autoria": "Cida Marcelino", "texto_original": "http://sapl.lagoadaprata.mg.leg.br/media/./sapl/public/materialegislativa/2018/5423/5423_texto_integral.pdf", "ementa": "REQUER A VOSSA EXCEL\u00caNCIA QUE SE ENVIE OF\u00cdCIO AO CHEFE DO PODER EXECUTIVO MUNICIPAL\r\nENCAMINHANDO O PRESENTE REQUERIMENTO, QUE SOLICITA AO SECRET\u00c1RIO DE ADMINISTRA\u00c7\u00c3O E\r\nGOVERNO, ANT\u00d4NIO JUAREZ DE CASTRO, QUE INFORME A ESTA CASA SE H\u00c1 POSSIBILIDADE DE SE\r\nMANTER O ALAMBRADO E AS TELAS DE PROTE\u00c7\u00c3O SITUADOS NA QUADRA POLIESPORTIVA DO BAIRRO\r\nAM\u00c9RICO SILVA, LOCALIZADA NA RUA DIVIN\u00d3POLIS, E, AINDA, DE SE ADQUIRIR UM PORT\u00c3O COM\r\nCADEADO, PARA MANTER O LOCAL FECHADO, ENQUANTO N\u00c3O HOUVER EXECU\u00c7\u00c3O DE OBRAS OU\r\nSERVI\u00c7OS PARA SUA RECUPERA\u00c7\u00c3O OU CONSTRU\u00c7\u00c3O DE UMA UNIDADE B\u00c1SICA DE SA\u00daDE."}, {"id": "5427", "ano": "2018", "numero": "67", "tipo__sigla": "REQ", "tipo__descricao": "Requerimento", "autoria": "Adriano Moreira", "texto_original": "http://sapl.lagoadaprata.mg.leg.br/media/./sapl/public/materialegislativa/2018/5427/5427_texto_integral.pdf", "ementa": "REQUER A VOSSA EXCEL\u00caNCIA QUE SEJA ENVIADO OF\u00cdCIO AO CHEFE DO PODER\r\nEXECUTIVO MUNICIPAL ENCAMINHANDO O PRESENTE REQUERIMENTO, QUE SOLICITA AOS\r\nSECRET\u00c1RIOS DE MEIO AMBIENTE E DE TRANSPORTES E LIMPEZA P\u00daBLICA, QUE INFORMEM A\r\nESTA CASA SE H\u00c1 POSSIBILIDADE DE SE REALIZAR CAPINA, LIMPEZA E POSTERIOR\r\nRECOLHIMENTO DE LIXO E ENTULHOS NAS RUAS DO MUNIC\u00cdPIO."}, {"id": "5428", "ano": "2018", "numero": "68", "tipo__sigla": "REQ", "tipo__descricao": "Requerimento", "autoria": "Preto", "texto_original": "http://sapl.lagoadaprata.mg.leg.br/media/./sapl/public/materialegislativa/2018/5428/5428_texto_integral.pdf", "ementa": "REQUEREM A VOSSA EXCEL\u00caNCIA QUE SEJA CONVOCADA UMA REUNI\u00c3O\r\nEXTRAORDIN\u00c1RIA PARA AMANH\u00c3, DIA 29/05/2018, EM HOR\u00c1RIO A SER DEFINIDO, PARA\r\nDELIBERA\u00c7\u00c3O DE PROJETOS DE LEI QUE AUTORIZAM REPASSE DE RECURSOS PARA O SOS E\r\nPARA O LAR S\u00c3O VICENTE, BEM COMO PARA LEITURA DE PARECER E DELIBERA\u00c7\u00c3O DE UM\r\nPROJETO DE LEI QUE AUTORIZA ABERTURA DE CR\u00c9DITO PARA FUTURO REPASSE DE RECURSOS \u00c0\r\nAPAE E AO LAR S\u00c3O VICENTE, OS QUAIS SE ENCONTRAM EM TRAMITA\u00c7\u00c3O NESTA CASA."}, {"id": "5429", "ano": "2018", "numero": "69", "tipo__sigla": "REQ", "tipo__descricao": "Requerimento", "autoria": "Cabo Nunes ", "texto_original": "http://sapl.lagoadaprata.mg.leg.br/media/./sapl/public/materialegislativa/2018/5429/5429_texto_integral.pdf", "ementa": "REQUER QUE SEJAM DISPENSADAS AS EXIG\u00caNCIAS REGIMENTAIS PARA QUE O\r\nPROJETO DE LEI COMPLEMENTAR EM N\u00ba 03/2018, QUE &#8220;ALTERA A LEI COMPLEMENTAR\r\nN\u00ba 022, DE 25 DE NOVEMBRO DE 1997&#8221;, BEM COMO OS PROJETOS DE LEI EM N\u00ba 44 E\r\n47/2018, QUE &#8220;AUTORIZAM O MUNIC\u00cdPIO DE LAGOA DA PRATA A DOAR IM\u00d3VEIS\r\nQUE MENCIONAM E CONT\u00c9M OUTRAS PROVID\u00caNCIAS&#8221;, SEJAM DELIBERADOS EM\r\nSEGUNDA DISCUSS\u00c3O E VOTA\u00c7\u00c3O NA PRESENTE REUNI\u00c3O."}, {"id": "5430", "ano": "2018", "numero": "70", "tipo__sigla": "REQ", "tipo__descricao": "Requerimento", "autoria": "Preto", "texto_original": "http://sapl.lagoadaprata.mg.leg.br/media/./sapl/public/materialegislativa/2018/5430/5430_texto_integral.pdf", "ementa": "REQUEREM A VOSSA EXCEL\u00caNCIA QUE SEJA CONVOCADA UMA REUNI\u00c3O\r\nEXTRAORDIN\u00c1RIA PARA AMANH\u00c3, DIA 29/05/2018, EM HOR\u00c1RIO A SER DEFINIDO, PARA\r\nDELIBERA\u00c7\u00c3O DE PROJETOS DE LEI QUE AUTORIZAM REPASSE DE RECURSOS PARA O SOS E\r\nPARA O LAR S\u00c3O VICENTE, BEM COMO PARA LEITURA DE PARECER E DELIBERA\u00c7\u00c3O DE UM\r\nPROJETO DE LEI QUE AUTORIZA ABERTURA DE CR\u00c9DITO PARA FUTURO REPASSE DE RECURSOS \u00c0\r\nAPAE E AO LAR S\u00c3O VICENTE, OS QUAIS SE ENCONTRAM EM TRAMITA\u00c7\u00c3O NESTA CASA."}, {"id": "5431", "ano": "2018", "numero": "71", "tipo__sigla": "REQ", "tipo__descricao": "Requerimento", "autoria": "Cida Marcelino", "texto_original": "http://sapl.lagoadaprata.mg.leg.br/media/./sapl/public/materialegislativa/2018/5431/5431_texto_integral.pdf", "ementa": "REQUER A VOSSA EXCEL\u00caNCIA,\r\nCONSULTADO O PLEN\u00c1RIO, SEJA ENVIADO OF\u00cdCIO AO DIRETOR DO SERVI\u00c7O AUT\u00d4NOMO DE \u00c1GUA E\r\nESGOTO DE LAGOA DA PRATA &#8211; SAAE-LP, SOLICITANDO AO MESMO QUE INFORME A ESTA CASA SE\r\nH\u00c1 POSSIBILIDADE DE SE IMPLANTAR UMA OUVIDORIA NA REFERIDA AUTARQUIA, A QUAL SERIA MAIS\r\nUMA FERRAMENTA PARA O CUMPRIMENTO DA LEI DE ACESSO \u00c0 INFORMA\u00c7\u00c3O."}, {"id": "5432", "ano": "2018", "numero": "72", "tipo__sigla": "REQ", "tipo__descricao": "Requerimento", "autoria": "Cabo Nunes ", "texto_original": "http://sapl.lagoadaprata.mg.leg.br/media/./sapl/public/materialegislativa/2018/5432/5432_texto_integral.pdf", "ementa": "REQUER QUE SEJAM DISPENSADAS AS EXIG\u00caNCIAS REGIMENTAIS PARA QUE O\r\nPROJETO DE LEI EM N\u00ba 63/2018, QUE &#8220;ABRE CR\u00c9DITO SUPLEMENTAR AO\r\nOR\u00c7AMENTO VIGENTE DO MUNIC\u00cdPIO DE LAGOA DA PRATA E CONT\u00c9M\r\nOUTRAS PROVID\u00caNCIAS&#8221;, SEJA DELIBERADO EM DISCUSS\u00c3O E VOTA\u00c7\u00c3O \u00daNICAS NA\r\nPRESENTE REUNI\u00c3O."}, {"id": "5433", "ano": "2018", "numero": "73", "tipo__sigla": "REQ", "tipo__descricao": "Requerimento", "autoria": "Cabo Nunes ", "texto_original": "http://sapl.lagoadaprata.mg.leg.br/media/./sapl/public/materialegislativa/2018/5433/5433_texto_integral.pdf", "ementa": "REQUER QUE SEJAM DISPENSADAS AS EXIG\u00caNCIAS REGIMENTAIS PARA QUE OS\r\nPROJETOS DE LEI EM N\u00ba 61, 62, 64 E 65/2018, QUE &#8220;ABREM CR\u00c9DITO\r\nSUPLEMENTAR AO OR\u00c7AMENTO VIGENTE DO MUNIC\u00cdPIO DE LAGOA DA\r\nPRATA E CONT\u00c9M OUTRAS PROVID\u00caNCIAS&#8221;, SEJAM DELIBERADOS EM DISCUSS\u00c3O E\r\nVOTA\u00c7\u00c3O \u00daNICAS NA PRESENTE REUNI\u00c3O."}, {"id": "5434", "ano": "2018", "numero": "74", "tipo__sigla": "REQ", "tipo__descricao": "Requerimento", "autoria": "Adriano Moreira", "texto_original": "http://sapl.lagoadaprata.mg.leg.br/media/./sapl/public/materialegislativa/2018/5434/5434_texto_integral.pdf", "ementa": "REQUER A VOSSA EXCEL\u00caNCIA QUE SEJA ENVIADO OF\u00cdCIO AO CHEFE DO PODER\r\nEXECUTIVO MUNICIPAL ENCAMINHANDO O PRESENTE REQUERIMENTO, QUE SOLICITA \u00c0\r\nSECRET\u00c1RIA DE EDUCA\u00c7\u00c3O, BEM COMO AO SECRET\u00c1RIO DE ADMINISTRA\u00c7\u00c3O E GOVERNO, QUE\r\nINFORMEM A ESTA CASA SE H\u00c1 POSSIBILIDADE DE SE TOMAR AS DEVIDAS PROVID\u00caNCIAS PARA\r\nA DOA\u00c7\u00c3O DE TODA ESTRUTURA MET\u00c1LICA DA COBERTURA DO TERRA\u00c7O DO CEMEI ALEXANDRE\r\nBERNARDES PRIMO, QUE SER\u00c1 RETIRADO EM VIRTUDE DA CONSTRU\u00c7\u00c3O DE SUA NOVA SEDE,\r\nPARA A ASSOCIA\u00c7\u00c3O FRANCISCO DE ASSIS, PARA QUE ESTA POSSA UTILIZ\u00c1-LA NA CONSTRU\u00c7\u00c3O\r\nDE SUA SEDE."}, {"id": "5435", "ano": "2018", "numero": "75", "tipo__sigla": "REQ", "tipo__descricao": "Requerimento", "autoria": "Preto", "texto_original": "http://sapl.lagoadaprata.mg.leg.br/media/./sapl/public/materialegislativa/2018/5435/5435_texto_integral.pdf", "ementa": "REQUER A VOSSA EXCEL\u00caNCIA QUE SEJA ENVIADO OF\u00cdCIO AO CHEFE DO PODER\r\nEXECUTIVO MUNICIPAL ENCAMINHANDO O PRESENTE REQUERIMENTO, QUE CONVOCA O\r\nSECRET\u00c1RIO MUNICIPAL DE TRANSPORTES E LIMPEZA P\u00daBLICA, SENHOR S\u00c9RGIO APARECIDO DE\r\nOLIVEIRA, A COMPARECER A ESTA CASA, NO PRAZO REGIMENTAL, PARA TRATAR DE ASSUNTOS\r\nREFERENTES \u00c0 SUA SECRETARIA, EM ESPECIAL QUANTO \u00c0 FROTA MUNICIPAL E SEU\r\nPLANEJAMENTO PARA RENOV\u00c1-LA."}, {"id": "5436", "ano": "2018", "numero": "76", "tipo__sigla": "REQ", "tipo__descricao": "Requerimento", "autoria": "Cida Marcelino", "texto_original": "http://sapl.lagoadaprata.mg.leg.br/media/./sapl/public/materialegislativa/2018/5436/5436_texto_integral.pdf", "ementa": "REQUER A VOSSA EXCEL\u00caNCIA,\r\nCONSULTADO O PLEN\u00c1RIO, SEJA ENVIADO OF\u00cdCIO AO CHEFE DO PODER EXECUTIVO MUNICIPAL\r\nENCAMINHANDO O PRESENTE REQUERIMENTO, QUE SOLICITA AO SECRET\u00c1RIO DE TRANSPORTES E\r\nLIMPEZA P\u00daBLICA E AO SECRET\u00c1RIO DE DESPORTOS, QUE INFORMEM A ESTA CASA SE H\u00c1\r\nPOSSIBILIDADE DE SE IMPLEMENTAR O PROJETO DE ACADEMIA AO AR LIVRE NA PRA\u00c7A\r\n&#8220;DONANA BERNARDES&#8221;, NO CENTRO."}, {"id": "5437", "ano": "2018", "numero": "77", "tipo__sigla": "REQ", "tipo__descricao": "Requerimento", "autoria": "Cabo Nunes ", "texto_original": "http://sapl.lagoadaprata.mg.leg.br/media/./sapl/public/materialegislativa/2018/5437/5437_texto_integral.pdf", "ementa": "REQUER QUE SEJAM DISPENSADAS AS EXIG\u00caNCIAS REGIMENTAIS PARA QUE O\r\nPROJETO DE LEI EM N\u00ba 67/2018, QUE &#8220;ABRE CR\u00c9DITO SUPLEMENTAR AO\r\nOR\u00c7AMENTO VIGENTE DO MUNIC\u00cdPIO DE LAGOA DA PRATA E CONT\u00c9M\r\nOUTRAS PROVID\u00caNCIAS&#8221;, SEJA DELIBERADO EM DISCUSS\u00c3O E VOTA\u00c7\u00c3O \u00daNICAS NA\r\nPRESENTE REUNI\u00c3O."}, {"id": "5438", "ano": "2018", "numero": "78", "tipo__sigla": "REQ", "tipo__descricao": "Requerimento", "autoria": "Adriano Moreira", "texto_original": "http://sapl.lagoadaprata.mg.leg.br/media/./sapl/public/materialegislativa/2018/5438/5438_texto_integral.pdf", "ementa": "REQUER A VOSSA EXCEL\u00caNCIA,\r\nCONSULTADO O PLEN\u00c1RIO, QUE SEJA ENVIADO OF\u00cdCIO AO CHEFE DO PODER EXECUTIVO\r\nMUNICIPAL ENCAMINHANDO O PRESENTE REQUERIMENTO, QUE CONVOCA A PROCURADORA DO\r\nMUNIC\u00cdPIO, SENHORA ANDR\u00c9A ISABEL LOPES, A COMPARECER A ESTA CASA, NO PRAZO\r\nREGIMENTAL, PARA TRATAR DE ASSUNTOS REFERENTES AO CENTRO ALTERNATIVO HABITACIONAL\r\nSOCIOASSISTENCIAL DE MINAS GERAIS &#8211; CASA MINEIRA, EM ESPECIAL QUANTO AO\r\nVENCIMENTO DO PRAZO DE VIG\u00caNCIA DE IN\u00daMERAS CONCESS\u00d5ES DE USO DOS IM\u00d3VEIS\r\nRELACIONADOS AO REFERIDO PROGRAMA E A NECESSIDADE DO PODER P\u00daBLICO TOMAR\r\nPROVID\u00caNCIAS NO SENTIDO DE SOLUCIONAR O PROBLEMA DOS CIDAD\u00c3OS ENVOLVIDOS."}, {"id": "5439", "ano": "2018", "numero": "79", "tipo__sigla": "REQ", "tipo__descricao": "Requerimento", "autoria": "Preto", "texto_original": "http://sapl.lagoadaprata.mg.leg.br/media/./sapl/public/materialegislativa/2018/5439/5439_texto_integral.pdf", "ementa": "REQUER A VOSSA EXCEL\u00caNCIA,\r\nCONSULTADO O PLEN\u00c1RIO, QUE SEJA ENVIADO OF\u00cdCIO AO CHEFE DO PODER EXECUTIVO\r\nMUNICIPAL, ENCAMINHANDO ESTE REQUERIMENTO, QUE SOLICITA \u00c0 SECRET\u00c1RIA MUNICIPAL DE\r\nFAZENDA E AO SECRET\u00c1RIO DE ADMINISTRA\u00c7\u00c3O E GOVERNO, QUE INFORMEM A ESTA CASA, OS\r\nVALORES ARRECADADOS COM AS INSCRI\u00c7\u00d5ES REFERENTES AO CONCURSO P\u00daBLICO MUNICIPAL EM\r\nEXECU\u00c7\u00c3O."}, {"id": "5440", "ano": "2018", "numero": "80", "tipo__sigla": "REQ", "tipo__descricao": "Requerimento", "autoria": "Cida Marcelino", "texto_original": "http://sapl.lagoadaprata.mg.leg.br/media/./sapl/public/materialegislativa/2018/5440/5440_texto_integral.pdf", "ementa": "REQUER A VOSSA EXCEL\u00caNCIA,\r\nCONSULTADO O PLEN\u00c1RIO, SEJA ENVIADO OF\u00cdCIO AO CHEFE DO PODER EXECUTIVO MUNICIPAL\r\nENCAMINHANDO O PRESENTE REQUERIMENTO, QUE SOLICITA AO SECRET\u00c1RIO DE\r\nADMINISTRA\u00c7\u00c3O E GOVERNO, QUE INFORME A ESTA CASA SE H\u00c1 POSSIBILIDADE DE SE\r\nIMPLEMENTAR UM POSTO DE IDENTIFICA\u00c7\u00c3O PARA CONFEC\u00c7\u00c3O DA CARTEIRA DE IDENTIDADE NO\r\nSINE &#8211; SISTEMA NACIONAL DE EMPREGO, DESTE MUNIC\u00cdPIO, COM PROFISSIONAL ADEQUADO\r\nPARA TANTO."}, {"id": "5441", "ano": "2018", "numero": "81", "tipo__sigla": "REQ", "tipo__descricao": "Requerimento", "autoria": "Professor Elias Izaias", "texto_original": "http://sapl.lagoadaprata.mg.leg.br/media/./sapl/public/materialegislativa/2018/5441/5441_texto_integral.pdf", "ementa": "REQUER A VOSSA EXCEL\u00caNCIA QUE SEJA DETERMINADA A REALIZA\u00c7\u00c3O DE UMA AUDI\u00caNCIA\r\nP\u00daBLICA, NO DIA 27 DE JUNHO DE 2018, PARA QUE SEJA DISCUTIDA E CRIADA A CAMPANHA\r\n&#8220;JANEIRO BRANCO&#8221; NO MUNIC\u00cdPIO DE LAGOA DA PRATA, RELACIONADA \u00c0 SA\u00daDE MENTAL."}, {"id": "5442", "ano": "2018", "numero": "82", "tipo__sigla": "REQ", "tipo__descricao": "Requerimento", "autoria": "Quelli C\u00e1ssia Couto", "texto_original": "http://sapl.lagoadaprata.mg.leg.br/media/./sapl/public/materialegislativa/2018/5442/5442_texto_integral.pdf", "ementa": "REQUER A VOSSA\r\nEXCEL\u00caNCIA, CONSULTADO O PLEN\u00c1RIO, SEJA ENVIADO OF\u00cdCIO AO DEPUTADO ESTADUAL\r\nANT\u00d4NIO CARLOS ARANTES, PRINCIPAL ARTICULADOR DENTRO DA ASSEMBLEIA DE MINAS\r\nGERAIS, DA A\u00c7\u00c3O PARLAMENTAR QUE CULMINOU COM O ENVIO DE REQUERIMENTO AO\r\nGOVERNADOR DO ESTADO, SENHOR FERNANDO PIMENTEL, QUE RESULTOU NO DECRETO QUE\r\nPERMITIU AS USINAS SUCROALCOOLEIRAS INSTALADAS NO ESTADO DE MINAS GERAIS ABASTECER\r\nDIRETAMENTE OS POSTOS DE COMBUST\u00cdVEIS AMENIZANDO OS EFEITOS DO DESABASTECIMENTO\r\nDOS POSTOS QUANTO AO ETANOL;"}, {"id": "5454", "ano": "2018", "numero": "83", "tipo__sigla": "REQ", "tipo__descricao": "Requerimento", "autoria": "Preto", "texto_original": "http://sapl.lagoadaprata.mg.leg.br/media/./sapl/public/materialegislativa/2018/5454/5454_texto_integral.pdf", "ementa": "REQUER QUE SEJAM DISPENSADAS AS EXIG\u00caNCIAS REGIMENTAIS PARA QUE O\r\nPROJETO DE LEI CM N\u00ba 11/2018, QUE &#8220;INSTITUI O DIA MUNICIPAL DO\r\nEMPREENDEDOR AMBULANTE NO MUNIC\u00cdPIO DE LAGOA DA PRATA&#8221;; O PROJETO\r\nDE LEI EM N\u00ba 53/2018, QUE &#8220;AUTORIZA O EXECUTIVO MUNICIPAL A DOAR\r\nIM\u00d3VEL \u00c0 ASSOCIA\u00c7\u00c3O MUNICIPAL DE APOIO \u00c0S VITIMAS DE VIOL\u00caNCIA E\r\nCONTEM OUTRAS PROVIDENCIAS&#8221;; O PROJETO DE RESOLU\u00c7\u00c3O N\u00ba 14/2018, QUE\r\n&#8220;ALTERA A RESOLU\u00c7\u00c3O N\u00ba 750/2017&#8221;; E O PROJETO DE RESOLU\u00c7\u00c3O N\u00ba 15/2018, QUE\r\n&#8220;ALTERA A RESOLU\u00c7\u00c3O N\u00ba 462/2004 &#8211; REGIMENTO INTERNO DA C\u00c2MARA\r\nMUNICIPAL&#8221;, SEJAM DELIBERADOS EM SEGUNDA DISCUSS\u00c3O E VOTA\u00c7\u00c3O NA PRESENTE\r\nREUNI\u00c3O."}, {"id": "5456", "ano": "2018", "numero": "84", "tipo__sigla": "REQ", "tipo__descricao": "Requerimento", "autoria": "Quelli C\u00e1ssia Couto", "texto_original": "http://sapl.lagoadaprata.mg.leg.br/media/./sapl/public/materialegislativa/2018/5456/5456_texto_integral.pdf", "ementa": "REQUER A VOSSA EXCEL\u00caNCIA QUE SE ENVIE OF\u00cdCIO AO CHEFE DO PODER EXECUTIVO MUNICIPAL\r\nENCAMINHANDO O PRESENTE REQUERIMENTO, QUE SOLICITA AO SECRET\u00c1RIO DE SA\u00daDE, GERALDO\r\nMANGELO DE ALMEIDA, E TAMB\u00c9M AO RESPONS\u00c1VEL PELAS COMPRAS DA REFERIDA SECRETARIA, QUE\r\nINFORMEM A ESTA CASA A REAL SITUA\u00c7\u00c3O DA TRAMITA\u00c7\u00c3O DO PROCESSO DE COMPRAS PARA\r\nAQUISI\u00c7\u00c3O DE SONDA URETRAL N\u00ba 12, DE PLACAS DE HIDROGEL E BOTA DE UNNA PARA CURATIVO."}, {"id": "5455", "ano": "2018", "numero": "85", "tipo__sigla": "REQ", "tipo__descricao": "Requerimento", "autoria": "Cida Marcelino", "texto_original": "http://sapl.lagoadaprata.mg.leg.br/media/./sapl/public/materialegislativa/2018/5455/5455_texto_integral.pdf", "ementa": "REQUER A VOSSA EXCEL\u00caNCIA,\r\nCONSULTADO O PLEN\u00c1RIO, SEJA ENVIADO OF\u00cdCIO AO REPRESENTANTE DO SERVI\u00c7O SOCIAL DO\r\nCOM\u00c9RCIO DE MINAS GERAIS &#8211; SESC, SOLICITANDO AO MESMO QUE INFORME A ESTA CASA\r\nSE H\u00c1 A POSSIBILIDADE DE SE REALIZAR EM NOSSO MUNIC\u00cdPIO UMA NOITE MUSICAL\r\nCONTEMPLANDO, MAIS UMA VEZ, O PROGRAMA &#8220;MINAS AO LUAR.&#8221;"}, {"id": "5457", "ano": "2018", "numero": "86", "tipo__sigla": "REQ", "tipo__descricao": "Requerimento", "autoria": "Preto", "texto_original": "http://sapl.lagoadaprata.mg.leg.br/media/./sapl/public/materialegislativa/2018/5457/5457_texto_integral.pdf", "ementa": "REQUER A VOSSA EXCEL\u00caNCIA,\r\nCONSULTADO O PLEN\u00c1RIO, QUE SEJA ENVIADO OF\u00cdCIO AO CHEFE DO PODER EXECUTIVO\r\nMUNICIPAL, ENCAMINHANDO ESTE REQUERIMENTO, QUE SOLICITA AO SECRET\u00c1RIO DE\r\nADMINISTRA\u00c7\u00c3O E GOVERNO, BEM COMO AO SECRET\u00c1RIO DE DESENVOLVIMENTO ECON\u00d4MICO,\r\nQUE INFORMEM A ESTA CASA, SE H\u00c1 POSSIBILIDADE DE SE DISPONIBILIZAR, GRATUITAMENTE,\r\nACESSO \u00c0 INTERNET POR MEIO DE DISPOSITIVO DE REDE LOCAL SEM FIO (WI-FI), NA PRA\u00c7A\r\nCORONEL CARLOS BERNARDES E TAMB\u00c9M NA PRAIA P\u00daBLICA MUNICIPAL."}, {"id": "5458", "ano": "2018", "numero": "87", "tipo__sigla": "REQ", "tipo__descricao": "Requerimento", "autoria": "Adriano Moreira", "texto_original": "http://sapl.lagoadaprata.mg.leg.br/media/./sapl/public/materialegislativa/2018/5458/5458_texto_integral.pdf", "ementa": "REQUER A VOSSA EXCEL\u00caNCIA,\r\nCONSULTADO O PLEN\u00c1RIO, SEJA ENVIADO OF\u00cdCIO AO COMANDANTE DA 107\u00aa COMPANHIA DA\r\nPOL\u00cdCIA MILITAR LOCAL E AO COMANDANTE DA GUARDA CIVIL MUNICIPAL, QUE INFORMEM A\r\nESTA CASA, SE H\u00c1 POSSIBILIDADE DE SE REFOR\u00c7AR O POLICIAMENTO OSTENSIVO,\r\nPRINCIPALMENTE EM PER\u00cdODO NOTURNO, NO FINAL DA RUA GERALDO DOMINGOS PEREIRA,\r\nPR\u00d3XIMO AO C\u00d3RREGO DO P\u00cdTICO, NO BAIRRO GOMES, NESTE MUNIC\u00cdPIO."}, {"id": "5459", "ano": "2018", "numero": "88", "tipo__sigla": "REQ", "tipo__descricao": "Requerimento", "autoria": "Joanes Bosco, Preto", "texto_original": "http://sapl.lagoadaprata.mg.leg.br/media/./sapl/public/materialegislativa/2018/5459/5459_texto_integral.pdf", "ementa": "REQUEREM QUE SEJAM DISPENSADAS AS EXIG\u00caNCIAS REGIMENTAIS PARA QUE O\r\nPROJETO DE LEI EM N\u00ba 66/2018, QUE &#8220;AUTORIZA O MUNIC\u00cdPIO DE LAGOA DA\r\nPRATA A DOAR IM\u00d3VEL QUE MENCIONA E CONT\u00c9M OUTRAS PROVID\u00caNCIAS&#8221;,\r\nBEM COMO O PROJETO DE LEI EM-70/2018 QUE &#8220;DELIMITA O PER\u00cdMETRO URBANO\r\nDA CIDADE DE LAGOA DA PRATA&#8221; SEJAM DELIBERADOS EM SEGUNDA DISCUSS\u00c3O E\r\nVOTA\u00c7\u00c3O NA PRESENTE REUNI\u00c3O."}, {"id": "5460", "ano": "2018", "numero": "89", "tipo__sigla": "REQ", "tipo__descricao": "Requerimento", "autoria": "Preto", "texto_original": "http://sapl.lagoadaprata.mg.leg.br/media/./sapl/public/materialegislativa/2018/5460/5460_texto_integral.pdf", "ementa": "REQUER A VOSSA EXCEL\u00caNCIA,\r\nCONSULTADO O PLEN\u00c1RIO, QUE SEJA ENVIADO OF\u00cdCIO AO CHEFE DO PODER EXECUTIVO\r\nMUNICIPAL, ENCAMINHANDO ESTE REQUERIMENTO, QUE SOLICITA AO SECRET\u00c1RIO DE\r\nADMINISTRA\u00c7\u00c3O E GOVERNO, BEM COMO AO SECRET\u00c1RIO DE DESENVOLVIMENTO ECON\u00d4MICO,\r\nQUE INFORMEM A ESTA CASA, SE H\u00c1 POSSIBILIDADE DE SE DISPONIBILIZAR, GRATUITAMENTE,\r\nACESSO \u00c0 INTERNET POR MEIO DE DISPOSITIVO DE REDE LOCAL SEM FIO (WI-FI), NA PRA\u00c7A\r\nCORONEL CARLOS BERNARDES E TAMB\u00c9M NA PRAIA P\u00daBLICA MUNICIPAL."}, {"id": "5461", "ano": "2018", "numero": "90", "tipo__sigla": "REQ", "tipo__descricao": "Requerimento", "autoria": "Cida Marcelino", "texto_original": "http://sapl.lagoadaprata.mg.leg.br/media/./sapl/public/materialegislativa/2018/5461/5461_texto_integral.pdf", "ementa": "REQUER A VOSSA EXCEL\u00caNCIA,\r\nCONSULTADO O PLEN\u00c1RIO, SEJA ENVIADO OF\u00cdCIO AO CHEFE DO PODER EXECUTIVO MUNICIPAL\r\nENCAMINHANDO O PRESENTE REQUERIMENTO, QUE SOLICITA AO SECRET\u00c1RIO DE TRANSPORTES E\r\nLIMPEZA P\u00daBLICA E AO SECRET\u00c1RIO DE ADMINISTRA\u00c7\u00c3O E GOVERNO, QUE INFORMEM A ESTA\r\nCASA SE H\u00c1 A POSSIBILIDADE DE SE IMPLANTAR TR\u00c1FEGO DE M\u00c3O \u00daNICA NA AVENIDA BRASIL,\r\nCOM SENTIDO BAIRRO/CENTRO (\u00c0 PRA\u00c7A DA MATRIZ), E EM CONTRAPARTIDA, A AVENIDA JOS\u00c9\r\nBERNARDES MACIEL SE TORNARIA M\u00c3O \u00daNICA NO SENTIDO CENTRO/BAIRRO (AT\u00c9 A RODOVIA MG-\r\n170)."}, {"id": "5462", "ano": "2018", "numero": "91", "tipo__sigla": "REQ", "tipo__descricao": "Requerimento", "autoria": "Adriano Moreira", "texto_original": "http://sapl.lagoadaprata.mg.leg.br/media/./sapl/public/materialegislativa/2018/5462/5462_texto_integral.pdf", "ementa": "REQUER A VOSSA EXCEL\u00caNCIA QUE SEJA ENVIADO OF\u00cdCIO AO CHEFE DO PODER EXECUTIVO\r\nMUNICIPAL ENCAMINHANDO O PRESENTE REQUERIMENTO, QUE SOLICITA AOS SECRET\u00c1RIOS DE\r\nTRANSPORTES E LIMPEZA P\u00daBLICA E DE OBRAS E URBANISMO, QUE INFORMEM A ESTA CASA\r\nSE H\u00c1 POSSIBILIDADE DE SE FAZER PINTURA DE DELIMITA\u00c7\u00d5ES DE ESTACIONAMENTOS\r\nPARALELOS E DE 45 GRAUS, DEMARCANDO E REGULAMENTANDO O TIPO DE ESTACIONAMENTO\r\nCOM A DEVIDA SINALIZA\u00c7\u00c3O DO TR\u00c2NSITO NAS VIAS P\u00daBLICAS, PRINCIPALMENTE NA \u00c1REA\r\nCENTRAL DA CIDADE."}, {"id": "5463", "ano": "2018", "numero": "92", "tipo__sigla": "REQ", "tipo__descricao": "Requerimento", "autoria": "Quelli C\u00e1ssia Couto", "texto_original": "http://sapl.lagoadaprata.mg.leg.br/media/./sapl/public/materialegislativa/2018/5463/5463_texto_integral.pdf", "ementa": "REQUER A VOSSA EXCEL\u00caNCIA,\r\nCONSULTADO O PLEN\u00c1RIO, SEJA ENVIADO OF\u00cdCIO AO CHEFE DO PODER EXECUTIVO MUNICIPAL,\r\nENCAMINHANDO O PRESENTE REQUERIMENTO, QUE SOLICITA AO SECRET\u00c1RIO DE\r\nADMINISTRA\u00c7\u00c3O E GOVERNO, ANT\u00d4NIO JUAREZ DE CASTRO, QUE INFORME A ESTA CASA SE H\u00c1\r\nPOSSIBILIDADE QUE SE ESTUDAR A VIABILIDADE DO MUNIC\u00cdPIO FIRMAR PARCERIA DENOMINADA\r\n&#8220;PROGRAMA PREFEITO AMIGO DA COHAB&#8221;, QUE FAZ PARTE DO PROGRAMA &#8220;MINHA CASA\r\nMINHA VIDA.&#8221;"}, {"id": "5464", "ano": "2018", "numero": "93", "tipo__sigla": "REQ", "tipo__descricao": "Requerimento", "autoria": "Joanes Bosco", "texto_original": "http://sapl.lagoadaprata.mg.leg.br/media/", "ementa": "REQUER A VOSSA EXCEL\u00caNCIA QUE SE ENVIE OF\u00cdCIO AO CHEFE DO PODER EXECUTIVO MUNICIPAL\r\nENCAMINHANDO O PRESENTE REQUERIMENTO, QUE SOLICITA AO SECRET\u00c1RIO DE ADMINISTRA\u00c7\u00c3O E\r\nGOVERNO, QUE INFORME A ESTA CASA SE H\u00c1 POSSIBILIDADE DE SE FAZER CUMPRIR A LEI N\u00ba\r\n1.067/2003, QUE DISP\u00d5E SOBRE A PROIBI\u00c7\u00c3O AOS PROPRIET\u00c1RIOS DE C\u00c3ES DA RA\u00c7A PITBULL,\r\nROTWEILLER, SIMILARES OU RESULTANTE DOS CRUZAMENTOS DAS MESMAS, DE TRANSITAR NA \u00c1REA\r\nURBANA DO MUNIC\u00cdPIO (AVENIDA, RUAS E ESTABELECIMENTOS P\u00daBLICOS) SEM O USO PREVENTIVO DE\r\nFOCINHEIRAS."}, {"id": "5465", "ano": "2018", "numero": "94", "tipo__sigla": "REQ", "tipo__descricao": "Requerimento", "autoria": "Adriano Moreira", "texto_original": "http://sapl.lagoadaprata.mg.leg.br/media/./sapl/public/materialegislativa/2018/5465/5465_texto_integral.pdf", "ementa": "REQUER A VOSSA EXCEL\u00caNCIA QUE SEJA ENVIADO OF\u00cdCIO AO CHEFE DO PODER EXECUTIVO\r\nMUNICIPAL ENCAMINHANDO O PRESENTE REQUERIMENTO, QUE SOLICITA AO SECRET\u00c1RIO DE\r\nADMINISTRA\u00c7\u00c3O E GOVERNO, BEM COMO \u00c0 SECRET\u00c1RIA DE OBRAS E URBANISMO, QUE\r\nINFORMEM A ESTA CASA, COMO EST\u00c1 O ANDAMENTO DO PROCESSO PARA A PAVIMENTA\u00c7\u00c3O\r\nASF\u00c1LTICA DA ESTRADA QUE LIGA A MG-429 AO DISTRITO DE MARTINS GUIMAR\u00c3ES."}, {"id": "5466", "ano": "2018", "numero": "95", "tipo__sigla": "REQ", "tipo__descricao": "Requerimento", "autoria": "Professor Elias Izaias", "texto_original": "http://sapl.lagoadaprata.mg.leg.br/media/./sapl/public/materialegislativa/2018/5466/5466_texto_integral.pdf", "ementa": "REQUER A\r\nVOSSA EXCEL\u00caNCIA QUE SEJA ENVIADO OF\u00cdCIO AO CHEFE DO PODER EXECUTIVO MUNICIPAL\r\nENCAMINHANDO O PRESENTE REQUERIMENTO, QUE SOLICITA AO SECRET\u00c1RIO DE\r\nADMINISTRA\u00c7\u00c3O E GOVERNO, QUE INFORME A ESTA CASA, SE H\u00c1 POSSIBILIDADE DE SE\r\nAMPLIAR A REDE DE ILUMINA\u00c7\u00c3O P\u00daBLICA, COLOCANDO UM BRA\u00c7O EM A\u00c7O GALVANIZADO\r\nCURVO, COM A RESPECTIVA LUMIN\u00c1RIA, NO POSTE DE ENERGIA EL\u00c9TRICA J\u00c1 EXISTENTE \u00c0 RUA\r\nROSA MACIEL, EM FRENTE A CASA DE N\u00ba 1.046, NO BAIRRO SANTA HELENA, NESTA CIDADE."}, {"id": "5467", "ano": "2018", "numero": "96", "tipo__sigla": "REQ", "tipo__descricao": "Requerimento", "autoria": "Cida Marcelino", "texto_original": "http://sapl.lagoadaprata.mg.leg.br/media/./sapl/public/materialegislativa/2018/5467/5467_texto_integral.pdf", "ementa": "REQUER A VOSSA EXCEL\u00caNCIA,\r\nCONSULTADO O PLEN\u00c1RIO, QUE SEJA ENVIADO OF\u00cdCIO AO DIRETOR DO SERVI\u00c7O AUT\u00d4NOMO DE\r\n\u00c1GUA E ESGOTO DE LAGOA DA PRATA &#8211; SAAE-LP, CONVOCANDO-O A COMPARECER A ESTA\r\nCASA, NO PRAZO REGIMENTAL, PARA, DE FORMA PESSOAL E EXCLUSIVA, TRATAR DE ASSUNTOS\r\nREFERENTES \u00c0 SUA GEST\u00c3O FRENTE \u00c0 AUTARQUIA MUNICIPAL, EM ESPECIAL: A RESPEITO DA FORMA\r\nCOMO VEM SENDO EXECUTADO O TRABALHO DE RECUPERA\u00c7\u00c3O DAS VIAS P\u00daBLICAS AP\u00d3S\r\nINTERVEN\u00c7\u00d5ES DO SAAE-LP; QUANDO ENTRAR\u00c1 EM FUNCIONAMENTO A USINA DE ASFALTO ADQUIRIDA\r\nPELA AUTARQUIA; E POR FIM, SOBRE VALOR DA TARIFA DE ESGOTO E A POSSIBILIDADE DE\r\nSUA REDU\u00c7\u00c3O."}, {"id": "5495", "ano": "2018", "numero": "97", "tipo__sigla": "REQ", "tipo__descricao": "Requerimento", "autoria": "Cabo Nunes ", "texto_original": "http://sapl.lagoadaprata.mg.leg.br/media/", "ementa": "requer que sejam dispensadas as exig\u00eancias regimentais para que o\r\nProjeto de Lei Complementar CM n\u00ba 03/2018 que \u201cALTERA A LEI COMPLEMENTAR\r\nMUNICIPAL N\u00ba 05/1991, QUE INSTITUI O C\u00d3DIGO DE POSTURAS DO\r\nMUNIC\u00cdPIO DE LAGOA DA PRATA\u201d, bem como o Projeto de Lei EM n\u00ba 73/2018, que\r\n\u201cALTERA A LEI MUNICIPAL N\u00b0 2.229, DE 02 DE ABRIL DE 2014\u201d, sejam deliberados\r\nem segunda discuss\u00e3o e vota\u00e7\u00e3o na presente reuni\u00e3o."}, {"id": "5496", "ano": "2018", "numero": "98", "tipo__sigla": "REQ", "tipo__descricao": "Requerimento", "autoria": "Preto", "texto_original": "http://sapl.lagoadaprata.mg.leg.br/media/sapl/public/materialegislativa/2018/5496/requerimento_98-2018_preto_-_jr_-_auxilio_unive_3OiWVL0.pdf", "ementa": "requer a Vossa Excel\u00eancia,\r\nconsultado o Plen\u00e1rio, que seja enviado of\u00edcio ao Chefe do Poder Executivo\r\nMunicipal, encaminhando este Requerimento, que solicita ao Secret\u00e1rio de\r\nAdministra\u00e7\u00e3o e Governo, bem como \u00e0 Secret\u00e1ria de Assist\u00eancia Social, que\r\ninformem a esta Casa, se h\u00e1 previs\u00e3o para o envio a esta Casa, do Projeto de Lei\r\nque autorizar\u00e1 e regulamentar\u00e1 a concess\u00e3o de aux\u00edlio financeiro aos estudantes\r\nuniversit\u00e1rios."}, {"id": "5497", "ano": "2018", "numero": "99", "tipo__sigla": "REQ", "tipo__descricao": "Requerimento", "autoria": "Professor Elias Izaias", "texto_original": "http://sapl.lagoadaprata.mg.leg.br/media/sapl/public/materialegislativa/2018/5497/requerimento_99-2018_elias_-_jr_-_show_ecumenico_09-07.pdf", "ementa": "requer a\r\nVossa Excel\u00eancia que seja enviado of\u00edcio ao Chefe do Poder Executivo Municipal\r\nencaminhando o presente Requerimento, que solicita ao Secret\u00e1rio de Cultura e\r\nTurismo, que informe a esta Casa, se h\u00e1 possibilidade da contrata\u00e7\u00e3o, em um dos\r\npr\u00f3ximos eventos a serem promovidos pela referida secretaria, de show com artista\r\nque cante m\u00fasicas voltadas \u00e0 religiosidade, de forma ecum\u00eanica."}, {"id": "5498", "ano": "2018", "numero": "100", "tipo__sigla": "REQ", "tipo__descricao": "Requerimento", "autoria": "Cida Marcelino", "texto_original": "http://sapl.lagoadaprata.mg.leg.br/media/sapl/public/materialegislativa/2018/5498/requerimento_100-2018_cida_-_jr_-_placas_para_s_9TpcTM7.pdf", "ementa": "requer a Vossa Excel\u00eancia,\r\nconsultado o Plen\u00e1rio, seja enviado of\u00edcio ao Chefe do Poder Executivo Municipal\r\nencaminhando o presente Requerimento, que solicita ao Secret\u00e1rio de Transportes e\r\nLimpeza P\u00fablica e ao Secret\u00e1rio de Administra\u00e7\u00e3o e Governo, que informem a esta\r\nCasa se h\u00e1 a possibilidade de se concretizar a identifica\u00e7\u00e3o das vias p\u00fablicas do\r\nnosso Munic\u00edpio, em especial nos bairros mais novos, com a coloca\u00e7\u00e3o de placas de\r\nidentifica\u00e7\u00e3o nas esquinas ou pr\u00f3ximo das mesmas, por meio de empresa\r\nterceirizada, devidamente contratada por meio de Licita\u00e7\u00e3o."}, {"id": "5499", "ano": "2018", "numero": "101", "tipo__sigla": "REQ", "tipo__descricao": "Requerimento", "autoria": "Cabo Nunes , Adriano Moreira, Cida Marcelino, Joanes Bosco, Josiane Protetora dos Animais, Lalinho Duzinho, Preto, Professor Elias Izaias, Quelli C\u00e1ssia Couto", "texto_original": "http://sapl.lagoadaprata.mg.leg.br/media/sapl/public/materialegislativa/2018/5499/requerimento_101-2018_-_todos_os_vereadores_-_c_XTx6C1m.pdf", "ementa": "requerem a Vossa\r\nExcel\u00eancia, consultado o Plen\u00e1rio, que seja enviado of\u00edcio ao Chefe do Poder\r\nExecutivo Municipal encaminhando o presente Requerimento, fruto do trabalho da\r\nC\u00e2mara Mirim, que solicita aos Ilustres Secret\u00e1rios Municipais de Meio Ambiente e\r\nde Transportes e Limpeza P\u00fablica, que informem a esta Casa, se h\u00e1 possibilidade\r\nde se realizar capina, limpeza e posterior recolhimento de lixo e entulhos no Bairro\r\nSanta Helena, neste munic\u00edpio."}, {"id": "5500", "ano": "2018", "numero": "102", "tipo__sigla": "REQ", "tipo__descricao": "Requerimento", "autoria": "Lalinho Duzinho", "texto_original": "http://sapl.lagoadaprata.mg.leg.br/media/sapl/public/materialegislativa/2018/5500/requerimento_102-2018_lalinho_-_dispensa_16-07.pdf", "ementa": "requer que sejam dispensadas as exig\u00eancias regimentais para que o\r\nProjeto de Lei Complementar EM n\u00ba 04/2018, que \u201cALTERA A LEI COMPLEMENTAR\r\nMUNICIPAL N\u00ba 038, DE 20 DE NOVEMBRO DE 2000\u201d, o Projeto de Lei\r\nComplementar EM n\u00ba 05/2018, que \u201cINSTITUI A CORREGEDORIA E A OUVIDORIA\r\nDA GUARDA CIVIL MUNICIPAL DE LAGOA DA PRATA E D\u00c1 OUTRAS\r\nPROVID\u00caNCIAS\u201d e o Projeto de Lei EM n\u00ba 74/2018, que \u201cALTERA A LEI MUNICIPAL\r\nN\u00ba 541, DE 30 DE NOVEMBRO DE 1992\u201d, sejam deliberados em segunda\r\ndiscuss\u00e3o e vota\u00e7\u00e3o na presente reuni\u00e3o."}, {"id": "5501", "ano": "2018", "numero": "103", "tipo__sigla": "REQ", "tipo__descricao": "Requerimento", "autoria": "Josiane Protetora dos Animais", "texto_original": "http://sapl.lagoadaprata.mg.leg.br/media/", "ementa": "requer a Vossa Excel\u00eancia,\r\nconsultado o Plen\u00e1rio, seja enviado of\u00edcio ao Chefe do Poder Executivo Municipal\r\nencaminhando o presente Requerimento, que solicita ao Secret\u00e1rio de\r\nAdministra\u00e7\u00e3o e Governo e ao Secret\u00e1rio de Sa\u00fade, que informem a esta Casa se\r\nh\u00e1 a possibilidade de se firmar parcerias com faculdades e/ou universidades visando\r\na realiza\u00e7\u00e3o de castra\u00e7\u00f5es, \u201cem massa\u201d, no munic\u00edpio."}, {"id": "5502", "ano": "2018", "numero": "104", "tipo__sigla": "REQ", "tipo__descricao": "Requerimento", "autoria": "Preto", "texto_original": "http://sapl.lagoadaprata.mg.leg.br/media/sapl/public/materialegislativa/2018/5502/requerimento_104-2018_preto_-_jr_-_retirada_do__2r6E9Kv.pdf", "ementa": "requer a Vossa Excel\u00eancia,\r\nconsultado o Plen\u00e1rio, que seja enviado of\u00edcio ao Chefe do Poder Executivo\r\nMunicipal, encaminhando este Requerimento que solicita ao Secret\u00e1rio de\r\nMeio Ambiente, que informe a esta Casa, se h\u00e1 possibilidade de se buscar junto \u00e0\r\nSecretaria de Obras e Urbanismo a retirada do toco e ra\u00edzes aparentes das \u00e1rvores\r\nque s\u00e3o cortadas nas vias p\u00fablicas principais do Munic\u00edpio ou que tenham maior\r\ntr\u00e2nsito de pedestres, bem como a cimenta\u00e7\u00e3o do local onde estavam os tocos, de\r\nmodo que as cal\u00e7adas fiquem desobstru\u00eddas, desimpedidas e livres \u00e0 circula\u00e7\u00e3o dos\r\npedestres."}, {"id": "5503", "ano": "2018", "numero": "105", "tipo__sigla": "REQ", "tipo__descricao": "Requerimento", "autoria": "Cabo Nunes ", "texto_original": "http://sapl.lagoadaprata.mg.leg.br/media/sapl/public/materialegislativa/2018/5503/requerimento_105-2018_nunes_-_jr_-_recolhimento_tOJ0nV3.pdf", "ementa": "requer a Vossa Excel\u00eancia,\r\nconsultado o Plen\u00e1rio, seja enviado of\u00edcio ao Chefe do Poder Executivo Municipal\r\nencaminhando o presente Requerimento, que solicita ao Secret\u00e1rio de Transportes e\r\nLimpeza P\u00fablica, que informe a esta Casa como funciona o recolhimento de lixo e os\r\ncrit\u00e9rios de sele\u00e7\u00e3o dos mesmos, em especial com as folhas que caem das \u00e1rvores,\r\nque s\u00e3o acondicionadas pelos cidad\u00e3os e colocadas \u00e0 margem das vias p\u00fablicas\r\npara recolhimento pelos garis."}, {"id": "5504", "ano": "2018", "numero": "106", "tipo__sigla": "REQ", "tipo__descricao": "Requerimento", "autoria": "Quelli C\u00e1ssia Couto", "texto_original": "http://sapl.lagoadaprata.mg.leg.br/media/sapl/public/materialegislativa/2018/5504/requerimento_106-2018_quelli_-_jr_-_insalubrida_cQMLFG6.pdf", "ementa": "requer a Vossa Excel\u00eancia que se envie of\u00edcio ao Chefe do Poder Executivo Municipal\r\nencaminhando o presente Requerimento, que solicita ao Secret\u00e1rio de Sa\u00fade, Geraldo\r\nMangelo de Almeida, informe a esta Casa, se h\u00e1 possibilidade do pagamento do Adicional\r\nde Insalubridade a todas as Agentes Comunit\u00e1rias de Sa\u00fade, uma vez que aquelas que\r\ntrabalham no Bairro Santa Eug\u00eania j\u00e1 tiveram seu Direito reconhecido pela Justi\u00e7a do\r\nTrabalho e est\u00e3o recebendo normalmente."}, {"id": "5505", "ano": "2018", "numero": "107", "tipo__sigla": "REQ", "tipo__descricao": "Requerimento", "autoria": "Preto", "texto_original": "http://sapl.lagoadaprata.mg.leg.br/media/sapl/public/materialegislativa/2018/5505/requerimento_107-2018_preto_-_secretario_saude_23-07.pdf", "ementa": "requer a Vossa Excel\u00eancia,\r\nconsultado o Plen\u00e1rio, que seja enviado of\u00edcio ao Chefe do Poder Executivo\r\nMunicipal, encaminhando este Requerimento, que solicita ao Secret\u00e1rio de Sa\u00fade,\r\nque informe a esta Casa, se h\u00e1 previs\u00e3o para a inaugura\u00e7\u00e3o do Centro de\r\nEspecialidades, em conv\u00eanio com o ICISMEP, bem como, quais especialidades ser\u00e3o\r\natendidas no munic\u00edpio.\r\nQue informe ainda, quantas consultas j\u00e1 foram realizadas pelo ICISMEP at\u00e9 o\r\nmomento, em atendimento ao Munic\u00edpio de Lagoa da Prata."}, {"id": "5506", "ano": "2018", "numero": "108", "tipo__sigla": "REQ", "tipo__descricao": "Requerimento", "autoria": "Professor Elias Izaias, Joanes Bosco", "texto_original": "http://sapl.lagoadaprata.mg.leg.br/media/sapl/public/materialegislativa/2018/5506/requerimento_108-2018_joanes_bosco_-_jr_-_camin_J3gsrDg.pdf", "ementa": "requer a Vossa Excel\u00eancia que se envie of\u00edcio ao Diretor do Servi\u00e7o Aut\u00f4nomo de \u00c1gua e\r\nEsgoto de Lagoa da Prata \u2013 SAAE-LP, solicitando ao mesmo que informe a esta Casa se\r\nh\u00e1 possibilidade da Autarquia Municipal adquirir um caminh\u00e3o desentupidor de rede de\r\nesgoto."}, {"id": "5522", "ano": "2018", "numero": "109", "tipo__sigla": "REQ", "tipo__descricao": "Requerimento", "autoria": "Adriano Moreira", "texto_original": "http://sapl.lagoadaprata.mg.leg.br/media/sapl/public/materialegislativa/2018/5522/requerimento_109-2018_moreira_-_jr_-_asfalto_de_ybWVSMF.pdf", "ementa": "requer a Vossa Excel\u00eancia que seja enviado of\u00edcio ao Chefe do Poder Executivo\r\nMunicipal encaminhando o presente Requerimento, que solicita ao Secret\u00e1rio de\r\nAdministra\u00e7\u00e3o e Governo, bem como \u00e0 Secret\u00e1ria de Obras e Urbanismo, que\r\ninformem a esta Casa, qual a data prevista para in\u00edcio da pavimenta\u00e7\u00e3o asf\u00e1ltica da\r\nestrada que liga a MG-429 ao Distrito de Martins Guimar\u00e3es e se ser\u00e3o asfaltadas\r\nalgumas vias no interior da referida localidade."}, {"id": "5523", "ano": "2018", "numero": "110", "tipo__sigla": "REQ", "tipo__descricao": "Requerimento", "autoria": "Joanes Bosco", "texto_original": "http://sapl.lagoadaprata.mg.leg.br/media/sapl/public/materialegislativa/2018/5523/requerimento_110-2018_joanes_-_jr_-_rede_de_esg_K9y1O0f.pdf", "ementa": "requer a Vossa Excel\u00eancia que seja enviado of\u00edcio ao Diretor do Servi\u00e7o\r\nAut\u00f4nomo de \u00c1gua e Esgoto de Lagoa da Prata \u2013 SAAE-LP, solicitando ao mesmo\r\nque informe a esta Casa se h\u00e1 possibilidade de se providenciar a instala\u00e7\u00e3o da rede\r\nde coleta de esgoto na Rua Maria da Gl\u00f3ria Maciel, no trecho que compreende os\r\nn\u00fameros 984 a 1.030, no Bairro Gomes, nesta cidade."}, {"id": "5524", "ano": "2018", "numero": "111", "tipo__sigla": "REQ", "tipo__descricao": "Requerimento", "autoria": "Cida Marcelino", "texto_original": "http://sapl.lagoadaprata.mg.leg.br/media/sapl/public/materialegislativa/2018/5524/requerimento_111-2018_-_cida_-_jr_-_placa_inaug_HLeftXB.pdf", "ementa": "requer a Vossa Excel\u00eancia que seja enviado of\u00edcio ao Chefe do Poder\r\nExecutivo, encaminhando o presente Requerimento, que solicita \u00e0 Secret\u00e1ria de\r\nObras e Urbanismo, Sra. Anita de Bessas Adonin, bem como ao Secret\u00e1rio de Meio\r\nAmbiente, Lessandro Gabriel da Costa, que informem a esta Casa onde se\r\nencontra a placa de identifica\u00e7\u00e3o e inaugura\u00e7\u00e3o do vel\u00f3rio municipal do Cemit\u00e9rio da\r\nSaudade e se h\u00e1 possibilidade de coloc\u00e1-la no lugar novamente."}, {"id": "5525", "ano": "2018", "numero": "112", "tipo__sigla": "REQ", "tipo__descricao": "Requerimento", "autoria": "Cabo Nunes ", "texto_original": "http://sapl.lagoadaprata.mg.leg.br/media/sapl/public/materialegislativa/2018/5525/requerimento_112-2018_nunes_-_lona_caminhoes_ca_irp59yZ.pdf", "ementa": "requer a Vossa Excel\u00eancia que seja enviado of\u00edcio ao Chefe do Poder\r\nExecutivo Municipal encaminhando o presente Requerimento, que solicita ao\r\nSecret\u00e1rio de Administra\u00e7\u00e3o e Governo, que informe a esta Casa se h\u00e1\r\npossibilidade de se determinar ao setor competente, que equipe os caminh\u00f5es\r\nca\u00e7amba de propriedade do Munic\u00edpio com lona ou outro equipamento que cubra a\r\ncarga, de forma a evitar seu derramamento nas vias p\u00fablicas."}, {"id": "5555", "ano": "2018", "numero": "113", "tipo__sigla": "REQ", "tipo__descricao": "Requerimento", "autoria": "Preto", "texto_original": "http://sapl.lagoadaprata.mg.leg.br/media/sapl/public/materialegislativa/2018/5555/requerimento_113-2018_preto_-_jr_-_replantio_de_L0nxMSA.pdf", "ementa": "que seja enviado of\u00edcio ao Chefe do Poder Executivo\r\nMunicipal, encaminhando este Requerimento que solicita ao Secret\u00e1rio de\r\nMeio Ambiente, que informe a esta Casa, se h\u00e1 possibilidade de se determinar aos\r\nservidores de sua secretaria que fa\u00e7a o plantio de novos coqueiros, em substitui\u00e7\u00e3o\r\naos que est\u00e3o sendo cortados ou arrancados da cal\u00e7ada da Avenida do Contorno,\r\nem vez de se plantar \u00e1rvores de esp\u00e9cies que n\u00e3o t\u00eam nada a ver com o paisagismo\r\nque sempre predominou na orla da Praia P\u00fablica Municipal."}, {"id": "5556", "ano": "2018", "numero": "114", "tipo__sigla": "REQ", "tipo__descricao": "Requerimento", "autoria": "Cabo Nunes ", "texto_original": "http://sapl.lagoadaprata.mg.leg.br/media/sapl/public/materialegislativa/2018/5556/requerimento_114-2018_nunes_-_aplicativo_escolar_06-08.pdf", "ementa": "requer a Vossa Excel\u00eancia que seja enviado of\u00edcio ao Chefe do Poder Executivo\r\nMunicipal encaminhando o presente Requerimento, que solicita \u00e0 Secret\u00e1ria de\r\nEduca\u00e7\u00e3o, Sra. Paulene M\u00e1rcia Andrade e Silva, que informe a esta Casa se h\u00e1\r\npossibilidade da implementa\u00e7\u00e3o, em todas as escolas, de portais e aplicativos para\r\ndispositivos m\u00f3veis, para que os alunos e os pais possam acompanhar o andamento\r\ndas atividades escolares, como por exemplo, notas e frequ\u00eancia."}, {"id": "5557", "ano": "2018", "numero": "115", "tipo__sigla": "REQ", "tipo__descricao": "Requerimento", "autoria": "Cida Marcelino, Joanes Bosco", "texto_original": "http://sapl.lagoadaprata.mg.leg.br/media/sapl/public/materialegislativa/2018/5557/requerimento_115-2018_-_cida_-_contrucao_do_cen_fvClQgU.pdf", "ementa": "requer a Vossa Excel\u00eancia que seja enviado of\u00edcio ao Chefe do Poder\r\nExecutivo, encaminhando o presente Requerimento, que solicita ao Secret\u00e1rio de\r\nSa\u00fade e ao Secret\u00e1rio de Administra\u00e7\u00e3o e Governo, que informem a esta Casa, se\r\nh\u00e1 projeto para a constru\u00e7\u00e3o de um Centro de Especialidades M\u00e9dicas no im\u00f3vel\r\nsituado na rua Santo Ant\u00f4nio do Monte, esquina com Alexandre Bernardes Primo, no\r\ncentro da cidade, onde o munic\u00edpio \u00e9 o propriet\u00e1rio."}, {"id": "5558", "ano": "2018", "numero": "116", "tipo__sigla": "REQ", "tipo__descricao": "Requerimento", "autoria": "Quelli C\u00e1ssia Couto", "texto_original": "http://sapl.lagoadaprata.mg.leg.br/media/sapl/public/materialegislativa/2018/5558/requerimento_116-2018_quelli_-_concurso_publico_06-08.pdf", "ementa": "seja enviado of\u00edcio ao Chefe do Poder Executivo, encaminhando o\r\npresente Requerimento, que solicita ao Secret\u00e1rio de Administra\u00e7\u00e3o e Governo, Sr. Jos\u00e9\r\nTe\u00f3filo Filho, que informe a esta Casa, se foram realizadas mudan\u00e7as no edital do\r\nConcurso P\u00fablico 01/2018 e caso tenham ocorrido, que envie a esta Casa informa\u00e7\u00e3o a\r\nrespeito das mesmas, especialmente em rela\u00e7\u00e3o ao quantitativo de cadastro de reserva e\r\nvagas em aberto para nomea\u00e7\u00f5es."}, {"id": "5559", "ano": "2018", "numero": "117", "tipo__sigla": "REQ", "tipo__descricao": "Requerimento", "autoria": "Cabo Nunes ", "texto_original": "http://sapl.lagoadaprata.mg.leg.br/media/sapl/public/materialegislativa/2018/5559/requerimento_117-2018_nunes_-_jr_-_mao_unica_e__xdgtlcm.pdf", "ementa": "seja enviado of\u00edcio ao Chefe do Poder Executivo Municipal,\r\nencaminhando o presente Requerimento, que solicita \u00e0 Secret\u00e1ria de Obras e\r\nUrbanismo, que informe a esta Casa se h\u00e1 possibilidade de se implantar tr\u00e1fego de\r\nm\u00e3o \u00fanica na Rua Jos\u00e9 Maria Botelho, localizada no Bairro Chico Miranda, nesta\r\ncidade, em frente \u00e0 Escola Estadual Monsenhor Alfredo Dohr. E ainda, a\r\npossibilidade de se colocar uma passagem elevada para pedestres na Rua Prefeito\r\nPaulo Lobato, paralela \u00e0 supracitada rua, tamb\u00e9m entrada para a escola."}, {"id": "5560", "ano": "2018", "numero": "118", "tipo__sigla": "REQ", "tipo__descricao": "Requerimento", "autoria": "Josiane Protetora dos Animais", "texto_original": "http://sapl.lagoadaprata.mg.leg.br/media/sapl/public/materialegislativa/2018/5560/requerimento_118-2018_josiane_-_jr_-_contrataca_BIcqFOX.pdf", "ementa": "seja enviado of\u00edcio ao Chefe do Poder Executivo Municipal\r\nencaminhando o presente Requerimento, que solicita ao Secret\u00e1rio de\r\nAdministra\u00e7\u00e3o e Governo e ao Secret\u00e1rio de Sa\u00fade, que informem a esta Casa se\r\nh\u00e1 possibilidade de se aumentar o n\u00famero de vagas para o emprego p\u00fablico de\r\nVeterin\u00e1rio, visando a realiza\u00e7\u00e3o de castra\u00e7\u00f5es em c\u00e3es, ou, se n\u00e3o for poss\u00edvel\r\nesta alternativa, ou at\u00e9 que se conclua o Concurso P\u00fablico em aberto, que informem\r\nse h\u00e1 possibilidade de se terceirizar este servi\u00e7o para empresas que atuam na \u00e1rea,\r\nmediante licita\u00e7\u00e3o, assim como acontece com os servi\u00e7os de sa\u00fade, onde pessoas\r\njur\u00eddicas compostas por m\u00e9dicos s\u00e3o contratadas."}, {"id": "5561", "ano": "2018", "numero": "119", "tipo__sigla": "REQ", "tipo__descricao": "Requerimento", "autoria": "Preto", "texto_original": "http://sapl.lagoadaprata.mg.leg.br/media/sapl/public/materialegislativa/2018/5561/requerimento_119-2018_preto_-_locacao_de_imoveis_13-08.pdf", "ementa": "seja enviado of\u00edcio ao Chefe do Poder Executivo,\r\nencaminhando o presente Requerimento, que solicita ao Secret\u00e1rio de\r\nAdministra\u00e7\u00e3o e Governo, Sr. Jos\u00e9 Te\u00f3filo Filho, que envie a esta Casa, rela\u00e7\u00e3o de\r\ntodos os im\u00f3veis que se encontram alugados pela Administra\u00e7\u00e3o P\u00fablica Municipal,\r\ndevendo constar no relat\u00f3rio o seguinte:\r\n1. Endere\u00e7o dos im\u00f3veis;\r\n2. Valores dos alugu\u00e9is;\r\n3. Secretaria Solicitante;\r\n4. Justificativa para a sua realiza\u00e7\u00e3o;\r\n5. Identifica\u00e7\u00e3o do Propriet\u00e1rio, quando se tratar de im\u00f3vel alugado junto a\r\nimobili\u00e1ria, ou em nome de empresa."}, {"id": "5562", "ano": "2018", "numero": "120", "tipo__sigla": "REQ", "tipo__descricao": "Requerimento", "autoria": "Cida Marcelino", "texto_original": "http://sapl.lagoadaprata.mg.leg.br/media/sapl/public/materialegislativa/2018/5562/requerimento_120-2018_cida_-_jr_-_recursos_do_c_zxSJMl2.pdf", "ementa": "requer\r\na Vossa Excel\u00eancia que seja enviado of\u00edcio ao Chefe do Poder Executivo Municipal\r\nencaminhando o presente Requerimento, que solicita ao Secret\u00e1rio de Cultura\r\ne Turismo que informe a esta Casa, se o Munic\u00edpio tem firmado parceria com as\r\nentidades do congado para o repasse de recursos visando auxili\u00e1-las na realiza\u00e7\u00e3o\r\ndesta tradicional festa popular e religiosa."}, {"id": "5563", "ano": "2018", "numero": "121", "tipo__sigla": "REQ", "tipo__descricao": "Requerimento", "autoria": "Adriano Moreira", "texto_original": "http://sapl.lagoadaprata.mg.leg.br/media/sapl/public/materialegislativa/2018/5563/requerimento_121-2018_adriano_-_rev_-_terceiriz_35ynrqK.pdf", "ementa": "que seja enviado of\u00edcio ao Chefe do Poder Executivo\r\nMunicipal encaminhando o presente Requerimento, que solicita ao Secret\u00e1rio de\r\nAdministra\u00e7\u00e3o e Governo, bem como ao de Transportes e Limpeza P\u00fablica, que\r\ninformem a esta Casa, se h\u00e1 possibilidade ou previs\u00e3o de se contratar empresa para\r\na execu\u00e7\u00e3o complementar dos servi\u00e7os de limpeza p\u00fablica em Lagoa da Prata\r\n(terceiriza\u00e7\u00e3o), incluindo varri\u00e7\u00e3o, capina, limpeza de lotes, pra\u00e7as, jardins, visando\r\nmelhorar e ampliar a presta\u00e7\u00e3o destes servi\u00e7os."}, {"id": "5564", "ano": "2018", "numero": "122", "tipo__sigla": "REQ", "tipo__descricao": "Requerimento", "autoria": "Preto", "texto_original": "http://sapl.lagoadaprata.mg.leg.br/media/sapl/public/materialegislativa/2018/5564/requerimento_122-2018_preto_-_rev_-_canalizacao_u1toiX8.pdf", "ementa": "seja enviado of\u00edcio ao Diretor do Servi\u00e7o Aut\u00f4nomo de \u00c1gua e\r\nEsgoto de Lagoa da Prata \u2013 SAAE-LP, solicitando ao mesmo que informe a esta\r\nCasa quando se dar\u00e1 in\u00edcio \u00e0s Obras de Canaliza\u00e7\u00e3o do C\u00f3rrego Chico Silveira, no\r\ntrecho compreendido a partir da Rua Goi\u00e1s at\u00e9 a Alameda dos Ip\u00eas Brancos, no\r\nBairro Cidade Jardim."}, {"id": "5565", "ano": "2018", "numero": "123", "tipo__sigla": "REQ", "tipo__descricao": "Requerimento", "autoria": "Josiane Protetora dos Animais", "texto_original": "http://sapl.lagoadaprata.mg.leg.br/media/sapl/public/materialegislativa/2018/5565/requerimento_123-2018_josiane_-_rev_-_reforma_d_uwx3xpx.pdf", "ementa": "seja enviado of\u00edcio ao Chefe do Poder Executivo Municipal\r\nencaminhando o presente Requerimento, que solicita ao Secret\u00e1rio de\r\nAdministra\u00e7\u00e3o e Governo e ao Secret\u00e1rio de Sa\u00fade, que informem a esta Casa se\r\nos materiais de constru\u00e7\u00e3o para reforma do canil e sala de castra\u00e7\u00e3o, descritos no\r\nEdital do Preg\u00e3o n\u00ba 15/2018, j\u00e1 foram entregues e ainda, se h\u00e1 previs\u00e3o para\r\nconclus\u00e3o das obras, em especial a coloca\u00e7\u00e3o de novo port\u00e3o no canil municipal."}, {"id": "5566", "ano": "2018", "numero": "124", "tipo__sigla": "REQ", "tipo__descricao": "Requerimento", "autoria": "Joanes Bosco", "texto_original": "http://sapl.lagoadaprata.mg.leg.br/media/sapl/public/materialegislativa/2018/5566/requerimento_124-2018_joanes_bosco_-_jr_-_pavim_RonELaX.pdf", "ementa": "que se envie of\u00edcio ao Chefe do Poder Executivo Municipal\r\nencaminhando o presente Requerimento, que solicita \u00e0 Secret\u00e1ria de Obras e Urbanismo\r\nque informe a esta Casa se h\u00e1 previs\u00e3o para a pavimenta\u00e7\u00e3o de pequenos trechos das\r\nseguintes vias p\u00fablicas:"}, {"id": "5567", "ano": "2018", "numero": "125", "tipo__sigla": "REQ", "tipo__descricao": "Requerimento", "autoria": "Cida Marcelino", "texto_original": "http://sapl.lagoadaprata.mg.leg.br/media/sapl/public/materialegislativa/2018/5567/requerimento_125-2018_cida_-_jr_-_asfaltar_a_ru_LYlPFu1.pdf", "ementa": "que seja enviado of\u00edcio ao Chefe do Poder Executivo\r\nMunicipal encaminhando o presente Requerimento, que solicita ao Secret\u00e1rio de\r\nAdministra\u00e7\u00e3o e Governo, bem como \u00e0 Secret\u00e1ria de Obras e Urbanismo, que\r\ninformem a esta Casa, se h\u00e1 possibilidade de realizarem a pavimenta\u00e7\u00e3o asf\u00e1ltica\r\nda Rua Francisco Sales, no trecho correspondente \u00e0 horta comunit\u00e1ria at\u00e9 a\r\nRodovia MG-170, e ainda, realizarem a capina, limpeza e recolhimento de lixo que\r\nt\u00eam sido descartados nos lotes."}, {"id": "5568", "ano": "2018", "numero": "126", "tipo__sigla": "REQ", "tipo__descricao": "Requerimento", "autoria": "Quelli C\u00e1ssia Couto", "texto_original": "http://sapl.lagoadaprata.mg.leg.br/media/sapl/public/materialegislativa/2018/5568/requerimento_126-2018_quelli_-_casa_de_apoio_27-08.pdf", "ementa": "seja enviado of\u00edcio ao Chefe do Poder Executivo Municipal,\r\nencaminhando o presente Requerimento, que solicita ao Secret\u00e1rio de Sa\u00fade que\r\ninforme a esta Casa se h\u00e1 possibilidade de se realizar a mudan\u00e7a de localiza\u00e7\u00e3o da\r\n\u201cCasa de Apoio\u201d, em Belo Horizonte, do im\u00f3vel que se encontra, hoje alugado pela\r\nPrefeitura, para outro que ofere\u00e7a maior acessibilidade e conforto para aqueles que\r\nali permanecem hospedados ou apenas aguardam o momento de retornarem a Lagoa\r\nda Prata."}, {"id": "5569", "ano": "2018", "numero": "127", "tipo__sigla": "REQ", "tipo__descricao": "Requerimento", "autoria": "Preto", "texto_original": "http://sapl.lagoadaprata.mg.leg.br/media/sapl/public/materialegislativa/2018/5569/requerimento_127-2018_preto_-_posto_martins_27-08.pdf", "ementa": "que seja enviado of\u00edcio ao Chefe do Poder Executivo\r\nMunicipal, encaminhando este Requerimento, que solicita ao Secret\u00e1rio de Sa\u00fade,\r\nque informe a esta Casa, se h\u00e1 previs\u00e3o para a reforma do Posto de Sa\u00fade do\r\nDistrito de Martins Guimar\u00e3es ou outra solu\u00e7\u00e3o para viabilizar um im\u00f3vel adequado\r\npara o atendimento aos usu\u00e1rios e um melhor ambiente de trabalho para os\r\nservidores."}, {"id": "5570", "ano": "2018", "numero": "128", "tipo__sigla": "REQ", "tipo__descricao": "Requerimento", "autoria": "Adriano Moreira, Cabo Nunes , Preto", "texto_original": "http://sapl.lagoadaprata.mg.leg.br/media/sapl/public/materialegislativa/2018/5570/requerimento_128-2018_nunes_-_predio_para_centr_vioWdBv.pdf", "ementa": "seja enviado of\u00edcio ao Chefe do Poder Executivo Municipal,\r\nencaminhando o presente Requerimento, que solicita ao Secret\u00e1rio de\r\nAdministra\u00e7\u00e3o e Governo e \u00e0 Secret\u00e1ria de Educa\u00e7\u00e3o, que informem a esta Casa se\r\nh\u00e1 possibilidade de se fazer a Cess\u00e3o de Uso do im\u00f3vel onde funcionava a Creche\r\nMadrinha Non\u00f3ia, para o funcionamento do Centro de Conviv\u00eancia para Idosos."}, {"id": "5571", "ano": "2018", "numero": "129", "tipo__sigla": "REQ", "tipo__descricao": "Requerimento", "autoria": "Cida Marcelino", "texto_original": "http://sapl.lagoadaprata.mg.leg.br/media/sapl/public/materialegislativa/2018/5571/requerimento_129-2018_-_cida_-_iuminacao_trecho_30veDxf.pdf", "ementa": "que seja enviado of\u00edcio ao Chefe do Poder Executivo,\r\nencaminhando o presente Requerimento, que solicita \u00e0 Secret\u00e1ria de Obras e Urbanismo,\r\nSra. Anita de Bessas Adonin, que informe a esta Casa se h\u00e1 possibilidade de\r\nse colocar postes de energia el\u00e9trica, com as respectivas lumin\u00e1rias, nos seguintes\r\ntrechos de vias p\u00fablicas: Na Rua Jo\u00e3o Jafar, entre a Rua Santa Catarina e a Av.\r\nMinas Gerais; e na Rua Dona Tinoca, entre a Av. Dona Alexandrina e a Av. Brasil."}, {"id": "5572", "ano": "2018", "numero": "130", "tipo__sigla": "REQ", "tipo__descricao": "Requerimento", "autoria": "Cida Marcelino", "texto_original": "http://sapl.lagoadaprata.mg.leg.br/media/sapl/public/materialegislativa/2018/5572/requerimento_130-2018_-_cida_-_retirada_de_tram_0P89UxY.pdf", "ementa": "requerer a retirada de tramita\u00e7\u00e3o e consequente arquivamento, do\r\nProjeto de Lei Complementar CM n\u00ba 08/2018, que \u201cALTERA A LEI COMPLEMENTAR\r\nMUNICIPAL N\u00ba 05/1991, QUE INSTITUI O C\u00d3DIGO DE POSTURAS DO\r\nMUNIC\u00cdPIO DE LAGOA DA PRATA\u201d."}, {"id": "5573", "ano": "2018", "numero": "131", "tipo__sigla": "REQ", "tipo__descricao": "Requerimento", "autoria": "Preto", "texto_original": "http://sapl.lagoadaprata.mg.leg.br/media/sapl/public/materialegislativa/2018/5573/requerimento_131-2018_-_preto_-_solicita_o_adia_adNxe7Y.pdf", "ementa": "requer a Vossa Excel\u00eancia,\r\nconsultado o Plen\u00e1rio, seja adiada para a pr\u00f3xima reuni\u00e3o ordin\u00e1ria, a Primeira Discuss\u00e3o\r\ne Vota\u00e7\u00e3o do Projeto de Lei CM n\u00ba 15/2018 que que \u201cINSTITUI NO CALEND\u00c1RIO DE\r\nEVENTOS DO MUNIC\u00cdPIO O M\u00caS MAIO \u2013 AMARELO - PREVEN\u00c7\u00c3O DE ACIDENTES\u201d."}, {"id": "5574", "ano": "2018", "numero": "132", "tipo__sigla": "REQ", "tipo__descricao": "Requerimento", "autoria": "Adriano Moreira", "texto_original": "http://sapl.lagoadaprata.mg.leg.br/media/sapl/public/materialegislativa/2018/5574/requerimento_132-2018_moreira_-_camera_olho_vivo_03-09.pdf", "ementa": "que seja enviado of\u00edcio ao Chefe do Poder Executivo\r\nMunicipal encaminhando o presente Requerimento, que solicita ao Secret\u00e1rio de\r\nAdministra\u00e7\u00e3o e Governo, bem como \u00e0 Secret\u00e1ria de Obras e Urbanismo, que\r\ninformem a esta Casa, se h\u00e1 possibilidade de se instalar c\u00e2meras do Sistema \u201cOlho\r\nVivo\u201d na Rua Divin\u00f3polis, em pontos estrat\u00e9gicos a serem definidos pela Pol\u00edcia\r\nMilitar e Guarda Civil Municipal, em especial nas entradas para o Conjunto\r\nHabitacional do Bairro Am\u00e9rico Silva."}, {"id": "5575", "ano": "2018", "numero": "133", "tipo__sigla": "REQ", "tipo__descricao": "Requerimento", "autoria": "Professor Elias Izaias", "texto_original": "http://sapl.lagoadaprata.mg.leg.br/media/sapl/public/materialegislativa/2018/5575/requerimento_133-2018_elias_-_praca_alfredo_lob_Ok46gow.pdf", "ementa": "que seja enviado of\u00edcio ao Chefe do Poder Executivo Municipal\r\nencaminhando o presente Requerimento, que solicita \u00e0 Secret\u00e1ria de Obras e\r\nUrbanismo que informe a esta Casa, se h\u00e1 previs\u00e3o para a execu\u00e7\u00e3o de obras ou\r\nservi\u00e7os visando a implementa\u00e7\u00e3o efetiva da Pra\u00e7a Alfredo Bernardes Lobato, ao\r\nfinal da Rua M\u00e1rio Mendes, no sentido centro / bairro, no Bairro Maria Fernanda II,\r\numa vez que at\u00e9 o momento, existe somente o espa\u00e7o aberto para sua constru\u00e7\u00e3o."}, {"id": "5576", "ano": "2018", "numero": "134", "tipo__sigla": "REQ", "tipo__descricao": "Requerimento", "autoria": "Cida Marcelino", "texto_original": "http://sapl.lagoadaprata.mg.leg.br/media/sapl/public/materialegislativa/2018/5576/requerimento_134-2018_cida_-_asfaltar_a_av_suda_fVm78MM.pdf", "ementa": "que seja enviado of\u00edcio ao Chefe do Poder Executivo\r\nMunicipal encaminhando o presente Requerimento, que solicita ao Secret\u00e1rio de\r\nAdministra\u00e7\u00e3o e Governo, bem como \u00e0 Secret\u00e1ria de Obras e Urbanismo, que\r\ninformem a esta Casa, se h\u00e1 possibilidade de realizar a pavimenta\u00e7\u00e3o asf\u00e1ltica da\r\nAvenida Sud\u00e1rio Felizardo de Castro, no Bairro Sol Nascente."}, {"id": "5577", "ano": "2018", "numero": "135", "tipo__sigla": "REQ", "tipo__descricao": "Requerimento", "autoria": "Cabo Nunes ", "texto_original": "http://sapl.lagoadaprata.mg.leg.br/media/sapl/public/materialegislativa/2018/5577/requerimento_135-2018_-_nunes_-_adia_a_reuniao_03-09.pdf", "ementa": "que a Reuni\u00e3o Ordin\u00e1ria do dia 10 de setembro\r\nde 2018 seja adiada para o dia 11 de setembro de 2018, ter\u00e7a-feira."}, {"id": "5578", "ano": "2018", "numero": "136", "tipo__sigla": "REQ", "tipo__descricao": "Requerimento", "autoria": "Cabo Nunes , Adriano Moreira, Cida Marcelino, Joanes Bosco, Josiane Protetora dos Animais, Lalinho Duzinho, Preto, Professor Elias Izaias, Quelli C\u00e1ssia Couto", "texto_original": "http://sapl.lagoadaprata.mg.leg.br/media/sapl/public/materialegislativa/2018/5578/requerimento_136-2018_-_todos_os_vereadores_-_c_NPBgDc8.pdf", "ementa": "nos termos do Artigo 2\u00ba da Resolu\u00e7\u00e3o desta\r\nCasa de n\u00ba 755/2017, que \u201cInstitui na C\u00e2mara Municipal de Lagoa da Prata a\r\nComenda S\u00e3o Francisco de Assis\u201d, v\u00eam apresentar os nomes a serem agraciados\r\ncom a referida comenda para aprova\u00e7\u00e3o do Plen\u00e1rio:\r\nBruno Leopoldo Malta;\r\nCarla Fernanda Batista Borges;\r\nEdilamar Pinto Ribeiro;\r\nElza Marta Lino;\r\nHamilton Silva;\r\nIsabel L\u00facia Robadel;\r\nM\u00f4nica Urban de Menezes Machado;\r\nRos\u00e2ngela Bernardes Delgado;\r\nT\u00e2nia Bernardes Castro."}, {"id": "5594", "ano": "2018", "numero": "137", "tipo__sigla": "REQ", "tipo__descricao": "Requerimento", "autoria": "Preto", "texto_original": "http://sapl.lagoadaprata.mg.leg.br/media/sapl/public/materialegislativa/2018/5594/requerimento_137-2018_-_preto_-_onibus_na_garagem_11-09.pdf", "ementa": "que seja enviado of\u00edcio ao Chefe do Poder Executivo\r\nMunicipal, encaminhando este Requerimento, que solicita ao Secret\u00e1rio de\r\nTransportes e Limpeza P\u00fablica, que informe a esta Casa sobre o andamento do\r\nprocesso de regulariza\u00e7\u00e3o da documenta\u00e7\u00e3o de um \u00f4nibus escolar, que se encontra\r\nparado no p\u00e1tio da garagem municipal, o qual foi recebido pelo munic\u00edpio por\r\nindica\u00e7\u00e3o de um Deputado, atendendo pedido dos Vereadores Preto e Adriano\r\nMoreira."}, {"id": "5595", "ano": "2018", "numero": "138", "tipo__sigla": "REQ", "tipo__descricao": "Requerimento", "autoria": "Adriano Moreira", "texto_original": "http://sapl.lagoadaprata.mg.leg.br/media/sapl/public/materialegislativa/2018/5595/requerimento_138-2018_moreira_policia_militar_-_bxpQvkg.pdf", "ementa": "que seja enviado of\u00edcio ao Comandante da 107\u00aa\r\nCompanhia da Pol\u00edcia Militar, solicitando ao mesmo que indique ao Executivo\r\nMunicipal a necessidade de se instalar c\u00e2meras do Sistema \u201cOlho Vivo\u201d na Rua\r\nDivin\u00f3polis, em pontos estrat\u00e9gicos a serem definidos pela Pol\u00edcia Militar,\r\nespecialmente nas entradas para o Conjunto Habitacional do Bairro Am\u00e9rico Silva."}, {"id": "5596", "ano": "2018", "numero": "139", "tipo__sigla": "REQ", "tipo__descricao": "Requerimento", "autoria": "Cida Marcelino", "texto_original": "http://sapl.lagoadaprata.mg.leg.br/media/sapl/public/materialegislativa/2018/5596/requerimento_139-2018_cida_-_transparencia_11-09.pdf", "ementa": "que seja enviado of\u00edcio ao Chefe do Poder Executivo\r\nMunicipal encaminhando o presente Requerimento, que solicita ao Secret\u00e1rio de\r\nAdministra\u00e7\u00e3o e Governo, que informe a esta Casa se h\u00e1 possibilidade de se\r\ndisponibilizar no site de transpar\u00eancia do Munic\u00edpio, a rela\u00e7\u00e3o dos servidores\r\np\u00fablicos municipais, tanto efetivos, quanto comissionados e contratados\r\ntemporariamente, em uma tabela com as informa\u00e7\u00f5es completas em rela\u00e7\u00e3o aos\r\nmesmos, como: local de trabalho, jornada de trabalho e remunera\u00e7\u00e3o, de forma a\r\npermitir uma r\u00e1pida consulta e n\u00e3o somente por meio de pesquisa nominal e\r\nindividual, conforme hoje fica disponibilizado no site."}, {"id": "5613", "ano": "2018", "numero": "140", "tipo__sigla": "REQ", "tipo__descricao": "Requerimento", "autoria": "Joanes Bosco", "texto_original": "http://sapl.lagoadaprata.mg.leg.br/media/sapl/public/materialegislativa/2018/5613/requerimento_140-2018_-_joanes_-_rotatoria_e_si_F305qjj.pdf", "ementa": "que se envie of\u00edcio ao Chefe do Poder\r\nExecutivo Municipal encaminhando o presente Requerimento, que solicita ao\r\nSecret\u00e1rio de Transportes e Limpeza P\u00fablica, que informe a esta Casa se h\u00e1\r\npossibilidade de se implantar rotat\u00f3ria e devida sinaliza\u00e7\u00e3o de solo e com placas no\r\ncruzamento das ruas Bahia, Joaquim Gomes Bernardes Filho e Avenida Almirante\r\nTamandar\u00e9, nesta cidade."}, {"id": "5614", "ano": "2018", "numero": "141", "tipo__sigla": "REQ", "tipo__descricao": "Requerimento", "autoria": "Professor Elias Izaias, Cida Marcelino, Joanes Bosco, Quelli C\u00e1ssia Couto", "texto_original": "http://sapl.lagoadaprata.mg.leg.br/media/sapl/public/materialegislativa/2018/5614/requerimento_141-2018_-_elias_e_outros_-_ubs_ba_4glctXM.pdf", "ementa": "que solicita \u00e0\r\nSecretaria Municipal de Obras e Urbanismo que informe a esta Casa se j\u00e1 foram\r\ntomadas provid\u00eancias no sentido de interpelar o representante legal da construtora\r\nrespons\u00e1vel pela constru\u00e7\u00e3o da Unidade B\u00e1sica de Sa\u00fade do Bairro Gomes, no\r\nsentido de reparar as avarias existentes no mencionado pr\u00e9dio, caso esteja ainda\r\nprotegido pela garantia contratual."}, {"id": "5615", "ano": "2018", "numero": "142", "tipo__sigla": "REQ", "tipo__descricao": "Requerimento", "autoria": "Cida Marcelino, Joanes Bosco, Professor Elias Izaias", "texto_original": "http://sapl.lagoadaprata.mg.leg.br/media/sapl/public/materialegislativa/2018/5615/requerimento_142-2018_cida_e_outros_-_paulene___zt232Tl.pdf", "ementa": "solicita \u00e0 Secret\u00e1ria\r\nMunicipal de Educa\u00e7\u00e3o, Sra. Paulene M\u00e1rcia Andrade e Silva, que informe a esta\r\nCasa:\r\n1 \u2013 Os fundamentos para a transfer\u00eancia das crian\u00e7as das creches Madrinha\r\nNonoia, Clara Luciano e Maria Belarmino para a Creche Pr\u00f3-inf\u00e2ncia, em vez\r\nde abrir novas vagas nesta \u00faltima para atender a fila de espera existente;\r\n2 \u2013 As creches Madrinha Nonoia, Clara Luciano e Maria Belarmina\r\nser\u00e3o fechadas e extintas?\r\n3 - A Creche Madrinha Nonoia II, localizada no Bairro Am\u00e9rico Silva,\r\ncontinuar\u00e1 com o nome caso a Creche Madrinha Nonoia I for extinta?"}, {"id": "5616", "ano": "2018", "numero": "143", "tipo__sigla": "REQ", "tipo__descricao": "Requerimento", "autoria": "Quelli C\u00e1ssia Couto", "texto_original": "http://sapl.lagoadaprata.mg.leg.br/media/sapl/public/materialegislativa/2018/5616/requerimento_143-2018_quelli_-_creche_madrinha_nonoia.pdf", "ementa": "seja enviado of\u00edcio \u00e0 Secret\u00e1ria de Educa\u00e7\u00e3o, Senhora\r\nPaulene M\u00e1rcia Andrade e Silva, encaminhando o presente Requerimento, que\r\nsolicita \u00e0 mesma que responda a esta Casa se existe Planejamento dentro da\r\nSecretaria de Educa\u00e7\u00e3o, de se construir nova sede de Creche para atender as\r\nfam\u00edlias do bairro Gomes e seus adjacentes."}, {"id": "5617", "ano": "2018", "numero": "144", "tipo__sigla": "REQ", "tipo__descricao": "Requerimento", "autoria": "Preto", "texto_original": "http://sapl.lagoadaprata.mg.leg.br/media/sapl/public/materialegislativa/2018/5617/requerimento_144-2018_-_preto_-_contracao_tempo_q4kHsAD.pdf", "ementa": "que seja enviado of\u00edcio ao Chefe do Poder Executivo\r\nMunicipal, encaminhando este Requerimento, que solicita ao Secret\u00e1rio de\r\nAdministra\u00e7\u00e3o e Governo, que informe a esta Casa, quais os motivos impedem o\r\nmunic\u00edpio de Lagoa da Prata contratar servidores, temporariamente, para algumas\r\n\u00e1reas imprescind\u00edveis, onde a presta\u00e7\u00e3o do servi\u00e7o ao cidad\u00e3o n\u00e3o pode ser\r\ninterrompida, como, sa\u00fade e educa\u00e7\u00e3o e h\u00e1 falta de profissionais."}, {"id": "5618", "ano": "2018", "numero": "145", "tipo__sigla": "REQ", "tipo__descricao": "Requerimento", "autoria": "Joanes Bosco", "texto_original": "http://sapl.lagoadaprata.mg.leg.br/media/sapl/public/materialegislativa/2018/5618/requerimento_145-2018_-_joanes_-_postes_proximo_qZSmxGC.pdf", "ementa": "que se envie of\u00edcio ao Chefe do Poder\r\nExecutivo Municipal encaminhando o presente Requerimento, que solicita \u00e0\r\nSecret\u00e1ria de Obras e Urbanismo, que informe a esta Casa se h\u00e1 possibilidade de\r\nse providenciar a coloca\u00e7\u00e3o de dois postes de energia el\u00e9trica, com as respectivas\r\nlumin\u00e1rias, na Rua Jo\u00e3o Ant\u00f4nio de Oliveira, pr\u00f3ximo \u00e0 Igreja S\u00e3o Sebasti\u00e3o, no\r\nBairro Maria Fernanda I, nesta cidade."}, {"id": "5619", "ano": "2018", "numero": "146", "tipo__sigla": "REQ", "tipo__descricao": "Requerimento", "autoria": "Cabo Nunes , Adriano Moreira, Cida Marcelino, Joanes Bosco, Josiane Protetora dos Animais, Lalinho Duzinho, Preto, Professor Elias Izaias, Quelli C\u00e1ssia Couto", "texto_original": "http://sapl.lagoadaprata.mg.leg.br/media/sapl/public/materialegislativa/2018/5619/requerimento_146-2018_-_vereadores_mirins.pdf", "ementa": "que seja enviado of\u00edcio ao Chefe do Poder\r\nExecutivo Municipal encaminhando o presente Requerimento, fruto do trabalho\r\ndos VEREADORES MIRINS, que solicita aos Ilustres Secret\u00e1rios Municipais abaixo\r\nmencionados, cada um em sua respectiva \u00e1rea de atua\u00e7\u00e3o, que informem o\r\nseguinte:\r\n1 \u2013 Aos Secret\u00e1rios de Sa\u00fade e Educa\u00e7\u00e3o:\r\nSe h\u00e1 possibilidade de se realizar uma campanha, com palestras sobre\r\nvacina\u00e7\u00e3o, drogas e doen\u00e7as sexualmente transmiss\u00edveis, em todas as escolas do\r\nmunic\u00edpio, do 6\u00b0 ao 9\u00b0 ano do ensino fundamental e ensino m\u00e9dio.\r\n2 \u2013 Aos Secret\u00e1rios de Administra\u00e7\u00e3o e Governo e Obras e Urbanismo:\r\nSe h\u00e1 possibilidade da cria\u00e7\u00e3o e desenvolvimento de rede de ciclovias ou\r\nciclo faixas, nas vias p\u00fablicas de nossa cidade.\r\n3 \u2013 Aos Secret\u00e1rios de Meio Ambiente e de Transportes e Limpeza P\u00fablica:\r\nSe h\u00e1 possibilidade de se instalar lixeiras em alguns pontos do bairro Chico\r\nMiranda, nesta cidade, em local a ser definido pela Secretaria Municipal competente,\r\nde modo a garantir a limpeza das ruas e facilitar o trabalho dos Garis."}, {"id": "5622", "ano": "2018", "numero": "147", "tipo__sigla": "REQ", "tipo__descricao": "Requerimento", "autoria": "Quelli C\u00e1ssia Couto", "texto_original": "http://sapl.lagoadaprata.mg.leg.br/media/sapl/public/materialegislativa/2018/5622/requerimento_147-2018_-_quelli_-_icms_esportivo.pdf", "ementa": "que seja enviado of\u00edcio ao Chefe do Poder Executivo Municipal,\r\nencaminhando o presente Requerimento, que solicita ao Secret\u00e1rio de Desportos,\r\nSr. Vilmar Pereira, solicitando ao mesmo que informe a esta Casa o seguinte:\r\n1 - Quais projetos esportivos recebem apoio e recursos econ\u00f4micos da Secretaria\r\nde Desportos, assim como os eventos esportivos que de alguma maneira somam para o\r\nrecebimento por parte do munic\u00edpio de recursos da Secretaria Estadual de Esportes em\r\nforma de ICMS Esportivo;\r\n2 \u2013 Os valores do ICMS Esportivo que foram enviados ao Munic\u00edpio de 2013 at\u00e9 o\r\nmomento;\r\n3 - Quais atletas e suas modalidades esportivas recebem o Bolsa Atleta, bem\r\ncomo os valores repassados a cada um."}, {"id": "5623", "ano": "2018", "numero": "148", "tipo__sigla": "REQ", "tipo__descricao": "Requerimento", "autoria": "Cabo Nunes ", "texto_original": "http://sapl.lagoadaprata.mg.leg.br/media/sapl/public/materialegislativa/2018/5623/requerimento_148-2018_-_nunes_-_limpeza_canalet_aOtmEnN.pdf", "ementa": "que seja enviado of\u00edcio ao Chefe do Poder Executivo\r\nMunicipal encaminhando o presente Requerimento, que solicita ao Secret\u00e1rio de\r\nAdministra\u00e7\u00e3o e Governo, bem como ao de Transportes e Limpeza P\u00fablica, a\r\nnecessidade de se realizar a limpeza e manuten\u00e7\u00e3o preventiva da canaleta de\r\nescoamento de \u00e1gua pluvial pr\u00f3ximo \u00e0 linha de ferro, que desce at\u00e9 a cachoeira, no\r\nDistrito de Martins Guimar\u00e3es, neste munic\u00edpio."}, {"id": "5624", "ano": "2018", "numero": "149", "tipo__sigla": "REQ", "tipo__descricao": "Requerimento", "autoria": "Preto", "texto_original": "http://sapl.lagoadaprata.mg.leg.br/media/sapl/public/materialegislativa/2018/5624/requerimento_149-2018_preto_-_jr_-_insalubridade_01-10.pdf", "ementa": "que solicita ao Secret\u00e1rio de Sa\u00fade e ao\r\nSecret\u00e1rio de Administra\u00e7\u00e3o e Governo, informem a esta Casa, se h\u00e1 possibilidade do\r\npagamento do Adicional de Insalubridade a todos os servidores p\u00fablicos municipais\r\nlotados na Secretaria de Sa\u00fade, em qualquer de suas unidades, considerando que alguns\r\nservidores recebem e outros n\u00e3o, apesar de atuarem sob os mesmos riscos."}, {"id": "5625", "ano": "2018", "numero": "150", "tipo__sigla": "REQ", "tipo__descricao": "Requerimento", "autoria": "Cida Marcelino", "texto_original": "http://sapl.lagoadaprata.mg.leg.br/media/sapl/public/materialegislativa/2018/5625/requerimento_150-2018_cida_-_convoca_fabao_08-10.pdf", "ementa": "que seja enviado of\u00edcio ao Chefe do Poder Executivo\r\nMunicipal, convocando o Servidor F\u00e1bio Pereira Borges a comparecer a esta Casa,\r\nno prazo regimental, para tratar de assuntos referentes \u00e0 sua \u00e1rea de trabalho, em\r\nespecial:\r\nse s\u00e3o verdadeiras as informa\u00e7\u00f5es trazidas at\u00e9 esta Vereadora de que\r\nreferido servidor maltrata as servidoras que atuam na limpeza e no caminh\u00e3o\r\ncompactador de lixo; se tamb\u00e9m \u00e9 verdade que servidores da coleta de lixo\r\ntrabalham \u00e0 noite, al\u00e9m da jornada normal de trabalho, sem receber hora extra, a\r\nmando de F\u00e1bio; por fim, se s\u00e3o verdadeiras as informa\u00e7\u00f5es de que F\u00e1bio obriga\r\nalgumas servidoras a exercerem atribui\u00e7\u00f5es para as quais n\u00e3o possuem condi\u00e7\u00f5es,\r\npor quest\u00e3o f\u00edsica at\u00e9, causando \u00e0s mesmas situa\u00e7\u00f5es constrangedoras e at\u00e9\r\nproblemas de sa\u00fade, como psicol\u00f3gicos."}, {"id": "5661", "ano": "2018", "numero": "151", "tipo__sigla": "REQ", "tipo__descricao": "Requerimento", "autoria": "Preto", "texto_original": "http://sapl.lagoadaprata.mg.leg.br/media/sapl/public/materialegislativa/2018/5661/requerimento_151-2018_-_preto_-_tombamento_do_c_YswMKpS.pdf", "ementa": "que solicita ao Secret\u00e1rio Municipal de\r\nCultura e Turismo, que informe a esta Casa sobre a possibilidade da realiza\u00e7\u00e3o de\r\nestudos para o \u201cTombamento\u201d do \u201cCasar\u00e3o do Chico Cadeado\u201d, localizado no\r\nloteamento das Palmeiras, neste Munic\u00edpio, como bem material do Patrim\u00f4nio,\r\nHist\u00f3rico, Arquitet\u00f4nico e Cultural de Lagoa da Prata."}, {"id": "5662", "ano": "2018", "numero": "152", "tipo__sigla": "REQ", "tipo__descricao": "Requerimento", "autoria": "Adriano Moreira", "texto_original": "http://sapl.lagoadaprata.mg.leg.br/media/sapl/public/materialegislativa/2018/5662/requerimento_152-2018_-_moreira_-_limpeza_no_di_mGaf0U1.pdf", "ementa": "solicita ao Secret\u00e1rio de Transportes e\r\nLimpeza P\u00fablica, que informe a esta Casa se h\u00e1 possibilidade de se realizar uma\r\nlimpeza geral no Distrito de Martins Guimar\u00e3es, bem como designar um empregado\r\np\u00fablico municipal para ficar respons\u00e1vel pela limpeza e manuten\u00e7\u00e3o di\u00e1ria da Pra\u00e7a\r\nP\u00fablica situada no referido Distrito."}, {"id": "5663", "ano": "2018", "numero": "153", "tipo__sigla": "REQ", "tipo__descricao": "Requerimento", "autoria": "Quelli C\u00e1ssia Couto", "texto_original": "http://sapl.lagoadaprata.mg.leg.br/media/sapl/public/materialegislativa/2018/5663/requerimento_153-2018_-_quelli_-_transporte_alt_lXfHC0E.pdf", "ementa": "solicita ao Secret\u00e1rio de Sa\u00fade, Sr. Geraldo\r\nMangelo de Almeida, que informe a esta Casa se existem crit\u00e9rios pr\u00e9 estabelecidos para\r\nque o Munic\u00edpio possa proceder ao transporte de pacientes em alta hospitalar, SUS/\r\nConv\u00eanios ou particulares, ou ainda, transfer\u00eancia de pacientes para interna\u00e7\u00e3o hospitalar\r\nem outra localidade, especialmente quando o transporte a ser realizado tenha que ser\r\nfeito por ambul\u00e2ncia. E, se existindo tais crit\u00e9rios, ou mesmo lei ou portaria que impe\u00e7a o\r\nmunic\u00edpio de realizar tal transporte, que envie a esta Casa, c\u00f3pia dos mesmos."}, {"id": "5664", "ano": "2018", "numero": "154", "tipo__sigla": "REQ", "tipo__descricao": "Requerimento", "autoria": "Preto", "texto_original": "http://sapl.lagoadaprata.mg.leg.br/media/sapl/public/materialegislativa/2018/5664/requerimento_154-2018_-_preto_-_identificacao_v_B0yQ7vC.pdf", "ementa": "solicita \u00e0 Secret\u00e1ria de\r\nObras e Urbanismo, que informe a esta Casa se h\u00e1 possibilidade de se colocar os\r\nnomes das vias p\u00fablicas do Bairro Cidade Nova."}, {"id": "5665", "ano": "2018", "numero": "155", "tipo__sigla": "REQ", "tipo__descricao": "Requerimento", "autoria": "Cabo Nunes , Preto", "texto_original": "http://sapl.lagoadaprata.mg.leg.br/media/sapl/public/materialegislativa/2018/5665/requerimento_155-2018_nunes_-_redutores_de_velo_oDWpiOr.pdf", "ementa": "solicita \u00e0 Secret\u00e1ria de\r\nObras e Urbanismo, bem como ao Secret\u00e1rio de Transportes e Limpeza P\u00fablica,\r\nque informem a esta Casa se h\u00e1 possibilidade de se colocar Redutores de\r\nVelocidade na Rua Maria C\u00e2ndida de Paulo, na entrada do Bairro Cidade Nova, em\r\nfrente a esta\u00e7\u00e3o elevat\u00f3ria do SAAE/LP, nesta cidade, com a devida sinaliza\u00e7\u00e3o."}, {"id": "5666", "ano": "2018", "numero": "156", "tipo__sigla": "REQ", "tipo__descricao": "Requerimento", "autoria": "Adriano Moreira", "texto_original": "http://sapl.lagoadaprata.mg.leg.br/media/sapl/public/materialegislativa/2018/5666/requerimento_156-2018_-_adriano_moreira_passage_azGxTXK.pdf", "ementa": "solicita ao Secret\u00e1rio Municipal de\r\nTransportes e Limpeza P\u00fablica, bem como \u00e0 Secret\u00e1ria de Obras e Urbanismo, que\r\ninformem a esta Casa se h\u00e1 possibilidade de se colocar passagem elevada para\r\npedestres nas proximidades do Hospital S\u00e3o Carlos e em frente \u00e0 Unidade de\r\nPronto Atendimento \u2013 UPA - Municipal."}, {"id": "5667", "ano": "2018", "numero": "157", "tipo__sigla": "REQ", "tipo__descricao": "Requerimento", "autoria": "Cida Marcelino", "texto_original": "http://sapl.lagoadaprata.mg.leg.br/media/sapl/public/materialegislativa/2018/5667/requerimento_157-2018_cida_-_ponto_eletronico_22-10.pdf", "ementa": "solicita aos Secret\u00e1rios\r\nde Administra\u00e7\u00e3o e Governo, Transportes e Limpeza P\u00fablica e ainda, \u00e0 Secret\u00e1ria\r\nde Obras e Urbanismo, que informem a esta Casa se h\u00e1 possibilidade de se\r\nimplantar, o mais breve poss\u00edvel e de forma obrigat\u00f3ria, o uso do Rel\u00f3gio de Ponto\r\nDigital para todos os servidores p\u00fablicos municipais, com a aquisi\u00e7\u00e3o de m\u00e1quinas\r\nque registram o ponto sem fio, de forma remota, para aqueles que trabalham em situa\u00e7\u00f5es\r\nque inviabilizam o registro em seus setores."}, {"id": "5668", "ano": "2018", "numero": "158", "tipo__sigla": "REQ", "tipo__descricao": "Requerimento", "autoria": "Preto", "texto_original": "http://sapl.lagoadaprata.mg.leg.br/media/sapl/public/materialegislativa/2018/5668/requerimento_158-2018_-_preto_-__manutencao_de__zd70L6N.pdf", "ementa": "solicita ao Secret\u00e1rio de\r\nSa\u00fade que informe a esta Casa, se h\u00e1 possibilidade de se realizar reparos e\r\nmanuten\u00e7\u00f5es nos bebedouros e ventiladores de todas as Unidades B\u00e1sicas de\r\nSa\u00fade \u2013 UBS - e caso os bens estejam inserv\u00edveis, realizar o devido processo de\r\ncompra de novos bebedouros e ventiladores, o mais breve poss\u00edvel."}, {"id": "5669", "ano": "2018", "numero": "159", "tipo__sigla": "REQ", "tipo__descricao": "Requerimento", "autoria": "Cabo Nunes , Lalinho Duzinho", "texto_original": "http://sapl.lagoadaprata.mg.leg.br/media/sapl/public/materialegislativa/2018/5669/requerimento_159-2018_nunes_e_lalinho_-_secreta_OMPfGBW.pdf", "ementa": "seja enviado of\u00edcio ao Chefe do Poder Executivo Municipal\r\nencaminhando o presente Requerimento, ao Secret\u00e1rio Municipal de Desportos,\r\nSr Vilmar Pereira, que nos informe se h\u00e1 possibilidades de se realizar manuten\u00e7\u00e3o na\r\nquadra poliesportiva do Bairro Gomes em especial ilumina\u00e7\u00e3o, cobertura e bebedouro."}, {"id": "5670", "ano": "2018", "numero": "160", "tipo__sigla": "REQ", "tipo__descricao": "Requerimento", "autoria": "Cida Marcelino", "texto_original": "http://sapl.lagoadaprata.mg.leg.br/media/sapl/public/materialegislativa/2018/5670/requerimento_160-2018_cida_-_gastos_da_camionete_29-10.pdf", "ementa": "solicita ao Secret\u00e1rio de\r\nTransportes e Limpeza P\u00fablica, que informe a esta Casa o valor gasto nos \u00faltimos\r\ntr\u00eas meses (julho, agosto e setembro de 2018) com combust\u00edvel, detalhando os\r\nvalores m\u00eas a m\u00eas, referente ao ve\u00edculo de placas HLF-6377, de propriedade do\r\nMunic\u00edpio."}, {"id": "5671", "ano": "2018", "numero": "161", "tipo__sigla": "REQ", "tipo__descricao": "Requerimento", "autoria": "Adriano Moreira", "texto_original": "http://sapl.lagoadaprata.mg.leg.br/media/sapl/public/materialegislativa/2018/5671/requerimento_161-2018_-_adriano_moreira_-_polic_TkGHRCA.pdf", "ementa": "seja enviado of\u00edcio ao Comandante da 107\u00aa Companhia da\r\nPol\u00edcia Militar local e ao Diretor da Guarda Civil Municipal, solicitando aos mesmos\r\nque informem a esta Casa, se h\u00e1 possibilidade de se refor\u00e7ar o policiamento\r\nostensivo, principalmente em per\u00edodo noturno, pr\u00f3ximo \u00e0 quadra poliesportiva do\r\nBairro Gomes, neste Munic\u00edpio."}, {"id": "5672", "ano": "2018", "numero": "162", "tipo__sigla": "REQ", "tipo__descricao": "Requerimento", "autoria": "Preto", "texto_original": "http://sapl.lagoadaprata.mg.leg.br/media/sapl/public/materialegislativa/2018/5672/requerimento_162-2018_preto_-_jr_audiencia_publ_pBLRNeL.pdf", "ementa": "que seja enviado of\u00edcio ao Chefe do Poder Executivo\r\nMunicipal, convocando a Secret\u00e1ria Municipal de Obras e Urbanismo, Anita de\r\nBessas Adonin, a comparecer a esta Casa, no prazo regimental, para tratar de\r\nassuntos referentes \u00e0 sua \u00e1rea de trabalho, em especial: sobre a situa\u00e7\u00e3o em que\r\nse encontram os pr\u00e9dios p\u00fablicos municipais, visando um trabalho preventivo para\r\nmanuten\u00e7\u00e3o e recupera\u00e7\u00e3o dos mesmos, visando n\u00e3o prejudicar a continuidade dos\r\nservi\u00e7os prestados \u00e0 popula\u00e7\u00e3o."}, {"id": "5673", "ano": "2018", "numero": "163", "tipo__sigla": "REQ", "tipo__descricao": "Requerimento", "autoria": "Joanes Bosco, Adriano Moreira, Cida Marcelino, Josiane Protetora dos Animais, Professor Elias Izaias, Quelli C\u00e1ssia Couto", "texto_original": "http://sapl.lagoadaprata.mg.leg.br/media/sapl/public/materialegislativa/2018/5673/requerimento_163-2018_-_alguns_vereadores_-_ava_10WNYDo.pdf", "ementa": "que determine aos setores competentes desta\r\nCasa, que tomem as devidas provid\u00eancias para a contrata\u00e7\u00e3o de outras tr\u00eas\r\nimobili\u00e1rias, distintas daquelas cujas avalia\u00e7\u00f5es se encontram nos autos do\r\nProcesso Legislativo do Projeto de Lei EM 100/2018 e tamb\u00e9m daquele que vir\u00e1\r\npara autorizar a aquisi\u00e7\u00e3o de um im\u00f3vel no Bairro Chico Miranda, para instala\u00e7\u00e3o de\r\numa Unidade B\u00e1sica de Sa\u00fade."}, {"id": "5674", "ano": "2018", "numero": "164", "tipo__sigla": "REQ", "tipo__descricao": "Requerimento", "autoria": "Cida Marcelino", "texto_original": "http://sapl.lagoadaprata.mg.leg.br/media/sapl/public/materialegislativa/2018/5674/requerimento_164-2018_-_cida_-_combate_a_dengue_05-11.pdf", "ementa": "solicita ao Secret\u00e1rio Municipal de\r\nSa\u00fade e \u00e0 respons\u00e1vel pela Vigil\u00e2ncia em Sa\u00fade, que informem a esta Casa, quais\r\nas medidas est\u00e3o ou ser\u00e3o implementadas visando o combate \u00e0 Dengue e outras\r\ndoen\u00e7as causadas pelo mosquito Aedes Aegypti, em nosso Munic\u00edpio."}, {"id": "5675", "ano": "2018", "numero": "165", "tipo__sigla": "REQ", "tipo__descricao": "Requerimento", "autoria": "Quelli C\u00e1ssia Couto", "texto_original": "http://sapl.lagoadaprata.mg.leg.br/media/sapl/public/materialegislativa/2018/5675/requerimento_165-2018_quelli_-_convoca_servidor_rUnFQx6.pdf", "ementa": "que seja enviado of\u00edcio ao Chefe do Poder Executivo\r\nMunicipal encaminhando o presente Requerimento, que convoca as servidoras\r\nAdriana Elisa Borges, Ione Duarte Teixeira, V\u00e2nia Concei\u00e7\u00e3o da Silva, Gl\u00e9cia\r\nCristina da Silva, Rosilene Aparecida Mendon\u00e7a, e os servidores Bernardo Teixeira\r\nde Amorim Filho e Edmar Vitor dos Santos, todos ocupantes de cargo de provimento\r\nefetivo e que atuam no setor de compras e contrata\u00e7\u00f5es do Munic\u00edpio, bem como o\r\nAdvogado P\u00fablico, Dr. Elvis Ezequiel Aquino de Almeida, a comparecerem a esta\r\nCasa, no prazo regimental, para tratarem de assuntos referentes \u00e0s aquisi\u00e7\u00f5es e\r\ncontrata\u00e7\u00f5es p\u00fablicas municipais, em especial quanto \u00e0 tramita\u00e7\u00e3o dos processos,\r\ndificuldades e obst\u00e1culos encontrados."}, {"id": "5676", "ano": "2018", "numero": "166", "tipo__sigla": "REQ", "tipo__descricao": "Requerimento", "autoria": "Cida Marcelino, Professor Elias Izaias", "texto_original": "http://sapl.lagoadaprata.mg.leg.br/media/sapl/public/materialegislativa/2018/5676/requerimento_166-2018_-_cida_-_convoca_enfermei_Nj2hWyG.pdf", "ementa": "convoca as enfermeiras\r\nchefes das Unidades B\u00e1sicas de Sa\u00fade do Munic\u00edpio de Lagoa da Prata, a\r\ncomparecerem a esta Casa, no prazo regimental, quando dever\u00e3o contar com seis\r\nminutos cada uma, para prestar os seguintes esclarecimentos:\r\n1) Hor\u00e1rio de atendimento dos m\u00e9dicos;\r\n2) Quantas consultas s\u00e3o feitas por dia;\r\n3) Como as consultas s\u00e3o agendadas;\r\n4) Quais s\u00e3o os servi\u00e7os prestados em cada UBS (ex.: curativo, vacina,\r\ntriagem, consulta m\u00e9dica, grupos operativos, exame de preventivo de colo do \u00fatero,\r\naferi\u00e7\u00e3o de press\u00e3o arterial, entre outros);\r\n5) Qual o n\u00famero de servidores em cada unidade;\r\n6) Como \u00e9 feito o fechamento mensal."}, {"id": "5677", "ano": "2018", "numero": "167", "tipo__sigla": "REQ", "tipo__descricao": "Requerimento", "autoria": "Professor Elias Izaias", "texto_original": "http://sapl.lagoadaprata.mg.leg.br/media/sapl/public/materialegislativa/2018/5677/requerimento_167-2018_-_elias_-_abrigo_nos_pont_mMqSPrn.pdf", "ementa": "solicita ao Secret\u00e1rio Municipal de\r\nTransportes e Limpeza P\u00fablica, bem como \u00e0 Secret\u00e1ria de Obras e Urbanismo, que\r\ninformem a esta Casa se h\u00e1 possibilidade de se construir abrigos para passageiros\r\nnos pontos de \u00f4nibus situados nas vias p\u00fablicas municipais."}, {"id": "5678", "ano": "2018", "numero": "168", "tipo__sigla": "REQ", "tipo__descricao": "Requerimento", "autoria": "Joanes Bosco", "texto_original": "http://sapl.lagoadaprata.mg.leg.br/media/sapl/public/materialegislativa/2018/5678/requerimento_168-2018_-_joanes_-_reforma_quadra_bmDWkbA.pdf", "ementa": "solicita \u00e0\r\nSecret\u00e1ria de Obras e Urbanismo, Sra. Anita de Bessas Adonin, que informe a esta\r\nCasa se h\u00e1 possibilidade de se reformar a quadra de esportes do Bairro Nossa\r\nSenhora das Gra\u00e7as, situada na Rua Almirante Tamandar\u00e9, pr\u00f3ximo \u00e0 horta\r\ncomunit\u00e1ria."}, {"id": "5697", "ano": "2018", "numero": "169", "tipo__sigla": "REQ", "tipo__descricao": "Requerimento", "autoria": "Josiane Protetora dos Animais", "texto_original": "http://sapl.lagoadaprata.mg.leg.br/media/sapl/public/materialegislativa/2018/5697/requerimento_169-2018_josiane_-_veiculo_para_zo_sEsOZ1f.pdf", "ementa": "requer a Vossa Excel\u00eancia,\r\nconsultado o Plen\u00e1rio, seja enviado of\u00edcio ao Chefe do Poder Executivo Municipal\r\nencaminhando o presente Requerimento, que solicita ao Secret\u00e1rio de\r\nAdministra\u00e7\u00e3o e Governo e ao Secret\u00e1rio de Sa\u00fade, que informem a esta Casa:\r\n1) Se h\u00e1 possibilidade de se adquirir um ve\u00edculo para o setor de zoonoses;\r\n2) Se a contrata\u00e7\u00e3o do veterin\u00e1rio para realiza\u00e7\u00e3o de castra\u00e7\u00f5es foi conclu\u00edda\r\ncom sucesso;\r\n3) Se h\u00e1 possibilidade de se contratar empresas ou profissionais\r\n(terceirizados) e, caso seja poss\u00edvel, a partir de quando as contrata\u00e7\u00f5es ser\u00e3o\r\niniciadas."}, {"id": "5698", "ano": "2018", "numero": "170", "tipo__sigla": "REQ", "tipo__descricao": "Requerimento", "autoria": "Cabo Nunes ", "texto_original": "http://sapl.lagoadaprata.mg.leg.br/media/sapl/public/materialegislativa/2018/5698/requerimento_170-2018_nunes_-_vereadores_em_eve_pDrL3FV.pdf", "ementa": "requer a Vossa Excel\u00eancia que seja enviado of\u00edcio ao Chefe do Poder\r\nExecutivo Municipal encaminhando o presente Requerimento, que solicita ao\r\nSecret\u00e1rio de Administra\u00e7\u00e3o e Governo que informe a esta Casa o seguinte: quando\r\nh\u00e1 eventos promovidos por alguma secretaria municipal, com convite \u00e0 C\u00e2mara\r\nMunicipal para que envie um representante, se h\u00e1 por parte da Administra\u00e7\u00e3o,\r\norienta\u00e7\u00e3o no sentido de se respeitar o Vereador presente, inclusive o convidando\r\npara compor a mesa, quando for o caso."}, {"id": "5699", "ano": "2018", "numero": "171", "tipo__sigla": "REQ", "tipo__descricao": "Requerimento", "autoria": "Cabo Nunes , Adriano Moreira, Cida Marcelino, Joanes Bosco, Josiane Protetora dos Animais, Lalinho Duzinho, Preto, Professor Elias Izaias, Quelli C\u00e1ssia Couto", "texto_original": "http://sapl.lagoadaprata.mg.leg.br/media/sapl/public/materialegislativa/2018/5699/requerimento_171-2018_-_vereadores_mirins_19-11.pdf", "ementa": "requerem a Vossa\r\nExcel\u00eancia, consultado o Plen\u00e1rio, que seja enviado of\u00edcio ao Chefe do Poder\r\nExecutivo Municipal encaminhando o presente Requerimento, fruto do trabalho\r\ndos VEREADORES MIRINS, que solicita aos Ilustres Secret\u00e1rios Municipais abaixo\r\nmencionados, cada um em sua respectiva \u00e1rea de atua\u00e7\u00e3o, que informem o\r\nseguinte:\r\n1 \u2013 Ao Secret\u00e1rio de Sa\u00fade:\r\nSe h\u00e1 possibilidade dos laborat\u00f3rios contratados com o munic\u00edpio serem\r\nobrigados a realizar a coleta de materiais para exames laboratoriais de idosos ou\r\nportadores de necessidades especiais em suas resid\u00eancias.\r\nSe h\u00e1 possibilidade de implementa\u00e7\u00e3o do \u201cOdontom\u00f3vel\u201d nas escolas, uma\r\nvez que isso j\u00e1 aconteceu e foi de grande import\u00e2ncia para o munic\u00edpio;\r\n2 \u2013 Aos Secret\u00e1rios de Administra\u00e7\u00e3o e Governo e Obras e Urbanismo:\r\nSe h\u00e1 possibilidade de se colocar uma rotat\u00f3ria na Avenida Brasil, na esquina\r\ndo novo estabelecimento Supermercados BH;\r\n3 \u2013 Aos Secret\u00e1rios de Administra\u00e7\u00e3o e Governo e Obras e Urbanismo:\r\nSe h\u00e1 possibilidade de se implantar estacionamento rotativo na Pra\u00e7a da\r\nMatriz."}, {"id": "5700", "ano": "2018", "numero": "172", "tipo__sigla": "REQ", "tipo__descricao": "Requerimento", "autoria": "Quelli C\u00e1ssia Couto", "texto_original": "http://sapl.lagoadaprata.mg.leg.br/media/sapl/public/materialegislativa/2018/5700/requerimento_172-2018_quelli_-_convoca_defesa_c_RMhzjnQ.pdf", "ementa": "requer a Vossa Excel\u00eancia,\r\nconsultado o Plen\u00e1rio, que seja enviado of\u00edcio ao Chefe do Poder Executivo\r\nMunicipal encaminhando o presente Requerimento, que convoca o Coordenador da\r\nDefesa Civil Municipal \u2013 COMDEC, Senhor Ant\u00f4nio Juarez de Castro, para que\r\ncompare\u00e7a a esta Casa, no prazo regimental, para tratar de assuntos relacionados \u00e0\r\natua\u00e7\u00e3o do COMDEC em Lagoa da Prata."}, {"id": "5701", "ano": "2018", "numero": "173", "tipo__sigla": "REQ", "tipo__descricao": "Requerimento", "autoria": "Preto", "texto_original": "http://sapl.lagoadaprata.mg.leg.br/media/sapl/public/materialegislativa/2018/5701/requerimento_173-2018_preto_-_secretaria_de_sau_jaFQrxL.pdf", "ementa": "requer a Vossa Excel\u00eancia,\r\nconsultado o Plen\u00e1rio, que seja enviado of\u00edcio ao Chefe do Poder Executivo\r\nMunicipal, encaminhando este Requerimento, que solicita ao Secret\u00e1rio de Sa\u00fade,\r\nque informe a esta Casa, quantas resson\u00e2ncias magn\u00e9ticas e tomografias o\r\nmunic\u00edpio tem disponibilizado, mensalmente, pelo Sistema \u00danico de Sa\u00fade \u2013 SUS e\r\nquantas s\u00e3o custeadas pelo munic\u00edpio, especificando a quantidade disponibilizada\r\npara a Unidade de Pronto Atendimento \u2013 UPA e para a Secretaria de Sa\u00fade."}, {"id": "5702", "ano": "2018", "numero": "174", "tipo__sigla": "REQ", "tipo__descricao": "Requerimento", "autoria": "Adriano Moreira", "texto_original": "http://sapl.lagoadaprata.mg.leg.br/media/sapl/public/materialegislativa/2018/5702/requerimento_174-2018_-_adriano_-_convida_pierr_SxR3914.pdf", "ementa": "requer a Vossa Excel\u00eancia,\r\nconsultado o Plen\u00e1rio, seja enviado of\u00edcio ao Sr. Pierre Siveli Almeida, convidando-o,\r\npara que compare\u00e7a a esta Casa, em Reuni\u00e3o a ser agendada, para tratar sobre a\r\npossibilidade de enquadramento do Servi\u00e7o de Obras Sociais \u2013 SOS, de Lagoa da\r\nPrata, na tarifa social e sobre a possibilidade de se colocar um transformador\r\ntrif\u00e1sico na Rua Jo\u00e3o de Barro, n\u00ba 10, bairro Etelvina Miranda, nesta cidade."}, {"id": "5703", "ano": "2018", "numero": "175", "tipo__sigla": "REQ", "tipo__descricao": "Requerimento", "autoria": "Lalinho Duzinho, Adriano Moreira, Cabo Nunes , Cida Marcelino, Joanes Bosco, Josiane Protetora dos Animais, Preto, Professor Elias Izaias, Quelli C\u00e1ssia Couto", "texto_original": "http://sapl.lagoadaprata.mg.leg.br/media/sapl/public/materialegislativa/2018/5703/requerimento_175-2018_todos_os_vereadores_-_vol_D0nKmLP.pdf", "ementa": "requerem a Vossa\r\nExcel\u00eancia, consultado o Plen\u00e1rio, que seja enviado of\u00edcio ao Chefe do Poder\r\nExecutivo Municipal, encaminhando este Requerimento, que solicita ao Secret\u00e1rio de\r\nSa\u00fade, que informe a esta Casa, os motivos pelos quais, desde 2016, o Munic\u00edpio\r\nn\u00e3o repassa recursos para as comunidades terap\u00eauticas, em especial para a\r\nAssocia\u00e7\u00e3o Feminina de Recupera\u00e7\u00e3o \u2013 ASFER."}, {"id": "5704", "ano": "2018", "numero": "176", "tipo__sigla": "REQ", "tipo__descricao": "Requerimento", "autoria": "Cabo Nunes ", "texto_original": "http://sapl.lagoadaprata.mg.leg.br/media/sapl/public/materialegislativa/2018/5704/requerimento_176-2018_nunes_-_retirada_deposito_Umor1zq.pdf", "ementa": "requer a Vossa Excel\u00eancia,\r\nconsultado o Plen\u00e1rio, seja enviado of\u00edcio ao Chefe do Poder Executivo Municipal,\r\nencaminhando o presente Requerimento, que solicita ao Secret\u00e1rio de Transportes\r\ne Limpeza P\u00fablica, que informe a esta Casa se h\u00e1 possibilidade de se retirar do lote\r\nde terreno situado atr\u00e1s do Poliesportivo Francelino Pereira o descarte e dep\u00f3sito de\r\nlixo e sucatas da Administra\u00e7\u00e3o."}, {"id": "5705", "ano": "2018", "numero": "177", "tipo__sigla": "REQ", "tipo__descricao": "Requerimento", "autoria": "Cida Marcelino", "texto_original": "http://sapl.lagoadaprata.mg.leg.br/media/sapl/public/materialegislativa/2018/5705/requerimento_177-2018_-_cida_-_convoca_sabrina__dhlAmzu.pdf", "ementa": "requer a Vossa Excel\u00eancia,\r\nconsultado o Plen\u00e1rio, que seja enviado of\u00edcio ao Chefe do Poder Executivo\r\nMunicipal encaminhando o presente Requerimento, que convoca a Coordenadora\r\ndas Unidades B\u00e1sicas de Sa\u00fade, Sra. Sabrina Elen de Novaes, a comparecer a esta\r\nCasa, no prazo regimental, para esclarecer aos vereadores e \u00e0 popula\u00e7\u00e3o a respeito\r\nda constru\u00e7\u00e3o da nova Unidade B\u00e1sica de Sa\u00fade do Bairro Am\u00e9rico Silva, em\r\nespecial sobre sua localiza\u00e7\u00e3o, uma vez que segundo fui informada referida sede\r\nest\u00e1 sendo constru\u00edda em uma \u00e1rea que n\u00e3o \u00e9 coberta pela UBS.\r\nQue nos informe ainda, como ficar\u00e1 a situa\u00e7\u00e3o dos moradores do bairro que\r\nn\u00e3o poder\u00e3o ser atendidos na unidade que est\u00e1 sendo constru\u00edda, se a divis\u00e3o do\r\natendimento permanecer da forma como se encontra atualmente."}, {"id": "5706", "ano": "2018", "numero": "178", "tipo__sigla": "REQ", "tipo__descricao": "Requerimento", "autoria": "Preto", "texto_original": "http://sapl.lagoadaprata.mg.leg.br/media/sapl/public/materialegislativa/2018/5706/requerimento_178-2018_preto_-_projeto_aulas_-_c_X1PJbvg.pdf", "ementa": "requer a Vossa Excel\u00eancia,\r\nconsultado o Plen\u00e1rio, que seja enviado of\u00edcio ao Chefe do Poder Executivo\r\nMunicipal, encaminhando este Requerimento, que solicita ao Secret\u00e1rio de Cultura e\r\nTurismo que informe a esta Casa se h\u00e1 possibilidade de se executar um projeto\r\nvisando disponibilizar \u00e0s crian\u00e7as, adolescentes e jovens carentes residentes no\r\nMunic\u00edpio, aulas de dan\u00e7a, teatro, viol\u00e3o, canto e outras atividades art\u00edsticas."}, {"id": "5707", "ano": "2018", "numero": "179", "tipo__sigla": "REQ", "tipo__descricao": "Requerimento", "autoria": "Preto", "texto_original": "http://sapl.lagoadaprata.mg.leg.br/media/sapl/public/materialegislativa/2018/5707/requerimento_179-2018_preto_-_convoca_diretora__8uL9goS.pdf", "ementa": "requer a Vossa Excel\u00eancia,\r\nconsultado o Plen\u00e1rio, que seja enviado of\u00edcio \u00e0 Diretora do Servi\u00e7o Aut\u00f4nomo de\r\n\u00c1gua e Esgoto de Lagoa da Prata \u2013 SAAE-LP, Maria de F\u00e1tima Tavares,\r\nconvocando-a a comparecer a esta Casa, no prazo regimental, para tratar de\r\nassunto relacionado \u00e0 obra a ser executada no C\u00f3rrego Chico Silveira, solicitando\r\nainda, que a mesma traga c\u00f3pia do Contrato referente \u00e0 obra."}, {"id": "5708", "ano": "2018", "numero": "180", "tipo__sigla": "REQ", "tipo__descricao": "Requerimento", "autoria": "Joanes Bosco, Professor Elias Izaias", "texto_original": "http://sapl.lagoadaprata.mg.leg.br/media/sapl/public/materialegislativa/2018/5708/requerimento_180-2018_-_joanes_-_escoamento_agu_k2Lj4OV.pdf", "ementa": "requer a Vossa Excel\u00eancia que se envie of\u00edcio ao Chefe do Poder\r\nExecutivo Municipal encaminhando o presente Requerimento, que solicita \u00e0\r\nSecret\u00e1ria de Obras e Urbanismo, Sra. Anita de Bessas Adonin, que informe a esta\r\nCasa se h\u00e1 possibilidade de se executar interven\u00e7\u00f5es visando solucionar um grave\r\nproblema de escoamento das \u00e1guas pluviais na Avenida Fern\u00e3o Dias, em frente ao\r\nn\u00ba 182, no Bairro Santa Helena, nesta cidade."}, {"id": "5709", "ano": "2018", "numero": "181", "tipo__sigla": "REQ", "tipo__descricao": "Requerimento", "autoria": "Josiane Protetora dos Animais, Cida Marcelino, Joanes Bosco", "texto_original": "http://sapl.lagoadaprata.mg.leg.br/media/sapl/public/materialegislativa/2018/5709/requerimento_181-2018_josiane_e_outros_-_religa_lkqxQvC.pdf", "ementa": "requerem a\r\nVossa Excel\u00eancia, consultado o Plen\u00e1rio, que seja enviado of\u00edcio \u00e0 Diretora do\r\nServi\u00e7o Aut\u00f4nomo de \u00c1gua e Esgoto de Lagoa da Prata \u2013 SAAE-LP, Maria de\r\nF\u00e1tima Tavares, solicitando \u00e0 mesma que informe a esta Casa, se h\u00e1 possibilidade\r\nde se realizar a religa\u00e7\u00e3o de \u00e1gua na pra\u00e7a popularmente denominada de \u201cPra\u00e7a do\r\nBolo\u201d, localizada entre as Ruas Toniquinho Rodrigues e Jos\u00e9 Gon\u00e7alves Paulino, no\r\nBairro Chico Miranda, nesta cidade."}, {"id": "5710", "ano": "2018", "numero": "182", "tipo__sigla": "REQ", "tipo__descricao": "Requerimento", "autoria": "Cida Marcelino, Joanes Bosco", "texto_original": "http://sapl.lagoadaprata.mg.leg.br/media/sapl/public/materialegislativa/2018/5710/requerimento_182-2018_cida_e_joanes_-_olho_vivo_ZsDYHcq.pdf", "ementa": "requerem a Vossa\r\nExcel\u00eancia, consultado o Plen\u00e1rio, que seja enviado of\u00edcio ao Chefe do Poder\r\nExecutivo Municipal, encaminhando o presente Requerimento, que solicita ao\r\nSecret\u00e1rio de Administra\u00e7\u00e3o e Governo, que informe a esta Casa se h\u00e1 possibilidade\r\nde se colocar c\u00e2meras do Sistema \u201cOlho Vivo\u201d na pra\u00e7a popularmente denominada\r\nde \u201cPra\u00e7a do Bolo\u201d, localizada entre as Ruas Toniquinho Rodrigues e Jos\u00e9\r\nGon\u00e7alves Paulino, no Bairro Chico Miranda, nesta cidade, bem como substituir as\r\nl\u00e2mpadas dos postes de ilumina\u00e7\u00e3o que est\u00e3o queimadas."}, {"id": "5711", "ano": "2018", "numero": "183", "tipo__sigla": "REQ", "tipo__descricao": "Requerimento", "autoria": "Lalinho Duzinho", "texto_original": "http://sapl.lagoadaprata.mg.leg.br/media/sapl/public/materialegislativa/2018/5711/requerimento_183-2018__lalinho_-_secretaria_de__d5XgvNn.pdf", "ementa": "requer a Vossa Excel\u00eancia,\r\nconsultado o Plen\u00e1rio, que seja enviado of\u00edcio ao Chefe do Poder Executivo Municipal\r\nencaminhando o presente Requerimento, que solicita \u00e0 Secret\u00e1ria Municipal de Obras\r\ne Urbanismo, Anita de Bessas Adonin, que informe a esta Casa, se h\u00e1 possibilidade de\r\nse desviar o tr\u00e2nsito da Rua Dr. R\u00f4mulo Amorim, na Pra\u00e7a Capit\u00e3o Jos\u00e9 Bahia at\u00e9 o\r\npr\u00e9dio da antiga Esta\u00e7\u00e3o Ferrovi\u00e1ria, de forma que seja constru\u00eddo um cal\u00e7ad\u00e3o\r\nemendando a cal\u00e7ada da referida via p\u00fablica com a cal\u00e7ada da mencionada pra\u00e7a, em\r\nfrente a Pista de Skate e a Quadra de Basquete, pr\u00f3ximo \u00e0 Praia P\u00fablica Municipal."}, {"id": "5712", "ano": "2018", "numero": "184", "tipo__sigla": "REQ", "tipo__descricao": "Requerimento", "autoria": "Adriano Moreira", "texto_original": "http://sapl.lagoadaprata.mg.leg.br/media/sapl/public/materialegislativa/2018/5712/requerimento_184-2018_moreira_-_reforma_piso_ca_v7GI7fu.pdf", "ementa": "requer a Vossa Excel\u00eancia que seja enviado of\u00edcio ao Chefe do Poder Executivo\r\nMunicipal encaminhando o presente Requerimento, que solicita \u00e0 Secret\u00e1ria de\r\nObras e Urbanismo, Anita de Bessas Adonin, que informe a esta Casa se h\u00e1\r\npossibilidade de se executar obras de reforma no piso da cal\u00e7ada no entorno da\r\nPraia P\u00fablica Municipal, em toda sua extens\u00e3o."}, {"id": "5713", "ano": "2018", "numero": "185", "tipo__sigla": "REQ", "tipo__descricao": "Requerimento", "autoria": "Quelli C\u00e1ssia Couto", "texto_original": "http://sapl.lagoadaprata.mg.leg.br/media/sapl/public/materialegislativa/2018/5713/requerimento_185-2018_quelli_-_convoca_pessoal__vYSqhGZ.pdf", "ementa": "requer a Vossa Excel\u00eancia,\r\nconsultado o Plen\u00e1rio, que seja enviado of\u00edcio ao Chefe do Poder Executivo\r\nMunicipal encaminhando o presente Requerimento, que convoca a Secret\u00e1ria\r\nMunicipal de Educa\u00e7\u00e3o, Senhora Paulene M\u00e1rcia Andrade e Silva, bem como as\r\nDiretoras das Escolas, CEMEIs e as Coordenadoras das Creches do Munic\u00edpio,\r\nmembros do Conselho Municipal de Educa\u00e7\u00e3o, cujos nomes seguem em folha\r\nanexa a este Requerimento, para que compare\u00e7am a esta Casa, no prazo\r\nregimental, para tratarem do assunto que foi pauta de reuni\u00e3o citada no of\u00edcio\r\n370/2018, enviado a esta Casa pela Secret\u00e1ria Municipal de Educa\u00e7\u00e3o, onde\r\nsegundo a mesma, chegou-se \u00e0 conclus\u00e3o de que n\u00e3o tem como mais manter nas\r\nescolas estagi\u00e1rios remunerados.\r\nSolicito que seja convocada ou convidada a inspetora citada no mencionado\r\nof\u00edcio, que participou da reuni\u00e3o, caso a mesma seja servidora p\u00fablica municipal ou\r\nn\u00e3o."}, {"id": "5714", "ano": "2018", "numero": "186", "tipo__sigla": "REQ", "tipo__descricao": "Requerimento", "autoria": "Cabo Nunes , Adriano Moreira, Cida Marcelino, Joanes Bosco, Josiane Protetora dos Animais, Lalinho Duzinho, Preto, Professor Elias Izaias, Quelli C\u00e1ssia Couto", "texto_original": "http://sapl.lagoadaprata.mg.leg.br/media/sapl/public/materialegislativa/2018/5714/requerimento_186-2018_-_vereadores_mirins_17-12.pdf", "ementa": "requerem a Vossa\r\nExcel\u00eancia, consultado o Plen\u00e1rio, que seja enviado of\u00edcio ao Chefe do Poder\r\nExecutivo Municipal encaminhando o presente Requerimento, fruto do trabalho\r\ndos VEREADORES MIRINS, que solicita aos Ilustres Secret\u00e1rios Municipais abaixo\r\nmencionados, cada um em sua respectiva \u00e1rea de atua\u00e7\u00e3o, que forne\u00e7am informa\u00e7\u00f5es a esta Casa"}, {"id": "5715", "ano": "2018", "numero": "187", "tipo__sigla": "REQ", "tipo__descricao": "Requerimento", "autoria": "Quelli C\u00e1ssia Couto", "texto_original": "http://sapl.lagoadaprata.mg.leg.br/media/sapl/public/materialegislativa/2018/5715/requerimento_187-2018_quelli_-_antecipa_reunioe_X45JiMl.pdf", "ementa": "requer a Vossa\r\nExcel\u00eancia, consultado o Plen\u00e1rio, que a Reuni\u00e3o Ordin\u00e1ria do dia 24 de dezembro\r\ndo corrente ano seja antecipada para o dia 19 de dezembro de 2018, pr\u00f3xima\r\nquarta-feira e a Reuni\u00e3o Ordin\u00e1ria do dia 31 de dezembro do corrente ano seja\r\nantecipada para o dia 28 de dezembro de 2018, uma sexta-feira."}, {"id": "5716", "ano": "2018", "numero": "188", "tipo__sigla": "REQ", "tipo__descricao": "Requerimento", "autoria": "Adriano Moreira", "texto_original": "http://sapl.lagoadaprata.mg.leg.br/media/sapl/public/materialegislativa/2018/5716/requerimento_188-2018_-_adriano_-_convida_futur_kNbUw5W.pdf", "ementa": "requer a Vossa Excel\u00eancia,\r\nconsultado o Plen\u00e1rio, seja enviado of\u00edcio aos representantes da Funda\u00e7\u00e3o Futura,\r\nconvidando-os para que compare\u00e7am a esta Casa, em Reuni\u00e3o a ser agendada,\r\npara tratar de assuntos relacionados ao museu."}, {"id": "5717", "ano": "2018", "numero": "189", "tipo__sigla": "REQ", "tipo__descricao": "Requerimento", "autoria": "Preto", "texto_original": "http://sapl.lagoadaprata.mg.leg.br/media/sapl/public/materialegislativa/2018/5717/requerimento_189-2018_preto_-_estacionamento_po_jPgOyhL.pdf", "ementa": "requer a Vossa Excel\u00eancia que seja enviado of\u00edcio ao Chefe do Poder\r\nExecutivo Municipal encaminhando o presente Requerimento, que solicita ao\r\nSecret\u00e1rio Municipal de Administra\u00e7\u00e3o e Governo e ao Secret\u00e1rio de Transportes e\r\nLimpeza P\u00fablica que informem a esta Casa se h\u00e1 possibilidade da demarca\u00e7\u00e3o de\r\nvagas exclusivas para estacionamento de viaturas, nas principais vias da cidade."}, {"id": "5549", "ano": "2018", "numero": "1", "tipo__sigla": "veto", "tipo__descricao": "Veto", "autoria": "Paulo C\u00e9sar Teodoro", "texto_original": "http://sapl.lagoadaprata.mg.leg.br/media/", "ementa": "VETO DO EXECUTIVO APRESENTADO A PROPOSI\u00c7\u00c3O DE LEI 92/2018 - PROJETO DE LEI 072/2017 - LDO"}, {"id": "5604", "ano": "2018", "numero": "2", "tipo__sigla": "veto", "tipo__descricao": "Veto", "autoria": "Paulo C\u00e9sar Teodoro", "texto_original": "http://sapl.lagoadaprata.mg.leg.br/media/", "ementa": "Veto aposto \u00e0 Proposi\u00e7\u00e3o de Lei Complementar n\u00b0 11/2018, que \u201cACRESCENTA DISPOSITIVOS \u00c0 LEI COMPLEMENTAR MUNICIPAL 176/2017, QUE DISP\u00d5E SOBRE A INSTITUI\u00c7\u00c3O DO PLANO DIRETOR DO MUNIC\u00cdPIO DE LAGOA DA PRATA, DEC\u00caNIO 2017-2026\u201d"}, {"id": "5897", "ano": "2018", "numero": "1", "tipo__sigla": "RR", "tipo__descricao": "Recurso Regimental", "autoria": "Professor Elias Izaias", "texto_original": "http://sapl.lagoadaprata.mg.leg.br/media/sapl/public/materialegislativa/2018/5897/recurso_regimental_no_1-2018_-_contra_proposta__Gn9lPcT.pdf", "ementa": "RECURSO REGIMENTAL CONTRA PARECER PELA INCONSTITUCIONALIDADE EXARADO PELA COMISS\u00c3O ESPECIAL A RESPEITO DA PROPOSTA DE EMENDA \u00c0 LOM N\u00ba 5/2018."}]}