{"headers": {"id": "ID", "ano": "Ano", "numero": "N\u00famero", "tipo__sigla": "Tipo de Mat\u00e9ria Legislativa/Sigla", "tipo__descricao": "Tipo de Mat\u00e9ria Legislativa/Descri\u00e7\u00e3o", "autoria": "Autorias", "texto_original": "Texto Original", "ementa": "Ementa"}, "results": [{"id": "5741", "ano": "2019", "numero": "1", "tipo__sigla": "ANTEP", "tipo__descricao": "Anteprojeto de Lei", "autoria": "Adriano Moreira", "texto_original": "http://sapl.lagoadaprata.mg.leg.br/media/sapl/public/materialegislativa/2019/5741/anteprojeto_001-2019-adriano__-_reducao_tarifa_esgoto.pdf", "ementa": "AUTORIZA O SERVI\u00c7O AUT\u00d4NOMO DE \u00c1GUA E ESGOTO A REDUZIR O VALOR DA TARIFA DE ESGOTO A PERCENTUAL QUE MENCIONA."}, {"id": "5785", "ano": "2019", "numero": "2", "tipo__sigla": "ANTEP", "tipo__descricao": "Anteprojeto de Lei", "autoria": "Josiane Protetora dos Animais", "texto_original": "http://sapl.lagoadaprata.mg.leg.br/media/sapl/public/materialegislativa/2019/5785/anteprojeto_002-2019_-_josiane_-_farmacia_veter_LpECyxG.pdf", "ementa": "DISP\u00d5E SOBRE A INSTITUI\u00c7\u00c3O DO SERVI\u00c7O DA FARM\u00c1CIA VETERIN\u00c1RIA POPULAR NO \u00c2MBITO MUNICIPAL"}, {"id": "5763", "ano": "2019", "numero": "3", "tipo__sigla": "ANTEP", "tipo__descricao": "Anteprojeto de Lei", "autoria": "Preto", "texto_original": "http://sapl.lagoadaprata.mg.leg.br/media/sapl/public/materialegislativa/2019/5763/anteprojeto_003-2019_-_preto_-_monitores_no_tra_pWvgyP1.pdf", "ementa": "REGULAMENTA A OBRIGATORIEDADE DA PRESEN\u00c7A DE MONITOR NO SERVI\u00c7O DE TRANSPORTE ESCOLAR NO \u00c2MBITO DO MUNIC\u00cdPIO DE LAGOA DA PRATA"}, {"id": "5764", "ano": "2019", "numero": "4", "tipo__sigla": "ANTEP", "tipo__descricao": "Anteprojeto de Lei", "autoria": "Adriano Moreira, Cabo Nunes , Lalinho Duzinho, Preto", "texto_original": "http://sapl.lagoadaprata.mg.leg.br/media/sapl/public/materialegislativa/2019/5764/anteprojeto_004-2019_-_adriano_-_casa_mineira_06-03.pdf", "ementa": "AUTORIZA O MUNIC\u00cdPIO DE LAGOA DA PRATA A DOAR IM\u00d3VEL QUE MENCIONA, FACE AO CUMPRIMENTO DAS CONDI\u00c7\u00d5ES DO CONTRATO DE CONCESS\u00c3O DE USO ESPECIAL PARA FINS DE MORADIA, PREVISTO NA LEI MUNICIPAL N\u00ba 1.529/2007 \u2013 CASA MINEIRA"}, {"id": "5810", "ano": "2019", "numero": "6", "tipo__sigla": "ANTEP", "tipo__descricao": "Anteprojeto de Lei", "autoria": "Cabo Nunes ", "texto_original": "http://sapl.lagoadaprata.mg.leg.br/media/sapl/public/materialegislativa/2019/5810/anteprojeto_006-2019_-_plano_acao_semed_-_01-04.pdf", "ementa": "AUTORIZA A INSTITUI\u00c7\u00c3O DE PLANO DE A\u00c7\u00c3O NA SECRETARIA MUNICIPAL DE EDUCA\u00c7\u00c3O PARA SUPERA\u00c7\u00c3O DAS METAS DO IDEB \u2013 \u00cdNDICE DE DESENVOLVIMENTO DA EDUCA\u00c7\u00c3O B\u00c1SICA."}, {"id": "5818", "ano": "2019", "numero": "7", "tipo__sigla": "ANTEP", "tipo__descricao": "Anteprojeto de Lei", "autoria": "Professor Elias Izaias", "texto_original": "http://sapl.lagoadaprata.mg.leg.br/media/", "ementa": "AUTORIZA A MANUTEN\u00c7\u00c3O DE PSIC\u00d3LOGO ESCOLAR PARA ATUAR JUNTO \u00c0S FAM\u00cdLIAS, CORPO DOCENTE, DISCENTE, DIRE\u00c7\u00c3O E EQUIPE T\u00c9CNICA, NAS ESCOLAS DE ENSINO INFANTIL NO MUNIC\u00cdPIO DE LAGOA DA PRATA E D\u00c1 OUTRAS PROVID\u00caNCIAS."}, {"id": "5833", "ano": "2019", "numero": "8", "tipo__sigla": "ANTEP", "tipo__descricao": "Anteprojeto de Lei", "autoria": "Cabo Nunes ", "texto_original": "http://sapl.lagoadaprata.mg.leg.br/media/sapl/public/materialegislativa/2019/5833/anteprojeto_008-2019_-_plano_acao_semed_ii_-_15-04.pdf", "ementa": "AUTORIZA A INSTITUI\u00c7\u00c3O DE PLANO DE A\u00c7\u00c3O NA SECRETARIA MUNICIPAL DE EDUCA\u00c7\u00c3O PARA SUPERA\u00c7\u00c3O DAS METAS DO IDEB \u2013 \u00cdNDICE DE DESENVOLVIMENTO DA EDUCA\u00c7\u00c3O B\u00c1SICA."}, {"id": "5834", "ano": "2019", "numero": "9", "tipo__sigla": "ANTEP", "tipo__descricao": "Anteprojeto de Lei", "autoria": "Preto", "texto_original": "http://sapl.lagoadaprata.mg.leg.br/media/sapl/public/materialegislativa/2019/5834/anteprojeto_009-2019_-_preto_-_isencao_total_-__ZXC0Poo.pdf", "ementa": "AUTORIZA O SERVI\u00c7O AUT\u00d4NOMO DE \u00c1GUA E ESGOTO DE LAGOA DA PRATA A CONCEDER ISEN\u00c7\u00c3O TOTAL DA TARIFA DE \u00c1GUA E ESGOTO \u00c0S ENTIDADES SEM FINS LUCRATIVOS E DECLARADAS DE UTILIDADE P\u00daBLICA MUNICIPAL E  \u00d3RG\u00c3OS P\u00daBLICOS MUNICIPAIS."}, {"id": "5967", "ano": "2019", "numero": "10", "tipo__sigla": "ANTEP", "tipo__descricao": "Anteprojeto de Lei", "autoria": "Preto, Cabo Nunes , Lalinho Duzinho", "texto_original": "http://sapl.lagoadaprata.mg.leg.br/media/sapl/public/materialegislativa/2019/5967/anteprojeto_010-2019_-_preto_lalinho_nunes_-_jet-sky.pdf", "ementa": "CRIA A RAIA AQU\u00c1TICA ESPORTIVA MUNICIPAL NA LAGOA DA PRAIA P\u00daBLICA SITUADA NO PARQUE NATURAL MUNICIPAL FRANCISCO DE ASSIS RESENDE E REGULAMENTA O USO DE JET-SKY NO LOCAL"}, {"id": "5968", "ano": "2019", "numero": "11", "tipo__sigla": "ANTEP", "tipo__descricao": "Anteprojeto de Lei", "autoria": "Cabo Nunes ", "texto_original": "http://sapl.lagoadaprata.mg.leg.br/media/sapl/public/materialegislativa/2019/5968/anteprojeto_011-2019_-_nunes_-_modifica_lei_981_ya2bLAA.pdf", "ementa": "MODIFICA A LEI MUNICIPAL 981 DE 12 DE SETEMBRO DE 2001."}, {"id": "5973", "ano": "2019", "numero": "12", "tipo__sigla": "ANTEP", "tipo__descricao": "Anteprojeto de Lei", "autoria": "Preto, Cabo Nunes , Lalinho Duzinho", "texto_original": "http://sapl.lagoadaprata.mg.leg.br/media/sapl/public/materialegislativa/2019/5973/anteprojeto_012-2019_-_preto_lalinho_nunes_-_mo_g5HMV1Z.pdf", "ementa": "MODIFICA A LEI MUNICIPAL 984 DE 12 DE SETEMBRO DE 2001"}, {"id": "6011", "ano": "2019", "numero": "13", "tipo__sigla": "ANTEP", "tipo__descricao": "Anteprojeto de Lei", "autoria": "Preto", "texto_original": "http://sapl.lagoadaprata.mg.leg.br/media/sapl/public/materialegislativa/2019/6011/anteprojeto_013-2019_-_preto_-_gratificacao_cpl_SCCcWEh.pdf", "ementa": "CRIA GRATIFICA\u00c7\u00c3O PARA OS SERVIDORES MUNICIPAIS QUE COMP\u00d5EM A COMISS\u00c3O PERMANENTE DE LICITA\u00c7\u00d5ES E PARA OS PREGOEIROS MUNICIPAIS."}, {"id": "6012", "ano": "2019", "numero": "14", "tipo__sigla": "ANTEP", "tipo__descricao": "Anteprojeto de Lei", "autoria": "Cida Marcelino", "texto_original": "http://sapl.lagoadaprata.mg.leg.br/media/sapl/public/materialegislativa/2019/6012/anteprojeto_014-2019_-_jr_-_cida_-_elias_-_elim_ZZm1zxx.pdf", "ementa": "DISP\u00d5E SOBRE A INSTALA\u00c7\u00c3O DE EQUIPAMENTO ELIMINADOR DE AR NA TUBULA\u00c7\u00c3O DO SISTEMA DE ABASTECIMENTO DE \u00c1GUA."}, {"id": "5795", "ano": "2019", "numero": "5", "tipo__sigla": "ANTEC", "tipo__descricao": "Anteprojeto de Lei Complementar", "autoria": "Cabo Nunes ", "texto_original": "http://sapl.lagoadaprata.mg.leg.br/media/sapl/public/materialegislativa/2019/5795/anteprojeto_005-2019_-_nunes_-_institui_a_guard_Qs4VHmp.pdf", "ementa": "INSTITUI A GUARDA ESCOLAR MUNICIPAL DE LAGOA DA PRATA."}, {"id": "5974", "ano": "2019", "numero": "13", "tipo__sigla": "ANTEC", "tipo__descricao": "Anteprojeto de Lei Complementar", "autoria": "Preto", "texto_original": "http://sapl.lagoadaprata.mg.leg.br/media/sapl/public/materialegislativa/2019/5974/anteprojeto_013-2019_-_preto_-_gratificacao_cpl_2RsloYf.pdf", "ementa": "CRIA GRATIFICA\u00c7\u00c3O PARA OS SERVIDORES MUNICIPAIS QUE COMP\u00d5EM A COMISS\u00c3O PERMANENTE DE LICITA\u00c7\u00d5ES E PARA OS PREGOEIROS MUNICIPAIS"}, {"id": "6034", "ano": "2019", "numero": "15", "tipo__sigla": "ANTEC", "tipo__descricao": "Anteprojeto de Lei Complementar", "autoria": "Cida Marcelino, Joanes Bosco, Professor Elias Izaias, Quelli C\u00e1ssia Couto", "texto_original": "http://sapl.lagoadaprata.mg.leg.br/media/sapl/public/materialegislativa/2019/6034/anteprojeto_015-2019_-_cida_quelli_joanes_e_eli_156ralW.pdf", "ementa": "ALTERA A LEI COMPLEMENTAR N\u00ba 03/1991, QUE CRIA O PLANO DE CARREIRA DO SERVIDOR P\u00daBLICO CIVIL DA PREFEITURA DE LAGOA DA PRATA."}, {"id": "6042", "ano": "2019", "numero": "16", "tipo__sigla": "ANTEC", "tipo__descricao": "Anteprojeto de Lei Complementar", "autoria": "Adriano Moreira", "texto_original": "http://sapl.lagoadaprata.mg.leg.br/media/sapl/public/materialegislativa/2019/6042/anteprojeto_016-2019_-_adriano_-_tarifa_social__9KpU4Rk.pdf", "ementa": "AUTORIZA O SERVI\u00c7O AUT\u00d4NOMO DE \u00c1GUA E ESGOTO DE LAGOA DA PRATA A CRIAR A TARIFA SOCIAL DE \u00c1GUA E ESGOTO EM FAVOR DAS FAM\u00cdLIAS BENEFICI\u00c1RIAS DO PROGRAMA BOLSA FAM\u00cdLIA"}, {"id": "6043", "ano": "2019", "numero": "17", "tipo__sigla": "ANTEC", "tipo__descricao": "Anteprojeto de Lei Complementar", "autoria": "Quelli C\u00e1ssia Couto", "texto_original": "http://sapl.lagoadaprata.mg.leg.br/media/sapl/public/materialegislativa/2019/6043/anteprojeto_017-2019_-_quelli_-_bombeiro_civil_10-10.pdf", "ementa": "INSTITUI O BOMBEIRO CIVIL MUNICIPAL NO \u00c2MBITO DO MUNIC\u00cdPIO DE LAGOA DA PRATA, NOS TERMOS DA LEI FEDERAL N\u00ba 13.425, DE 30 DE MAR\u00c7O DE 2017"}, {"id": "5723", "ano": "2019", "numero": "1", "tipo__sigla": "IND", "tipo__descricao": "Indica\u00e7\u00e3o", "autoria": "Quelli C\u00e1ssia Couto", "texto_original": "http://sapl.lagoadaprata.mg.leg.br/media/sapl/public/materialegislativa/2019/5723/indicacao_001-2019_quelli_-_limpeza_av_isabel_d_yKYm9Or.pdf", "ementa": "A VEREADORA INFRA-ASSINADA INDICA AO EXECUTIVO MUNICIPAL, NA FORMA REGIMENTAL, A NECESSIDADE DE SE REALIZAR LIMPEZA COMPLETA DA AVENIDA ISABEL DE CASTRO, ESPECIALMENTE NO TRECHO COMPREENDIDO ENTRE A RUA S\u00c3O PAULO AT\u00c9 A RUA CASSIMIRO DE ABREU, PR\u00d3XIMO \u00c0 APAE, REALIZANDO A CAPINA DA AVENIDA E A RETIRADA DE ENTULHO, CARCA\u00c7AS DE VE\u00cdCULOS ABANDONADOS E LIXO QUE T\u00caM SIDO DESCARTADOS NOS LOTES E TAMB\u00c9M NO LEITO DA AVENIDA. INDICO AINDA, A NECESSIDADE DE SE PAVIMENTAR O TRECHO AINDA N\u00c3O PAVIMENTADO DA REFERIDA VIA P\u00daBICA, COMPREENDIDO ENTRE A RUA LUZ E A RUA CASSIMIRO DE ABREU."}, {"id": "5724", "ano": "2019", "numero": "2", "tipo__sigla": "IND", "tipo__descricao": "Indica\u00e7\u00e3o", "autoria": "Cida Marcelino", "texto_original": "http://sapl.lagoadaprata.mg.leg.br/media/sapl/public/materialegislativa/2019/5724/indicacao_002-2019_cida_retirada_da_guarita_7_d_na72dpt.pdf", "ementa": "indica ao Executivo Municipal, na forma\r\nregimental, a necessidade de se retirar a guarita de passageiros para coletivos,\r\nsituada na rua Sete de Setembro, ao lado do n\u00famero 902, esquina com a rua\r\nModesto Gomes."}, {"id": "5725", "ano": "2019", "numero": "3", "tipo__sigla": "IND", "tipo__descricao": "Indica\u00e7\u00e3o", "autoria": "Cida Marcelino", "texto_original": "http://sapl.lagoadaprata.mg.leg.br/media/sapl/public/materialegislativa/2019/5725/indicacao_003-2019_cida_olimpio_crioulo_14-01.pdf", "ementa": "indica ao Executivo Municipal, na forma\r\nregimental, a necessidade de se tomar provid\u00eancias no sentido de desimpedir o\r\ntr\u00e2nsito na Rua Ol\u00edmpio Crioulo, no Bairro Am\u00e9rico Silva, o mais urgente poss\u00edvel,\r\nou informe aos moradores do bairro supracitado e dos circunvizinhos se ser\u00e3o\r\nexecutadas as obras necess\u00e1rias no local, bem como o prazo de dura\u00e7\u00e3o das\r\nmesmas"}, {"id": "5726", "ano": "2019", "numero": "4", "tipo__sigla": "IND", "tipo__descricao": "Indica\u00e7\u00e3o", "autoria": "Cida Marcelino", "texto_original": "http://sapl.lagoadaprata.mg.leg.br/media/sapl/public/materialegislativa/2019/5726/indicacao_004-2019_cida_rotatoria_na_luz_com_se_rMCcRAW.pdf", "ementa": "indica ao Executivo Municipal, na forma\r\nregimental, a necessidade de se colocar uma rotat\u00f3ria no cruzamento das Ruas Luz\r\ncom a Rua Sete de Setembro, no Bairro Am\u00e9rico Silva, nesta cidade, com a devida\r\nsinaliza\u00e7\u00e3o de solo e com placas."}, {"id": "5727", "ano": "2019", "numero": "5", "tipo__sigla": "IND", "tipo__descricao": "Indica\u00e7\u00e3o", "autoria": "Cida Marcelino", "texto_original": "http://sapl.lagoadaprata.mg.leg.br/media/sapl/public/materialegislativa/2019/5727/indicacao_005-2019_cida_rotatoria_rua_maria_rit_J7knhTq.pdf", "ementa": "indica ao Executivo Municipal, na forma\r\nregimental, a necessidade de se colocar uma rotat\u00f3ria e a devida sinaliza\u00e7\u00e3o de solo\r\ne com placas, no cruzamento das Ruas Maria Rita Vidal (Loteamento Hipocampo)\r\ncom Divin\u00f3polis, no bairro Am\u00e9rico Silva, nesta cidade."}, {"id": "5728", "ano": "2019", "numero": "6", "tipo__sigla": "IND", "tipo__descricao": "Indica\u00e7\u00e3o", "autoria": "Cabo Nunes ", "texto_original": "http://sapl.lagoadaprata.mg.leg.br/media/sapl/public/materialegislativa/2019/5728/indicacao_006-2019_-_nunes_-_jr_-_nome_bem_publ_OWdNwXw.pdf", "ementa": "indica ao Executivo Municipal, na forma regimental, a\r\nnecessidade de se colocar o nome do Sr. Baldu\u00edno Bernardes de Amorim, ex Prefeito e ex\r\nVereador desta cidade, que era tamb\u00e9m, carinhosamente, chamado de Sr. Dudu, em uma\r\nvia p\u00fablica, em uma pra\u00e7a ou em um pr\u00e9dio p\u00fablico."}, {"id": "5817", "ano": "2019", "numero": "7", "tipo__sigla": "IND", "tipo__descricao": "Indica\u00e7\u00e3o", "autoria": "Preto", "texto_original": "http://sapl.lagoadaprata.mg.leg.br/media/sapl/public/materialegislativa/2019/5817/indicacao_007-2019_preto_-_iluminacao_sol_nasce_5HPyyAf.pdf", "ementa": "O VEREADOR INFRA-ASSINADO INDICA AO EXECUTIVO MUNICIPAL, NA FORMA REGIMENTAL, A NECESSIDADE DE SE COMPLETAR A ILUMINA\u00c7\u00c3O P\u00daBLICA DA RUA MARIA JESUS OLIVEIRA, NO BAIRRO SOL NASCENTE, NESTA CIDADE."}, {"id": "5866", "ano": "2019", "numero": "8", "tipo__sigla": "IND", "tipo__descricao": "Indica\u00e7\u00e3o", "autoria": "Adriano Moreira, Cabo Nunes , Cida Marcelino, Joanes Bosco, Josiane Protetora dos Animais, Lalinho Duzinho, Preto, Professor Elias Izaias, Quelli C\u00e1ssia Couto", "texto_original": "http://sapl.lagoadaprata.mg.leg.br/media/sapl/public/materialegislativa/2019/5866/indicacao_008-2019_-_todos_vereadores_-_vereado_qUbXJao.pdf", "ementa": "OS VEREADORES INFRA-ASSINADOS, NA FORMA REGIMENTAL, CONSULTADO O PLEN\u00c1RIO, INDICAM AO EXECUTIVO MUNICIPAL, ATENDENDO REIVINDICA\u00c7\u00d5ES DOS VEREADORES MIRINS, A NECESSIDADE DE SE REALIZAR OBRAS DE AMPLIA\u00c7\u00c3O DA CAPACIDADE DE ILUMINA\u00c7\u00c3O P\u00daBLICA NO CRUZAMENTO DA RUA PAULO FRANCISCO MESQUITA COM TRAVESSA SANTA MARIA."}, {"id": "5890", "ano": "2019", "numero": "9", "tipo__sigla": "IND", "tipo__descricao": "Indica\u00e7\u00e3o", "autoria": "Quelli C\u00e1ssia Couto", "texto_original": "http://sapl.lagoadaprata.mg.leg.br/media/sapl/public/materialegislativa/2019/5890/indicacao_009-2019_quelli_-_psicopedagogia_03-06.pdf", "ementa": "A VEREADORA INFRA-ASSINADA INDICA AO EXECUTIVO MUNICIPAL, EM ESPECIAL PARA A SECRET\u00c1RIA MUNICIPAL DE EDUCA\u00c7\u00c3O, NA FORMA REGIMENTAL, A NECESSIDADE DE SE CONTRATAR PROFISSIONAIS DA \u00c1REA DE PSICOPEDAGOGIA PARA ATENDIMENTO NO CEMAE E OUTROS LOCAIS QUE SE FIZEREM NECESS\u00c1RIOS NO ACOMPANHAMENTO DE CRIAN\u00c7AS E SUAS RESPECTIVAS FAM\u00cdLIAS EM ASSUNTOS RELACIONADOS AO PROCESSO DE ENSINO APRENDIZAGEM."}, {"id": "5905", "ano": "2019", "numero": "10", "tipo__sigla": "IND", "tipo__descricao": "Indica\u00e7\u00e3o", "autoria": "Preto", "texto_original": "http://sapl.lagoadaprata.mg.leg.br/media/sapl/public/materialegislativa/2019/5905/indicacao_010-2019_preto_-_faixa_de_pedestres_10-06.pdf", "ementa": "O VEREADOR INFRA-ASSINADO INDICA AO EXECUTIVO MUNICIPAL, NA FORMA REGIMENTAL, A NECESSIDADE DE SE SINALIZAR COM FAIXAS PARA PEDESTRES O PISO DA RUA CHICO FERREIRA, EM FRENTE \u00c0 ESCOLA ESTADUAL MONSENHOR ALFREDO DOHR, NO BAIRRO CHICO MIRANDA."}, {"id": "5906", "ano": "2019", "numero": "11", "tipo__sigla": "IND", "tipo__descricao": "Indica\u00e7\u00e3o", "autoria": "Adriano Moreira", "texto_original": "http://sapl.lagoadaprata.mg.leg.br/media/sapl/public/materialegislativa/2019/5906/indicacao_011-2019_adriano_-_calcamento_praca_d_evyVv8c.pdf", "ementa": "O VEREADOR INFRA-ASSINADO INDICA AO EXECUTIVO MUNICIPAL, NA FORMA REGIMENTAL, A NECESSIDADE DE SE REFORMAR O CAL\u00c7AMENTO DA PRA\u00c7A DO CRUZEIRO."}, {"id": "5907", "ano": "2019", "numero": "12", "tipo__sigla": "IND", "tipo__descricao": "Indica\u00e7\u00e3o", "autoria": "Preto", "texto_original": "http://sapl.lagoadaprata.mg.leg.br/media/sapl/public/materialegislativa/2019/5907/indicacao_012-2019_preto_-_limpeza_av_isabel_de_1TClDu4.pdf", "ementa": "O VEREADOR INFRA-ASSINADO INDICA AO EXECUTIVO MUNICIPAL, NA FORMA REGIMENTAL, A NECESSIDADE DE SE REALIZAR LIMPEZA COMPLETA DA AVENIDA ISABEL DE CASTRO, ESPECIALMENTE NO TRECHO COMPREENDIDO ENTRE A AVENIDA JOS\u00c9 BERNARDES MACIEL AT\u00c9 A RUA JOAQUIM GOMES PEREIRA, PR\u00d3XIMO \u00c0 APAE, REALIZANDO A CAPINA DA AVENIDA E A RETIRADA DE ENTULHO, CARCA\u00c7AS DE VE\u00cdCULOS ABANDONADOS E LIXO."}, {"id": "5951", "ano": "2019", "numero": "13", "tipo__sigla": "IND", "tipo__descricao": "Indica\u00e7\u00e3o", "autoria": "Quelli C\u00e1ssia Couto", "texto_original": "http://sapl.lagoadaprata.mg.leg.br/media/sapl/public/materialegislativa/2019/5951/indicacao_013-2019_-_quelli_-_22-07_-_pavimentacao.pdf", "ementa": "a necessidade de se pavimentar trecho da Rua Geraldo de In\u00e1cio Fonseca, no\r\nConjunto Habitacional Monsenhor Alfredo Dhor."}, {"id": "5958", "ano": "2019", "numero": "14", "tipo__sigla": "IND", "tipo__descricao": "Indica\u00e7\u00e3o", "autoria": "Lalinho Duzinho", "texto_original": "http://sapl.lagoadaprata.mg.leg.br/media/sapl/public/materialegislativa/2019/5958/indicacao_014-2019_-_l.pdf", "ementa": "necessidade de instala\u00e7\u00e3o de placas com o nome das ruas, bem como a realiza\u00e7\u00e3o do cadastramento num\u00e9rico nos domic\u00edlios urbanos da nossa cidade."}, {"id": "5966", "ano": "2019", "numero": "15", "tipo__sigla": "IND", "tipo__descricao": "Indica\u00e7\u00e3o", "autoria": "Cabo Nunes ", "texto_original": "http://sapl.lagoadaprata.mg.leg.br/media/sapl/public/materialegislativa/2019/5966/indicacao_015-2019_-_nunes_-_pavimentacao_asfal_wUCfg3d.pdf", "ementa": "O VEREADOR INFRA-ASSINADO INDICA AO EXECUTIVO MUNICIPAL, NA FORMA REGIMENTAL, A NECESSIDADE DE SE REALIZAR PAVIMENTA\u00c7\u00c3O ASF\u00c1LTICA NA RUA LUIZ GUADALUPE, NO TRECHO COMPREENDIDO ENTRE A PRA\u00c7A OLINTO PINTO RIBEIRO, TAMB\u00c9M CONHECIDA COMO PRA\u00c7A DO CRUZEIRO, AT\u00c9 A RUA SETE DE SETEMBRO, NA \u00c1REA CENTRAL DA CIDADE."}, {"id": "5983", "ano": "2019", "numero": "16", "tipo__sigla": "IND", "tipo__descricao": "Indica\u00e7\u00e3o", "autoria": "Cida Marcelino", "texto_original": "http://sapl.lagoadaprata.mg.leg.br/media/sapl/public/materialegislativa/2019/5983/indicacao_016-2019_-_cida_-_praca-_26-08.pdf", "ementa": "A VEREADORA INFRA-ASSINADA INDICA AO EXECUTIVO MUNICIPAL, NA FORMA REGIMENTAL, A NECESSIDADE DE SE REALIZAR A IRRIGA\u00c7\u00c3O, OU SEJA, AGUAR AS PLANTAS NO INTERIOR DA PRAIA MUNICIPAL, PRINCIPALMENTE AS QUE EST\u00c3O PLANTADAS NOS VASOS, COCHOS E TAMBORES."}, {"id": "6014", "ano": "2019", "numero": "17", "tipo__sigla": "IND", "tipo__descricao": "Indica\u00e7\u00e3o", "autoria": "Cabo Nunes ", "texto_original": "http://sapl.lagoadaprata.mg.leg.br/media/sapl/public/materialegislativa/2019/6014/indicacao_017-2019_-_nunes_-_adquirir_caminhao-_dpbmf4G.pdf", "ementa": "O VEREADOR INFRA-ASSINADO INDICA AO EXECUTIVO MUNICIPAL, NA FORMA REGIMENTAL, A NECESSIDADE DE ADQUIRIR UM CAMINH\u00c3O-PIPA DO PORTE DO CORPO DE BOMBEIROS, PARA ATENDER A DEMANDA DO MUNIC\u00cdPIO."}, {"id": "6023", "ano": "2019", "numero": "18", "tipo__sigla": "IND", "tipo__descricao": "Indica\u00e7\u00e3o", "autoria": "Preto", "texto_original": "http://sapl.lagoadaprata.mg.leg.br/media/sapl/public/materialegislativa/2019/6023/indicacao_018-2019_-_preto_-_limpeza_de_corrego_ko9B1YL.pdf", "ementa": "O VEREADOR INFRA-ASSINADO INDICA AO EXECUTIVO MUNICIPAL, NA FORMA REGIMENTAL, A NECESSIDADE DE SE REALIZAR LIMPEZA PREVENTIVA NOS C\u00d3RREGOS E BUEIROS, ESPECIALMENTE NOS  PONTOS PROP\u00cdCIOS A ALAGAMENTOS."}, {"id": "6024", "ano": "2019", "numero": "19", "tipo__sigla": "IND", "tipo__descricao": "Indica\u00e7\u00e3o", "autoria": "Josiane Protetora dos Animais, Adriano Moreira, Cabo Nunes , Lalinho Duzinho, Preto", "texto_original": "http://sapl.lagoadaprata.mg.leg.br/media/sapl/public/materialegislativa/2019/6024/indicacao_019-2019_-_josiane_adriano_nunes_pret_KR0vZGL.pdf", "ementa": "OS VEREADORES INFRA-ASSINADOS, NA FORMA REGIMENTAL, CONSULTADO O PLEN\u00c1RIO, INDICAM AO EXECUTIVO MUNICIPAL, A NECESSIDADE DE INSTALAR HIDRANTES PR\u00d3XIMOS \u00c0 \u00c1REA ONDE OCORRE A  QUEIMA DA TURFA, NAS PROXIMIDADES DOS BAIRROS S\u00c3O JOS\u00c9 E PALMEIRAS."}, {"id": "6032", "ano": "2019", "numero": "20", "tipo__sigla": "IND", "tipo__descricao": "Indica\u00e7\u00e3o", "autoria": "Cabo Nunes ", "texto_original": "http://sapl.lagoadaprata.mg.leg.br/media/sapl/public/materialegislativa/2019/6032/indicacao_020-2019_-_nunes_-_passagem_elevada_f_hnZ7WX6.pdf", "ementa": "O VEREADOR INFRA-ASSINADO INDICA AO EXECUTIVO MUNICIPAL, NA FORMA REGIMENTAL, A NECESSIDADE DE COLOCAR UMA PASSAGEM ELEVADA PARA PEDESTRES, ROTAT\u00d3RIA OU REDUTOR DE VELOCIDADE NA AVENIDA FERN\u00c3O DIAS, ESQUINA COM A RUA VEREADOR CHICO FERREIRA, NO BAIRRO CHICO MIRANDA."}, {"id": "6033", "ano": "2019", "numero": "21", "tipo__sigla": "IND", "tipo__descricao": "Indica\u00e7\u00e3o", "autoria": "Preto", "texto_original": "http://sapl.lagoadaprata.mg.leg.br/media/sapl/public/materialegislativa/2019/6033/indicacao_021-2019_-_preto_-_manutencao_semafar_AtylxQ0.pdf", "ementa": "O VEREADOR INFRA-ASSINADO INDICA AO EXECUTIVO MUNICIPAL, NA FORMA REGIMENTAL, A NECESSIDADE DE SE REALIZAR MANUTEN\u00c7\u00c3O PERI\u00d3DICA NOS SEM\u00c1FOROS DA AVENIDA BRASIL."}, {"id": "6050", "ano": "2019", "numero": "22", "tipo__sigla": "IND", "tipo__descricao": "Indica\u00e7\u00e3o", "autoria": "Professor Elias Izaias", "texto_original": "http://sapl.lagoadaprata.mg.leg.br/media/sapl/public/materialegislativa/2019/6050/indicacao_022-2019_-_elias_-_trocar_a_placa_pare_21-10.pdf", "ementa": "O VEREADOR INFRA-ASSINADO INDICA AO EXECUTIVO MUNICIPAL, NA FORMA REGIMENTAL, A NECESSIDADE DE SE TROCAR A PLACA DE SINALIZA\u00c7\u00c3O DE PARADA OBRIGAT\u00d3RIA, \u201cPARE\u201d, SITUADA NO CRUZAMENTO DA RUA BAHIA COM A RUA CARLOS CHAGAS, POIS A MESMA ENCONTRA-SE NA CONTRAM\u00c3O DE DIRE\u00c7\u00c3O."}, {"id": "6051", "ano": "2019", "numero": "23", "tipo__sigla": "IND", "tipo__descricao": "Indica\u00e7\u00e3o", "autoria": "Preto", "texto_original": "http://sapl.lagoadaprata.mg.leg.br/media/sapl/public/materialegislativa/2019/6051/indicacao_023-2019_-_preto_-_quebra_molas_21-10.pdf", "ementa": "O VEREADOR INFRA-ASSINADO INDICA AO EXECUTIVO MUNICIPAL, NA FORMA REGIMENTAL, A NECESSIDADE DE SE ANALISAR A VIABILIDADE DE SE COLOCAR UM REDUTOR DE VELOCIDADE, NA FORMA DE LOMBADA (QUEBRA-MOLAS), NO REFERIDO ENDERE\u00c7O: RUA H\u00c9LCIO DE CASTRO, ENTRE AS RUAS ALAGOAS E BAHIA, NO BAIRRO PARADISO."}, {"id": "6052", "ano": "2019", "numero": "24", "tipo__sigla": "IND", "tipo__descricao": "Indica\u00e7\u00e3o", "autoria": "Cida Marcelino", "texto_original": "http://sapl.lagoadaprata.mg.leg.br/media/sapl/public/materialegislativa/2019/6052/indicacao_024-2019_-_cida_-_sinalizacao_cruzame_b9cSdz1.pdf", "ementa": "A VEREADORA INFRA-ASSINADA INDICA AO EXECUTIVO MUNICIPAL, NA FORMA REGIMENTAL, A NECESSIDADE DE SE SINALIZAR O CRUZAMENTO DAS RUAS BAHIA COM ALMIRANTE TAMANDAR\u00c9 E JOAQUIM GOMES BERNARDES FILHO, NESTA CIDADE, COM A DEVIDA SINALIZA\u00c7\u00c3O DE SOLO E COM PLACAS."}, {"id": "6066", "ano": "2019", "numero": "25", "tipo__sigla": "IND", "tipo__descricao": "Indica\u00e7\u00e3o", "autoria": "Cabo Nunes ", "texto_original": "http://sapl.lagoadaprata.mg.leg.br/media/sapl/public/materialegislativa/2019/6066/indicacao_025-2019_-_nunes_-_eventos_da_camara_05-11.pdf", "ementa": "O VEREADOR INFRA-ASSINADO INDICA A VOSSA EXCEL\u00caNCIA, COMO PRESIDENTE DESTA CASA LEGISLATIVA, NA FORMA REGIMENTAL, A NECESSIDADE DE SE DETERMINAR QUE EM TODOS OS EVENTOS EM QUE A C\u00c2MARA MUNICIPAL DE LAGOA DA PRATA PROMOVER, SEJA DE FORMA INTEGRAL OU POR MEIO DE PARCERIAS, FA\u00c7A-SE CONSTAR DO CERIMONIAL O NOME DO VEREADOR QUE ESTIVER PRESENTE NO EVENTO, COMO FORMA DE RESPEITO AO PARLAMENTAR."}, {"id": "6072", "ano": "2019", "numero": "26", "tipo__sigla": "IND", "tipo__descricao": "Indica\u00e7\u00e3o", "autoria": "Quelli C\u00e1ssia Couto", "texto_original": "http://sapl.lagoadaprata.mg.leg.br/media/sapl/public/materialegislativa/2019/6072/indicacao_026-2019_-_quelli_-_ponte_benedito_va_YK5VW1j.pdf", "ementa": "A VEREADORA INFRA-ASSINADA INDICA AO EXECUTIVO MUNICIPAL, NA FORMA REGIMENTAL, A NECESSIDADE DE SE REALIZAR OBRAS DE PAVIMENTA\u00c7\u00c3O, LIMPEZA, ILUMINA\u00c7\u00c3O E REFORMA DA \u201cPONTE\u201d SOBRE O C\u00d3RREGO CHICO SILVEIRA, NA AVENIDA BENEDITO VALADARES, PR\u00d3XIMO \u00c0 APAE, NO BAIRRO GOMES."}, {"id": "5722", "ano": "2019", "numero": "1", "tipo__sigla": "MOC", "tipo__descricao": "Mo\u00e7\u00e3o", "autoria": "Josiane Protetora dos Animais", "texto_original": "http://sapl.lagoadaprata.mg.leg.br/media/sapl/public/materialegislativa/2019/5722/mocao_de_aplauso_01-2019_-_dr_ivan_-_josiane_21-01.pdf", "ementa": "A VEREADORA INFRA-ASSINADA, REGIMENTALMENTE APOIADA, REQUER A VOSSA EXCEL\u00caNCIA QUE SEJA SUBMETIDA \u00c0 APROVA\u00c7\u00c3O DO PLEN\u00c1RIO MO\u00c7\u00c3O DE APLAUSO AO DR. IVAN JOS\u00c9 LOPES, PARABENIZANDO-O PELA NOMEA\u00c7\u00c3O COMO COORDENADOR GERAL DE SEGURAN\u00c7A, NA SUPERINTEND\u00caNCIA DE INFORMA\u00c7\u00d5ES E INTELIG\u00caNCIA POLICIAL, NA POL\u00cdCIA CIVIL DE MINAS GERAIS."}, {"id": "5811", "ano": "2019", "numero": "3", "tipo__sigla": "MOC", "tipo__descricao": "Mo\u00e7\u00e3o", "autoria": "Professor Elias Izaias", "texto_original": "http://sapl.lagoadaprata.mg.leg.br/media/sapl/public/materialegislativa/2019/5811/mocao_de_aplauso_03-2019_-_atonio_de_melo_resen_Q8pm3Cm.pdf", "ementa": "OS VEREADORES INFRA-ASSINADOS, REGIMENTALMENTE APOIADOS, REQUEREM A VOSSA EXCEL\u00caNCIA QUE SEJA SUBMETIDA \u00c0 APROVA\u00c7\u00c3O DO PLEN\u00c1RIO MO\u00c7\u00c3O DE APLAUSO AO SR. ANT\u00d4NIO DE MELO RESENDE, PARABENIZANDO-O PELA SUA PRESEN\u00c7A EM TODAS AS REUNI\u00d5ES DA C\u00c2MARA MUNICIPAL DE LAGOA DA PRATA."}, {"id": "5858", "ano": "2019", "numero": "4", "tipo__sigla": "MOC", "tipo__descricao": "Mo\u00e7\u00e3o", "autoria": "Lalinho Duzinho", "texto_original": "http://sapl.lagoadaprata.mg.leg.br/media/sapl/public/materialegislativa/2019/5858/mocao_de_aplauso_04-2019_-_homero_lalinho.pdf", "ementa": "OS VEREADORES INFRA-ASSINADOS, REGIMENTALMENTE APOIADOS, REQUEREM A VOSSA EXCEL\u00caNCIA QUE SEJA SUBMETIDA \u00c0 APROVA\u00c7\u00c3O DO PLEN\u00c1RIO MO\u00c7\u00c3O DE APLAUSO AO SR. HOMERO FIGUEIREDO DA SILVA, PARABENIZANDO-O POR SEUS RELEVANTES SERVI\u00c7OS PRESTADOS A NOSSA COMUNIDADE."}, {"id": "5925", "ano": "2019", "numero": "5", "tipo__sigla": "MOC", "tipo__descricao": "Mo\u00e7\u00e3o", "autoria": "Cabo Nunes ", "texto_original": "http://sapl.lagoadaprata.mg.leg.br/media/sapl/public/materialegislativa/2019/5925/mocao_de_aplauso_05-2019_-_nunes_-_terco_dos_homens.pdf", "ementa": "O VEREADOR INFRA-ASSINADO, REGIMENTALMENTE APOIADO, REQUER A VOSSA EXCEL\u00caNCIA QUE SEJA SUBMETIDA \u00c0 APROVA\u00c7\u00c3O DO PLEN\u00c1RIO MO\u00c7\u00c3O DE APLAUSO AOS HOMENS DO TER\u00c7O, PARABENIZANDO-OS PELO EXCELENTE TRABALHO PRESTADO \u00c0 COLETIVIDADE DE LAGOA DA PRATA."}, {"id": "6084", "ano": "2019", "numero": "6", "tipo__sigla": "MOC", "tipo__descricao": "Mo\u00e7\u00e3o", "autoria": "Preto", "texto_original": "http://sapl.lagoadaprata.mg.leg.br/media/sapl/public/materialegislativa/2019/6084/mocao_de_aplauso_006-2019_-_preto_-_familia_coutinho.pdf", "ementa": "O VEREADOR INFRA-ASSINADO, REGIMENTALMENTE APOIADO, REQUER A VOSSA EXCEL\u00caNCIA QUE SEJA SUBMETIDA \u00c0 APROVA\u00c7\u00c3O DO PLEN\u00c1RIO MO\u00c7\u00c3O DE APLAUSO \u00c0 FAM\u00cdLIA COUTINHO, PARABENIZANDO-A PELO EMPREENDEDORISMO QUE TANTO CONTRIBUI PARA O DESENVOLVIMENTO ECON\u00d4MICO DE LAGOA DA PRATA."}, {"id": "5742", "ano": "2019", "numero": "1", "tipo__sigla": "PL-CM", "tipo__descricao": "Projeto de Lei CM", "autoria": "Preto, Adriano Moreira, Cida Marcelino", "texto_original": "http://sapl.lagoadaprata.mg.leg.br/media/sapl/public/materialegislativa/2019/5742/projeto_de_lei_cm_no_01-2019_-_revoga_maturador_G0oqTNh.pdf", "ementa": "REVOGA AS DISPOSI\u00c7\u00d5ES DA LEI MUNICIPAL N\u00ba 3.105/2018 QUE \u201cALTERA A LEI MUNICIPAL N\u00ba 1646/2008, QUE PRO\u00cdBE O LAN\u00c7AMENTO DE AGROT\u00d3XICO E CONG\u00caNERE, POR VIA A\u00c9REA, NAS LAVOURAS CULTIVADAS EM IM\u00d3VEIS SITUADOS NO MUNIC\u00cdPIO DE LAGOA DA PRATA"}, {"id": "5745", "ano": "2019", "numero": "2", "tipo__sigla": "PL-CM", "tipo__descricao": "Projeto de Lei CM", "autoria": "Preto", "texto_original": "http://sapl.lagoadaprata.mg.leg.br/media/sapl/public/materialegislativa/2019/5745/projeto_de_lei_cm_no_02-2019_preto_-_lista_de_castracao.pdf", "ementa": "DISP\u00d5E SOBRE A DIVULGA\u00c7\u00c3O DE LISTA DE ESPERA DE CASTRA\u00c7\u00c3O DE C\u00c3ES E GATOS NO SITE DO MUNIC\u00cdPIO."}, {"id": "5747", "ano": "2019", "numero": "5", "tipo__sigla": "PL-CM", "tipo__descricao": "Projeto de Lei CM", "autoria": "Josiane Protetora dos Animais, Cida Marcelino, Quelli C\u00e1ssia Couto", "texto_original": "http://sapl.lagoadaprata.mg.leg.br/media/sapl/public/materialegislativa/2019/5747/projeto_de_lei_cm_no_05-2019_mesa_-_transmissao_Z4f055u.pdf", "ementa": "AUTORIZA A TRANSMISS\u00c3O AUDIOVISUAL DAS REUNI\u00d5ES ORDIN\u00c1RIAS, EXTRAORDIN\u00c1RIAS, SOLENES E AUDI\u00caNCIAS P\u00daBLICAS DA C\u00c2MARA MUNICIPAL DE LAGOA DA PRATA, AO VIVO PELA INTERNET."}, {"id": "5804", "ano": "2019", "numero": "6", "tipo__sigla": "PL-CM", "tipo__descricao": "Projeto de Lei CM", "autoria": "Josiane Protetora dos Animais", "texto_original": "http://sapl.lagoadaprata.mg.leg.br/media/sapl/public/materialegislativa/2019/5804/projeto_de_lei_cm_no_06-2019_-_josiane_-_incent_FB011db.pdf", "ementa": "OBRIGA OS ESTABELECIMENTOS VETERIN\u00c1RIOS, OS QUE COMERCIALIZAM ANIMAIS OU PRODUTOS PARA ANIMAIS, A FIXAREM CARTAZ QUE FACILITE A ADO\u00c7\u00c3O DE ANIMAIS, NO \u00c2MBITO DO MUNIC\u00cdPIO DE LAGOA DA PRATA."}, {"id": "5751", "ano": "2019", "numero": "7", "tipo__sigla": "PL-CM", "tipo__descricao": "Projeto de Lei CM", "autoria": "Preto", "texto_original": "http://sapl.lagoadaprata.mg.leg.br/media/sapl/public/materialegislativa/2019/5751/projeto_de_lei_cm_no_07-2019_-_dia_municipal_da_8sbzawJ.pdf", "ementa": "INSTITUI O DIA MUNICIPAL DO PROFISSIONAL SOCORRISTA E EMERGENCISTA NO MUNIC\u00cdPIO DE LAGOA DA PRATA."}, {"id": "5798", "ano": "2019", "numero": "8", "tipo__sigla": "PL-CM", "tipo__descricao": "Projeto de Lei CM", "autoria": "Josiane Protetora dos Animais", "texto_original": "http://sapl.lagoadaprata.mg.leg.br/media/sapl/public/materialegislativa/2019/5798/projeto_de_lei_cm_no_08-2019_-_dia_municipal_do_OJdfAu0.pdf", "ementa": "INSTITUI O DIA MUNICIPAL DO PROFISSIONAL M\u00c9DICO NO MUNIC\u00cdPIO DE LAGOA DA PRATA."}, {"id": "5794", "ano": "2019", "numero": "9", "tipo__sigla": "PL-CM", "tipo__descricao": "Projeto de Lei CM", "autoria": "Adriano Moreira", "texto_original": "http://sapl.lagoadaprata.mg.leg.br/media/sapl/public/materialegislativa/2019/5794/projeto_de_lei_cm_no_09-2019_adriano_-_deducao__mdJMspQ.pdf", "ementa": "DISP\u00d5E SOBRE AS DESPESAS A SEREM DEDUZIDAS NO C\u00c1LCULO DA RENDA PER CAPTA PARA CONCESS\u00c3O DE BENEF\u00cdCIOS E AUX\u00cdLIOS ASSISTENCIAIS NO MUNIC\u00cdPIO DE LAGOA DA PRATA."}, {"id": "5807", "ano": "2019", "numero": "10", "tipo__sigla": "PL-CM", "tipo__descricao": "Projeto de Lei CM", "autoria": "Cida Marcelino, Josiane Protetora dos Animais", "texto_original": "http://sapl.lagoadaprata.mg.leg.br/media/sapl/public/materialegislativa/2019/5807/projeto_de_lei_cm_no_010-2019_cida_-_samu_sem_trote.pdf", "ementa": "DISP\u00d5E SOBRE A APLICA\u00c7\u00c3O DE MULTA AOS RESPONS\u00c1VEIS POR TROTES CONTRA O SAMU - SERVI\u00c7O DE ATENDIMENTO M\u00d3VEL DE URG\u00caNCIA \u2013 NO \u00c2MBITO DO MUNIC\u00cdPIO DE LAGOA DA PRATA."}, {"id": "5822", "ano": "2019", "numero": "11", "tipo__sigla": "PL-CM", "tipo__descricao": "Projeto de Lei CM", "autoria": "Josiane Protetora dos Animais, Cida Marcelino, Joanes Bosco, Professor Elias Izaias, Quelli C\u00e1ssia Couto", "texto_original": "http://sapl.lagoadaprata.mg.leg.br/media/sapl/public/materialegislativa/2019/5822/projeto_de_lei_cm_no_011-2019_mesa_-_transmissa_GepN7PI.pdf", "ementa": "AUTORIZA A TRANSMISS\u00c3O AUDIOVISUAL DAS REUNI\u00d5ES ORDIN\u00c1RIAS, EXTRAORDIN\u00c1RIAS, SOLENES E AUDI\u00caNCIAS P\u00daBLICAS DA C\u00c2MARA MUNICIPAL DE LAGOA DA PRATA, AO VIVO PELA INTERNET."}, {"id": "5829", "ano": "2019", "numero": "12", "tipo__sigla": "PL-CM", "tipo__descricao": "Projeto de Lei CM", "autoria": "Cabo Nunes ", "texto_original": "http://sapl.lagoadaprata.mg.leg.br/media/sapl/public/materialegislativa/2019/5829/projeto_de_lei_cm_no_012-2019_nunes_lista_de_sa_2D7Ocaz.pdf", "ementa": "DISP\u00d5E SOBRE A OBRIGATORIEDADE DE PUBLICA\u00c7\u00c3O NO SITE DO MUNIC\u00cdPIO, COM ATUALIZA\u00c7\u00c3O SEMANAL, DA LISTA DE ESPERA DOS PACIENTES QUE SER\u00c3O SUBMETIDOS A PROCEDIMENTOS M\u00c9DICOS ELETIVOS, NOS CASOS QUE MENCIONA."}, {"id": "5830", "ano": "2019", "numero": "13", "tipo__sigla": "PL-CM", "tipo__descricao": "Projeto de Lei CM", "autoria": "Josiane Protetora dos Animais", "texto_original": "http://sapl.lagoadaprata.mg.leg.br/media/sapl/public/materialegislativa/2019/5830/projeto_de_lei_cm_no_013-2019_-_josiane_-_alter_oTVJDjK.pdf", "ementa": "ALTERA A LEI MUNICIPAL N\u00ba 2.323, DE 17 DE SETEMBRO DE 2014, QUE INSTITUI A POL\u00cdTICA DE CONTROLE E BEM ESTAR ANIMAL DAS ESP\u00c9CIES CANINA E FELINA NO MUNIC\u00cdPIO DE LAGOA DA PRATA."}, {"id": "5831", "ano": "2019", "numero": "14", "tipo__sigla": "PL-CM", "tipo__descricao": "Projeto de Lei CM", "autoria": "Josiane Protetora dos Animais", "texto_original": "http://sapl.lagoadaprata.mg.leg.br/media/sapl/public/materialegislativa/2019/5831/projeto_de_lei_cm_no_014-2019_-_josiane_-_divul_icj8aqx.pdf", "ementa": "DISP\u00d5E SOBRE A DIVULGA\u00c7\u00c3O DE FOTOGRAFIAS DE ANIMAIS RECOLHIDOS NO CANIL MUNICIPAL DE LAGOA DA PRATA."}, {"id": "5832", "ano": "2019", "numero": "15", "tipo__sigla": "PL-CM", "tipo__descricao": "Projeto de Lei CM", "autoria": "Adriano Moreira", "texto_original": "http://sapl.lagoadaprata.mg.leg.br/media/sapl/public/materialegislativa/2019/5832/projeto_de_lei_cm_no_015-2019_-_dia_municipal_d_nzUNONV.pdf", "ementa": "INSTITUI O DIA MUNICIPAL DE CONSCIENTIZA\u00c7\u00c3O E ENFRENTAMENTO \u00c0 FIBROMIALGIA NO MUNIC\u00cdPIO DE LAGOA DA PRATA."}, {"id": "5891", "ano": "2019", "numero": "16", "tipo__sigla": "PL-CM", "tipo__descricao": "Projeto de Lei CM", "autoria": "", "texto_original": "http://sapl.lagoadaprata.mg.leg.br/media/sapl/public/materialegislativa/2019/5891/projeto_de_lei_cm_no_016-2019_-_nunes_nome_rua__0r8CbEX.pdf", "ementa": "D\u00c1 NOME \u00c0 RUA QUE MENCIONA."}, {"id": "5892", "ano": "2019", "numero": "17", "tipo__sigla": "PL-CM", "tipo__descricao": "Projeto de Lei CM", "autoria": "Cabo Nunes ", "texto_original": "http://sapl.lagoadaprata.mg.leg.br/media/sapl/public/materialegislativa/2019/5892/projeto_de_lei_cm_no_017-2019_-_nunes_-_nome_ma_j6jUNBS.pdf", "ementa": "D\u00c1 NOME \u00c0 RUA QUE MENCIONA."}, {"id": "5893", "ano": "2019", "numero": "18", "tipo__sigla": "PL-CM", "tipo__descricao": "Projeto de Lei CM", "autoria": "Cabo Nunes ", "texto_original": "http://sapl.lagoadaprata.mg.leg.br/media/sapl/public/materialegislativa/2019/5893/projeto_de_lei_cm_no_018-2019_-_nunes_-_nome_ru_raP60pZ.pdf", "ementa": "D\u00c1 NOME \u00c0 RUA QUE MENCIONA."}, {"id": "5894", "ano": "2019", "numero": "19", "tipo__sigla": "PL-CM", "tipo__descricao": "Projeto de Lei CM", "autoria": "Cabo Nunes ", "texto_original": "http://sapl.lagoadaprata.mg.leg.br/media/sapl/public/materialegislativa/2019/5894/projeto_de_lei_cm_no_019-2019_nunes_-_nome_rua__FTIWCzk.pdf", "ementa": "D\u00c1 NOME \u00c0 RUA QUE MENCIONA."}, {"id": "5895", "ano": "2019", "numero": "20", "tipo__sigla": "PL-CM", "tipo__descricao": "Projeto de Lei CM", "autoria": "Quelli C\u00e1ssia Couto", "texto_original": "http://sapl.lagoadaprata.mg.leg.br/media/sapl/public/materialegislativa/2019/5895/projeto_de_lei_cm_no_020-2019_-_quelli_-_doacao_kL9Khgb.pdf", "ementa": "AUTORIZA O SERVI\u00c7O AUT\u00d4NOMO DE \u00c1GUA E ESGOTO DE LAGOA DA PRATA \u2013 SAAE-LP- A RECEBER DOA\u00c7\u00d5ES."}, {"id": "5909", "ano": "2019", "numero": "21", "tipo__sigla": "PL-CM", "tipo__descricao": "Projeto de Lei CM", "autoria": "Adriano Moreira", "texto_original": "http://sapl.lagoadaprata.mg.leg.br/media/sapl/public/materialegislativa/2019/5909/projeto_de_lei_cm_no_021-2019_-_adriano_-_alter_7VugXa1.pdf", "ementa": "ALTERA A LEI MUNICIPAL N\u00ba 1.791, DE 24 DE MAR\u00c7O DE 2010, QUE DISP\u00d5E SOBRE ADIANTAMENTO DE VALORES A VEREADORES E SERVIDORES PARA VIAGENS A SERVI\u00c7O DA C\u00c2MARA MUNICIPAL DE LAGOA DA PRATA"}, {"id": "5920", "ano": "2019", "numero": "22", "tipo__sigla": "PL-CM", "tipo__descricao": "Projeto de Lei CM", "autoria": "Cida Marcelino, Josiane Protetora dos Animais, Quelli C\u00e1ssia Couto", "texto_original": "http://sapl.lagoadaprata.mg.leg.br/media/sapl/public/materialegislativa/2019/5920/projeto_de_lei_cm_no_022-2019_mesa_-_doacao_de__pfZMjiP.pdf", "ementa": "AUTORIZA A DOA\u00c7\u00c3O DE BENS INSERV\u00cdVEIS \u00c0 ASSOCIA\u00c7\u00c3O DOS CATADORES DE PAPEL, PAPEL\u00c3O E DE MATERIAIS REAPROVEIT\u00c1VEIS DE LAGOA DA PRATA \u2013 ASCALP."}, {"id": "5972", "ano": "2019", "numero": "23", "tipo__sigla": "PL-CM", "tipo__descricao": "Projeto de Lei CM", "autoria": "Cida Marcelino, Josiane Protetora dos Animais, Quelli C\u00e1ssia Couto", "texto_original": "http://sapl.lagoadaprata.mg.leg.br/media/sapl/public/materialegislativa/2019/5972/projeto_de_lei_cm_023-2019_-_josiane_quelli_cid_ulCxWR1.pdf", "ementa": "AUTORIZA A DOA\u00c7\u00c3O DE BENS AO CAIXA ESCOLAR DOUTOR ARNALDO DE FARIAS TAVARES"}, {"id": "5984", "ano": "2019", "numero": "24", "tipo__sigla": "PL-CM", "tipo__descricao": "Projeto de Lei CM", "autoria": "Preto", "texto_original": "http://sapl.lagoadaprata.mg.leg.br/media/sapl/public/materialegislativa/2019/5984/projeto_de_lei_cm_024-2019_-_preto_-_lixeira_26-08.pdf", "ementa": "DISP\u00d5E SOBRE A CRIA\u00c7\u00c3O DO PROJETO DE ADO\u00c7\u00c3O DE LIXEIRAS PELA INICIATIVA PRIVADA"}, {"id": "6025", "ano": "2019", "numero": "25", "tipo__sigla": "PL-CM", "tipo__descricao": "Projeto de Lei CM", "autoria": "Quelli C\u00e1ssia Couto", "texto_original": "http://sapl.lagoadaprata.mg.leg.br/media/sapl/public/materialegislativa/2019/6025/projeto_de_lei_cm_025-2019_-_quelli_declara_de__ir19k3Z.pdf", "ementa": "DECLARA DE UTILIDADE P\u00daBLICA O INSTITUTO MARCOS MORAES."}, {"id": "6082", "ano": "2019", "numero": "26", "tipo__sigla": "PL-CM", "tipo__descricao": "Projeto de Lei CM", "autoria": "Lalinho Duzinho", "texto_original": "http://sapl.lagoadaprata.mg.leg.br/media/sapl/public/materialegislativa/2019/6082/projeto_de_lei_cm_026-2019_-_lalinho_-_altera_a_klrq7sz.pdf", "ementa": "ALTERA A LEI MUNICIPAL N\u00ba 2.602, DE 27 DE AGOSTO DE 2015, QUE AUTORIZA A PERMUTA DE IM\u00d3VEIS QUE MENCIONA E CONT\u00c9M OUTRAS PROVID\u00caNCIAS"}, {"id": "5842", "ano": "2019", "numero": "1", "tipo__sigla": "PLC-C", "tipo__descricao": "Projeto de Lei Complementar - CM", "autoria": "Josiane Protetora dos Animais, Cida Marcelino, Quelli C\u00e1ssia Couto", "texto_original": "http://sapl.lagoadaprata.mg.leg.br/media/sapl/public/materialegislativa/2019/5842/projeto_de_lei_complementar_cm_no_01-2019_mesa__oqUArJ8.pdf", "ementa": "DISP\u00d5E SOBRE A ESTRUTURA ADMINISTRATIVA DA C\u00c2MARA MUNICIPAL DE LAGOA DA PRATA."}, {"id": "5929", "ano": "2019", "numero": "2", "tipo__sigla": "PLC-C", "tipo__descricao": "Projeto de Lei Complementar - CM", "autoria": "Josiane Protetora dos Animais", "texto_original": "http://sapl.lagoadaprata.mg.leg.br/media/sapl/public/materialegislativa/2019/5929/projeto_de_lei_complementar_cm_no_02-2019_josia_QThtHtO.pdf", "ementa": "ACRESCENTA ARTIGO \u00c0 LEI COMPLEMENTAR MUNICIPAL N\u00ba 5, DE 15 DE JULHO DE 1991, QUE INSTITUI O C\u00d3DIGO DE POSTURAS DO MUNIC\u00cdPIO DE LAGOA DA PRATA E D\u00c1 OUTRAS PROVID\u00caNCIAS"}, {"id": "6097", "ano": "2019", "numero": "3", "tipo__sigla": "PLC-C", "tipo__descricao": "Projeto de Lei Complementar - CM", "autoria": "Preto", "texto_original": "http://sapl.lagoadaprata.mg.leg.br/media/sapl/public/materialegislativa/2019/6097/projeto_de_lei_complementar_cm_no_003-2019_-_preto_-_altera_plano_diretor_-_desmembramento_e_app.pdf", "ementa": "Altera a Lei Complementar Municipal n\u00ba 176/2.017, que Disp\u00f5e Sobre a Institui\u00e7\u00e3o do Plano Diretor do Munic\u00edpio de Lagoa da Prata, Dec\u00eanio 2017-2026."}, {"id": "5744", "ano": "2019", "numero": "1", "tipo__sigla": "PLC-E", "tipo__descricao": "Projeto de Lei Complementar - EM ", "autoria": "Paulo C\u00e9sar Teodoro", "texto_original": "http://sapl.lagoadaprata.mg.leg.br/media/sapl/public/materialegislativa/2019/5744/projeto_de_lei_complementar_-_em_01-2019_altera_5HDAZht.pdf", "ementa": "ALTERA A LEI COMPLEMENTAR N\u00ba 176, DE 03 DE JANEIRO DE 2017"}, {"id": "5791", "ano": "2019", "numero": "2", "tipo__sigla": "PLC-E", "tipo__descricao": "Projeto de Lei Complementar - EM ", "autoria": "Paulo C\u00e9sar Teodoro", "texto_original": "http://sapl.lagoadaprata.mg.leg.br/media/sapl/public/materialegislativa/2019/5791/projeto_de_lei_complementar_-_em_02-2019_altera_DM2NQNI.pdf", "ementa": "ALTERA A LEI COMPLEMENTAR N\u00ba 003, DE 22 DE MAIO DE 1991, A FIM DE CRIAR CARGO ELETIVO DE DIRETOR DE CRECHE."}, {"id": "5769", "ano": "2019", "numero": "3", "tipo__sigla": "PLC-E", "tipo__descricao": "Projeto de Lei Complementar - EM ", "autoria": "Paulo C\u00e9sar Teodoro", "texto_original": "http://sapl.lagoadaprata.mg.leg.br/media/", "ementa": "ALTERA A LEI COMPLEMENTAR N\u00ba 79, DE 16 DE DEZEMBRO DE 2008"}, {"id": "5786", "ano": "2019", "numero": "4", "tipo__sigla": "PLC-E", "tipo__descricao": "Projeto de Lei Complementar - EM ", "autoria": "Paulo C\u00e9sar Teodoro", "texto_original": "http://sapl.lagoadaprata.mg.leg.br/media/", "ementa": "CRIA GRATIFICA\u00c7\u00c3O PARA OS SERVIDORES MUNICIPAIS EFETIVOS QUE COMP\u00d5EM A COMISS\u00c3O FIXA DE SELE\u00c7\u00c3O E COMISS\u00c3O FIXA DE MONITORAMENTO E AVALIA\u00c7\u00c3O RELATIVAS \u00c0 LEI N\u00ba 13.019/2014 - MARCO REGULAT\u00d3RIO DAS ORGANIZA\u00c7\u00d5ES DA SOCIEDADE CIVIL."}, {"id": "5851", "ano": "2019", "numero": "5", "tipo__sigla": "PLC-E", "tipo__descricao": "Projeto de Lei Complementar - EM ", "autoria": "Paulo C\u00e9sar Teodoro", "texto_original": "http://sapl.lagoadaprata.mg.leg.br/media/", "ementa": "ALTERA A LEI COMPLEMENTAR MUNICIPAL N\u00ba 176, DE 03 DE JANEIRO DE 2017"}, {"id": "5942", "ano": "2019", "numero": "6", "tipo__sigla": "PLC-E", "tipo__descricao": "Projeto de Lei Complementar - EM ", "autoria": "Paulo C\u00e9sar Teodoro", "texto_original": "http://sapl.lagoadaprata.mg.leg.br/media/sapl/public/materialegislativa/2019/5942/projeto_de_lei_complementar_-_em_06-2019_altera_1CsnFw3.pdf", "ementa": "ALTERA A LEI COMPLEMENTAR N\u00ba 022, DE 25 DE NOVEMBRO DE 1997 PARA CRIAR VAGAS E D\u00c1 OUTRAS PROVID\u00caNCIAS"}, {"id": "5960", "ano": "2019", "numero": "7", "tipo__sigla": "PLC-E", "tipo__descricao": "Projeto de Lei Complementar - EM ", "autoria": "Paulo C\u00e9sar Teodoro", "texto_original": "http://sapl.lagoadaprata.mg.leg.br/media/sapl/public/materialegislativa/2019/5960/projeto_de_lei_complementar_em_07_-.pdf", "ementa": "ALTERA A LEI COMPLEMENTAR N\u00ba. 022, DE 25 DE NOVEMBRO DE 1997 PARA CRIAR VAGAS E D\u00c1 OUTRAS PROVID\u00caNCIAS."}, {"id": "5985", "ano": "2019", "numero": "8", "tipo__sigla": "PLC-E", "tipo__descricao": "Projeto de Lei Complementar - EM ", "autoria": "Paulo C\u00e9sar Teodoro", "texto_original": "http://sapl.lagoadaprata.mg.leg.br/media/", "ementa": "ALTERA A LEI COMPLEMENTAR 003/1991, QUE CRIA O PLANO DE CARREIRA DO SERVIDOR P\u00daBLICO CIVIL DA PREFEITURA MUNICIPAL DE LAGOA DA PRATA E D\u00c1 OUTRAS PROVID\u00caNCIAS"}, {"id": "6053", "ano": "2019", "numero": "9", "tipo__sigla": "PLC-E", "tipo__descricao": "Projeto de Lei Complementar - EM ", "autoria": "Paulo C\u00e9sar Teodoro", "texto_original": "http://sapl.lagoadaprata.mg.leg.br/media/", "ementa": "ALTERA LEI COMPLEMENTAR N\u00ba 003, DE 22 DE MAIO DE 1991, PARA CRIAR O EMPREGO P\u00daBLICO DE EDUCADOR DE CRECHE"}, {"id": "6059", "ano": "2019", "numero": "10", "tipo__sigla": "PLC-E", "tipo__descricao": "Projeto de Lei Complementar - EM ", "autoria": "Paulo C\u00e9sar Teodoro", "texto_original": "http://sapl.lagoadaprata.mg.leg.br/media/", "ementa": "ALTERA A LEI COMPLEMENTAR N\u00ba 003/1991, QUE CRIA O PLANO DE CARREIRA DO SERVIDOR P\u00daBLICO CIVIL DA PREFEITURA MUNICIPAL DE LAGOA DA PRATA E D\u00c1 OUTRAS PROVID\u00caNCIAS"}, {"id": "6068", "ano": "2019", "numero": "11", "tipo__sigla": "PLC-E", "tipo__descricao": "Projeto de Lei Complementar - EM ", "autoria": "Paulo C\u00e9sar Teodoro", "texto_original": "http://sapl.lagoadaprata.mg.leg.br/media/sapl/public/materialegislativa/2019/6068/projeto_de_lei_complementar_em_011-2019_altera__d2Si1aB.pdf", "ementa": "ALTERA A LEI COMPLEMENTAR N\u00ba. 003, DE 22 DE MAIO DE 1991 E A LEI COMPLEMENTAR N\u00ba. 022, DE 25 DE NOVEMBRO DE 1997 E D\u00c1 OUTRAS PROVID\u00caNCIAS"}, {"id": "6110", "ano": "2019", "numero": "12", "tipo__sigla": "PLC-E", "tipo__descricao": "Projeto de Lei Complementar - EM ", "autoria": "Paulo C\u00e9sar Teodoro", "texto_original": "http://sapl.lagoadaprata.mg.leg.br/media/sapl/public/materialegislativa/2019/6110/plc_em_12-2019.pdf", "ementa": "ALTERA A LEI COMPLEMENTAR N\u00ba 003, DE 22 DE MAIO DE 1991 E A LEI COMPLEMENTAR N\u00ba 093, DE 06 DE JULHO DE 2001, PARA CRIAR VAGAS DE ADVOGADO E ODONT\u00d3LOGO DE UNIDADE B\u00c1SICA DE SA\u00daDE E D\u00c1 OUTRAS PROVID\u00caNCIAS"}, {"id": "6120", "ano": "2019", "numero": "13", "tipo__sigla": "PLC-E", "tipo__descricao": "Projeto de Lei Complementar - EM ", "autoria": "Paulo C\u00e9sar Teodoro", "texto_original": "http://sapl.lagoadaprata.mg.leg.br/media/sapl/public/materialegislativa/2019/6120/projeto_de_lei_completar_em_13-2019_e_mensagem.pdf", "ementa": "Altera a Lei Complementar 051, de 30 de setembro de 2005 e a Lei Complementar n\u00ba 003, de 22 de maio de 1991 e d\u00e1 outras provid\u00eancias."}, {"id": "5721", "ano": "2019", "numero": "1", "tipo__sigla": "PL-EM", "tipo__descricao": "Projeto de Lei EM", "autoria": "Paulo C\u00e9sar Teodoro", "texto_original": "http://sapl.lagoadaprata.mg.leg.br/media/sapl/public/materialegislativa/2019/5721/projeto_de_lei_em_01_-_autoriza_doacao_de_imove_oIHOqSz.pdf", "ementa": "AUTORIZA O MUNIC\u00cdPIO DE LAGOA DA PRATA A DOAR IM\u00d3VEL QUE MENCIONA E CONT\u00c9M OUTRAS PROVID\u00caNCIAS"}, {"id": "5883", "ano": "2019", "numero": "2", "tipo__sigla": "PL-EM", "tipo__descricao": "Projeto de Lei EM", "autoria": "Paulo C\u00e9sar Teodoro", "texto_original": "http://sapl.lagoadaprata.mg.leg.br/media/sapl/public/materialegislativa/2019/5883/projeto_de_lei_em_02_-_autoriza_doacao_de_imove_oObnIE2.pdf", "ementa": "AUTORIZA O MUNIC\u00cdPIO DE LAGOA DA PRATA A DOAR IM\u00d3VEL QUE MENCIONA E CONT\u00c9M OUTRAS PROVID\u00caNCIAS"}, {"id": "5748", "ano": "2019", "numero": "3", "tipo__sigla": "PL-EM", "tipo__descricao": "Projeto de Lei EM", "autoria": "Paulo C\u00e9sar Teodoro", "texto_original": "http://sapl.lagoadaprata.mg.leg.br/media/sapl/public/materialegislativa/2019/5748/projeto_de_lei_em_03_-_altera_lei_municipal_no__NFmFprN.pdf", "ementa": "ALTERA A LEI MUNICIPAL N\u00ba 2152/2013, QUE INSTITUI NO \u00c2MBITO DO MUNIC\u00cdPIO DE LAGOA DA PRATA O PROGRAMA BOLSA ATLETA."}, {"id": "5792", "ano": "2019", "numero": "4", "tipo__sigla": "PL-EM", "tipo__descricao": "Projeto de Lei EM", "autoria": "Paulo C\u00e9sar Teodoro", "texto_original": "http://sapl.lagoadaprata.mg.leg.br/media/sapl/public/materialegislativa/2019/5792/projeto_de_lei_em_04-_altera_do_perimetro_urban_re08zM6.pdf", "ementa": "DELIMITA O PER\u00cdMETRO URBANO DA CIDADE DE LAGOA DA PRATA."}, {"id": "5754", "ano": "2019", "numero": "5", "tipo__sigla": "PL-EM", "tipo__descricao": "Projeto de Lei EM", "autoria": "Paulo C\u00e9sar Teodoro", "texto_original": "http://sapl.lagoadaprata.mg.leg.br/media/sapl/public/materialegislativa/2019/5754/projeto_de_lei_em_05_-_credito_suplementar_-_r__ti0ihgR.pdf", "ementa": "ABRE CR\u00c9DITO SUPLEMENTAR AO OR\u00c7AMENTO VIGENTE DO MUNIC\u00cdPIO DE LAGOA DA PRATA E CONT\u00c9M OUTRAS PROVID\u00caNCIAS"}, {"id": "5755", "ano": "2019", "numero": "6", "tipo__sigla": "PL-EM", "tipo__descricao": "Projeto de Lei EM", "autoria": "Paulo C\u00e9sar Teodoro", "texto_original": "http://sapl.lagoadaprata.mg.leg.br/media/sapl/public/materialegislativa/2019/5755/projeto_de_lei_em_06_-_credito_especial_-_r100.00000.pdf", "ementa": "ABRE CR\u00c9DITO ESPECIAL AO OR\u00c7AMENTO VIGENTE DO MUNIC\u00cdPIO DE LAGOA DA PRATA E CONT\u00c9M OUTRAS PROVID\u00caNCIAS"}, {"id": "5756", "ano": "2019", "numero": "7", "tipo__sigla": "PL-EM", "tipo__descricao": "Projeto de Lei EM", "autoria": "Paulo C\u00e9sar Teodoro", "texto_original": "http://sapl.lagoadaprata.mg.leg.br/media/sapl/public/materialegislativa/2019/5756/projeto_de_lei_em_07_-_credito_suplementar_-_r3_tBBPjfU.pdf", "ementa": "ABRE CR\u00c9DITO SUPLEMENTAR AO OR\u00c7AMENTO VIGENTE DO MUNIC\u00cdPIO DE LAGOA DA PRATA E CONT\u00c9M OUTRAS PROVID\u00caNCIAS"}, {"id": "5779", "ano": "2019", "numero": "8", "tipo__sigla": "PL-EM", "tipo__descricao": "Projeto de Lei EM", "autoria": "Paulo C\u00e9sar Teodoro", "texto_original": "http://sapl.lagoadaprata.mg.leg.br/media/sapl/public/materialegislativa/2019/5779/projeto_de_lei_em_08_-_credito_especial_-_r_430_pk0R2Wn.pdf", "ementa": "ABRE CR\u00c9DITO ESPECIAL AO OR\u00c7AMENTO VIGENTE DO MUNIC\u00cdPIO DE LAGOA DA PRATA E CONT\u00c9M OUTRAS PROVID\u00caNCIAS"}, {"id": "5750", "ano": "2019", "numero": "9", "tipo__sigla": "PL-EM", "tipo__descricao": "Projeto de Lei EM", "autoria": "Paulo C\u00e9sar Teodoro", "texto_original": "http://sapl.lagoadaprata.mg.leg.br/media/sapl/public/materialegislativa/2019/5750/projeto_de_lei_em_09_-_abre_credito_suplementar_P4Ye506.pdf", "ementa": "ABRE CR\u00c9DITO SUPLEMENTAR AO OR\u00c7AMENTO VIGENTE DO MUNIC\u00cdPIO DE LAGOA DA PRATA E CONT\u00c9M OUTRAS PROVID\u00caNCIAS"}, {"id": "5757", "ano": "2019", "numero": "10", "tipo__sigla": "PL-EM", "tipo__descricao": "Projeto de Lei EM", "autoria": "Paulo C\u00e9sar Teodoro", "texto_original": "http://sapl.lagoadaprata.mg.leg.br/media/sapl/public/materialegislativa/2019/5757/projeto_de_lei_em_10_-_credito_especial_-_r_1.7_Dyvb0a2.pdf", "ementa": "ABRE CR\u00c9DITO ESPECIAL AO OR\u00c7AMENTO VIGENTE DO MUNIC\u00cdPIO DE LAGOA DA PRATA E CONT\u00c9M OUTRAS PROVID\u00caNCIAS"}, {"id": "5743", "ano": "2019", "numero": "11", "tipo__sigla": "PL-EM", "tipo__descricao": "Projeto de Lei EM", "autoria": "Paulo C\u00e9sar Teodoro", "texto_original": "http://sapl.lagoadaprata.mg.leg.br/media/sapl/public/materialegislativa/2019/5743/projeto_de_lei_em_11_-_altera_lei_3181-2018_-_a_gQFvbA5.pdf", "ementa": "ALTERA A LEI MUNICIPAL N\u00ba 2181/2019, QUE DISP\u00d5E SOBRE A CONCESS\u00c3O DE AUX\u00cdLIO-TRANSPORTE AOS ESTUDANTES UNIVERSIT\u00c1RIOS NO MUNIC\u00cdPIO DE LAGOA DA PRATA E D\u00c1 OUTRAS PROVID\u00caNCIAS"}, {"id": "5780", "ano": "2019", "numero": "12", "tipo__sigla": "PL-EM", "tipo__descricao": "Projeto de Lei EM", "autoria": "Paulo C\u00e9sar Teodoro", "texto_original": "http://sapl.lagoadaprata.mg.leg.br/media/sapl/public/materialegislativa/2019/5780/projeto_de_lei_em_12_-_concede_subvencao_social_SZGHzwp.pdf", "ementa": "AUTORIZA O EXECUTIVO MUNICIPAL A CONCEDER SUBVEN\u00c7\u00c3O SOCIAL \u00c0 ENTIDADE QUE MENCIONA E CONT\u00c9M OUTRAS PROVID\u00caNCIAS"}, {"id": "5758", "ano": "2019", "numero": "13", "tipo__sigla": "PL-EM", "tipo__descricao": "Projeto de Lei EM", "autoria": "Paulo C\u00e9sar Teodoro", "texto_original": "http://sapl.lagoadaprata.mg.leg.br/media/sapl/public/materialegislativa/2019/5758/projeto_de_lei_em_13_-_doa_bens_inserviveis_par_cN1gFZT.pdf", "ementa": "AUTORIZA DOA\u00c7\u00c3O DE BENS QUE MENCIONA E D\u00c1 OUTRAS PROVID\u00caNCIAS"}, {"id": "5781", "ano": "2019", "numero": "14", "tipo__sigla": "PL-EM", "tipo__descricao": "Projeto de Lei EM", "autoria": "Paulo C\u00e9sar Teodoro", "texto_original": "http://sapl.lagoadaprata.mg.leg.br/media/sapl/public/materialegislativa/2019/5781/projeto_de_lei_em_14_-_credito_especial_-_r15.0_uBYlIX4.pdf", "ementa": "ABRE CR\u00c9DITO ESPECIAL AO OR\u00c7AMENTO VIGENTE DO MUNIC\u00cdPIO DE LAGOA DA PRATA E CONT\u00c9M OUTRAS PROVID\u00caNCIAS"}, {"id": "5759", "ano": "2019", "numero": "15", "tipo__sigla": "PL-EM", "tipo__descricao": "Projeto de Lei EM", "autoria": "Paulo C\u00e9sar Teodoro", "texto_original": "http://sapl.lagoadaprata.mg.leg.br/media/sapl/public/materialegislativa/2019/5759/projeto_de_lei_em_15_-_credito_suplementar_-_r2_l1FdSCK.pdf", "ementa": "ABRE CR\u00c9DITO SUPLEMENTAR AO OR\u00c7AMENTO VIGENTE DO MUNIC\u00cdPIO DE LAGOA DA PRATA E CONT\u00c9M OUTRAS PROVID\u00caNCIAS"}, {"id": "5760", "ano": "2019", "numero": "16", "tipo__sigla": "PL-EM", "tipo__descricao": "Projeto de Lei EM", "autoria": "Paulo C\u00e9sar Teodoro", "texto_original": "http://sapl.lagoadaprata.mg.leg.br/media/sapl/public/materialegislativa/2019/5760/projeto_de_lei_em_16_-_credito_suplementar_-_r9_8SSC4CA.pdf", "ementa": "ABRE CR\u00c9DITO SUPLEMENTAR AO OR\u00c7AMENTO VIGENTE DO MUNIC\u00cdPIO DE LAGOA DA PRATA E CONT\u00c9M OUTRAS PROVID\u00caNCIAS"}, {"id": "5836", "ano": "2019", "numero": "17", "tipo__sigla": "PL-EM", "tipo__descricao": "Projeto de Lei EM", "autoria": "Paulo C\u00e9sar Teodoro", "texto_original": "http://sapl.lagoadaprata.mg.leg.br/media/sapl/public/materialegislativa/2019/5836/projeto_de_lei_em_17_-_credito_suplementar_-_r1_K3tDenb.pdf", "ementa": "ABRE CR\u00c9DITO SUPLEMENTAR AO OR\u00c7AMENTO VIGENTE DO MUNIC\u00cdPIO DE LAGOA DA PRATA E CONT\u00c9M OUTRAS PROVID\u00caNCIAS"}, {"id": "5761", "ano": "2019", "numero": "18", "tipo__sigla": "PL-EM", "tipo__descricao": "Projeto de Lei EM", "autoria": "Paulo C\u00e9sar Teodoro", "texto_original": "http://sapl.lagoadaprata.mg.leg.br/media/sapl/public/materialegislativa/2019/5761/projeto_de_lei_em_18_-_credito_suplementar_-_r2_oznMGps.pdf", "ementa": "ABRE CR\u00c9DITO SUPLEMENTAR AO OR\u00c7AMENTO VIGENTE DO MUNIC\u00cdPIO DE LAGOA DA PRATA E CONT\u00c9M OUTRAS PROVID\u00caNCIAS"}, {"id": "5782", "ano": "2019", "numero": "19", "tipo__sigla": "PL-EM", "tipo__descricao": "Projeto de Lei EM", "autoria": "Paulo C\u00e9sar Teodoro", "texto_original": "http://sapl.lagoadaprata.mg.leg.br/media/sapl/public/materialegislativa/2019/5782/projeto_de_lei_em_19_-_altera_lei_municipal_no__hCAQRBe.pdf", "ementa": "ALTERA A LEI MUNICIPAL N\u00ba 2924/2017, QUE AUTORIZA O EXECUTIVO MUNICIPAL A CONCEDER CONTRIBUI\u00c7\u00c3O \u00c0 UNI\u00c3O NACIONAL DOS DIRIGENTES MUNICIPAIS DE EDUCA\u00c7\u00c3O DO ESTADO DE MINAS GERAIS \u2013 UNDIME-MG \u2013 PARA O QUADRI\u00caNIO 2017-2020"}, {"id": "5783", "ano": "2019", "numero": "20", "tipo__sigla": "PL-EM", "tipo__descricao": "Projeto de Lei EM", "autoria": "Paulo C\u00e9sar Teodoro", "texto_original": "http://sapl.lagoadaprata.mg.leg.br/media/sapl/public/materialegislativa/2019/5783/projeto_de_lei_em_20_-_credito_suplementar_-_r3_mtr9Bqs.pdf", "ementa": "ABRE CR\u00c9DITO SUPLEMENTAR AO OR\u00c7AMENTO VIGENTE DO MUNIC\u00cdPIO DE LAGOA DA PRATA E CONT\u00c9M OUTRAS PROVID\u00caNCIAS"}, {"id": "5765", "ano": "2019", "numero": "21", "tipo__sigla": "PL-EM", "tipo__descricao": "Projeto de Lei EM", "autoria": "Paulo C\u00e9sar Teodoro", "texto_original": "http://sapl.lagoadaprata.mg.leg.br/media/sapl/public/materialegislativa/2019/5765/projeto_de_lei_em_21_-_credito_suplementar_-_r__JPkpxe7.pdf", "ementa": "ABRE CR\u00c9DITO SUPLEMENTAR AO OR\u00c7AMENTO VIGENTE DO MUNIC\u00cdPIO DE LAGOA DA PRATA E CONT\u00c9M OUTRAS PROVID\u00caNCIAS"}, {"id": "5928", "ano": "2019", "numero": "22", "tipo__sigla": "PL-EM", "tipo__descricao": "Projeto de Lei EM", "autoria": "Paulo C\u00e9sar Teodoro", "texto_original": "http://sapl.lagoadaprata.mg.leg.br/media/sapl/public/materialegislativa/2019/5928/projeto_de_lei_em_22_-_credito_suplementar_-_r__s2E9kVg.pdf", "ementa": "ABRE CREDITO SUPLEMENTAR AO OR\u00c7AMENTO VIGENTE DO MUNIC\u00cdPIO DE LAGOA DA PRATA E CONT\u00c9M OUTRAS PROVID\u00caNCIAS."}, {"id": "5844", "ano": "2019", "numero": "23", "tipo__sigla": "PL-EM", "tipo__descricao": "Projeto de Lei EM", "autoria": "Paulo C\u00e9sar Teodoro", "texto_original": "http://sapl.lagoadaprata.mg.leg.br/media/sapl/public/materialegislativa/2019/5844/projeto_de_lei_em_23_-_credito_suplementar_-_r__ZmwTgRe.pdf", "ementa": "ABRE CR\u00c9DITO SUPLEMENTAR AO OR\u00c7AMENTO VIGENTE DO MUNIC\u00cdPIO DE LAGOA DA PRATA E CONT\u00c9M OUTRAS PROVID\u00caNCIAS"}, {"id": "5845", "ano": "2019", "numero": "24", "tipo__sigla": "PL-EM", "tipo__descricao": "Projeto de Lei EM", "autoria": "Paulo C\u00e9sar Teodoro", "texto_original": "http://sapl.lagoadaprata.mg.leg.br/media/sapl/public/materialegislativa/2019/5845/projeto_de_lei_em_24_-_credito_suplementar_-_r__ChSCfLd.pdf", "ementa": "ABRE CR\u00c9DITO SUPLEMENTAR AO OR\u00c7AMENTO VIGENTE DO MUNIC\u00cdPIO DE LAGOA DA PRATA E CONT\u00c9M OUTRAS PROVID\u00caNCIAS"}, {"id": "5846", "ano": "2019", "numero": "25", "tipo__sigla": "PL-EM", "tipo__descricao": "Projeto de Lei EM", "autoria": "Paulo C\u00e9sar Teodoro", "texto_original": "http://sapl.lagoadaprata.mg.leg.br/media/sapl/public/materialegislativa/2019/5846/projeto_de_lei_em_25_-_credito_suplementar_-_r7_Wt2XlWz.pdf", "ementa": "ABRE CR\u00c9DITO SUPLEMENTAR AO OR\u00c7AMENTO VIGENTE DO MUNIC\u00cdPIO DE LAGOA DA PRATA E CONT\u00c9M OUTRAS PROVID\u00caNCIAS"}, {"id": "5766", "ano": "2019", "numero": "26", "tipo__sigla": "PL-EM", "tipo__descricao": "Projeto de Lei EM", "autoria": "Paulo C\u00e9sar Teodoro", "texto_original": "http://sapl.lagoadaprata.mg.leg.br/media/sapl/public/materialegislativa/2019/5766/projeto_de_lei_em_26_-_credito_suplementar_-_r__fG6mqLD.pdf", "ementa": "ABRE CR\u00c9DITO SUPLEMENTAR AO OR\u00c7AMENTO VIGENTE DO MUNIC\u00cdPIO DE LAGOA DA PRATA E CONT\u00c9M OUTRAS PROVID\u00caNCIAS"}, {"id": "5767", "ano": "2019", "numero": "27", "tipo__sigla": "PL-EM", "tipo__descricao": "Projeto de Lei EM", "autoria": "Paulo C\u00e9sar Teodoro", "texto_original": "http://sapl.lagoadaprata.mg.leg.br/media/sapl/public/materialegislativa/2019/5767/projeto_de_lei_em_27_-_credito_suplementar_-_r__MwHKLpn.pdf", "ementa": "ABRE CR\u00c9DITO SUPLEMENTAR AO OR\u00c7AMENTO VIGENTE DO MUNIC\u00cdPIO DE LAGOA DA PRATA E CONT\u00c9M OUTRAS PROVID\u00caNCIAS"}, {"id": "5770", "ano": "2019", "numero": "28", "tipo__sigla": "PL-EM", "tipo__descricao": "Projeto de Lei EM", "autoria": "Paulo C\u00e9sar Teodoro", "texto_original": "http://sapl.lagoadaprata.mg.leg.br/media/sapl/public/materialegislativa/2019/5770/projeto_de_lei_em_28_-_credito_suplementar_-_r__PJtkktU.pdf", "ementa": "ABRE CR\u00c9DITO SUPLEMENTAR AO OR\u00c7AMENTO VIGENTE DO MUNIC\u00cdPIO DE LAGOA DA PRATA E CONT\u00c9M OUTRAS PROVID\u00caNCIAS"}, {"id": "5771", "ano": "2019", "numero": "29", "tipo__sigla": "PL-EM", "tipo__descricao": "Projeto de Lei EM", "autoria": "Paulo C\u00e9sar Teodoro", "texto_original": "http://sapl.lagoadaprata.mg.leg.br/media/sapl/public/materialegislativa/2019/5771/projeto_de_lei_em_29_-_credito_especial_-_r87.2_05SKaIG.pdf", "ementa": "ABRE CR\u00c9DITO ESPECIAL AO OR\u00c7AMENTO VIGENTE DO MUNIC\u00cdPIO DE LAGOA DA PRATA E CONT\u00c9M OUTRAS PROVID\u00caNCIAS"}, {"id": "5772", "ano": "2019", "numero": "30", "tipo__sigla": "PL-EM", "tipo__descricao": "Projeto de Lei EM", "autoria": "Paulo C\u00e9sar Teodoro", "texto_original": "http://sapl.lagoadaprata.mg.leg.br/media/sapl/public/materialegislativa/2019/5772/projeto_de_lei_em_30_-_credito_suplementar_-_r__N5JwZHx.pdf", "ementa": "ABRE CR\u00c9DITO SUPLEMENTAR AO OR\u00c7AMENTO VIGENTE DO MUNIC\u00cdPIO DE LAGOA DA PRATA E CONT\u00c9M OUTRAS PROVID\u00caNCIAS"}, {"id": "5773", "ano": "2019", "numero": "31", "tipo__sigla": "PL-EM", "tipo__descricao": "Projeto de Lei EM", "autoria": "Paulo C\u00e9sar Teodoro", "texto_original": "http://sapl.lagoadaprata.mg.leg.br/media/sapl/public/materialegislativa/2019/5773/projeto_de_lei_em_31_-_credito_suplementar_-_r1_2jSGUUT.pdf", "ementa": "ABRE CR\u00c9DITO SUPLEMENTAR AO OR\u00c7AMENTO VIGENTE DO MUNIC\u00cdPIO DE LAGOA DA PRATA E CONT\u00c9M OUTRAS PROVID\u00caNCIAS"}, {"id": "5774", "ano": "2019", "numero": "32", "tipo__sigla": "PL-EM", "tipo__descricao": "Projeto de Lei EM", "autoria": "Paulo C\u00e9sar Teodoro", "texto_original": "http://sapl.lagoadaprata.mg.leg.br/media/sapl/public/materialegislativa/2019/5774/projeto_de_lei_em_32_-_credito_suplementar_-_r4_gjf2NiV.pdf", "ementa": "ABRE CR\u00c9DITO SUPLEMENTAR AO OR\u00c7AMENTO VIGENTE DO MUNIC\u00cdPIO DE LAGOA DA PRATA E CONT\u00c9M OUTRAS PROVID\u00caNCIAS"}, {"id": "5775", "ano": "2019", "numero": "33", "tipo__sigla": "PL-EM", "tipo__descricao": "Projeto de Lei EM", "autoria": "Paulo C\u00e9sar Teodoro", "texto_original": "http://sapl.lagoadaprata.mg.leg.br/media/sapl/public/materialegislativa/2019/5775/projeto_de_lei_em_33_-_credito_suplementar_-_r__un5GUJk.pdf", "ementa": "ABRE CR\u00c9DITO SUPLEMENTAR AO OR\u00c7AMENTO VIGENTE DO MUNIC\u00cdPIO DE LAGOA DA PRATA E CONT\u00c9M OUTRAS PROVID\u00caNCIAS"}, {"id": "5776", "ano": "2019", "numero": "34", "tipo__sigla": "PL-EM", "tipo__descricao": "Projeto de Lei EM", "autoria": "Paulo C\u00e9sar Teodoro", "texto_original": "http://sapl.lagoadaprata.mg.leg.br/media/sapl/public/materialegislativa/2019/5776/projeto_de_lei_em_34_-_credito_suplementar_-_r8_k8HomkL.pdf", "ementa": "ABRE CR\u00c9DITO SUPLEMENTAR AO OR\u00c7AMENTO VIGENTE DO MUNIC\u00cdPIO DE LAGOA DA PRATA E CONT\u00c9M OUTRAS PROVID\u00caNCIAS"}, {"id": "5778", "ano": "2019", "numero": "35", "tipo__sigla": "PL-EM", "tipo__descricao": "Projeto de Lei EM", "autoria": "Paulo C\u00e9sar Teodoro", "texto_original": "http://sapl.lagoadaprata.mg.leg.br/media/sapl/public/materialegislativa/2019/5778/projeto_de_lei_em_35_-_credito_suplementar_-_r3_4tq3QXx.pdf", "ementa": "ABRE CR\u00c9DITO SUPLEMENTAR AO OR\u00c7AMENTO VIGENTE DO MUNIC\u00cdPIO DE LAGOA DA PRATA E CONT\u00c9M OUTRAS PROVID\u00caNCIAS."}, {"id": "5787", "ano": "2019", "numero": "36", "tipo__sigla": "PL-EM", "tipo__descricao": "Projeto de Lei EM", "autoria": "Paulo C\u00e9sar Teodoro", "texto_original": "http://sapl.lagoadaprata.mg.leg.br/media/sapl/public/materialegislativa/2019/5787/projeto_de_lei_em_36_-_credito_suplementar_-_r1_Rj5w9sQ.pdf", "ementa": "ABRE CR\u00c9DITO SUPLEMENTAR AO OR\u00c7AMENTO VIGENTE DO MUNIC\u00cdPIO DE LAGOA DA PRATA E CONT\u00c9M OUTRAS PROVID\u00caNCIAS."}, {"id": "5803", "ano": "2019", "numero": "37", "tipo__sigla": "PL-EM", "tipo__descricao": "Projeto de Lei EM", "autoria": "Paulo C\u00e9sar Teodoro", "texto_original": "http://sapl.lagoadaprata.mg.leg.br/media/sapl/public/materialegislativa/2019/5803/projeto_de_lei_em_37_-_credito_suplementar_-_r__6otJp8Q.pdf", "ementa": "ABRE CR\u00c9DITO SUPLEMENTAR AO OR\u00c7AMENTO VIGENTE DO MUNIC\u00cdPIO DE LAGOA DA PRATA E CONT\u00c9M OUTRAS PROVID\u00caNCIAS."}, {"id": "5835", "ano": "2019", "numero": "38", "tipo__sigla": "PL-EM", "tipo__descricao": "Projeto de Lei EM", "autoria": "Paulo C\u00e9sar Teodoro", "texto_original": "http://sapl.lagoadaprata.mg.leg.br/media/sapl/public/materialegislativa/2019/5835/projeto_de_lei_em_38_-_organizacao_social.pdf", "ementa": "DISP\u00d5E SOBRE A QUALIFICA\u00c7\u00c3O DE ENTIDADES SEM FINS LUCRATIVOS COMO ORGANIZA\u00c7\u00d5ES SOCIAIS, PARA ATUA\u00c7\u00c3O NA \u00c1REA DA SA\u00daDE P\u00daBLICA"}, {"id": "5859", "ano": "2019", "numero": "39", "tipo__sigla": "PL-EM", "tipo__descricao": "Projeto de Lei EM", "autoria": "Paulo C\u00e9sar Teodoro", "texto_original": "http://sapl.lagoadaprata.mg.leg.br/media/sapl/public/materialegislativa/2019/5859/projeto_de_lei_em_39_-_credito_suplementar_-_r__dhwENuN.pdf", "ementa": "ABRE CR\u00c9DITO SUPLEMENTAR AO OR\u00c7AMENTO VIGENTE DO MUNIC\u00cdPIO DE LAGOA DA PRATA E CONT\u00c9M OUTRAS PROVID\u00caNCIAS"}, {"id": "5860", "ano": "2019", "numero": "40", "tipo__sigla": "PL-EM", "tipo__descricao": "Projeto de Lei EM", "autoria": "Paulo C\u00e9sar Teodoro", "texto_original": "http://sapl.lagoadaprata.mg.leg.br/media/sapl/public/materialegislativa/2019/5860/projeto_de_lei_em_40_-_credito_suplementar_-_r__N2I4Cpg.pdf", "ementa": "ABRE CR\u00c9DITO SUPLEMENTAR AO OR\u00c7AMENTO VIGENTE DO MUNIC\u00cdPIO DE LAGOA DA PRATA E CONT\u00c9M OUTRAS PROVID\u00caNCIAS"}, {"id": "5861", "ano": "2019", "numero": "41", "tipo__sigla": "PL-EM", "tipo__descricao": "Projeto de Lei EM", "autoria": "Paulo C\u00e9sar Teodoro", "texto_original": "http://sapl.lagoadaprata.mg.leg.br/media/sapl/public/materialegislativa/2019/5861/projeto_de_lei_em_41_-_credito_suplementar_-_r__c6E8m25.pdf", "ementa": "ABRE CR\u00c9DITO SUPLEMENTAR AO OR\u00c7AMENTO VIGENTE DO MUNIC\u00cdPIO DE LAGOA DA PRATA E CONT\u00c9M OUTRAS PROVID\u00caNCIAS"}, {"id": "5867", "ano": "2019", "numero": "42", "tipo__sigla": "PL-EM", "tipo__descricao": "Projeto de Lei EM", "autoria": "Paulo C\u00e9sar Teodoro", "texto_original": "http://sapl.lagoadaprata.mg.leg.br/media/sapl/public/materialegislativa/2019/5867/projeto_de_lei_em_42_-_doa_bens_inserviveis_par_LWhlB9v.pdf", "ementa": "AUTORIZA DOA\u00c7\u00c3O DE BENS QUE MENCIONA E D\u00c1 OUTRAS PROVID\u00caNCIAS."}, {"id": "5868", "ano": "2019", "numero": "43", "tipo__sigla": "PL-EM", "tipo__descricao": "Projeto de Lei EM", "autoria": "Paulo C\u00e9sar Teodoro", "texto_original": "http://sapl.lagoadaprata.mg.leg.br/media/sapl/public/materialegislativa/2019/5868/projeto_de_lei_em_43_-_credito_especial_-_r22.5_fMpoj1N.pdf", "ementa": "AUTORIZA O EXECUTIVO MUNICIPAL A ABRIR CR\u00c9DITO ESPECIAL E CONT\u00c9M OUTRAS PROVID\u00caNCIAS"}, {"id": "5869", "ano": "2019", "numero": "44", "tipo__sigla": "PL-EM", "tipo__descricao": "Projeto de Lei EM", "autoria": "Paulo C\u00e9sar Teodoro", "texto_original": "http://sapl.lagoadaprata.mg.leg.br/media/sapl/public/materialegislativa/2019/5869/projeto_de_lei_em_44_-_cria_o_conselho_municipa_w4K2i0H.pdf", "ementa": "DISP\u00d5E SOBRE A CRIA\u00c7\u00c3O DO CONSELHO MUNICIPAL DE ALIMENTA\u00c7\u00c3O ESCOLAR DE LAGOA DA PRATA E D\u00c1 OUTRAS PROVID\u00caNCIAS"}, {"id": "5870", "ano": "2019", "numero": "45", "tipo__sigla": "PL-EM", "tipo__descricao": "Projeto de Lei EM", "autoria": "Paulo C\u00e9sar Teodoro", "texto_original": "http://sapl.lagoadaprata.mg.leg.br/media/sapl/public/materialegislativa/2019/5870/projeto_de_lei_em_45_-_credito_especial_-_r18.8_Nykvz6Q.pdf", "ementa": "AUTORIZA O EXECUTIVO MUNICIPAL A ABRIR CR\u00c9DITO ESPECIAL E CONCEDER SUBVEN\u00c7\u00c3O SOCIAL \u00c0 ENTIDADE QUE MENCIONA E CONT\u00c9M OUTRAS PROVID\u00caNCIAS"}, {"id": "5896", "ano": "2019", "numero": "46", "tipo__sigla": "PL-EM", "tipo__descricao": "Projeto de Lei EM", "autoria": "Paulo C\u00e9sar Teodoro", "texto_original": "http://sapl.lagoadaprata.mg.leg.br/media/sapl/public/materialegislativa/2019/5896/projeto_de_lei_em_46_-_ldo_2020_-_texto_projeto_de_lei.pdf", "ementa": "DISP\u00d5E SOBRE AS DIRETRIZES PARA A ELABORA\u00c7\u00c3O DA LEI OR\u00c7AMENT\u00c1RIA DE 2020 E D\u00c1 OUTRAS PROVID\u00caNCIAS."}, {"id": "5898", "ano": "2019", "numero": "47", "tipo__sigla": "PL-EM", "tipo__descricao": "Projeto de Lei EM", "autoria": "Paulo C\u00e9sar Teodoro", "texto_original": "http://sapl.lagoadaprata.mg.leg.br/media/sapl/public/materialegislativa/2019/5898/projeto_de_lei_em_47_-_credito_suplementar_-_r__tuDjHFs.pdf", "ementa": "ABRE CR\u00c9DITO SUPLEMENTAR AO OR\u00c7AMENTO VIGENTE DO MUNIC\u00cdPIO DE LAGOA DA PRATA E CONT\u00c9M OUTRAS PROVID\u00caNCIAS."}, {"id": "5899", "ano": "2019", "numero": "48", "tipo__sigla": "PL-EM", "tipo__descricao": "Projeto de Lei EM", "autoria": "Paulo C\u00e9sar Teodoro", "texto_original": "http://sapl.lagoadaprata.mg.leg.br/media/sapl/public/materialegislativa/2019/5899/projeto_de_lei_em_48_-_credito_suplementar_-_r__j8w4yDF.pdf", "ementa": "ABRE CR\u00c9DITO SUPLEMENTAR AO OR\u00c7AMENTO VIGENTE DO MUNIC\u00cdPIO DE LAGOA DA PRATA E CONT\u00c9M OUTRAS PROVID\u00caNCIAS."}, {"id": "5910", "ano": "2019", "numero": "49", "tipo__sigla": "PL-EM", "tipo__descricao": "Projeto de Lei EM", "autoria": "Paulo C\u00e9sar Teodoro", "texto_original": "http://sapl.lagoadaprata.mg.leg.br/media/sapl/public/materialegislativa/2019/5910/projeto_de_lei_em_49_-_credito_suplementar_-_r__fyS0ZAT.pdf", "ementa": "ABRE CR\u00c9DITO SUPLEMENTAR AO OR\u00c7AMENTO VIGENTE DO MUNIC\u00cdPIO DE LAGOA DA PRATA E CONT\u00c9M OUTRAS PROVID\u00caNCIAS"}, {"id": "5911", "ano": "2019", "numero": "50", "tipo__sigla": "PL-EM", "tipo__descricao": "Projeto de Lei EM", "autoria": "Paulo C\u00e9sar Teodoro", "texto_original": "http://sapl.lagoadaprata.mg.leg.br/media/sapl/public/materialegislativa/2019/5911/projeto_de_lei_em_50_-_credito_suplementar_-_r__KpdRShV.pdf", "ementa": "ABRE CR\u00c9DITO SUPLEMENTAR AO OR\u00c7AMENTO VIGENTE DO MUNIC\u00cdPIO DE LAGOA DA PRATA E CONT\u00c9M OUTRAS PROVID\u00caNCIAS"}, {"id": "5912", "ano": "2019", "numero": "51", "tipo__sigla": "PL-EM", "tipo__descricao": "Projeto de Lei EM", "autoria": "Paulo C\u00e9sar Teodoro", "texto_original": "http://sapl.lagoadaprata.mg.leg.br/media/sapl/public/materialegislativa/2019/5912/projeto_de_lei_em_51_-_credito_suplementar__-_r_4GigzG2.pdf", "ementa": "ABRE CR\u00c9DITO SUPLEMENTAR AO OR\u00c7AMENTO VIGENTE DO MUNIC\u00cdPIO DE LAGOA DA PRATA E CONT\u00c9M OUTRAS PROVID\u00caNCIAS"}, {"id": "5913", "ano": "2019", "numero": "52", "tipo__sigla": "PL-EM", "tipo__descricao": "Projeto de Lei EM", "autoria": "Paulo C\u00e9sar Teodoro", "texto_original": "http://sapl.lagoadaprata.mg.leg.br/media/sapl/public/materialegislativa/2019/5913/projeto_de_lei_em_52_-_credito_suplementar_-_r__RIK1GWD.pdf", "ementa": "ABRE CR\u00c9DITO SUPLEMENTAR AO OR\u00c7AMENTO VIGENTE DO MUNIC\u00cdPIO DE LAGOA DA PRATA E CONT\u00c9M OUTRAS PROVID\u00caNCIAS"}, {"id": "5914", "ano": "2019", "numero": "53", "tipo__sigla": "PL-EM", "tipo__descricao": "Projeto de Lei EM", "autoria": "Paulo C\u00e9sar Teodoro", "texto_original": "http://sapl.lagoadaprata.mg.leg.br/media/sapl/public/materialegislativa/2019/5914/projeto_de_lei_em_53_-_credito_suplementar_-_r__rDCXr0p.pdf", "ementa": "ABRE CR\u00c9DITO SUPLEMENTAR AO OR\u00c7AMENTO VIGENTE DO MUNIC\u00cdPIO DE LAGOA DA PRATA E CONT\u00c9M OUTRAS PROVID\u00caNCIAS"}, {"id": "5915", "ano": "2019", "numero": "54", "tipo__sigla": "PL-EM", "tipo__descricao": "Projeto de Lei EM", "autoria": "Paulo C\u00e9sar Teodoro", "texto_original": "http://sapl.lagoadaprata.mg.leg.br/media/sapl/public/materialegislativa/2019/5915/projeto_de_lei_em_54_-_credito_suplementar_-_r__JrqFBCq.pdf", "ementa": "ABRE CR\u00c9DITO SUPLEMENTAR AO OR\u00c7AMENTO VIGENTE DO MUNIC\u00cdPIO DE LAGOA DA PRATA E CONT\u00c9M OUTRAS PROVID\u00caNCIAS"}, {"id": "5916", "ano": "2019", "numero": "55", "tipo__sigla": "PL-EM", "tipo__descricao": "Projeto de Lei EM", "autoria": "Paulo C\u00e9sar Teodoro", "texto_original": "http://sapl.lagoadaprata.mg.leg.br/media/sapl/public/materialegislativa/2019/5916/projeto_de_lei_em_55_-_credito_suplementar_-_r__CJLcBMf.pdf", "ementa": "ABRE CR\u00c9DITO SUPLEMENTAR AO OR\u00c7AMENTO VIGENTE DO MUNIC\u00cdPIO DE LAGOA DA PRATA E CONT\u00c9M OUTRAS PROVID\u00caNCIAS"}, {"id": "5934", "ano": "2019", "numero": "56", "tipo__sigla": "PL-EM", "tipo__descricao": "Projeto de Lei EM", "autoria": "Paulo C\u00e9sar Teodoro", "texto_original": "http://sapl.lagoadaprata.mg.leg.br/media/sapl/public/materialegislativa/2019/5934/projeto_de_lei_em_56_-_credito_suplementar_-_r__wfscMhI.pdf", "ementa": "ABRE CR\u00c9DITO SUPLEMENTAR AO OR\u00c7AMENTO VIGENTE DO MUNIC\u00cdPIO DE LAGOA DA PRATA E CONT\u00c9M OUTRAS PROVID\u00caNCIAS"}, {"id": "5935", "ano": "2019", "numero": "57", "tipo__sigla": "PL-EM", "tipo__descricao": "Projeto de Lei EM", "autoria": "Paulo C\u00e9sar Teodoro", "texto_original": "http://sapl.lagoadaprata.mg.leg.br/media/sapl/public/materialegislativa/2019/5935/projeto_de_lei_em_57_-_credito_suplementar_-_r__lsPMRq5.pdf", "ementa": "ABRE CR\u00c9DITO SUPLEMENTAR AO OR\u00c7AMENTO VIGENTE DO MUNIC\u00cdPIO DE LAGOA DA PRATA E CONT\u00c9M OUTRAS PROVID\u00caNCIAS"}, {"id": "5940", "ano": "2019", "numero": "58", "tipo__sigla": "PL-EM", "tipo__descricao": "Projeto de Lei EM", "autoria": "Paulo C\u00e9sar Teodoro", "texto_original": "http://sapl.lagoadaprata.mg.leg.br/media/sapl/public/materialegislativa/2019/5940/projeto_de_lei_em_58_-_concede_contribuicao_emater.pdf", "ementa": "AUTORIZA O EXECUTIVO MUNICIPAL A CONCEDER CONTRIBUI\u00c7\u00c3O E REALIZAR PAGAMENTO DE DESPESAS DIRETAS \u00c0 EMATER \u2013 EMPRESA DE ASSIST\u00caNCIA T\u00c9CNICA E EXTENS\u00c3O RURAL DO ESTADO DE MINAS GERAIS"}, {"id": "5941", "ano": "2019", "numero": "59", "tipo__sigla": "PL-EM", "tipo__descricao": "Projeto de Lei EM", "autoria": "Paulo C\u00e9sar Teodoro", "texto_original": "http://sapl.lagoadaprata.mg.leg.br/media/sapl/public/materialegislativa/2019/5941/projeto_de_lei_em_59_-_autoriza_financiamento_bdmg.pdf", "ementa": "AUTORIZA O MUNIC\u00cdPIO DE LAGOA DA PRATA A CONTRATAR COM O BANCO DE DESENVOLVIMENTO DE MINAS GERAIS S/A \u2013 BDMG, OPERA\u00c7\u00d5ES DE CR\u00c9DITO COM OUTORGA DE GARANTIA E D\u00c1 OUTRAS PROVID\u00caNCIAS"}, {"id": "5952", "ano": "2019", "numero": "60", "tipo__sigla": "PL-EM", "tipo__descricao": "Projeto de Lei EM", "autoria": "Paulo C\u00e9sar Teodoro", "texto_original": "http://sapl.lagoadaprata.mg.leg.br/media/sapl/public/materialegislativa/2019/5952/projeto_de_lei_-_da_nome_a_estrada.pdf", "ementa": "D\u00c1 NOME A ESTRADA QUE D\u00c1 ACESSO AO DISTRITO DE MARTINS GUIMAR\u00c3ES \u00c0 MG \u2013 429"}, {"id": "5954", "ano": "2019", "numero": "61", "tipo__sigla": "PL-EM", "tipo__descricao": "Projeto de Lei EM", "autoria": "Paulo C\u00e9sar Teodoro", "texto_original": "http://sapl.lagoadaprata.mg.leg.br/media/sapl/public/materialegislativa/2019/5954/projeto_de_lei_em_61-_altera_lei_3.152_ldo.pdf", "ementa": "ALTERA A LEI 3.152/2018 QUE DISP\u00d5E SOBRE AS DIRETRIZES PARA A ELABORA\u00c7\u00c3O DA LEI OR\u00c7AMENT\u00c1RIA DE 2019 E D\u00c1 OUTRAS PROVID\u00caNCIAS"}, {"id": "5955", "ano": "2019", "numero": "62", "tipo__sigla": "PL-EM", "tipo__descricao": "Projeto de Lei EM", "autoria": "Paulo C\u00e9sar Teodoro", "texto_original": "http://sapl.lagoadaprata.mg.leg.br/media/", "ementa": "ABRE CR\u00c9DITO ESPECIAL AO OR\u00c7AMENTO VIGENTE DO MUNIC\u00cdPIO DE LAGOA DA PRATA E CONT\u00c9M OUTRAS PROVID\u00caNCIAS."}, {"id": "5975", "ano": "2019", "numero": "63", "tipo__sigla": "PL-EM", "tipo__descricao": "Projeto de Lei EM", "autoria": "Paulo C\u00e9sar Teodoro", "texto_original": "http://sapl.lagoadaprata.mg.leg.br/media/sapl/public/materialegislativa/2019/5975/projeto_de_lei_em_63_-_credito_suplementar_-_r__900RSSJ.pdf", "ementa": "ABRE CR\u00c9DITO SUPLEMENTAR AO OR\u00c7AMENTO VIGENTE DO MUNIC\u00cdPIO DE LAGOA DA PRATA E CONT\u00c9M OUTRAS PROVID\u00caNCIAS"}, {"id": "5976", "ano": "2019", "numero": "64", "tipo__sigla": "PL-EM", "tipo__descricao": "Projeto de Lei EM", "autoria": "Paulo C\u00e9sar Teodoro", "texto_original": "http://sapl.lagoadaprata.mg.leg.br/media/sapl/public/materialegislativa/2019/5976/projeto_de_lei_em_64_-_credito_suplementar_-_r__famZunr.pdf", "ementa": "ABRE CR\u00c9DITO SUPLEMENTAR AO OR\u00c7AMENTO VIGENTE DO MUNIC\u00cdPIO DE LAGOA DA PRATA E CONT\u00c9M OUTRAS PROVID\u00caNCIAS"}, {"id": "5977", "ano": "2019", "numero": "65", "tipo__sigla": "PL-EM", "tipo__descricao": "Projeto de Lei EM", "autoria": "Paulo C\u00e9sar Teodoro", "texto_original": "http://sapl.lagoadaprata.mg.leg.br/media/sapl/public/materialegislativa/2019/5977/projeto_de_lei_em_65_-_altera_a_lei_3012-2019_-_Gw5rxdr.pdf", "ementa": "ALTERA A LEI N\u00ba 3.012/2017 QUE DISP\u00d5E SOBRE O FUNCIONAMENTO E ELEI\u00c7\u00c3O DO CONSELHO TUTELAR E D\u00c1 OUTRAS PROVID\u00caNCIAS"}, {"id": "5999", "ano": "2019", "numero": "66", "tipo__sigla": "PL-EM", "tipo__descricao": "Projeto de Lei EM", "autoria": "Paulo C\u00e9sar Teodoro", "texto_original": "http://sapl.lagoadaprata.mg.leg.br/media/sapl/public/materialegislativa/2019/5999/projeto_de_lei_em_066-2019_-_credito_suplementa_5TlYDB5.pdf", "ementa": "ABRE CR\u00c9DITO SUPLEMENTAR AO OR\u00c7AMENTO VIGENTE DO MUNIC\u00cdPIO DE LAGOA DA PRATA E CONT\u00c9M OUTRAS PROVID\u00caNCIAS"}, {"id": "6000", "ano": "2019", "numero": "67", "tipo__sigla": "PL-EM", "tipo__descricao": "Projeto de Lei EM", "autoria": "Paulo C\u00e9sar Teodoro", "texto_original": "http://sapl.lagoadaprata.mg.leg.br/media/sapl/public/materialegislativa/2019/6000/projeto_de_lei_em_067-2019_-_credito_suplementa_7l83Plk.pdf", "ementa": "ABRE CR\u00c9DITO SUPLEMENTAR AO OR\u00c7AMENTO VIGENTE DO MUNIC\u00cdPIO DE LAGOA DA PRATA E CONT\u00c9M OUTRAS PROVID\u00caNCIAS"}, {"id": "6001", "ano": "2019", "numero": "68", "tipo__sigla": "PL-EM", "tipo__descricao": "Projeto de Lei EM", "autoria": "Paulo C\u00e9sar Teodoro", "texto_original": "http://sapl.lagoadaprata.mg.leg.br/media/sapl/public/materialegislativa/2019/6001/projeto_de_lei_em_068-2019_-_altera_a_lei_3184-_UyyMBt1.pdf", "ementa": "ACRESCENTA DISPOSITIVO NA LEI N\u00ba 3.184/2018 QUE ESTIMA A RECEITA E FIXA A DESPESA DO MUNIC\u00cdPIO DE LAGOA DA PRATA PARA O EXERC\u00cdCIO FINANCEIRO DE 2019"}, {"id": "6002", "ano": "2019", "numero": "69", "tipo__sigla": "PL-EM", "tipo__descricao": "Projeto de Lei EM", "autoria": "Paulo C\u00e9sar Teodoro", "texto_original": "http://sapl.lagoadaprata.mg.leg.br/media/sapl/public/materialegislativa/2019/6002/projeto_de_lei_em_069-2019_-_credito_adicional__RM0yFPr.pdf", "ementa": "ABRE CR\u00c9DITO ADICIONAL ESPECIAL AO OR\u00c7AMENTO VIGENTE DO MUNIC\u00cdPIO DE LAGOA DA PRATA E CONT\u00c9M OUTRAS PROVID\u00caNCIAS"}, {"id": "6003", "ano": "2019", "numero": "70", "tipo__sigla": "PL-EM", "tipo__descricao": "Projeto de Lei EM", "autoria": "Paulo C\u00e9sar Teodoro", "texto_original": "http://sapl.lagoadaprata.mg.leg.br/media/sapl/public/materialegislativa/2019/6003/projeto_de_lei_em_070-2019_-_credito_adicional__KrtVYJa.pdf", "ementa": "ABRE CR\u00c9DITO ADICIONAL ESPECIAL AO OR\u00c7AMENTO VIGENTE DO MUNIC\u00cdPIO DE LAGOA DA PRATA E CONT\u00c9M OUTRAS PROVID\u00caNCIAS"}, {"id": "6004", "ano": "2019", "numero": "71", "tipo__sigla": "PL-EM", "tipo__descricao": "Projeto de Lei EM", "autoria": "Paulo C\u00e9sar Teodoro", "texto_original": "http://sapl.lagoadaprata.mg.leg.br/media/sapl/public/materialegislativa/2019/6004/projeto_de_lei_em_071-2019_-_credito_adicional__DCcOMeY.pdf", "ementa": "ABRE CR\u00c9DITO ADICIONAL ESPECIAL AO OR\u00c7AMENTO VIGENTE DO MUNIC\u00cdPIO DE LAGOA DA PRATA E CONT\u00c9M OUTRAS PROVID\u00caNCIAS"}, {"id": "6005", "ano": "2019", "numero": "72", "tipo__sigla": "PL-EM", "tipo__descricao": "Projeto de Lei EM", "autoria": "Paulo C\u00e9sar Teodoro", "texto_original": "http://sapl.lagoadaprata.mg.leg.br/media/sapl/public/materialegislativa/2019/6005/projeto_de_lei_em_072-2019_-_autoriza_remanejam_JLHekpQ.pdf", "ementa": "AUTORIZA REMANEJAMENTO DE DOTA\u00c7\u00c3O OR\u00c7AMENT\u00c1RIA DO EXERC\u00cdCIO DE 2019 DO MUNIC\u00cdPIO DE LAGOA DA PRATA E CONT\u00c9M OUTRAS PROVID\u00caNCIAS"}, {"id": "6006", "ano": "2019", "numero": "73", "tipo__sigla": "PL-EM", "tipo__descricao": "Projeto de Lei EM", "autoria": "Paulo C\u00e9sar Teodoro", "texto_original": "http://sapl.lagoadaprata.mg.leg.br/media/sapl/public/materialegislativa/2019/6006/projeto_de_lei_em_073-2019_-_credito_adicional__eGtgSwA.pdf", "ementa": "ABRE CR\u00c9DITO ADICIONAL ESPECIAL AO OR\u00c7AMENTO VIGENTE DO MUNIC\u00cdPIO DE LAGOA DA PRATA E CONT\u00c9M OUTRAS PROVID\u00caNCIAS"}, {"id": "6026", "ano": "2019", "numero": "74", "tipo__sigla": "PL-EM", "tipo__descricao": "Projeto de Lei EM", "autoria": "Paulo C\u00e9sar Teodoro", "texto_original": "http://sapl.lagoadaprata.mg.leg.br/media/sapl/public/materialegislativa/2019/6026/projeto_de_lei_em_074-2019_-_credito_suplementa_8PMd2hi.pdf", "ementa": "ABRE CR\u00c9DITO ADICIONAL SUPLEMENTAR AO OR\u00c7AMENTO VIGENTE DO MUNIC\u00cdPIO DE LAGOA DA PRATA E CONT\u00c9M OUTRAS PROVIDENCIAS"}, {"id": "6027", "ano": "2019", "numero": "75", "tipo__sigla": "PL-EM", "tipo__descricao": "Projeto de Lei EM", "autoria": "Paulo C\u00e9sar Teodoro", "texto_original": "http://sapl.lagoadaprata.mg.leg.br/media/sapl/public/materialegislativa/2019/6027/projeto_de_lei_em_075-2019_-_credito_especial_-_ZX2qrv2.pdf", "ementa": "ABRE CR\u00c9DITO ADICIONAL ESPECIAL AO OR\u00c7AMENTO VIGENTE DO MUNIC\u00cdPIO DE LAGOA DA PRATA E CONT\u00c9M OUTRAS PROVIDENCIAS"}, {"id": "6035", "ano": "2019", "numero": "76", "tipo__sigla": "PL-EM", "tipo__descricao": "Projeto de Lei EM", "autoria": "Paulo C\u00e9sar Teodoro", "texto_original": "http://sapl.lagoadaprata.mg.leg.br/media/", "ementa": "AUTORIZA O MUNIC\u00cdPIO DE LAGOA DA PRATA A DESAFETAR E ALIENAR BEM IM\u00d3VEL QUE MENCIONA"}, {"id": "6036", "ano": "2019", "numero": "77", "tipo__sigla": "PL-EM", "tipo__descricao": "Projeto de Lei EM", "autoria": "Paulo C\u00e9sar Teodoro", "texto_original": "http://sapl.lagoadaprata.mg.leg.br/media/", "ementa": "ABRE CR\u00c9DITO SUPLEMENTAR AO OR\u00c7AMENTO VIGENTE DO MUNIC\u00cdPIO DE LAGOA DA PRATA E CONT\u00c9M OUTRAS PROVIDENCIAS"}, {"id": "6037", "ano": "2019", "numero": "78", "tipo__sigla": "PL-EM", "tipo__descricao": "Projeto de Lei EM", "autoria": "Paulo C\u00e9sar Teodoro", "texto_original": "http://sapl.lagoadaprata.mg.leg.br/media/", "ementa": "AUTORIZA A DOA\u00c7\u00c3O DE BENS QUE MENCIONA E D\u00c1 OUTRAS PROVIDENCIAS"}, {"id": "6038", "ano": "2019", "numero": "79", "tipo__sigla": "PL-EM", "tipo__descricao": "Projeto de Lei EM", "autoria": "Paulo C\u00e9sar Teodoro", "texto_original": "http://sapl.lagoadaprata.mg.leg.br/media/", "ementa": "DISP\u00d5E SOBRE A AQUISI\u00c7\u00c3O DE IM\u00d3VEL PELO MUNIC\u00cdPIO DE LAGOA DA PRATA"}, {"id": "6054", "ano": "2019", "numero": "80", "tipo__sigla": "PL-EM", "tipo__descricao": "Projeto de Lei EM", "autoria": "Paulo C\u00e9sar Teodoro", "texto_original": "http://sapl.lagoadaprata.mg.leg.br/media/", "ementa": "ABRE CR\u00c9DITO ADICIONAL SUPLEMENTAR AO OR\u00c7AMENTO VIGENTE DO MUNIC\u00cdPIO DE LAGOA DA PRATA E CONT\u00c9M OUTRAS PROVID\u00caNCIAS"}, {"id": "6060", "ano": "2019", "numero": "81", "tipo__sigla": "PL-EM", "tipo__descricao": "Projeto de Lei EM", "autoria": "Paulo C\u00e9sar Teodoro", "texto_original": "http://sapl.lagoadaprata.mg.leg.br/media/", "ementa": "ABRE CR\u00c9DITO ADICIONAL ESPECIAL AO OR\u00c7AMENTO VIGENTE DO MUNIC\u00cdPIO DE LAGOA DA PRATA E CONT\u00c9M OUTRAS PROVID\u00caNCIAS"}, {"id": "6061", "ano": "2019", "numero": "82", "tipo__sigla": "PL-EM", "tipo__descricao": "Projeto de Lei EM", "autoria": "Paulo C\u00e9sar Teodoro", "texto_original": "http://sapl.lagoadaprata.mg.leg.br/media/", "ementa": "ABRE CR\u00c9DITO SUPLEMENTAR AO OR\u00c7AMENTO VIGENTE DO MUNIC\u00cdPIO DE LAGOA DA PRATA E CONT\u00c9M OUTRAS PROVID\u00caNCIAS"}, {"id": "6062", "ano": "2019", "numero": "83", "tipo__sigla": "PL-EM", "tipo__descricao": "Projeto de Lei EM", "autoria": "Paulo C\u00e9sar Teodoro", "texto_original": "http://sapl.lagoadaprata.mg.leg.br/media/", "ementa": "DISP\u00d5E SOBRE A AQUISI\u00c7\u00c3O DE IM\u00d3VEL PELO MUNIC\u00cdPIO DE LAGOA DA PRATA"}, {"id": "6067", "ano": "2019", "numero": "84", "tipo__sigla": "PL-EM", "tipo__descricao": "Projeto de Lei EM", "autoria": "Paulo C\u00e9sar Teodoro", "texto_original": "http://sapl.lagoadaprata.mg.leg.br/media/", "ementa": "ABRE CR\u00c9DITO ADICIONAL SUPLEMENTAR AO OR\u00c7AMENTO VIGENTE DO MUNIC\u00cdPIO DE LAGOA DA PRATA E D\u00c1 OUTRAS PROVID\u00caNCIAS"}, {"id": "6083", "ano": "2019", "numero": "85", "tipo__sigla": "PL-EM", "tipo__descricao": "Projeto de Lei EM", "autoria": "Paulo C\u00e9sar Teodoro", "texto_original": "http://sapl.lagoadaprata.mg.leg.br/media/", "ementa": "ABRE CR\u00c9DITO ADICIONAL ESPECIAL AO OR\u00c7AMENTO VIGENTE DO MUNIC\u00cdPIO DE LAGOA DA PRATA E CONT\u00c9M OUTRAS PROVID\u00caNCIAS"}, {"id": "6094", "ano": "2019", "numero": "86", "tipo__sigla": "PL-EM", "tipo__descricao": "Projeto de Lei EM", "autoria": "Paulo C\u00e9sar Teodoro", "texto_original": "http://sapl.lagoadaprata.mg.leg.br/media/sapl/public/materialegislativa/2019/6094/projeto_de_lei_em_086-2019_-_altera_a_lei_no_3.049-2017_que_insitui_o_plano.pdf", "ementa": "Altera a lei 3.049/2017 que institui o Plano Plurianual para o Per\u00edodo de 2018 a 2021 e d\u00e1 Outras Provid\u00eancias."}, {"id": "6095", "ano": "2019", "numero": "87", "tipo__sigla": "PL-EM", "tipo__descricao": "Projeto de Lei EM", "autoria": "Paulo C\u00e9sar Teodoro", "texto_original": "http://sapl.lagoadaprata.mg.leg.br/media/sapl/public/materialegislativa/2019/6095/projeto_de_lei_em_87-2019_-_altera_a_lei_3.253-2019_que_institui_as_diretrizes_orcamentarias_para_o_exercicio_de_2.020_e_da_outras_providencias.pdf", "ementa": "Altera a lei 3.253/2019 que institui as Diretrizes Or\u00e7ament\u00e1rias para o exerc\u00edcio de 2020 e d\u00e1 outras provid\u00eancias."}, {"id": "6096", "ano": "2019", "numero": "88", "tipo__sigla": "PL-EM", "tipo__descricao": "Projeto de Lei EM", "autoria": "Paulo C\u00e9sar Teodoro", "texto_original": "http://sapl.lagoadaprata.mg.leg.br/media/sapl/public/materialegislativa/2019/6096/projeto_de_lei_em_88-2019_-_estima_a__receita_e_fixa_a_despesa_do_municipio_de_lagoa_da_prata_para_o_exercicio_financeiro_de_2020.pdf", "ementa": "Estima a receita e fixa a despesa do Munic\u00edpio de Lagoa da Prata para o Exerc\u00edcio Financeiro de 2020."}, {"id": "6183", "ano": "2019", "numero": "89", "tipo__sigla": "PL-EM", "tipo__descricao": "Projeto de Lei EM", "autoria": "Paulo C\u00e9sar Teodoro", "texto_original": "http://sapl.lagoadaprata.mg.leg.br/media/sapl/public/materialegislativa/2019/6183/projeto_de_lei_em_089-2019_-_credito_adicional_especial_-_r_9.00000_-_grupo_de_escoteiros.pdf", "ementa": "\u201cAbre Cr\u00e9dito Adicional Especial ao Or\u00e7amento Vigente do Munic\u00edpio de Lagoa da Prata e Cont\u00e9m Outras Provid\u00eancias.\u201d"}, {"id": "6085", "ano": "2019", "numero": "90", "tipo__sigla": "PL-EM", "tipo__descricao": "Projeto de Lei EM", "autoria": "Paulo C\u00e9sar Teodoro", "texto_original": "http://sapl.lagoadaprata.mg.leg.br/media/", "ementa": "AUTORIZA O EXECUTIVO MUNICIPAL A DOAR IM\u00d3VEIS QUE MENCIONA E CONT\u00c9M OUTRAS PROVID\u00caNCIAS"}, {"id": "6086", "ano": "2019", "numero": "91", "tipo__sigla": "PL-EM", "tipo__descricao": "Projeto de Lei EM", "autoria": "Paulo C\u00e9sar Teodoro", "texto_original": "http://sapl.lagoadaprata.mg.leg.br/media/", "ementa": "AUTORIZA O EXECUTIVO MUNICIPAL A DOAR IM\u00d3VEIS QUE MENCIONA E CONT\u00c9M OUTRAS PROVID\u00caNCIAS"}, {"id": "6159", "ano": "2019", "numero": "1", "tipo__sigla": "PR", "tipo__descricao": "Projeto de Resolu\u00e7\u00e3o", "autoria": "Josiane Protetora dos Animais", "texto_original": "http://sapl.lagoadaprata.mg.leg.br/media/sapl/public/materialegislativa/2019/6159/projeto_de_resolucao_001-2019_-_josiane_quelli_cida_-_mesa_diretora_revisao_servidores_da_camara.pdf", "ementa": "Revisa os Valores dos Vencimentos dos Servidores P\u00fablicos da C\u00e2mara Municipal de Lagoa da Prata, nos termos do Inciso X do Artigo 37 da CR/1988 e da Lei Municipal n\u00ba 2.198/2014."}, {"id": "5749", "ano": "2019", "numero": "2", "tipo__sigla": "PR", "tipo__descricao": "Projeto de Resolu\u00e7\u00e3o", "autoria": "Josiane Protetora dos Animais", "texto_original": "http://sapl.lagoadaprata.mg.leg.br/media/sapl/public/materialegislativa/2019/5749/projeto_de_resolucao_no_02-2019_-_altera_resolu_9ZxAETH.pdf", "ementa": "ALTERA A RESOLU\u00c7\u00c3O 755/2017, QUE INSTITUI NA C\u00c2MARA MUNICIPAL DE LAGOA DA PRATA A COMENDA S\u00c3O FRANCISCO DE ASSIS."}, {"id": "5793", "ano": "2019", "numero": "3", "tipo__sigla": "PR", "tipo__descricao": "Projeto de Resolu\u00e7\u00e3o", "autoria": "Josiane Protetora dos Animais, Cida Marcelino, Quelli C\u00e1ssia Couto", "texto_original": "http://sapl.lagoadaprata.mg.leg.br/media/sapl/public/materialegislativa/2019/5793/projeto_de_resolucao_no_03-2019_-_altera_resolu_A8Ycm3X.pdf", "ementa": "ALTERA A RESOLU\u00c7\u00c3O 750/2017, QUE REGULAMENTA O CONTROLE DE PRESEN\u00c7A E FALTAS DOS VEREADORES \u00c0S REUNI\u00d5ES E SESS\u00d5ES DA C\u00c2MARA MUNICIPAL DE LAGOA DA PRATA."}, {"id": "5808", "ano": "2019", "numero": "4", "tipo__sigla": "PR", "tipo__descricao": "Projeto de Resolu\u00e7\u00e3o", "autoria": "Cida Marcelino", "texto_original": "http://sapl.lagoadaprata.mg.leg.br/media/sapl/public/materialegislativa/2019/5808/projeto_de_resolucao_no_04-2019_-_altera_resolu_QUUy5ki.pdf", "ementa": "ALTERA A RESOLU\u00c7\u00c3O N\u00ba 433/2003 QUE INSTITUI A TRIBUNA POPULAR E PARTICIPA\u00c7\u00c3O DA COMUNIDADE NOS TRABALHOS DAS COMISS\u00d5ES DA C\u00c2MARA MUNICIPAL."}, {"id": "5809", "ano": "2019", "numero": "5", "tipo__sigla": "PR", "tipo__descricao": "Projeto de Resolu\u00e7\u00e3o", "autoria": "Cida Marcelino", "texto_original": "http://sapl.lagoadaprata.mg.leg.br/media/sapl/public/materialegislativa/2019/5809/projeto_de_resolucao_no_05-2019_-_altera_resolu_lYlbGbk.pdf", "ementa": "ALTERA A RESOLU\u00c7\u00c3O N\u00ba 495/2005 QUE CRIA A MEDALHA DE HONRA AO M\u00c9RITO FEMININO OSMARI CLARINDA DE OLIVEIRA."}, {"id": "5857", "ano": "2019", "numero": "6", "tipo__sigla": "PR", "tipo__descricao": "Projeto de Resolu\u00e7\u00e3o", "autoria": "Preto", "texto_original": "http://sapl.lagoadaprata.mg.leg.br/media/sapl/public/materialegislativa/2019/5857/projeto_de_resolucao_no_06-2019_-_da_nome_a_sal_f4mUKx5.pdf", "ementa": "D\u00c1 NOME \u00c0 SALA DE SOM DA C\u00c2MARA MUNICIPAL DE LAGOA DA PRATA."}, {"id": "5908", "ano": "2019", "numero": "7", "tipo__sigla": "PR", "tipo__descricao": "Projeto de Resolu\u00e7\u00e3o", "autoria": "Cida Marcelino", "texto_original": "http://sapl.lagoadaprata.mg.leg.br/media/sapl/public/materialegislativa/2019/5908/projeto_de_resolucao_no_07-2019_-_altera_regime_LOW8wjw.pdf", "ementa": "ALTERA O REGIMENTO INTERNO DA C\u00c2MARA MUNICIPAL DE LAGOA DA PRATA \u2013 RESOLU\u00c7\u00c3O 462/2004"}, {"id": "5953", "ano": "2019", "numero": "8", "tipo__sigla": "PR", "tipo__descricao": "Projeto de Resolu\u00e7\u00e3o", "autoria": "Cida Marcelino, Quelli C\u00e1ssia Couto", "texto_original": "http://sapl.lagoadaprata.mg.leg.br/media/", "ementa": "SUPRIME O \u00a7 5\u00ba DO ARTIGO 2\u00ba DA RESOLU\u00c7\u00c3O 750/2017, QUE REGULAMENTA O CONTROLE DE PRESEN\u00c7A E FALTAS DOS VEREADORES \u00c0S REUNI\u00d5ES E SESS\u00d5ES DA C\u00c2MARA MUNICIPAL DE LAGOA DA PRATA"}, {"id": "5959", "ano": "2019", "numero": "9", "tipo__sigla": "PR", "tipo__descricao": "Projeto de Resolu\u00e7\u00e3o", "autoria": "Josiane Protetora dos Animais, Cida Marcelino, Quelli C\u00e1ssia Couto", "texto_original": "http://sapl.lagoadaprata.mg.leg.br/media/sapl/public/materialegislativa/2019/5959/projeto_de_resolucao_no_09-2019_-_medalha_osmar_ZmdWmAu.pdf", "ementa": "ALTERA A RESOLU\u00c7\u00c3O N\u00ba 495/2005 QUE CRIA A MEDALHA DE HONRA AO M\u00c9RITO FEMININO OSMARI CLARINDA DE OLIVEIRA."}, {"id": "5996", "ano": "2019", "numero": "11", "tipo__sigla": "PR", "tipo__descricao": "Projeto de Resolu\u00e7\u00e3o", "autoria": "Cida Marcelino, Josiane Protetora dos Animais, Quelli C\u00e1ssia Couto", "texto_original": "http://sapl.lagoadaprata.mg.leg.br/media/sapl/public/materialegislativa/2019/5996/projeto_de_resolucao_011-2019_-_mesa_diretora_-_l2X7inC.pdf", "ementa": "DISP\u00d5E SOBRE HOMENAGEM P\u00d3STUMA A EX AUTORIDADES DO MUNIC\u00cdPIO"}, {"id": "5997", "ano": "2019", "numero": "12", "tipo__sigla": "PR", "tipo__descricao": "Projeto de Resolu\u00e7\u00e3o", "autoria": "Josiane Protetora dos Animais, Adriano Moreira, Cabo Nunes , Lalinho Duzinho, Preto", "texto_original": "http://sapl.lagoadaprata.mg.leg.br/media/sapl/public/materialegislativa/2019/5997/projeto_de_resolucao_012-2019_-_josiane_e_outro_PHlL1PK.pdf", "ementa": "ALTERA A RESOLU\u00c7\u00c3O N\u00ba 574, DE 19 DE OUTUBRO DE 2009, QUE REGULAMENTA A REALIZA\u00c7\u00c3O DE SESS\u00d5ES SOLENES NA C\u00c2MARA MUNICIPAL DE LAGOA DA PRATA"}, {"id": "6017", "ano": "2019", "numero": "13", "tipo__sigla": "PR", "tipo__descricao": "Projeto de Resolu\u00e7\u00e3o", "autoria": "Josiane Protetora dos Animais", "texto_original": "http://sapl.lagoadaprata.mg.leg.br/media/sapl/public/materialegislativa/2019/6017/projeto_de_resolucao_013-2019_-_josiane_adriano_kHVKMlc.pdf", "ementa": "ALTERA A RESOLU\u00c7\u00c3O 755/2017, QUE INSTITUI NA C\u00c2MARA MUNICIPAL DE LAGOA DA PRATA A COMENDA S\u00c3O FRANCISCO DE ASSIS"}, {"id": "6041", "ano": "2019", "numero": "14", "tipo__sigla": "PR", "tipo__descricao": "Projeto de Resolu\u00e7\u00e3o", "autoria": "Cida Marcelino, Josiane Protetora dos Animais, Quelli C\u00e1ssia Couto", "texto_original": "http://sapl.lagoadaprata.mg.leg.br/media/sapl/public/materialegislativa/2019/6041/projeto_de_resolucao_014-2019_-_mesa_diretora_-_nmac32e.pdf", "ementa": "REFERENDA DESPESA PARA O OR\u00c7AMENTO DA C\u00c2MARA MUNICIPAL DE LAGOA DA PRATA PARA O EXERC\u00cdCIO DE 2020."}, {"id": "6073", "ano": "2019", "numero": "15", "tipo__sigla": "PR", "tipo__descricao": "Projeto de Resolu\u00e7\u00e3o", "autoria": "Joanes Bosco", "texto_original": "http://sapl.lagoadaprata.mg.leg.br/media/sapl/public/materialegislativa/2019/6073/projeto_de_resolucao_015-2019_-_cidadao_edercio_7M0Myfd.pdf", "ementa": "CONCEDE T\u00cdTULO DE CIDAD\u00c3O HONOR\u00c1RIO A ED\u00c9RCIO BITTENCOURT MUNIZ"}, {"id": "6074", "ano": "2019", "numero": "16", "tipo__sigla": "PR", "tipo__descricao": "Projeto de Resolu\u00e7\u00e3o", "autoria": "Preto", "texto_original": "http://sapl.lagoadaprata.mg.leg.br/media/sapl/public/materialegislativa/2019/6074/projeto_de_resolucao_016-2019_-_cidadao_ricardo_MypgK8g.pdf", "ementa": "CONCEDE T\u00cdTULO DE CIDAD\u00c3O HONOR\u00c1RIO A RICARDO PEREIRA COSTA"}, {"id": "6075", "ano": "2019", "numero": "17", "tipo__sigla": "PR", "tipo__descricao": "Projeto de Resolu\u00e7\u00e3o", "autoria": "Quelli C\u00e1ssia Couto", "texto_original": "http://sapl.lagoadaprata.mg.leg.br/media/sapl/public/materialegislativa/2019/6075/projeto_de_resolucao_017-2019_-_cidadao_adelio__JlJvyqg.pdf", "ementa": "CONCEDE T\u00cdTULO DE CIDAD\u00c3O HONOR\u00c1RIO A AD\u00c9LIO DO COUTO COUTINHO"}, {"id": "6076", "ano": "2019", "numero": "18", "tipo__sigla": "PR", "tipo__descricao": "Projeto de Resolu\u00e7\u00e3o", "autoria": "Cida Marcelino", "texto_original": "http://sapl.lagoadaprata.mg.leg.br/media/sapl/public/materialegislativa/2019/6076/projeto_de_resolucao_018-2019_-_cidadao_chicao_-_cida.pdf", "ementa": "CONCEDE T\u00cdTULO DE CIDAD\u00c3O HONOR\u00c1RIO A FRANCISCO MARTINS OLIVEIRA"}, {"id": "6077", "ano": "2019", "numero": "19", "tipo__sigla": "PR", "tipo__descricao": "Projeto de Resolu\u00e7\u00e3o", "autoria": "Josiane Protetora dos Animais", "texto_original": "http://sapl.lagoadaprata.mg.leg.br/media/sapl/public/materialegislativa/2019/6077/projeto_de_resolucao_019-2019_-_cidadao_matozin_tjzHiAt.pdf", "ementa": "CONCEDE T\u00cdTULO DE CIDAD\u00c3O HONOR\u00c1RIO A MATOZINHO NUNES CARNEIRO"}, {"id": "6078", "ano": "2019", "numero": "20", "tipo__sigla": "PR", "tipo__descricao": "Projeto de Resolu\u00e7\u00e3o", "autoria": "Cabo Nunes ", "texto_original": "http://sapl.lagoadaprata.mg.leg.br/media/sapl/public/materialegislativa/2019/6078/projeto_de_resolucao_020-2019_-_cidadao_pr._dav_pknfmDq.pdf", "ementa": "CONCEDE T\u00cdTULO DE CIDAD\u00c3O HONOR\u00c1RIO A DAVID AZEVEDO"}, {"id": "6079", "ano": "2019", "numero": "21", "tipo__sigla": "PR", "tipo__descricao": "Projeto de Resolu\u00e7\u00e3o", "autoria": "Lalinho Duzinho", "texto_original": "http://sapl.lagoadaprata.mg.leg.br/media/sapl/public/materialegislativa/2019/6079/projeto_de_resolucao_021-2019_-_cidadao_pr._alm_IXx5YF9.pdf", "ementa": "CONCEDE T\u00cdTULO DE CIDAD\u00c3O HONOR\u00c1RIO A ALMERINDO DA SILVEIRA BARBOSA"}, {"id": "6080", "ano": "2019", "numero": "22", "tipo__sigla": "PR", "tipo__descricao": "Projeto de Resolu\u00e7\u00e3o", "autoria": "Adriano Moreira", "texto_original": "http://sapl.lagoadaprata.mg.leg.br/media/sapl/public/materialegislativa/2019/6080/projeto_de_resolucao_022-2019_-_cidadao_raimund_uUirdcA.pdf", "ementa": "CONCEDE T\u00cdTULO DE CIDAD\u00c3 HONOR\u00c1RIA A RAIMUNDA DA SILVA SANTOS"}, {"id": "6081", "ano": "2019", "numero": "23", "tipo__sigla": "PR", "tipo__descricao": "Projeto de Resolu\u00e7\u00e3o", "autoria": "Professor Elias Izaias", "texto_original": "http://sapl.lagoadaprata.mg.leg.br/media/sapl/public/materialegislativa/2019/6081/projeto_de_resolucao_023-2019_-_cidadao_joao_is_Ia1qH0D.pdf", "ementa": "CONCEDE T\u00cdTULO DE CIDAD\u00c3O HONOR\u00c1RIO A JO\u00c3O ISA\u00cdAS DA SILVA"}, {"id": "6007", "ano": "2019", "numero": "1", "tipo__sigla": "P-LOM", "tipo__descricao": "Proposta de Emenda LOM", "autoria": "Paulo C\u00e9sar Teodoro", "texto_original": "http://sapl.lagoadaprata.mg.leg.br/media/sapl/public/materialegislativa/2019/6007/proposta_de_emenda_a_lei_organcia_001-2019_-_in_OGW7OWi.pdf", "ementa": "ALTERA A LEI ORG\u00c2NICA DO MUNIC\u00cdPIO DE LAGOA DA PRATA"}, {"id": "5998", "ano": "2019", "numero": "2", "tipo__sigla": "P-LOM", "tipo__descricao": "Proposta de Emenda LOM", "autoria": "Preto, Cida Marcelino", "texto_original": "http://sapl.lagoadaprata.mg.leg.br/media/sapl/public/materialegislativa/2019/5998/proposta_de_emenda_a_lom_no_02-2019_-_preto_-_10-09.pdf", "ementa": "ALTERA A LEI ORG\u00c2NICA DO MUNIC\u00cdPIO DE LAGOA DA PRATA"}, {"id": "6088", "ano": "2019", "numero": "3", "tipo__sigla": "P-LOM", "tipo__descricao": "Proposta de Emenda LOM", "autoria": "Josiane Protetora dos Animais, Adriano Moreira, Cabo Nunes , Cida Marcelino, Joanes Bosco, Lalinho Duzinho, Preto, Professor Elias Izaias, Quelli C\u00e1ssia Couto", "texto_original": "http://sapl.lagoadaprata.mg.leg.br/media/sapl/public/materialegislativa/2019/6088/proposta_de_emenda_a_lom_no_03-2019_-_21-10-2019.pdf", "ementa": "Altera a Lei Org\u00e2nica do Munic\u00edpio de Lagoa da Prata."}, {"id": "5729", "ano": "2019", "numero": "1", "tipo__sigla": "REQ", "tipo__descricao": "Requerimento", "autoria": "Preto", "texto_original": "http://sapl.lagoadaprata.mg.leg.br/media/sapl/public/materialegislativa/2019/5729/requerimento_001-2019_preto_-_audiencia_publica_Gr0ceyE.pdf", "ementa": "O VEREADOR INFRA-ASSINADO, NA FORMA REGIMENTAL, REQUER A VOSSA EXCEL\u00caNCIA, OUVIDO O PLEN\u00c1RIO, SEJA DETERMINADA A REALIZA\u00c7\u00c3O DE UMA AUDI\u00caNCIA P\u00daBLICA NA C\u00c2MARA MUNICIPAL SOBRE AS QUEST\u00d5ES QUE ENVOLVEM O RECOLHIMENTO DE ENTULHOS NO MUNIC\u00cdPIO, A SE REALIZAR EM FEVEREIRO DE 2019, EM DATA A SER DEFINIDA. PROPONHO QUE SEJAM CONVIDADOS PARA ESTA AUDI\u00caNCIA P\u00daBLICA, POR MEIO DE OF\u00cdCIO, O SECRET\u00c1RIO MUNICIPAL DE ADMINISTRA\u00c7\u00c3O E GOVERNO, A SECRET\u00c1RIA MUNICIPAL DE ASSIST\u00caNCIA SOCIAL, A SECRET\u00c1RIA MUNICIPAL DE OBRAS E URBANISMO, O SECRET\u00c1RIO MUNICIPAL DE SA\u00daDE, REPRESENTANTES DA VIGIL\u00c2NCIA EM SA\u00daDE, SECRET\u00c1RIO MUNICIPAL DE TRANSPORTES E LIMPEZA P\u00daBLICA, CHEFE DESTE SETOR E OS FISCAIS MUNICIPAIS."}, {"id": "5730", "ano": "2019", "numero": "2", "tipo__sigla": "REQ", "tipo__descricao": "Requerimento", "autoria": "Josiane Protetora dos Animais", "texto_original": "http://sapl.lagoadaprata.mg.leg.br/media/sapl/public/materialegislativa/2019/5730/requerimento_002-2019_josiane_escoamento_agua_p_KPMFP5M.pdf", "ementa": "A VEREADORA INFRA-ASSINADA, NA FORMA REGIMENTAL, REQUER A VOSSA EXCEL\u00caNCIA, CONSULTADO O PLEN\u00c1RIO, SEJA ENVIADO OF\u00cdCIO AO CHEFE DO PODER EXECUTIVO MUNICIPAL ENCAMINHANDO O PRESENTE REQUERIMENTO, QUE SOLICITA \u00c0 SECRET\u00c1RIA DE OBRAS E URBANISMO QUE INFORME A ESTA CASA SE H\u00c1 POSSIBILIDADE DE SE EXECUTAR OBRAS VISANDO SOLUCIONAR GRAVE PROBLEMA DE ESCOAMENTO DAS \u00c1GUAS PLUVIAIS AO FINAL DA AV. BELA VISTA, PR\u00d3XIMO \u00c0 CASA DE N\u00daMERO 1.451, O MAIS R\u00c1PIDO POSS\u00cdVEL, UMA VEZ QUE QUANDO CHOVE AS \u00c1GUAS EST\u00c3O INVADINDO RESID\u00caNCIAS NO LOCAL. REQUER AINDA, QUE SEJA ENVIADO OF\u00cdCIO NESTE MESMO SENTIDO \u00c0 DIRETORA DO SERVI\u00c7O AUT\u00d4NOMO DE \u00c1GUA E ESGOTO \u2013 SAAE-LP."}, {"id": "5731", "ano": "2019", "numero": "3", "tipo__sigla": "REQ", "tipo__descricao": "Requerimento", "autoria": "Joanes Bosco, Professor Elias Izaias", "texto_original": "http://sapl.lagoadaprata.mg.leg.br/media/sapl/public/materialegislativa/2019/5731/requerimento_003-2019_joanes_plano_de_saude_saa_llZVNrj.pdf", "ementa": "OS VEREADORES INFRA-ASSINADOS, NA FORMA REGIMENTAL E CONSULTADO O PLEN\u00c1RIO, REQUEREM A VOSSA EXCEL\u00caNCIA QUE SEJA ENVIADO OF\u00cdCIO \u00c0 DIRETORA DO SERVI\u00c7O AUT\u00d4NOMO DE \u00c1GUA E ESGOTO DE LAGOA DA PRATA \u2013 SAAE-LP, SOLICITANDO QUE INFORME A ESTA CASA SE H\u00c1 POSSIBILIDADE DE SE CONTRATAR EMPRESA PARA FORNECER PLANO DE SA\u00daDE PARA OS SERVIDORES DA REFERIDA AUTARQUIA MUNICIPAL."}, {"id": "5732", "ano": "2019", "numero": "4", "tipo__sigla": "REQ", "tipo__descricao": "Requerimento", "autoria": "Quelli C\u00e1ssia Couto", "texto_original": "http://sapl.lagoadaprata.mg.leg.br/media/sapl/public/materialegislativa/2019/5732/requerimento_004-2019_quelli_estagiarias_07-01_TxXjfqS.pdf", "ementa": "A VEREADORA INFRA-ASSINADA, NA FORMA REGIMENTAL, REQUER A VOSSA EXCEL\u00caNCIA, CONSULTADO O PLEN\u00c1RIO, SEJA ENVIADO OF\u00cdCIO AO CHEFE DO PODER EXECUTIVO MUNICIPAL, ENCAMINHANDO O PRESENTE REQUERIMENTO QUE SOLICITA \u00c0 SECRET\u00c1RIA DE EDUCA\u00c7\u00c3O, SENHORA PAULENE M\u00c1RCIA ANDRADE E SILVA, QUE INFORME A ESTA CASA O SEGUINTE: ..."}, {"id": "5733", "ano": "2019", "numero": "5", "tipo__sigla": "REQ", "tipo__descricao": "Requerimento", "autoria": "Cida Marcelino", "texto_original": "http://sapl.lagoadaprata.mg.leg.br/media/sapl/public/materialegislativa/2019/5733/requerimento_005-2019_cida_calcamento_rua_joao__pTUEO7y.pdf", "ementa": "A VEREADORA INFRA-ASSINADA, NA FORMA REGIMENTAL, REQUER A VOSSA EXCEL\u00caNCIA, CONSULTADO O PLEN\u00c1RIO, QUE SEJA ENVIADO OF\u00cdCIO AO CHEFE DO PODER EXECUTIVO MUNICIPAL ENCAMINHANDO O PRESENTE REQUERIMENTO QUE SOLICITA AO SECRET\u00c1RIO DE TRANSPORTES E LIMPEZA P\u00daBLICA, BEM COMO \u00c0 SECRET\u00c1RIA DE OBRAS E URBANISMO, QUE INFORMEM A ESTA CASA SE H\u00c1 POSSIBILIDADES DE SE COMPLETAR A PAVIMENTA\u00c7\u00c3O DA RUA JO\u00c3O MARTINS VASCONCELOS, QUE INTERLIGA OS BAIRROS AM\u00c9RICO SILVA E MANGABEIRAS, NESTA CIDADE, COMPREENDIDA ENTRE A RUA DIREITA E A RUA BAR\u00c3O DO RIO BRANCO, OU PELO MENOS, COM MAIS URG\u00caNCIA, FAZER MANUTEN\u00c7\u00c3O NO PISO DO TRECHO J\u00c1 PAVIMENTADO COM CAL\u00c7AMENTO POLI\u00c9DRICO."}, {"id": "5734", "ano": "2019", "numero": "6", "tipo__sigla": "REQ", "tipo__descricao": "Requerimento", "autoria": "Professor Elias Izaias", "texto_original": "http://sapl.lagoadaprata.mg.leg.br/media/sapl/public/materialegislativa/2019/5734/requerimento_006-2019_professor_elias_scanners__2W624qz.pdf", "ementa": "O VEREADOR INFRA-ASSINADO, NA FORMA REGIMENTAL, REQUER A VOSSA EXCEL\u00caNCIA, CONSULTADO O PLEN\u00c1RIO, QUE INFORME A ESTA CASA SE H\u00c1 POSSIBILIDADE DE SE ADQUIRIR PARA ESTA CASA LEGISLATIVA, SCANNERS PROFISSIONAIS, TANTO PORT\u00c1TIL, QUANTO DE USO LOCAL, PARA A DEVIDA E NECESS\u00c1RIA DIGITALIZA\u00c7\u00c3O DE TODOS OS DOCUMENTOS DA C\u00c2MARA, BEM COMO PARA A ORGANIZA\u00c7\u00c3O E ARQUIVAMENTO DOS MESMOS."}, {"id": "5735", "ano": "2019", "numero": "7", "tipo__sigla": "REQ", "tipo__descricao": "Requerimento", "autoria": "Preto", "texto_original": "http://sapl.lagoadaprata.mg.leg.br/media/sapl/public/materialegislativa/2019/5735/requerimento_007-2019_preto_passagem_elevada_fe_CdzlUX9.pdf", "ementa": "O VEREADOR INFRA-ASSINADO, NA FORMA REGIMENTAL, REQUER A VOSSA EXCEL\u00caNCIA, CONSULTADO O PLEN\u00c1RIO, SEJA ENVIADO OF\u00cdCIO AO CHEFE DO PODER EXECUTIVO MUNICIPAL ENCAMINHANDO O PRESENTE REQUERIMENTO QUE SOLICITA AO SECRET\u00c1RIO MUNICIPAL DE  TRANSPORTES E LIMPEZA P\u00daBLICA, BEM COMO \u00c0 SECRET\u00c1RIA DE OBRAS E URBANISMO, QUE INFORMEM A ESTA CASA SE H\u00c1 POSSIBILIDADE DE SE COLOCAR PASSAGEM ELEVADA PARA PEDESTRES, COM ONDULA\u00c7\u00c3O, NA AV. FERN\u00c3O DIAS, NAS PROXIMIDADES DA EMPRESA  COMBRITA ARTEFATOS."}, {"id": "5736", "ano": "2019", "numero": "8", "tipo__sigla": "REQ", "tipo__descricao": "Requerimento", "autoria": "Adriano Moreira", "texto_original": "http://sapl.lagoadaprata.mg.leg.br/media/sapl/public/materialegislativa/2019/5736/requerimento_008-2019_adriano_limpeza_14-01_1MTyGIW.pdf", "ementa": "O VEREADOR INFRA-ASSINADO, NA FORMA REGIMENTAL, REQUER A VOSSA EXCEL\u00caNCIA, CONSULTADO O PLEN\u00c1RIO, QUE SEJA ENVIADO OF\u00cdCIO AO CHEFE DO PODER EXECUTIVO MUNICIPAL ENCAMINHANDO O PRESENTE REQUERIMENTO, QUE SOLICITA AO SECRET\u00c1RIO DE TRANSPORTES E LIMPEZA P\u00daBLICA, QUE INFORME A ESTA CASA SE H\u00c1 POSSIBILIDADE DE SE REALIZAR LIMPEZA NO BECO LOCALIZADO ENTRE A RUA ANT\u00d4NIO FRANCISCO VIDAL E A RUA \u201cF\u201d, NO BAIRRO AM\u00c9RICO SILVA, NESTA CIDADE."}, {"id": "5737", "ano": "2019", "numero": "9", "tipo__sigla": "REQ", "tipo__descricao": "Requerimento", "autoria": "", "texto_original": "http://sapl.lagoadaprata.mg.leg.br/media/sapl/public/materialegislativa/2019/5737/requerimento_009-2019_cida_-_fumace_14-01_pnZx6v3.pdf", "ementa": "A VEREADORA INFRA-ASSINADA, NA FORMA REGIMENTAL, REQUER A VOSSA EXCEL\u00caNCIA, CONSULTADO O PLEN\u00c1RIO, SEJA ENVIADO OF\u00cdCIO AO CHEFE DO PODER EXECUTIVO MUNICIPAL,  ENCAMINHANDO O PRESENTE REQUERIMENTO QUE SOLICITA AO SECRET\u00c1RIO MUNICIPAL DE SA\u00daDE QUE INFORME A ESTA CASA SE H\u00c1 POR PARTE DA ADMINISTRA\u00c7\u00c3O MUNICIPAL A INTEN\u00c7\u00c3O DE CONCRETIZAR A APLICA\u00c7\u00c3O SISTEM\u00c1TICA DO \u201cFUMAC\u00ca\u201d EM NOSSO MUNIC\u00cdPIO, INICIANDO-SE O MAIS R\u00c1PIDO POSS\u00cdVEL."}, {"id": "5738", "ano": "2019", "numero": "10", "tipo__sigla": "REQ", "tipo__descricao": "Requerimento", "autoria": "Preto, Lalinho Duzinho", "texto_original": "http://sapl.lagoadaprata.mg.leg.br/media/sapl/public/materialegislativa/2019/5738/requerimento_010-2019_preto_e_lalinho_bordas_de_vUBqwJQ.pdf", "ementa": "OS VEREADORES INFRA-ASSINADOS, NA FORMA REGIMENTAL, REQUEREM A VOSSA EXCEL\u00caNCIA, CONSULTADO O PLEN\u00c1RIO, QUE SEJA ENVIADO OF\u00cdCIO AO CHEFE DO PODER EXECUTIVO MUNICIPAL ENCAMINHANDO O PRESENTE REQUERIMENTO QUE SOLICITA AO SECRET\u00c1RIO DE TRANSPORTES E LIMPEZA P\u00daBLICA, BEM COMO \u00c0 SECRET\u00c1RIA DE OBRAS E URBANISMO, QUE INFORMEM A ESTA CASA SE H\u00c1 POSSIBILIDADE DE SE ASFALTAR AS BORDAS DOS BUEIROS, EM UMA \u00c1REA DE UM METRO LINEAR DE CADA LADO."}, {"id": "5739", "ano": "2019", "numero": "11", "tipo__sigla": "REQ", "tipo__descricao": "Requerimento", "autoria": "Adriano Moreira", "texto_original": "http://sapl.lagoadaprata.mg.leg.br/media/sapl/public/materialegislativa/2019/5739/requerimento_011-2019_adriano_tapa_buraco_21-01_jWR7tj5.pdf", "ementa": "O VEREADOR INFRA-ASSINADO, NA FORMA REGIMENTAL, REQUER A VOSSA EXCEL\u00caNCIA, CONSULTADO O PLEN\u00c1RIO, QUE SEJA ENVIADO OF\u00cdCIO AO CHEFE DO PODER EXECUTIVO MUNICIPAL ENCAMINHANDO O PRESENTE REQUERIMENTO QUE SOLICITA \u00c0 SECRET\u00c1RIA DE OBRAS E URBANISMO, QUE INFORME A ESTA CASA SE H\u00c1 POSSIBILIDADES DE SE REALIZAR \u201cOPERA\u00c7\u00c3O TAPA BURACO\u201d EM TODA EXTENS\u00c3O DO BAIRRO AM\u00c9RICO SILVA II."}, {"id": "5740", "ano": "2019", "numero": "12", "tipo__sigla": "REQ", "tipo__descricao": "Requerimento", "autoria": "Lalinho Duzinho, Adriano Moreira, Cabo Nunes , Preto", "texto_original": "http://sapl.lagoadaprata.mg.leg.br/media/sapl/public/materialegislativa/2019/5740/requerimento_012-2019_lalinho_oficio_a_cemig_21-01.pdf", "ementa": "OS VEREADORES INFRA-ASSINADOS, NA FORMA REGIMENTAL, REQUEREM A VOSSA EXCEL\u00caNCIA, CONSULTADO O PLEN\u00c1RIO, QUE SEJA ENVIADO OF\u00cdCIO AO SR. BERNARDO AFONSO SALOM\u00c3O ALVARENGA, DIRETOR-PRESIDENTE DA CEMIG, SOLICITANDO ESCLARECIMENTOS SOBRE RUMORES ENTRE OS FUNCION\u00c1RIOS DE QUE A EMPRESA FECHAR\u00c1 SEU ESCRIT\u00d3RIO DE ATENDIMENTO EM LAGOA DA PRATA."}, {"id": "6142", "ano": "2019", "numero": "13", "tipo__sigla": "REQ", "tipo__descricao": "Requerimento", "autoria": "Joanes Bosco, Cida Marcelino, Professor Elias Izaias", "texto_original": "http://sapl.lagoadaprata.mg.leg.br/media/sapl/public/materialegislativa/2019/6142/requerimento_013-2019_-_joanes_cida_elias_-_convoca_diretora_e_tecnicos_do_saae_21-01.pdf", "ementa": "O Vereador infra-assinado, na forma regimental, requer a Vossa Excel\u00eancia, consultado o Plen\u00e1rio, que seja enviado of\u00edcio \u00e0 Diretora do Servi\u00e7o Aut\u00f4nomo de \u00c1gua e Esgoto de Lagoa da Prata \u2013 SAAE-LP, Maria de F\u00e1tima Tavares, e aos t\u00e9cnicos da Autarquia Municipal, convocando-os a comparecer a esta Casa, no prazo regimental, para tratar de assunto relacionado ao abastecimento de \u00e1gua no munic\u00edpio e sobre a redu\u00e7\u00e3o da tarifa de esgoto."}, {"id": "6143", "ano": "2019", "numero": "14", "tipo__sigla": "REQ", "tipo__descricao": "Requerimento", "autoria": "Cabo Nunes ", "texto_original": "http://sapl.lagoadaprata.mg.leg.br/media/sapl/public/materialegislativa/2019/6143/requerimento_014-2019_-_nunes_-_recolhimento_entulho_21-01.pdf", "ementa": "O Vereador infra-assinado, na forma regimental, requer a Vossa Excel\u00eancia, consultado o Plen\u00e1rio, que seja enviado of\u00edcio ao Chefe do Poder Executivo Municipal encaminhando o presente Requerimento que solicita ao Secret\u00e1rio de Transportes e Limpeza P\u00fablica, que informe a esta Casa se h\u00e1 possibilidade de se proibir a utiliza\u00e7\u00e3o de m\u00e1quinas e caminh\u00f5es do Munic\u00edpio para o recolhimento de entulho nas vias p\u00fablicas, em frente a im\u00f3veis particulares, exceto quando se tratar de mutir\u00e3o de limpeza e recolhimento de entulho devidamente programado e publicado pela Administra\u00e7\u00e3o P\u00fablica, ou nos casos em que o cidad\u00e3o solicitou autoriza\u00e7\u00e3o para o descarte dos materiais e o setor competente tenha autorizado tal procedimento."}, {"id": "6144", "ano": "2019", "numero": "15", "tipo__sigla": "REQ", "tipo__descricao": "Requerimento", "autoria": "Adriano Moreira, Cabo Nunes ", "texto_original": "http://sapl.lagoadaprata.mg.leg.br/media/sapl/public/materialegislativa/2019/6144/requerimento_015-2019_-_adriano_nunes_-_escorpioes_28-01.pdf", "ementa": "Os Vereadores infra-assinados, na forma regimental, requerem a Vossa Excel\u00eancia, consultado o Plen\u00e1rio, que seja enviado of\u00edcio ao Chefe do Poder Executivo Municipal encaminhando o presente Requerimento que solicita ao Secret\u00e1rio de Meio Ambiente, que informe a esta Casa se h\u00e1 possibilidade de se buscar solu\u00e7\u00f5es efetivas para combater a infesta\u00e7\u00e3o e prolifera\u00e7\u00e3o de escorpi\u00f5es nos cemit\u00e9rios do nosso munic\u00edpio."}, {"id": "6145", "ano": "2019", "numero": "16", "tipo__sigla": "REQ", "tipo__descricao": "Requerimento", "autoria": "Preto", "texto_original": "http://sapl.lagoadaprata.mg.leg.br/media/sapl/public/materialegislativa/2019/6145/requerimento_016-2019_-_preto_-_paulene_-_creche_americo_silva_28-01.pdf", "ementa": "O Vereador infra-assinado, na forma regimental e consultado o Plen\u00e1rio, requer a Vossa Excel\u00eancia que seja enviado of\u00edcio ao Chefe do Poder   Executivo Municipal encaminhando o presente Requerimento, que solicita \u00e0 Secret\u00e1ria Municipal de Educa\u00e7\u00e3o, Sra. Paulene M\u00e1rcia Andrade e Silva, que informe a esta Casa se h\u00e1 possibilidade de se determinar um estudo para a constru\u00e7\u00e3o de uma outra creche para o Bairro Am\u00e9rico Silva, nesta cidade."}, {"id": "6146", "ano": "2019", "numero": "17", "tipo__sigla": "REQ", "tipo__descricao": "Requerimento", "autoria": "Joanes Bosco", "texto_original": "http://sapl.lagoadaprata.mg.leg.br/media/sapl/public/materialegislativa/2019/6146/requerimento_017-2019_-_joanes_-_passagem_elevada_upa_28-01.pdf", "ementa": "O Vereador infra-assinado, na forma regimental, requer a Vossa Excel\u00eancia, consultado o Plen\u00e1rio, seja enviado of\u00edcio ao Chefe do Poder Executivo Municipal encaminhando o presente Requerimento que solicita ao Secret\u00e1rio Municipal de  Transportes e Limpeza P\u00fablica, bem como \u00e0 Secret\u00e1ria de Obras e Urbanismo, que informem a esta Casa se h\u00e1 possibilidade de se colocar passagem elevada para pedestres nas proximidades do Hospital S\u00e3o Carlos e em frente a UPA (Unidade de Pronto Atendimento) do munic\u00edpio."}, {"id": "6147", "ano": "2019", "numero": "18", "tipo__sigla": "REQ", "tipo__descricao": "Requerimento", "autoria": "Quelli C\u00e1ssia Couto", "texto_original": "http://sapl.lagoadaprata.mg.leg.br/media/sapl/public/materialegislativa/2019/6147/requerimento_018-2019_-_quelli_-_centro_cultural_28-01.pdf", "ementa": "A Vereadora infra-assinada, na forma regimental, requer a Vossa Excel\u00eancia, consultado o Plen\u00e1rio, seja enviado of\u00edcio ao Chefe do Poder Executivo Municipal, encaminhando o presente Requerimento que solicita ao Secret\u00e1rio de Cultura e     Turismo, bem como ao Secret\u00e1rio de Administra\u00e7\u00e3o e Governo, que informem a esta Casa se h\u00e1 possibilidade de se iniciar procedimentos visando a constru\u00e7\u00e3o de um novo Centro Cultural Municipal em nossa cidade e programa de incentivo e apoio \u00e0s diversas formas de manifesta\u00e7\u00e3o cultural em nossa cidade."}, {"id": "6148", "ano": "2019", "numero": "19", "tipo__sigla": "REQ", "tipo__descricao": "Requerimento", "autoria": "Lalinho Duzinho, Cabo Nunes , Preto", "texto_original": "http://sapl.lagoadaprata.mg.leg.br/media/sapl/public/materialegislativa/2019/6148/requerimento_019-2019_-_lalinho_preto_nunes_-_procon_28-01.pdf", "ementa": "Os Vereadores infra-assinados, na forma regimental, requerem a Vossa Excel\u00eancia, consultado o Plen\u00e1rio, que seja enviado of\u00edcio ao representante do PROCON no Munic\u00edpio de Lagoa da Prata e tamb\u00e9m para o PROCON Minas Gerais, solicitando aos mesmos que informem a esta Casa se h\u00e1 fiscaliza\u00e7\u00e3o nos pre\u00e7os de combust\u00edveis praticados neste Munic\u00edpio, bem como os motivos pelos quais n\u00e3o notamos queda nestes pre\u00e7os, uma vez que em toda regi\u00e3o constatamos a redu\u00e7\u00e3o nos valores dos combust\u00edveis comercializados nos postos de servi\u00e7os."}, {"id": "6149", "ano": "2019", "numero": "20", "tipo__sigla": "REQ", "tipo__descricao": "Requerimento", "autoria": "Josiane Protetora dos Animais, Adriano Moreira, Cabo Nunes , Cida Marcelino, Joanes Bosco, Lalinho Duzinho, Preto, Professor Elias Izaias, Quelli C\u00e1ssia Couto", "texto_original": "http://sapl.lagoadaprata.mg.leg.br/media/sapl/public/materialegislativa/2019/6149/requerimento_020-2019_-_todos_-_medalha_04-02.pdf", "ementa": "Os Vereadores infra-assinados, nos termos do Artigo 3\u00ba da Resolu\u00e7\u00e3o desta Casa de n\u00ba 495/2005, que \u201cCria a Medalha de Honra ao M\u00e9rito Feminino Osmari Clarinda de Oliveira e cont\u00e9m outras provid\u00eancias\u201d, alterada pela Resolu\u00e7\u00e3o n\u00ba 587/2009, v\u00eam apresentar os nomes das mulheres a serem agraciadas com a referida comenda para aprova\u00e7\u00e3o do Plen\u00e1rio."}, {"id": "6150", "ano": "2019", "numero": "21", "tipo__sigla": "REQ", "tipo__descricao": "Requerimento", "autoria": "Quelli C\u00e1ssia Couto, Cida Marcelino, Joanes Bosco, Josiane Protetora dos Animais, Professor Elias Izaias", "texto_original": "http://sapl.lagoadaprata.mg.leg.br/media/sapl/public/materialegislativa/2019/6150/requerimento_021-2019_-_quelli_elias_cida_joanes_josiane_-_luis_francisco_04-02.pdf", "ementa": "As Vereadoras e os Vereadores infra-assinados, na forma regimental, requerem a Vossa Excel\u00eancia, consultado o Plen\u00e1rio, que seja enviado of\u00edcio ao    Sr. Luiz Francisco de Jesus, convidando-o para vir a esta Casa, conhecer as depend\u00eancias da C\u00e2mara Municipal a fim de comprovar que a reforma feita em 2016 n\u00e3o se restringiu apenas \u00e0 fachada do pr\u00e9dio."}, {"id": "6151", "ano": "2019", "numero": "22", "tipo__sigla": "REQ", "tipo__descricao": "Requerimento", "autoria": "Adriano Moreira", "texto_original": "http://sapl.lagoadaprata.mg.leg.br/media/sapl/public/materialegislativa/2019/6151/requerimento_022-2019_-_adriano_-_adia_a_reuniao_04-02.pdf", "ementa": "O vereador infra-assinado, na forma regimental, requer a Vossa Excel\u00eancia, consultado o Plen\u00e1rio, que a Reuni\u00e3o Ordin\u00e1ria do dia 11 de fevereiro do corrente ano seja antecipada para o dia 08 de fevereiro de 2019, sexta-feira."}, {"id": "6152", "ano": "2019", "numero": "23", "tipo__sigla": "REQ", "tipo__descricao": "Requerimento", "autoria": "Josiane Protetora dos Animais", "texto_original": "http://sapl.lagoadaprata.mg.leg.br/media/sapl/public/materialegislativa/2019/6152/requerimento_023-2019_-_josiane_-_praia_04-02.pdf", "ementa": "A Vereadora infra-assinada, na forma regimental, requer a Vossa Excel\u00eancia, consultado o Plen\u00e1rio, seja enviado of\u00edcio ao Chefe do Poder Executivo Municipal encaminhando o presente Requerimento, que solicita ao Secret\u00e1rio Municipal de Cultura e Turismo que nos informe sobre o \u201cPre\u00e7o P\u00fablico\u201d que est\u00e1 sendo cobrado para entrada na Praia P\u00fablica Municipal e se h\u00e1 possibilidade de redu\u00e7\u00e3o do mesmo."}, {"id": "6153", "ano": "2019", "numero": "24", "tipo__sigla": "REQ", "tipo__descricao": "Requerimento", "autoria": "Cabo Nunes ", "texto_original": "http://sapl.lagoadaprata.mg.leg.br/media/sapl/public/materialegislativa/2019/6153/requerimento_024-2019_-_nunes_-_fabio_avelar_04-02.pdf", "ementa": "O Vereador infra-assinado, na forma regimental, requer a Vossa Excel\u00eancia, consultado o Plen\u00e1rio, que seja enviado of\u00edcio ao Deputado Estadual F\u00e1bio Avelar solicitando ao mesmo que intervenha junto aos \u00f3rg\u00e3os competentes para que sejam direcionados \u00f4nibus ou micro-\u00f4nibus a serem utilizados pelas \u00e1reas da cultura e do esporte, assim como j\u00e1 \u00e9 feito para a Educa\u00e7\u00e3o."}, {"id": "6154", "ano": "2019", "numero": "25", "tipo__sigla": "REQ", "tipo__descricao": "Requerimento", "autoria": "Cida Marcelino", "texto_original": "http://sapl.lagoadaprata.mg.leg.br/media/sapl/public/materialegislativa/2019/6154/requerimento_025-2019_-_cida_-_iluminacao_rua_joao_martins_vasconcelos_04-02.pdf", "ementa": "A Vereadora infra-assinada, na forma regimental, requer a Vossa Excel\u00eancia, consultado o Plen\u00e1rio, que seja enviado of\u00edcio ao Chefe do Poder Executivo Municipal encaminhando o presente Requerimento que solicita \u00e0 Secret\u00e1ria de Obras e Urbanismo, que informe a esta Casa se h\u00e1 possibilidade de se completar a ilumina\u00e7\u00e3o p\u00fablica da Rua JO\u00c3O MARTINS VASCONCELOS, que interliga os Bairros Am\u00e9rico Silva e Mangabeiras, nesta cidade, compreendida entre a Rua Direita e a Rua Bar\u00e3o do Rio Branco."}, {"id": "6155", "ano": "2019", "numero": "26", "tipo__sigla": "REQ", "tipo__descricao": "Requerimento", "autoria": "Professor Elias Izaias", "texto_original": "http://sapl.lagoadaprata.mg.leg.br/media/sapl/public/materialegislativa/2019/6155/requerimento_026-2019_-_elias_-_isencao_preco_publico_04-02.pdf", "ementa": "O vereador infra-assinado, na forma regimental e ouvido o Plen\u00e1rio, requer a Vossa Excel\u00eancia que seja enviado of\u00edcio ao Chefe do Poder Executivo Municipal encaminhando o presente Requerimento, que solicita ao Secret\u00e1rio de Administra\u00e7\u00e3o e Governo, ao Secret\u00e1rio Municipal de Desportos e ao Secret\u00e1rio de Cultura e Turismo que informem a esta Casa, se h\u00e1 possibilidade de conceder isen\u00e7\u00e3o do pagamento de Pre\u00e7o P\u00fablico para utiliza\u00e7\u00e3o de bens p\u00fablicos municipais, como: poliesportivos, Centro Cultural Fausto Resende e outros, quando a utiliza\u00e7\u00e3o for para fins n\u00e3o lucrativos, ou lucrativos, mas com finalidade beneficente."}, {"id": "6156", "ano": "2019", "numero": "27", "tipo__sigla": "REQ", "tipo__descricao": "Requerimento", "autoria": "Cida Marcelino", "texto_original": "http://sapl.lagoadaprata.mg.leg.br/media/sapl/public/materialegislativa/2019/6156/requerimento_027-2019_-_cida_-_adiamento_de_votacao_em_007-2018_-_04-02.pdf", "ementa": "A Vereadora infra-assinada, na forma regimental, requer a Vossa Excel\u00eancia, consultado o Plen\u00e1rio, seja adiada para a pr\u00f3xima reuni\u00e3o ordin\u00e1ria, a Segunda Discuss\u00e3o e Vota\u00e7\u00e3o do Projeto de Lei Complementar EM n\u00ba 07/2018 que \u201cALTERA A LEI COMPLEMENTAR N\u00ba 003, DE 22 DE MAIO DE 1991\u201d."}, {"id": "6157", "ano": "2019", "numero": "28", "tipo__sigla": "REQ", "tipo__descricao": "Requerimento", "autoria": "Professor Elias Izaias", "texto_original": "http://sapl.lagoadaprata.mg.leg.br/media/sapl/public/materialegislativa/2019/6157/requerimento_028-2019_-_elias_-_passagem_elevada_av._brasil_08-02.pdf", "ementa": "O Vereador infra-assinado, na forma regimental, requer a Vossa Excel\u00eancia, consultado o Plen\u00e1rio, seja enviado of\u00edcio ao Chefe do Poder Executivo Municipal encaminhando o presente Requerimento que solicita ao Secret\u00e1rio Municipal de  Transportes e Limpeza P\u00fablica, bem como \u00e0 Secret\u00e1ria de Obras e Urbanismo, que informem a esta Casa se h\u00e1 possibilidade de se colocar passagem elevada para pedestres, com ondula\u00e7\u00e3o, na Av. Brasil, no cruzamento com a Rua Dona Tinuca, nesta cidade."}, {"id": "6158", "ano": "2019", "numero": "29", "tipo__sigla": "REQ", "tipo__descricao": "Requerimento", "autoria": "Quelli C\u00e1ssia Couto, Cida Marcelino, Joanes Bosco", "texto_original": "http://sapl.lagoadaprata.mg.leg.br/media/sapl/public/materialegislativa/2019/6158/requerimento_029-2019_-_quelli_cida_joanes_-_para_adriano_08-02.pdf", "ementa": "As Vereadoras e os Vereadores infra-assinados, na forma regimental, requerem a Vossa Excel\u00eancia, consultado o Plen\u00e1rio, seja enviado of\u00edcio ao Vereador Adriano Moreira Pinto, solicitando ao mesmo - visando dar ampla transpar\u00eancia e lisura ao procedimento regimental adotado para a antecipa\u00e7\u00e3o da reuni\u00e3o ordin\u00e1ria do dia 11/02/2019 para esta data - que apresente a esta Casa, comprovante de que esteve com seu filho em consulta m\u00e9dica em Foz do Igua\u00e7u, bem como que esteve na institui\u00e7\u00e3o de ensino do mesmo para renova\u00e7\u00e3o de matr\u00edcula, considerando que estas foram as justificativas apresentadas pelo Vereador para que seu Requerimento fosse aprovado em Plen\u00e1rio."}, {"id": "5746", "ano": "2019", "numero": "30", "tipo__sigla": "REQ", "tipo__descricao": "Requerimento", "autoria": "Preto", "texto_original": "http://sapl.lagoadaprata.mg.leg.br/media/sapl/public/materialegislativa/2019/5746/requerimento_030-2019_preto_-_adiamento_de_vota_INgpxFB.pdf", "ementa": "O VEREADOR INFRA-ASSINADO NA FORMA REGIMENTAL, REQUER A VOSSA EXCEL\u00caNCIA, CONSULTADO O PLEN\u00c1RIO, SEJA ADIADA PARA A PR\u00d3XIMA REUNI\u00c3O ORDIN\u00c1RIA, A PRIMEIRA DISCUSS\u00c3O E VOTA\u00c7\u00c3O DO PROJETO DE LEI CM N\u00ba 04/2019 E A DISCUSS\u00c3O E VOTA\u00c7\u00c3O \u00daNICAS DO SUBSTITUTIVO APRESENTADO AO PROJETO DE LEI CM 02/2019."}, {"id": "6160", "ano": "2019", "numero": "31", "tipo__sigla": "REQ", "tipo__descricao": "Requerimento", "autoria": "Adriano Moreira, Cabo Nunes ", "texto_original": "http://sapl.lagoadaprata.mg.leg.br/media/sapl/public/materialegislativa/2019/6160/requerimento_031-2019_-_adriano_nunes_-_saae_-_esgoto_martins_guimaraes_08-02.pdf", "ementa": "Os Vereadores infra-assinados, na forma regimental e consultado o Plen\u00e1rio, requerem a Vossa Excel\u00eancia que seja enviado of\u00edcio \u00e0 Diretora do Servi\u00e7o Aut\u00f4nomo de \u00c1gua e Esgoto de Lagoa da Prata \u2013 SAAE-LP, solicitando \u00e0 mesma que informe a esta Casa se h\u00e1 possibilidade de se reformar a Esta\u00e7\u00e3o de Tratamento de Esgoto \u2013 ETE do Distrito de Martins Guimar\u00e3es e providenciar a canaliza\u00e7\u00e3o da rede de coleta de esgoto na Rua Nelsindo Miranda, na mesma localidade."}, {"id": "6161", "ano": "2019", "numero": "32", "tipo__sigla": "REQ", "tipo__descricao": "Requerimento", "autoria": "Cabo Nunes , Adriano Moreira", "texto_original": "http://sapl.lagoadaprata.mg.leg.br/media/sapl/public/materialegislativa/2019/6161/requerimento_032-2019_-_nunes_adriano_-_saritur_e_sao_cristovao_08-02.pdf", "ementa": "Os Vereadores infra-assinados, na forma regimental, requerem a Vossa Excel\u00eancia, consultado o Plen\u00e1rio, que seja enviado of\u00edcio aos representantes legais do GRUPO EMPRESARIAL SARITUR e da VIA\u00c7\u00c3O S\u00c3O CRIST\u00d3V\u00c3O, respons\u00e1veis pelo transporte p\u00fablico intermunicipal que atende a popula\u00e7\u00e3o lagopratense, solicitando aos mesmos que intercedam junto aos \u00f3rg\u00e3os competentes para que os \u00f4nibus que saem de Lagoa da Prata com destino a Santo Ant\u00f4nio do Monte, Divin\u00f3polis e Belo Horizonte, possam passar no Distrito de Martins Guimar\u00e3es, na ida e na volta, em virtude do asfaltamento da estrada que liga a MG-429 e referida localidade."}, {"id": "6162", "ano": "2019", "numero": "33", "tipo__sigla": "REQ", "tipo__descricao": "Requerimento", "autoria": "Preto, Cabo Nunes ", "texto_original": "http://sapl.lagoadaprata.mg.leg.br/media/sapl/public/materialegislativa/2019/6162/requerimento_033-2019_-_preto_nunes_-_revoga_decimo_terceiro_18-02.pdf", "ementa": "Os Vereadores infra-assinados, na forma regimental e consultado o Plen\u00e1rio, requerem a Vossa Excel\u00eancia que seja estudada a possibilidade de se revogar a Resolu\u00e7\u00e3o 753/2017, ato normativo que autorizou e regulamentou o pagamento do D\u00e9cimo Terceiro   Subs\u00eddio nesta Casa de Leis."}, {"id": "6163", "ano": "2019", "numero": "34", "tipo__sigla": "REQ", "tipo__descricao": "Requerimento", "autoria": "Adriano Moreira, Cabo Nunes ", "texto_original": "http://sapl.lagoadaprata.mg.leg.br/media/sapl/public/materialegislativa/2019/6163/requerimento_034-2019_-_adriano_nunes_-_aumento_efetivo_pm_18-02.pdf", "ementa": "Os Vereadores infra-assinados, na forma regimental, requerem a Vossa Excel\u00eancia, consultado o Plen\u00e1rio, seja enviado of\u00edcio ao Comandante Geral da Pol\u00edcia Militar do Estado de Minas Gerais, ao Comandante da nossa Regional da Pol\u00edcia Militar, ao Comandante do Batalh\u00e3o e ao Secret\u00e1rio de Estado de Seguran\u00e7a P\u00fablica, solicitando aos mesmos que envidem esfor\u00e7os para o aumento do efetivo da Pol\u00edcia Militar em Lagoa da Prata."}, {"id": "6164", "ano": "2019", "numero": "35", "tipo__sigla": "REQ", "tipo__descricao": "Requerimento", "autoria": "Cabo Nunes ", "texto_original": "http://sapl.lagoadaprata.mg.leg.br/media/sapl/public/materialegislativa/2019/6164/requerimento_035-2019_-_nunes_-_alterar_dia_reuniao_18-02.pdf", "ementa": "O Vereador infra-assinado, na forma regimental, requer a Vossa Excel\u00eancia, consultado o Plen\u00e1rio, que informe sobre a possibilidade de se modificar o dia da realiza\u00e7\u00e3o das Reuni\u00f5es Ordin\u00e1rias desta Casa, passando das segundas-feiras para as ter\u00e7as-feiras."}, {"id": "6165", "ano": "2019", "numero": "36", "tipo__sigla": "REQ", "tipo__descricao": "Requerimento", "autoria": "Joanes Bosco", "texto_original": "http://sapl.lagoadaprata.mg.leg.br/media/sapl/public/materialegislativa/2019/6165/requerimento_036-2019_-_joanes_-_lixeira_-_lagoa_das_palmeiras_18-02.pdf", "ementa": "O Vereador infra-assinado, na forma regimental, requer a Vossa Excel\u00eancia, consultado o Plen\u00e1rio, seja enviado of\u00edcio ao Chefe do Poder Executivo Municipal, encaminhando o presente Requerimento que solicita ao Ilustre Secret\u00e1rio de Transportes e Limpeza P\u00fablica, que informe a esta Casa se h\u00e1 possibilidade de se instalar lixeiras em pontos estrat\u00e9gicos no entorno da Lagoa das Palmeiras."}, {"id": "6184", "ano": "2019", "numero": "37", "tipo__sigla": "REQ", "tipo__descricao": "Requerimento", "autoria": "Cida Marcelino, Joanes Bosco, Professor Elias Izaias, Quelli C\u00e1ssia Couto", "texto_original": "http://sapl.lagoadaprata.mg.leg.br/media/sapl/public/materialegislativa/2019/6184/requerimento_037-2019_-_cida_quelli_joanes_elias_-_interdicao_em_frente_jacinto_18-02.pdf", "ementa": "As Vereadoras e os Vereadores infra-assinados, na forma regimental, requerem a Vossa Excel\u00eancia, consultado o Plen\u00e1rio, que seja enviado of\u00edcio ao Chefe do Poder Executivo Municipal encaminhando o presente Requerimento que solicita ao Secret\u00e1rio de Transportes e Limpeza P\u00fablica, que informe a esta Casa se h\u00e1 possibilidade de se interditar a Rua Professor Jacinto Ribeiro, na quadra em frente a Escola Municipal Professor Jacinto Campos, nos hor\u00e1rios de chegada e sa\u00edda dos alunos."}, {"id": "6167", "ano": "2019", "numero": "38", "tipo__sigla": "REQ", "tipo__descricao": "Requerimento", "autoria": "Quelli C\u00e1ssia Couto", "texto_original": "http://sapl.lagoadaprata.mg.leg.br/media/sapl/public/materialegislativa/2019/6167/requerimento_038-2019_-_quelli_-_limpeza_lotes_18-02.pdf", "ementa": "A Vereadora infra-assinada, na forma regimental, requer a Vossa Excel\u00eancia, consultado o Plen\u00e1rio, seja enviado of\u00edcio ao Chefe do Poder Executivo Municipal, encaminhando o presente Requerimento que solicita ao Secret\u00e1rio de Administra\u00e7\u00e3o e Governo, bem como ao Chefe do Setor de Tributa\u00e7\u00e3o, Fiscaliza\u00e7\u00e3o e Cadastro, que informem a esta Casa, quais medidas v\u00eam sendo adotadas para o cumprimento das disposi\u00e7\u00f5es da Lei Complementar Municipal n\u00ba 87/2010, que obriga o propriet\u00e1rio, inclusive o Munic\u00edpio, a fechar com muro ou cerca seu lote, bem como de limp\u00e1-lo e de construir cal\u00e7ada \u00e0 sua frente."}, {"id": "6168", "ano": "2019", "numero": "39", "tipo__sigla": "REQ", "tipo__descricao": "Requerimento", "autoria": "Lalinho Duzinho, Preto", "texto_original": "http://sapl.lagoadaprata.mg.leg.br/media/sapl/public/materialegislativa/2019/6168/requerimento_039-2019_-_lalinho_preto_-_limpeza_no_distrito_de_martins_guimaraes_25-02.pdf", "ementa": "Os Vereadores infra-assinados, na forma regimental, requerem a Vossa Excel\u00eancia, consultado o Plen\u00e1rio, que seja enviado of\u00edcio ao Chefe do Poder Executivo Municipal encaminhando o presente Requerimento que solicita ao Secret\u00e1rio de Transportes e Limpeza P\u00fablica, que informe a esta Casa se h\u00e1 possibilidade de se realizar uma limpeza geral nas vias p\u00fablicas do Distrito de Martins Guimar\u00e3es, bem como disponibilizar banheiros qu\u00edmicos para as festividades de carnaval."}, {"id": "6169", "ano": "2019", "numero": "40", "tipo__sigla": "REQ", "tipo__descricao": "Requerimento", "autoria": "Cabo Nunes ", "texto_original": "http://sapl.lagoadaprata.mg.leg.br/media/sapl/public/materialegislativa/2019/6169/requerimento_040-2019_-_nunes_-_demarcacao_viaria_martins_-_carnaval_25-02.pdf", "ementa": "O Vereador infra-assinado, na forma regimental e consultado o Plen\u00e1rio, requer a Vossa Excel\u00eancia que seja enviado of\u00edcio ao Chefe do Poder Executivo Municipal encaminhando o presente Requerimento, que solicita aos Secret\u00e1rios de Transportes e Limpeza P\u00fablica e de Obras e Urbanismo, que informem a esta Casa se h\u00e1 possibilidade de se buscar junto ao DEER-MG \u2013 Departamento de Edifica\u00e7\u00f5es e Estradas de Rodagem de Minas Gerais, a demarca\u00e7\u00e3o vi\u00e1ria (sinaliza\u00e7\u00e3o) na MG-429, no trecho que liga Lagoa da Prata ao Distrito de Martins Guimar\u00e3es, antes do dia 1\u00ba de mar\u00e7o, face \u00e0s comemora\u00e7\u00f5es do Carnaval, ou se a pr\u00f3pria Administra\u00e7\u00e3o P\u00fablica Municipal pode executar esta obra."}, {"id": "6170", "ano": "2019", "numero": "41", "tipo__sigla": "REQ", "tipo__descricao": "Requerimento", "autoria": "Professor Elias Izaias", "texto_original": "http://sapl.lagoadaprata.mg.leg.br/media/sapl/public/materialegislativa/2019/6170/requerimento_041-2019_-_elias_-_retirar_barreira_paradiso_25-02.pdf", "ementa": "O Vereador infra-assinado, na forma regimental, requer a Vossa Excel\u00eancia, consultado o Plen\u00e1rio, seja enviado of\u00edcio ao Chefe do Poder Executivo Municipal encaminhando o presente Requerimento que solicita \u00e0 Secret\u00e1ria de Obras e Urbanismo, que informe a esta Casa se h\u00e1 possibilidade de se retirar um obst\u00e1culo ou barreira de cimento colocada no piso da Rua Jos\u00e9 Coutinho de Oliveira, em seu cruzamento com a Rua Para\u00edba, no Bairro Paradiso, nesta cidade"}, {"id": "6171", "ano": "2019", "numero": "42", "tipo__sigla": "REQ", "tipo__descricao": "Requerimento", "autoria": "Josiane Protetora dos Animais", "texto_original": "http://sapl.lagoadaprata.mg.leg.br/media/sapl/public/materialegislativa/2019/6171/requerimento_042-2019_-_josiane_-_audiencia_publica_25-02.pdf", "ementa": "A Vereadora infra-assinada, na forma regimental, requer a Vossa Excel\u00eancia, ouvido o Plen\u00e1rio, seja determinada a realiza\u00e7\u00e3o de uma Audi\u00eancia P\u00fablica na C\u00e2mara Municipal sobre Incentivo \u00e0 Ado\u00e7\u00e3o, Castra\u00e7\u00e3o e Preven\u00e7\u00e3o da Crueldade Contra Animais \u2013 Abril Laranja, a se realizar no dia 09 abril de 2019."}, {"id": "6172", "ano": "2019", "numero": "43", "tipo__sigla": "REQ", "tipo__descricao": "Requerimento", "autoria": "Adriano Moreira", "texto_original": "http://sapl.lagoadaprata.mg.leg.br/media/sapl/public/materialegislativa/2019/6172/requerimento_043-2019_-_adriano_-_asfalto_martins_-_25-02.pdf", "ementa": "O Vereador infra-assinado, na forma regimental e consultado o Plen\u00e1rio, requer a Vossa Excel\u00eancia que seja enviado of\u00edcio ao Chefe do Poder Executivo Municipal encaminhando o presente Requerimento, que solicita aos Secret\u00e1rios de Transportes e Limpeza P\u00fablica e de Obras e Urbanismo, que informem a esta Casa se h\u00e1 possibilidade de se colocar redutores de velocidade e a devida sinaliza\u00e7\u00e3o de solo em pontos estrat\u00e9gicos da estrada que liga a MG-429 ao Distrito de Martins Guimar\u00e3es, antes do dia 1\u00ba de mar\u00e7o, face \u00e0s comemora\u00e7\u00f5es do Carnaval."}, {"id": "6173", "ano": "2019", "numero": "44", "tipo__sigla": "REQ", "tipo__descricao": "Requerimento", "autoria": "Cida Marcelino, Joanes Bosco, Professor Elias Izaias, Quelli C\u00e1ssia Couto", "texto_original": "http://sapl.lagoadaprata.mg.leg.br/media/sapl/public/materialegislativa/2019/6173/requerimento_044-2019_-_cida_quelli_elias_joanes_-_olho_vivo_saida_para_luz_25-02.pdf", "ementa": "As Vereadoras e os Vereadores infra-assinados, na forma regimental, requerem a Vossa Excel\u00eancia, consultado o Plen\u00e1rio, que seja enviado of\u00edcio ao Chefe do Poder Executivo Municipal, encaminhando o presente Requerimento, que solicita ao Secret\u00e1rio de Administra\u00e7\u00e3o e Governo, que informe a esta Casa se h\u00e1 possibilidade de se colocar c\u00e2meras do Sistema \u201cOlho Vivo\u201d ao final da Rua Modesto Gomes, na sa\u00edda para a cidade de Luz."}, {"id": "6174", "ano": "2019", "numero": "45", "tipo__sigla": "REQ", "tipo__descricao": "Requerimento", "autoria": "Preto", "texto_original": "http://sapl.lagoadaprata.mg.leg.br/media/sapl/public/materialegislativa/2019/6174/requerimento_045-2019_-_preto_-_carlao_-_desenvolvimento_economico_06-03.pdf", "ementa": "O Vereador infra-assinado, na forma regimental e consultado o Plen\u00e1rio, requer a Vossa Excel\u00eancia que seja enviado of\u00edcio ao Chefe do Poder Executivo Municipal encaminhando o presente Requerimento, que solicita ao Secret\u00e1rio Municipal de Desenvolvimento Econ\u00f4mico, Sr. Carlos Rezende, que informe a esta Casa se h\u00e1 possibilidade de se firmar conv\u00eanio com a EMATER para a reativar a Ag\u00eancia para prestar servi\u00e7os no Munic\u00edpio."}, {"id": "5762", "ano": "2019", "numero": "46", "tipo__sigla": "REQ", "tipo__descricao": "Requerimento", "autoria": "Preto", "texto_original": "http://sapl.lagoadaprata.mg.leg.br/media/sapl/public/materialegislativa/2019/5762/requerimento_046-2019_preto_-_adiamento_de_vota_9Bb8zD6.pdf", "ementa": "O VEREADOR INFRA-ASSINADO NA FORMA REGIMENTAL, REQUER A VOSSA EXCEL\u00caNCIA, CONSULTADO O PLEN\u00c1RIO, SEJA ADIADA PARA A PR\u00d3XIMA REUNI\u00c3O ORDIN\u00c1RIA, A SEGUNDA DISCUSS\u00c3O E VOTA\u00c7\u00c3O DO PROJETO DE LEI CM N\u00ba 01/2019."}, {"id": "5768", "ano": "2019", "numero": "47", "tipo__sigla": "REQ", "tipo__descricao": "Requerimento", "autoria": "Cida Marcelino, Joanes Bosco", "texto_original": "http://sapl.lagoadaprata.mg.leg.br/media/", "ementa": "A VEREADORA E O VEREADOR INFRA-ASSINADOS, NA FORMA REGIMENTAL E CONSULTADO O PLEN\u00c1RIO, REQUEREM A VOSSA EXCEL\u00caNCIA QUE SE ENVIE OF\u00cdCIO AO CHEFE DO PODER EXECUTIVO MUNICIPAL ENCAMINHANDO O PRESENTE REQUERIMENTO, QUE SOLICITA AO SECRET\u00c1RIO DE ADMINISTRA\u00c7\u00c3O E GOVERNO, QUE INFORME A ESTA CASA SE H\u00c1 POSSIBILIDADE DE SE REALIZAR CONV\u00caNIO COM O CORPO DE BOMBEIROS MILITAR DO ESTADO DE MINAS GERAIS, PARA QUE SE INSTALE EM LAGOA DA PRATA UMA UNIDADE DA CORPORA\u00c7\u00c3O."}, {"id": "5777", "ano": "2019", "numero": "48", "tipo__sigla": "REQ", "tipo__descricao": "Requerimento", "autoria": "Quelli C\u00e1ssia Couto", "texto_original": "http://sapl.lagoadaprata.mg.leg.br/media/sapl/public/materialegislativa/2019/5777/requerimento_048-2019_-_quelli_-_limpeza_vias_p_caBQJRS.pdf", "ementa": "A VEREADORA INFRA-ASSINADA, NA FORMA REGIMENTAL, REQUER A VOSSA EXCEL\u00caNCIA, CONSULTADO O PLEN\u00c1RIO, QUE SEJA ENVIADO OF\u00cdCIO AO CHEFE DO PODER EXECUTIVO MUNICIPAL, ENCAMINHANDO O PRESENTE REQUERIMENTO QUE SOLICITA AO SECRET\u00c1RIO DE ADMINISTRA\u00c7\u00c3O E GOVERNO, JOS\u00c9 TE\u00d3FILO FILHO, BEM COMO AO SECRET\u00c1RIO DE TRANSPORTES E LIMPEZA P\u00daBLICA, S\u00c9RGIO APARECIDO OLIVEIRA, QUE INFORMEM A ESTA CASA SE H\u00c1 POSSIBILIDADE DE SE CONTRATAR, COM URG\u00caNCIA, UMA EMPRESA PARA AUXILIAR OS SERVIDORES P\u00daBLICOS MUNICIPAIS A REALIZAR AMPLA LIMPEZA EM TODAS AS VIAS P\u00daBICAS DO MUNIC\u00cdPIO E TAMB\u00c9M, SE H\u00c1 POSSIBILIDADE DE SE AUMENTAR O N\u00daMERO DE SERVIDORES PARA ATUAREM NA FISCALIZA\u00c7\u00c3O."}, {"id": "5784", "ano": "2019", "numero": "49", "tipo__sigla": "REQ", "tipo__descricao": "Requerimento", "autoria": "Adriano Moreira", "texto_original": "http://sapl.lagoadaprata.mg.leg.br/media/sapl/public/materialegislativa/2019/5784/requerimento_049-2019_-_adriano_biosev_18-03.pdf", "ementa": "OS VEREADORES INFRA-ASSINADOS, NA FORMA REGIMENTAL E CONSULTADO O PLEN\u00c1RIO, REQUEREM A VOSSA EXCEL\u00caNCIA QUE SEJA ENVIADO OF\u00cdCIO \u00c0 DIRETORIA DA BIOSEV, SOLICITANDO QUE INFORME A ESTA CASA SE H\u00c1 POSSIBILIDADE DE SE FAZER DIVULGA\u00c7\u00c3O, COM ANTECED\u00caNCIA, DO IN\u00cdCIO DOS TRABALHOS DE PULVERIZA\u00c7\u00c3O A\u00c9REA DE AGROT\u00d3XICOS E SIMILARES, PARA QUE A POPULA\u00c7\u00c3O TOME CONHECIMENTO."}, {"id": "5788", "ano": "2019", "numero": "50", "tipo__sigla": "REQ", "tipo__descricao": "Requerimento", "autoria": "Professor Elias Izaias", "texto_original": "http://sapl.lagoadaprata.mg.leg.br/media/sapl/public/materialegislativa/2019/5788/requerimento_050-2019_elias_plano_de_carreira_e_DCxnX2t.pdf", "ementa": "O VEREADOR INFRA-ASSINADO, NA FORMA REGIMENTAL, REQUER A VOSSA EXCEL\u00caNCIA, CONSULTADO O PLEN\u00c1RIO, SEJA ENVIADO OF\u00cdCIO AO CHEFE DO PODER EXECUTIVO MUNICIPAL ENCAMINHANDO O PRESENTE REQUERIMENTO QUE SOLICITA \u00c0 SECRET\u00c1RIA MUNICIPAL DE EDUCA\u00c7\u00c3O, SRA. PAULENE M\u00c1RCIA DE ANDRADE E SILVA, QUE INFORME A ESTA CASA EM QUE SITUA\u00c7\u00c3O SE ENCONTRA O PROCESSO DE ELABORA\u00c7\u00c3O DO PLANO DE CARREIRA DOS PROFISSIONAIS DA EDUCA\u00c7\u00c3O, TENDO EM VISTA QUE, INDEPENDENTEMENTE DO REGIME JUR\u00cdDICO A QUE ESTES SERVIDORES ESTEJAM SUJEITOS, \u00c9 POSS\u00cdVEL A ELABORA\u00c7\u00c3O DE UM PLANO DE CARREIRA."}, {"id": "5789", "ano": "2019", "numero": "51", "tipo__sigla": "REQ", "tipo__descricao": "Requerimento", "autoria": "Preto", "texto_original": "http://sapl.lagoadaprata.mg.leg.br/media/sapl/public/materialegislativa/2019/5789/requerimento_051-2019_preto_novo_ceminterio_25-03.pdf", "ementa": "O VEREADOR INFRA-ASSINADO, NA FORMA REGIMENTAL, REQUER A VOSSA EXCEL\u00caNCIA, CONSULTADO O PLEN\u00c1RIO, SEJA ENVIADO OF\u00cdCIO AO CHEFE DO PODER EXECUTIVO MUNICIPAL ENCAMINHANDO O PRESENTE REQUERIMENTO QUE SOLICITA AO SECRET\u00c1RIO MUNICIPAL DE  ADMINISTRA\u00c7\u00c3O E GOVERNO, BEM COMO AO SECRET\u00c1RIO MUNICIPAL DE MEIO AMBIENTE, QUE INFORMEM A ESTA CASA: 1 - SE A CAPACIDADE PARA SEPULTAMENTO DO CEMIT\u00c9RIO CAMPO DA PAZ J\u00c1 EST\u00c1 PR\u00d3XIMA DO SEU LIMITE M\u00c1XIMO; 2 - SE H\u00c1 UM PLANEJAMENTO OU PROJETO PARA CONSTRU\u00c7\u00c3O DE UM NOVO CEMIT\u00c9RIO OU AT\u00c9 MESMO AMPLIA\u00c7\u00c3O DOS J\u00c1 EXISTENTES."}, {"id": "5790", "ano": "2019", "numero": "52", "tipo__sigla": "REQ", "tipo__descricao": "Requerimento", "autoria": "Lalinho Duzinho", "texto_original": "http://sapl.lagoadaprata.mg.leg.br/media/sapl/public/materialegislativa/2019/5790/requerimento_052-2019_-_lalinho_-_entrada_abc_-_fHV6k1Q.pdf", "ementa": "O VEREADOR INFRA-ASSINADO, NA FORMA REGIMENTAL, REQUER A VOSSA EXCEL\u00caNCIA, CONSULTADO O PLEN\u00c1RIO, QUE SEJA ENVIADO OF\u00cdCIO AO CHEFE DO PODER EXECUTIVO MUNICIPAL ENCAMINHANDO O PRESENTE REQUERIMENTO QUE SOLICITA AO SECRET\u00c1RIO DE TRANSPORTES E LIMPEZA P\u00daBLICA, BEM COMO \u00c0 SECRET\u00c1RIA DE OBRAS E URBANISMO, QUE INFORMEM A ESTA CASA SE H\u00c1 POSSIBILIDADE DE SE INTERCEDER JUNTO \u00c0 DIRETORIA DO SUPERMERCADO ABC, NO SENTIDO DE SE  RETIRAR O ACESSO DE VE\u00cdCULOS AO ESTACIONAMENTO DO REFERIDO ESTABELECIMENTO PELA AVENIDA BRASIL, FACE AO ENORME RISCO DE ACIDENTE NO LOCAL. SOLICITO AINDA, QUE SEJA ENVIADO OF\u00cdCIO \u00c0 DIRETORIA DO SUPERMERCADO ABC DANDO CI\u00caNCIA DESTE REQUERIMENTO E SOLICITANDO QUE COLABOREM PARA A CONCRETIZA\u00c7\u00c3O DESTA PROPOSTA, QUE COLABORAR\u00c1 PARA A SEGURAN\u00c7A DO TR\u00c2NSITO PR\u00d3XIMO A UM CRUZAMENTO BASTANTE MOVIMENTADO DE NOSSA CIDADE."}, {"id": "5796", "ano": "2019", "numero": "53", "tipo__sigla": "REQ", "tipo__descricao": "Requerimento", "autoria": "Cida Marcelino", "texto_original": "http://sapl.lagoadaprata.mg.leg.br/media/sapl/public/materialegislativa/2019/5796/requerimento_053-2019_cida_publicacoes_no_site__cJfM6kt.pdf", "ementa": "A VEREADORA INFRA-ASSINADA, NA FORMA REGIMENTAL, REQUER A VOSSA EXCEL\u00caNCIA, CONSULTADO O PLEN\u00c1RIO, QUE SEJA ENVIADO OF\u00cdCIO AO CHEFE DO PODER EXECUTIVO MUNICIPAL ENCAMINHANDO O PRESENTE REQUERIMENTO QUE SOLICITA AO SECRET\u00c1RIO DE ADMINISTRA\u00c7\u00c3O E GOVERNO, BEM COMO \u00c0 PROCURADORIA MUNICIPAL, QUE INFORMEM A ESTA CASA SE H\u00c1 POSSIBILIDADE DE SE REALIZAR A PUBLICA\u00c7\u00c3O DOS ATOS NORMATIVOS MUNICIPAIS, INCLUSIVE DECRETOS E PORTARIAS NO SITE DO MUNIC\u00cdPIO, BEM COMO NO DI\u00c1RIO OFICIAL DOS MUNIC\u00cdPIOS MINEIROS DA ASSOCIA\u00c7\u00c3O MINEIRA DE MUNIC\u00cdPIOS, DE MODO A ATENDER OS PRINC\u00cdPIOS DA PUBLICIDADE E TRANSPAR\u00caNCIA."}, {"id": "5797", "ano": "2019", "numero": "54", "tipo__sigla": "REQ", "tipo__descricao": "Requerimento", "autoria": "Quelli C\u00e1ssia Couto", "texto_original": "http://sapl.lagoadaprata.mg.leg.br/media/sapl/public/materialegislativa/2019/5797/requerimento_054-2019_quelli_-_reuniao_sobre_cemiterios.pdf", "ementa": "A VEREADORA INFRA-ASSINADA, NA FORMA REGIMENTAL, REQUER A VOSSA EXCEL\u00caNCIA, CONSULTADO O PLEN\u00c1RIO, QUE SEJA ENVIADO OF\u00cdCIO AO CHEFE DO PODER EXECUTIVO MUNICIPAL, ENCAMINHANDO O PRESENTE O REQUERIMENTO AO SECRET\u00c1RIO MUNICIPAL DE MEIO AMBIENTE, SENHOR LESSANDRO GABRIEL DA COSTA, SOLICITANDO AO MESMO QUE AGENDE REUNI\u00c3O DE TRABALHO COM REPRESENTANTES DA C\u00c2MARA MUNICIPAL E OUTROS SEGMENTOS DA SOCIEDADE ORGANIZADA, PARA QUE SE OBJETIVE A DISCUSS\u00c3O E PROV\u00c1VEIS SOLU\u00c7\u00d5ES PARA A \u201cLOTA\u00c7\u00c3O\u201d DOS CEMIT\u00c9RIOS LOCAIS, A EXEMPLO DO CEMIT\u00c9RIO DA SAUDADE, ONDE POR AFIRMA\u00c7\u00d5ES DO PR\u00d3PRIO SECRET\u00c1RIO, \u201cJ\u00c1 N\u00c3O SE ENCONTRA MAIS ESPA\u00c7O PARA A ABERTURA DE NOVOS JAZIGOS\u201d. QUE POSSA TAMB\u00c9M SER INCLU\u00cdDA NA PAUTA DE ASSUNTOS A SEREM DEBATIDOS O CONTROLE DE ESCORPI\u00d5ES NOS CEMIT\u00c9RIOS DA CIDADE E/OU A POSSIBILIDADE DE SE CONSTRUIR NOVO VEL\u00d3RIO, SEPARADO DO CEMIT\u00c9RIO, MINIMIZANDO ASSIM, A POSSIBILIDADE DO APARECIMENTO DE ESCORPI\u00d5ES NO ESPA\u00c7O DESTINADO AO VELAMENTO DOS MORTOS."}, {"id": "5812", "ano": "2019", "numero": "55", "tipo__sigla": "REQ", "tipo__descricao": "Requerimento", "autoria": "Preto", "texto_original": "http://sapl.lagoadaprata.mg.leg.br/media/sapl/public/materialegislativa/2019/5812/requerimento_055-2019_preto_-_rua_olimpio_crioulo_01-04.pdf", "ementa": "O VEREADOR INFRA-ASSINADO, NA FORMA REGIMENTAL, REQUER A VOSSA EXCEL\u00caNCIA, CONSULTADO O PLEN\u00c1RIO, QUE SEJA ENVIADO OF\u00cdCIO AO CHEFE DO PODER EXECUTIVO MUNICIPAL ENCAMINHANDO O PRESENTE REQUERIMENTO QUE SOLICITA \u00c0 SECRET\u00c1RIA DE OBRAS E URBANISMO, QUE INFORME A ESTA CASA SE H\u00c1 POSSIBILIDADE DE SE ARRUMAR A PASSAGEM DA RUA OL\u00cdMPIO CRIOULO NO AM\u00c9RICO SILVA, NESTA CIDADE, BEM COMO DE SE CONCLUIR A PAVIMENTA\u00c7\u00c3O EM TODA EXTENS\u00c3O DA MENCIONADA VIA P\u00daBLICA."}, {"id": "5813", "ano": "2019", "numero": "56", "tipo__sigla": "REQ", "tipo__descricao": "Requerimento", "autoria": "Cabo Nunes ", "texto_original": "http://sapl.lagoadaprata.mg.leg.br/media/sapl/public/materialegislativa/2019/5813/requerimento_056-2019_nunes_-_adia_a_reuniao_de_xT5nsbv.pdf", "ementa": "O VEREADOR INFRA-ASSINADO, NA FORMA REGIMENTAL E CONSULTADO O PLEN\u00c1RIO, REQUER A VOSSA EXCEL\u00caNCIA QUE A REUNI\u00c3O ORDIN\u00c1RIA DO DIA 29 DE ABRIL DE 2019 SEJA ADIADA PARA O DIA 30 DE ABRIL DE 2019, TER\u00c7A-FEIRA."}, {"id": "5814", "ano": "2019", "numero": "57", "tipo__sigla": "REQ", "tipo__descricao": "Requerimento", "autoria": "Lalinho Duzinho", "texto_original": "http://sapl.lagoadaprata.mg.leg.br/media/sapl/public/materialegislativa/2019/5814/requerimento_057-2019_lalinho_publicacao_oferta_KaWqBka.pdf", "ementa": "O VEREADOR INFRA-ASSINADO, NA FORMA REGIMENTAL, REQUER A VOSSA EXCEL\u00caNCIA, CONSULTADO O PLEN\u00c1RIO, QUE SEJA ENVIADO OF\u00cdCIO AO CHEFE DO PODER EXECUTIVO MUNICIPAL ENCAMINHANDO O PRESENTE REQUERIMENTO QUE SOLICITA AO SECRET\u00c1RIO DE DESENVOLVIMENTO ECON\u00d4MICO, BEM COMO AO SECRET\u00c1RIO MUNICIPAL DE ADMINISTRA\u00c7\u00c3O E GOVERNO, QUE INFORMEM A ESTA CASA SE H\u00c1 POSSIBILIDADE DE SE PUBLICAR A RELA\u00c7\u00c3O DAS VAGAS DE EMPREGOS DISPON\u00cdVEIS PELO SINE, NOS ESPA\u00c7OS P\u00daBLICOS MAIS FREQUENTADOS PELOS CIDAD\u00c3OS, COMO POR EXEMPLO, NAS UNIDADES B\u00c1SICAS DE SA\u00daDE, UPA, POLICL\u00cdNICAS, CEMEIS, CRECHES E OUTROS."}, {"id": "5815", "ano": "2019", "numero": "58", "tipo__sigla": "REQ", "tipo__descricao": "Requerimento", "autoria": "Cida Marcelino", "texto_original": "http://sapl.lagoadaprata.mg.leg.br/media/sapl/public/materialegislativa/2019/5815/requerimento_058-2019_cida_festa_junina_01-04.pdf", "ementa": "A VEREADORA INFRA-ASSINADA, NA FORMA REGIMENTAL, REQUER A VOSSA EXCEL\u00caNCIA, CONSULTADO O PLEN\u00c1RIO, QUE SEJA ENVIADO OF\u00cdCIO AO CHEFE DO PODER EXECUTIVO MUNICIPAL ENCAMINHANDO O PRESENTE REQUERIMENTO QUE SOLICITA AO ILUSTRE SECRET\u00c1RIO DE CULTURA E         TURISMO, QUE INFORME A ESTA CASA SE H\u00c1 POSSIBILIDADE DE SE PROMOVER NO CORRENTE ANO UMA FESTA JUNINA OU \u201cJULINA\u201d, INCLUINDO-A NO CALEND\u00c1RIO CULTURAL OFICIAL DO MUNIC\u00cdPIO, PARA QUE VIRE UMA TRADI\u00c7\u00c3O."}, {"id": "5816", "ano": "2019", "numero": "59", "tipo__sigla": "REQ", "tipo__descricao": "Requerimento", "autoria": "Josiane Protetora dos Animais", "texto_original": "http://sapl.lagoadaprata.mg.leg.br/media/sapl/public/materialegislativa/2019/5816/requerimento_059-2019_-_construcao_sede_para_po_OwoIX6n.pdf", "ementa": "A VEREADORA INFRA-ASSINADA, NA FORMA REGIMENTAL, REQUER A VOSSA EXCEL\u00caNCIA, CONSULTADO O PLEN\u00c1RIO, SEJA ENVIADO OF\u00cdCIO AO CHEFE DO PODER EXECUTIVO MUNICIPAL ENCAMINHANDO O PRESENTE REQUERIMENTO QUE SOLICITA \u00c0 SECRET\u00c1RIA DE OBRAS E URBANISMO, QUE INFORME A ESTA CASA SE H\u00c1 POSSIBILIDADE DE SE CONSTRUIR UMA SEDE NAS PROXIMIDADES DA PRAIA MUNICIPAL, PARA A GUARDA CIVIL MUNICIPAL, PODENDO O MUNIC\u00cdPIO, POR MEIO DE CONV\u00caNIO, PERMITIR O USO DESTA, TAMB\u00c9M PELAS POL\u00cdCIAS CIVIL E MILITAR, DE FORMA INTEGRADA."}, {"id": "5819", "ano": "2019", "numero": "60", "tipo__sigla": "REQ", "tipo__descricao": "Requerimento", "autoria": "Quelli C\u00e1ssia Couto", "texto_original": "http://sapl.lagoadaprata.mg.leg.br/media/sapl/public/materialegislativa/2019/5819/requerimento_060-2019_quelli_cleitinho_08-04.pdf", "ementa": "A VEREADORA INFRA-ASSINADA, NA FORMA REGIMENTAL, REQUER A VOSSA EXCEL\u00caNCIA, CONSULTADO O PLEN\u00c1RIO, QUE SEJA ENVIADO OF\u00cdCIO AO EXCELENT\u00cdSSIMO CLEITINHO AZEVEDO, DEPUTADO ESTADUAL, ENCAMINHANDO O PRESENTE REQUERIMENTO QUE SOLICITA AO MESMO QUE ENVIDE ESFOR\u00c7OS JUNTO AO GOVERNO DO ESTADO DE MINAS GERAIS PARA O ENVIO DE RECURSOS AO MUNIC\u00cdPIO DE LAGOA DA PRATA, SEJA POR MEIO DE EMENDA PARLAMENTAR OU POR OUTROS MEIOS DISPON\u00cdVEIS, EM ESPECIAL AO HOSPITAL S\u00c3O CARLOS. QUE POSSA AINDA, SER VERIFICADA POR MEIO DE SEU INTERM\u00c9DIO O ENVIO DE VE\u00cdCULOS AUTOMOTORES A ESTE MUNIC\u00cdPIO, COMO AMBUL\u00c2NCIAS E \u00d4NIBUS PARA A SECRETARIA MUNICIPAL DE SA\u00daDE E SECRETARIA MUNICIPAL DE DESPORTOS."}, {"id": "5820", "ano": "2019", "numero": "61", "tipo__sigla": "REQ", "tipo__descricao": "Requerimento", "autoria": "Professor Elias Izaias", "texto_original": "http://sapl.lagoadaprata.mg.leg.br/media/sapl/public/materialegislativa/2019/5820/requerimento_061-2019_-_elias_-_faixa_continua__46DmwZZ.pdf", "ementa": "O VEREADOR INFRA-ASSINADO, NA FORMA REGIMENTAL, REQUER A VOSSA EXCEL\u00caNCIA, CONSULTADO O PLEN\u00c1RIO, SEJA ENVIADO OF\u00cdCIO AO CHEFE DO PODER EXECUTIVO MUNICIPAL, ENCAMINHANDO O PRESENTE REQUERIMENTO, QUE SOLICITA AO SECRET\u00c1RIO MUNICIPAL DE ADMINISTRA\u00c7\u00c3O E GOVERNO, SR. JOS\u00c9 TE\u00d3FILO FILHO, E \u00c0 SECRET\u00c1RIA MUNICIPAL DE OBRAS E URBANISMO, ANITA DE BESSAS ADONIN, QUE INFORMEM A ESTA CASA, SE H\u00c1 POSSIBILIDADE DE SE SINALIZAR COM FAIXA DUPLA CONT\u00cdNUA O PISO DA RUA ALEXANDRE BERNARDES PRIMO, NO TRECHO COMPREENDIDO ENTRE AS RUAS CIRILO MACIEL E JOS\u00c9 BERNARDES LOBATO, ONDE FICA SITUADA A UPA - UNIDADE DE PRONTO ATENDIMENTO - DO MUNIC\u00cdPIO. QUE INFORMEM AINDA, SE H\u00c1 POSSIBILIDADE DE SE COLOCAR PASSAGEM ELEVADA PARA PEDESTRES EM FRENTE \u00c0 UNIDADE DE PRONTO ATENDIMENTO \u2013 UPA \u2013 MUNICIPAL."}, {"id": "5821", "ano": "2019", "numero": "62", "tipo__sigla": "REQ", "tipo__descricao": "Requerimento", "autoria": "Cida Marcelino", "texto_original": "http://sapl.lagoadaprata.mg.leg.br/media/sapl/public/materialegislativa/2019/5821/requerimento_062-2019_cida_-_farmacinha_08-04.pdf", "ementa": "A VEREADORA INFRA-ASSINADA, NA FORMA REGIMENTAL, REQUER A VOSSA EXCEL\u00caNCIA, CONSULTADO O PLEN\u00c1RIO, SEJA ENVIADO OF\u00cdCIO AO CHEFE DO PODER EXECUTIVO MUNICIPAL, ENCAMINHANDO O PRESENTE REQUERIMENTO QUE SOLICITA AO SECRET\u00c1RIO MUNICIPAL DE SA\u00daDE, SR. GERALDO MANGELO DE ALMEIDA, QUE INFORME A ESTA CASA SE H\u00c1 POSSIBILIDADE DE SE MANTER O ATENDIMENTO NA FARM\u00c1CIA MUNICIPAL TAMB\u00c9M AOS S\u00c1BADOS, NO HOR\u00c1RIO DAS 7 \u00c0S 16 HORAS, FAZENDO UM REVEZAMENTO ENTRE OS SERVIDORES QUE TRABALHAM NO LOCAL, UMA VEZ QUE NO DIA DE S\u00c1BADO, TALVEZ N\u00c3O HAJA A NECESSIDADE DE SE TRABALHAR COM O QUADRO COMPLETO DE SERVIDORES."}, {"id": "5823", "ano": "2019", "numero": "63", "tipo__sigla": "REQ", "tipo__descricao": "Requerimento", "autoria": "Preto", "texto_original": "http://sapl.lagoadaprata.mg.leg.br/media/sapl/public/materialegislativa/2019/5823/requerimento_063-2019_preto_-_adiamento_de_vota_rHaHfxD.pdf", "ementa": "O VEREADOR INFRA-ASSINADO NA FORMA REGIMENTAL, REQUER A VOSSA EXCEL\u00caNCIA, CONSULTADO O PLEN\u00c1RIO, SEJA ADIADA PARA A PR\u00d3XIMA REUNI\u00c3O ORDIN\u00c1RIA, A DISCUSS\u00c3O E VOTA\u00c7\u00c3O \u00daNICAS DA EMENDA APRESENTADA AO PROJETO DE RESOLU\u00c7\u00c3O N\u00ba 03/2019."}, {"id": "5824", "ano": "2019", "numero": "64", "tipo__sigla": "REQ", "tipo__descricao": "Requerimento", "autoria": "Joanes Bosco", "texto_original": "http://sapl.lagoadaprata.mg.leg.br/media/sapl/public/materialegislativa/2019/5824/requerimento_064-2019_joanes_bosco__mudancas_no_YO8PjSX.pdf", "ementa": "O VEREADOR INFRA-ASSINADO, NA FORMA REGIMENTAL, REQUER A VOSSA EXCEL\u00caNCIA, CONSULTADO O PLEN\u00c1RIO, SEJA ENVIADO OF\u00cdCIO AO CHEFE DO PODER EXECUTIVO MUNICIPAL ENCAMINHANDO O PRESENTE REQUERIMENTO, QUE SOLICITA AO SECRET\u00c1RIO DE TRANSPORTES E LIMPEZA P\u00daBLICA E AO SECRET\u00c1RIO DE ADMINISTRA\u00c7\u00c3O E GOVERNO, QUE INFORMEM A ESTA CASA, SE H\u00c1  POSSIBILIDADE DE SE PROIBIR O TR\u00c1FEGO DE VE\u00cdCULOS PESADOS NA AVENIDA BRASIL."}, {"id": "5825", "ano": "2019", "numero": "65", "tipo__sigla": "REQ", "tipo__descricao": "Requerimento", "autoria": "Josiane Protetora dos Animais", "texto_original": "http://sapl.lagoadaprata.mg.leg.br/media/sapl/public/materialegislativa/2019/5825/requerimento_065-2019_josiane_medico_veterinario_15-04.pdf", "ementa": "A VEREADORA INFRA-ASSINADA, NA FORMA REGIMENTAL, REQUER A VOSSA EXCEL\u00caNCIA, CONSULTADO O PLEN\u00c1RIO, QUE SEJA ENVIADO OF\u00cdCIO AO CHEFE DO PODER EXECUTIVO MUNICIPAL ENCAMINHANDO O PRESENTE REQUERIMENTO, QUE SOLICITA \u00c0 RESPONS\u00c1VEL PELO SETOR DE ZOONOSES,  SRA. JOSEANY CRISTINA DE CASTRO ALMEIDA, QUE INFORME A ESTA CASA, QUANDO SER\u00c1 FEITA A NOMEA\u00c7\u00c3O OU CONTRATA\u00c7\u00c3O DE M\u00c9DICO VETERIN\u00c1RIO PARA O SETOR, BEM COMO SE \u00c9 VERDADEIRA A INFORMA\u00c7\u00c3O QUE RECEBI DE CIDAD\u00c3OS, DE QUE O ATENDIMENTO EST\u00c1 SENDO FEITO SOMENTE POR ESTAGI\u00c1RIOS."}, {"id": "5826", "ano": "2019", "numero": "66", "tipo__sigla": "REQ", "tipo__descricao": "Requerimento", "autoria": "Cabo Nunes ", "texto_original": "http://sapl.lagoadaprata.mg.leg.br/media/sapl/public/materialegislativa/2019/5826/requerimento_066-2019_nunes_-_deputados_15-04.pdf", "ementa": "O VEREADOR INFRA-ASSINADO, NA FORMA REGIMENTAL, REQUER A VOSSA EXCEL\u00caNCIA, CONSULTADO O PLEN\u00c1RIO, QUE SEJA ENVIADO OF\u00cdCIO AOS EXCELENT\u00cdSSIMOS DEPUTADOS FEDERAIS ANDR\u00c9 JANONES, REGINALDO LOPES, CABO JUNIO AMARAL, NEWTON J\u00daNIOR E PAULO ABI-ACKEL, ENCAMINHANDO O PRESENTE REQUERIMENTO QUE SOLICITA AOS MESMOS QUE ENVIDEM ESFOR\u00c7OS JUNTO AO GOVERNO FEDERAL, PARA O ENVIO DE RECURSOS AO MUNIC\u00cdPIO DE LAGOA DA PRATA, SEJA POR MEIO DE EMENDAS PARLAMENTARES OU POR OUTROS MEIOS DISPON\u00cdVEIS, EM ESPECIAL \u00c0 FUNDA\u00c7\u00c3O S\u00c3O CARLOS / HOSPITAL S\u00c3O CARLOS."}, {"id": "5827", "ano": "2019", "numero": "67", "tipo__sigla": "REQ", "tipo__descricao": "Requerimento", "autoria": "Cida Marcelino", "texto_original": "http://sapl.lagoadaprata.mg.leg.br/media/sapl/public/materialegislativa/2019/5827/requerimento_067-2019_-_cida_-_ferros_velhos_15-04.pdf", "ementa": "A VEREADORA INFRA-ASSINADA, NA FORMA REGIMENTAL, REQUER A VOSSA EXCEL\u00caNCIA, CONSULTADO O PLEN\u00c1RIO, QUE SEJA ENVIADO OF\u00cdCIO AO CHEFE DO PODER EXECUTIVO MUNICIPAL, ENCAMINHANDO O PRESENTE REQUERIMENTO QUE SOLICITA AO SECRET\u00c1RIO DE ADMINISTRA\u00c7\u00c3O E GOVERNO, JOS\u00c9 TE\u00d3FILO    FILHO, BEM COMO AO SECRET\u00c1RIO DE TRANSPORTES E LIMPEZA P\u00daBLICA, S\u00c9RGIO APARECIDO OLIVEIRA, QUE INFORMEM A ESTA CASA SE H\u00c1 POSSIBILIDADE DE SE EXECUTAR A\u00c7\u00c3O DE RETIRADA DE VE\u00cdCULOS OU  CARCA\u00c7AS DE VE\u00cdCULOS, ABANDONADOS NAS VIAS P\u00daBICAS DO MUNIC\u00cdPIO."}, {"id": "5828", "ano": "2019", "numero": "68", "tipo__sigla": "REQ", "tipo__descricao": "Requerimento", "autoria": "Quelli C\u00e1ssia Couto", "texto_original": "http://sapl.lagoadaprata.mg.leg.br/media/sapl/public/materialegislativa/2019/5828/requerimento_068-2019_quelli_upa_15-04.pdf", "ementa": "A VEREADORA E O VEREADOR INFRA-ASSINADOS, NA FORMA REGIMENTAL, REQUEREM A VOSSA EXCEL\u00caNCIA, CONSULTADO O PLEN\u00c1RIO, SEJA ENVIADO OF\u00cdCIO AO CHEFE DO PODER EXECUTIVO MUNICIPAL, ENCAMINHANDO O PRESENTE REQUERIMENTO, QUE CONVOCA O SECRET\u00c1RIO DE SA\u00daDE, SR. GERALDO DE ALMEIDA, BEM COMO OS M\u00c9DICOS RESPONS\u00c1VEIS PELA DIRE\u00c7\u00c3O T\u00c9CNICA E CL\u00cdNICA DA UNIDADE DE PRONTO ATENDIMENTO - UPA, E AINDA, A ENFERMEIRA RESPONS\u00c1VEL PELA MESMA UNIDADE, PARA QUE NO PRAZO LEGAL COMPARE\u00c7AM A ESTA CASA, EM REUNI\u00c3O DE SERVI\u00c7O PREVIAMENTE AGENDADA, COM O OBJETIVO DE DISCUTIRMOS A ATUAL FORMA DE DISPENSA\u00c7\u00c3O DE MEDICAMENTOS E INJET\u00c1VEIS NA UPA E A REALIZA\u00c7\u00c3O DE PLANT\u00d5ES SOBREAVISO, ASSIM COMO OUTROS ASSUNTOS PERTINENTES AO FUNCIONAMENTO DA MESMA."}, {"id": "5837", "ano": "2019", "numero": "69", "tipo__sigla": "REQ", "tipo__descricao": "Requerimento", "autoria": "Adriano Moreira", "texto_original": "http://sapl.lagoadaprata.mg.leg.br/media/sapl/public/materialegislativa/2019/5837/requerimento_069-2019_adriano_centro_de_referen_fgwZmFT.pdf", "ementa": "O VEREADOR INFRA-ASSINADO, NA FORMA REGIMENTAL, REQUER A VOSSA EXCEL\u00caNCIA, CONSULTADO O PLEN\u00c1RIO, SEJA ENVIADO OF\u00cdCIO AO CHEFE DO PODER EXECUTIVO MUNICIPAL ENCAMINHANDO O PRESENTE REQUERIMENTO QUE SOLICITA \u00c0 SECRET\u00c1RIA DE OBRAS E URBANISMO, QUE INFORME A ESTA CASA SE H\u00c1 POSSIBILIDADE DE SE CONSTRUIR OU ADAPTAR UM LOCAL PARA INSTALA\u00c7\u00c3O E ACOMODA\u00c7\u00c3O DE UM CENTRO DE REFER\u00caNCIA PARA O IDOSO \u2013 CRID."}, {"id": "5838", "ano": "2019", "numero": "70", "tipo__sigla": "REQ", "tipo__descricao": "Requerimento", "autoria": "Cida Marcelino", "texto_original": "http://sapl.lagoadaprata.mg.leg.br/media/sapl/public/materialegislativa/2019/5838/requerimento_070-2019_cida_asfaltar_a_rua_magno_TKeDgAh.pdf", "ementa": "A VEREADORA INFRA-ASSINADA, NA FORMA REGIMENTAL E CONSULTADO O PLEN\u00c1RIO, REQUER A VOSSA EXCEL\u00caNCIA QUE SEJA ENVIADO OF\u00cdCIO AO CHEFE DO PODER EXECUTIVO MUNICIPAL, ENCAMINHANDO O PRESENTE REQUERIMENTO, QUE SOLICITA AO SECRET\u00c1RIO DE ADMINISTRA\u00c7\u00c3O E       GOVERNO, BEM COMO \u00c0 SECRET\u00c1RIA DE OBRAS E URBANISMO, QUE INFORMEM A ESTA CASA, SE H\u00c1   POSSIBILIDADE DE REALIZAR A PAVIMENTA\u00c7\u00c3O ASF\u00c1LTICA DA RUA MAGN\u00d3LIA, NO BAIRRO CORONEL LUCIANO, NO TRECHO EM QUE A MESMA AINDA N\u00c3O \u00c9 PAVIMENTADA."}, {"id": "5839", "ano": "2019", "numero": "71", "tipo__sigla": "REQ", "tipo__descricao": "Requerimento", "autoria": "Cabo Nunes ", "texto_original": "http://sapl.lagoadaprata.mg.leg.br/media/sapl/public/materialegislativa/2019/5839/requerimento_071-2019_nunes__-_asfaltar_a_rua_m_OSGFDHh.pdf", "ementa": "O VEREADOR INFRA-ASSINADO, NA FORMA REGIMENTAL E CONSULTADO O PLEN\u00c1RIO, REQUER A VOSSA EXCEL\u00caNCIA QUE SEJA ENVIADO OF\u00cdCIO AO CHEFE DO PODER EXECUTIVO MUNICIPAL ENCAMINHANDO O PRESENTE REQUERIMENTO, QUE SOLICITA AO SECRET\u00c1RIO DE ADMINISTRA\u00c7\u00c3O E GOVERNO, BEM COMO \u00c0 SECRET\u00c1RIA DE OBRAS E URBANISMO, QUE INFORMEM A ESTA CASA, SE H\u00c1 POSSIBILIDADE DE SE CONCLUIR A PAVIMENTA\u00c7\u00c3O ASF\u00c1LTICA DA RUA M\u00c1RCIO FRANCISCO RABELO, ESQUINA COM A RUA RAUL GOMES BERNARDES."}, {"id": "5840", "ano": "2019", "numero": "72", "tipo__sigla": "REQ", "tipo__descricao": "Requerimento", "autoria": "Preto", "texto_original": "http://sapl.lagoadaprata.mg.leg.br/media/sapl/public/materialegislativa/2019/5840/requerimento_072-2019_preto__-_concurso_22-04.pdf", "ementa": "O VEREADOR INFRA-ASSINADO, NA FORMA REGIMENTAL E CONSULTADO O PLEN\u00c1RIO, REQUER A VOSSA EXCEL\u00caNCIA QUE SEJA ENVIADO OF\u00cdCIO AO CHEFE DO PODER EXECUTIVO MUNICIPAL ENCAMINHANDO O PRESENTE REQUERIMENTO, QUE SOLICITA AO SECRET\u00c1RIO DE ADMINISTRA\u00c7\u00c3O E       GOVERNO, QUE INFORME A ESTA CASA SE H\u00c1 PREVIS\u00c3O PARA IN\u00cdCIO DAS NOMEA\u00c7\u00d5ES DOS PROFISSIONAIS CLASSIFICADOS NO CONCURSO P\u00daBLICO EM VIG\u00caNCIA E ESTUDO DO IMPACTO OR\u00c7AMENT\u00c1RIO E FINANCEIRO PARA NOMEA\u00c7\u00c3O TAMB\u00c9M DOS PROFISSIONAIS QUE O MUNIC\u00cdPIO PRECISA, MAS QUE EST\u00c3O CLASSIFICADOS EM CADASTRO DE RESERVA."}, {"id": "5841", "ano": "2019", "numero": "73", "tipo__sigla": "REQ", "tipo__descricao": "Requerimento", "autoria": "Professor Elias Izaias", "texto_original": "http://sapl.lagoadaprata.mg.leg.br/media/sapl/public/materialegislativa/2019/5841/requerimento_073-2019_elias_-_adiamento_de_vota_cJ0lvXk.pdf", "ementa": "O VEREADOR INFRA-ASSINADO NA FORMA REGIMENTAL, REQUER A VOSSA EXCEL\u00caNCIA, CONSULTADO O PLEN\u00c1RIO, SEJA ADIADA PARA A PR\u00d3XIMA REUNI\u00c3O ORDIN\u00c1RIA, A DISCUSS\u00c3O E VOTA\u00c7\u00c3O \u00daNICAS DO PROJETO DE LEI EM N\u00ba 17/2019."}, {"id": "5847", "ano": "2019", "numero": "74", "tipo__sigla": "REQ", "tipo__descricao": "Requerimento", "autoria": "Professor Elias Izaias", "texto_original": "http://sapl.lagoadaprata.mg.leg.br/media/sapl/public/materialegislativa/2019/5847/requerimento_074-2019_elias_-_rotatoria_30-04.pdf", "ementa": "O VEREADOR INFRA-ASSINADO NA FORMA REGIMENTAL, REQUER A VOSSA EXCEL\u00caNCIA, CONSULTADO O PLEN\u00c1RIO, QUE SEJA ENVIADO OF\u00cdCIO AO CHEFE DO PODER EXECUTIVO MUNICIPAL ENCAMINHANDO O PRESENTE REQUERIMENTO, QUE SOLICITA AO SECRET\u00c1RIO DE ADMINISTRA\u00c7\u00c3O E GOVERNO, JOS\u00c9 TE\u00d3FILO FILHO E \u00c0 SECRET\u00c1RIA DE OBRAS E URBANISMO, ANITA DE BESSAS ADONIN, QUE INFORMEM A ESTA CASA SE H\u00c1 POSSIBILIDADE DE SE COLOCAR UMA ROTAT\u00d3RIA NO CRUZAMENTO DAS RUAS AFONSO PENA, COM PROFESSOR JACINTO RIBEIRO."}, {"id": "5848", "ano": "2019", "numero": "75", "tipo__sigla": "REQ", "tipo__descricao": "Requerimento", "autoria": "Adriano Moreira", "texto_original": "http://sapl.lagoadaprata.mg.leg.br/media/sapl/public/materialegislativa/2019/5848/requerimento_075-2019_-_adriano_-_estacionament_HQTKE67.pdf", "ementa": "O VEREADOR INFRA-ASSINADO, NA FORMA REGIMENTAL, REQUER A VOSSA EXCEL\u00caNCIA, CONSULTADO O PLEN\u00c1RIO, SEJA ENVIADO OF\u00cdCIO AO CHEFE DO PODER EXECUTIVO MUNICIPAL ENCAMINHANDO O PRESENTE REQUERIMENTO QUE SOLICITA \u00c0 SECRET\u00c1RIA DE OBRAS E URBANISMO, QUE INFORME A ESTA CASA SE H\u00c1 POSSIBILIDADE DE SE ESTABELECER E REALIZAR A COLOCA\u00c7\u00c3O DE SINALIZA\u00c7\u00c3O HORIZONTAL DELIMITANDO E REGULAMENTANDO AS \u00c1REAS DE ESTACIONAMENTO PARA MOTOCICLETAS NAS DIVERSAS VIAS DO MUNIC\u00cdPIO."}, {"id": "5849", "ano": "2019", "numero": "76", "tipo__sigla": "REQ", "tipo__descricao": "Requerimento", "autoria": "Cida Marcelino", "texto_original": "http://sapl.lagoadaprata.mg.leg.br/media/sapl/public/materialegislativa/2019/5849/requerimento_076-2019_cida_-_pedido_de_cacambas_30-04.pdf", "ementa": "A VEREADORA INFRA-ASSINADA, NA FORMA REGIMENTAL, REQUER A VOSSA EXCEL\u00caNCIA, CONSULTADO O PLEN\u00c1RIO, SEJA ENVIADO OF\u00cdCIO AO CHEFE DO PODER EXECUTIVO MUNICIPAL, ENCAMINHANDO O PRESENTE REQUERIMENTO QUE SOLICITA AO SECRET\u00c1RIO DE ADMINISTRA\u00c7\u00c3O E GOVERNO, JOS\u00c9 TE\u00d3FILO FILHO, BEM COMO AO SECRET\u00c1RIO DE TRANSPORTE E LIMPEZA P\u00daBLICA, S\u00c9RGIO APARECIDO OLIVEIRA, QUE INFORMEM A ESTA CASA SE H\u00c1 POSSIBILIDADE DE SE COLOCAR CA\u00c7AMBAS NAS ENTRADAS E SA\u00cdDAS DA CIDADE, PRINCIPALMENTE NA SA\u00cdDA PARA LUZ, ONDE FUNCIONAVA O ESCRIT\u00d3RIO DA EMPRESA COWAN, E NA MG-170, PR\u00d3XIMO AO DEP\u00d3SITO DE AREIA E BRITAS DA EMPRESA COMBRITA."}, {"id": "5850", "ano": "2019", "numero": "77", "tipo__sigla": "REQ", "tipo__descricao": "Requerimento", "autoria": "Cabo Nunes ", "texto_original": "http://sapl.lagoadaprata.mg.leg.br/media/sapl/public/materialegislativa/2019/5850/requerimento_077-2019_-_nunes_-_pavimentacao_de_SAWeqQe.pdf", "ementa": "O VEREADOR INFRA-ASSINADO, NA FORMA REGIMENTAL, REQUER A VOSSA EXCEL\u00caNCIA, CONSULTADO O PLEN\u00c1RIO, QUE SEJA ENVIADO OF\u00cdCIO AO CHEFE DO PODER EXECUTIVO MUNICIPAL ENCAMINHANDO O PRESENTE REQUERIMENTO QUE SOLICITA \u00c0 SECRET\u00c1RIA DE OBRAS E URBANISMO QUE INFORME A ESTA CASA, SE H\u00c1 POSSIBILIDADE DA PAVIMENTA\u00c7\u00c3O ASF\u00c1LTICA OU POLI\u00c9DRICA DE DIVERSAS VIAS DE NOSSA CIDADE, QUE AINDA SE ENCONTRAM SEM ESTE BENEF\u00cdCIO. S\u00c3O ELAS: GERALDO IN\u00c1CIO DA FONSECA, FRANCISCO SALES, ALEXANDRE MENDES MACIEL, JO\u00c3O MARTINS MIRANDA, MONSENHOR OTAVIANO JOS\u00c9 ARA\u00daJO, VILICO DE MORAIS, MANAC\u00c1S, PI\u00daNAS, ARAUC\u00c1RIA, MAGN\u00d3LIA, IP\u00ca AMARELO, DENTRE OUTRAS QUE POR VENTURA PRECISAREM. RESSALTANDO QUE QUASE TODAS ELAS NECESSITAM APENAS DE COMPLEMENTA\u00c7\u00c3O, POIS J\u00c1 T\u00caM PARTE J\u00c1 PAVIMENTADA."}, {"id": "5852", "ano": "2019", "numero": "78", "tipo__sigla": "REQ", "tipo__descricao": "Requerimento", "autoria": "Cabo Nunes ", "texto_original": "http://sapl.lagoadaprata.mg.leg.br/media/sapl/public/materialegislativa/2019/5852/requerimento_078-2019_nunes_-_campanha_de_comba_KGRB8aR.pdf", "ementa": "O VEREADOR INFRA-ASSINADO, NA FORMA REGIMENTAL E CONSULTADO O PLEN\u00c1RIO, REQUER A VOSSA EXCEL\u00caNCIA QUE SEJA ENVIADO OF\u00cdCIO AO CHEFE DO PODER EXECUTIVO MUNICIPAL ENCAMINHANDO O PRESENTE REQUERIMENTO, QUE SOLICITA \u00c0 SECRET\u00c1RIA DE EDUCA\u00c7\u00c3O, BEM COMO \u00c0 DE ASSIST\u00caNCIA SOCIAL, QUE INFORMEM A ESTA CASA, SE H\u00c1 POSSIBILIDADE DE SE INSTAURAR UMA CAMPANHA DE COMBATE \u00c0 PEDOFILIA, UMA VEZ QUE NO DIA 18 DE MAIO SE COMEMORA O DIA NACIONAL DE COMBATE AO ABUSO E \u00c0 EXPLORA\u00c7\u00c3O SEXUAL INFANTIL."}, {"id": "5853", "ano": "2019", "numero": "79", "tipo__sigla": "REQ", "tipo__descricao": "Requerimento", "autoria": "Preto", "texto_original": "http://sapl.lagoadaprata.mg.leg.br/media/sapl/public/materialegislativa/2019/5853/requerimento_079-2019_preto_-_novas_vans_06-05.pdf", "ementa": "O VEREADOR INFRA-ASSINADO, NA FORMA REGIMENTAL E CONSULTADO O PLEN\u00c1RIO, REQUER A VOSSA EXCEL\u00caNCIA QUE SEJA ENVIADO OF\u00cdCIO AO CHEFE DO PODER EXECUTIVO MUNICIPAL ENCAMINHANDO O PRESENTE REQUERIMENTO, QUE SOLICITA AOS SECRET\u00c1RIOS DE ADMINISTRA\u00c7\u00c3O E     GOVERNO, DE SA\u00daDE E DE TRANSPORTES E LIMPEZA P\u00daBLICA, QUE INFORMEM A ESTA CASA SE H\u00c1 POSSIBILIDADE DE SE ADQUIRIR NOVAS VANS PARA ATENDIMENTO NA \u00c1REA DE SA\u00daDE, PARA O TRANSPORTE DE PACIENTES PARA BELO HORIZONTE, DIVIN\u00d3POLIS E FORMIGA."}, {"id": "5854", "ano": "2019", "numero": "80", "tipo__sigla": "REQ", "tipo__descricao": "Requerimento", "autoria": "Quelli C\u00e1ssia Couto", "texto_original": "http://sapl.lagoadaprata.mg.leg.br/media/sapl/public/materialegislativa/2019/5854/requerimento_080-2019_quelli_upa_06-05.pdf", "ementa": "A VEREADORA INFRA-ASSINADA, NA FORMA REGIMENTAL, REQUER A VOSSA EXCEL\u00caNCIA, CONSULTADO O PLEN\u00c1RIO, SEJA ENVIADO OF\u00cdCIO AO CHEFE DO PODER EXECUTIVO MUNICIPAL, ENCAMINHANDO O PRESENTE REQUERIMENTO, QUE SOLICITA AO SECRET\u00c1RIO  MUNICIPAL DE ADMINISTRA\u00c7\u00c3O E GOVERNO, SENHOR JOS\u00c9 TE\u00d3FILO FILHO, QUE INFORME A ESTA CASA, OS VALORES REPASSADOS \u00c0S ENTIDADES BENEFICENTES DE NOSSA CIDADE NOS ANOS DE 2017 E 2018, DISCRIMINANDO A ENTIDADE E OS VALORES EFETIVAMENTE REPASSADOS A CADA UMA DELAS. QUE INFORME TAMB\u00c9M O CRONOGRAMA DE REPASSE PREVISTO PARA O ANO DE 2019, OS VALORES PREVISTOS E AS ENTIDADES A SEREM CONTEMPLADAS PELA ADMINISTRA\u00c7\u00c3O."}, {"id": "5855", "ano": "2019", "numero": "81", "tipo__sigla": "REQ", "tipo__descricao": "Requerimento", "autoria": "Adriano Moreira", "texto_original": "http://sapl.lagoadaprata.mg.leg.br/media/sapl/public/materialegislativa/2019/5855/requerimento_081-2019_adriano_-_convoca_secreta_w6LlsIg.pdf", "ementa": "O VEREADOR INFRA-ASSINADO, NA FORMA REGIMENTAL E CONSULTADO O PLEN\u00c1RIO, REQUER A VOSSA EXCEL\u00caNCIA QUE SEJA ENVIADO OF\u00cdCIO AO CHEFE DO PODER EXECUTIVO MUNICIPAL ENCAMINHANDO O PRESENTE REQUERIMENTO, QUE CONVOCA O SECRET\u00c1RIO DE ADMINISTRA\u00c7\u00c3O E       GOVERNO, JOS\u00c9 TE\u00d3FILO FILHO, A COMPARECER A ESTA CASA, NO PRAZO REGIMENTAL, PARA INFORMAR AOS VEREADORES E MEMBROS DAS ENTIDADES BENEFICENTES SITUADAS NO MUNIC\u00cdPIO, QUAL O POSICIONAMENTO DA ADMINISTRA\u00c7\u00c3O P\u00daBLICA MUNICIPAL A RESPEITO DO OR\u00c7AMENTO IMPOSITIVO, BEM COMO SE J\u00c1 FOI MONTADO UM CRONOGRAMA PARA ATENDIMENTO DAS EMENDAS IMPOSITIVAS AO OR\u00c7AMENTO MUNICIPAL."}, {"id": "5856", "ano": "2019", "numero": "82", "tipo__sigla": "REQ", "tipo__descricao": "Requerimento", "autoria": "Joanes Bosco", "texto_original": "http://sapl.lagoadaprata.mg.leg.br/media/sapl/public/materialegislativa/2019/5856/requerimento_082-2019_joanes_limpeza_praca_donana_13-05.pdf", "ementa": "O VEREADOR INFRA-ASSINADO, NA FORMA REGIMENTAL, REQUER A VOSSA EXCEL\u00caNCIA, CONSULTADO O PLEN\u00c1RIO, SEJA ENVIADO OF\u00cdCIO AO CHEFE DO PODER EXECUTIVO MUNICIPAL ENCAMINHANDO O PRESENTE REQUERIMENTO QUE SOLICITA AO SECRET\u00c1RIO MUNICIPAL DE MEIO AMBIENTE, BEM COMO AO DE TRANSPORTES E LIMPEZA P\u00daBLICA, E AINDA, \u00c0 SECRET\u00c1RIA DE OBRAS E URBANISMO, QUE INFORMEM A ESTA CASA SE H\u00c1 POSSIBILIDADE DE EFETUAR A LIMPEZA DA PRA\u00c7A DONANA BERNARDES, ASSIM COMO A REFORMA NA ILUMINA\u00c7\u00c3O P\u00daBLICA DA MESMA."}, {"id": "5862", "ano": "2019", "numero": "83", "tipo__sigla": "REQ", "tipo__descricao": "Requerimento", "autoria": "Professor Elias Izaias", "texto_original": "http://sapl.lagoadaprata.mg.leg.br/media/sapl/public/materialegislativa/2019/5862/requerimento_083-2019_elias_-_paulene_-_20-05.pdf", "ementa": "O VEREADOR INFRA-ASSINADO, NA FORMA REGIMENTAL E CONSULTADO O PLEN\u00c1RIO, REQUER A VOSSA EXCEL\u00caNCIA QUE SEJA ENVIADO OF\u00cdCIO AO CHEFE DO PODER EXECUTIVO MUNICIPAL ENCAMINHANDO O PRESENTE REQUERIMENTO, QUE SOLICITA \u00c0 SECRET\u00c1RIA MUNICIPAL DE EDUCA\u00c7\u00c3O, SRA. PAULENE M\u00c1RCIA ANDRADE E SILVA, QUE INFORME A ESTA CASA SE PROCEDE A INFORMA\u00c7\u00c3O RECEBIDA POR ESTE VEREADOR, DE QUE AS ESPECIALISTAS EDUCACIONAIS DO MUNIC\u00cdPIO SE ENCONTRAM VINCULADAS \u00c0 SECRETARIA MUNICIPAL DE ADMINISTRA\u00c7\u00c3O E GOVERNO E N\u00c3O, \u00c0 DE EDUCA\u00c7\u00c3O."}, {"id": "5863", "ano": "2019", "numero": "84", "tipo__sigla": "REQ", "tipo__descricao": "Requerimento", "autoria": "Cabo Nunes ", "texto_original": "http://sapl.lagoadaprata.mg.leg.br/media/sapl/public/materialegislativa/2019/5863/requerimento_084-2019_nunes_-_infraestrutura_co_mhOehy6.pdf", "ementa": "O VEREADOR INFRA-ASSINADO, NA FORMA REGIMENTAL E CONSULTADO O PLEN\u00c1RIO, REQUER A VOSSA EXCEL\u00caNCIA QUE SEJA ENVIADO OF\u00cdCIO AO CHEFE DO PODER EXECUTIVO MUNICIPAL ENCAMINHANDO O PRESENTE REQUERIMENTO, QUE SOLICITA AO SECRET\u00c1RIO DE ADMINISTRA\u00c7\u00c3O E        GOVERNO, BEM COMO \u00c0 SECRET\u00c1RIA DE OBRAS E URBANISMO, QUE INFORMEM A ESTA CASA, SE H\u00c1 UMA PREVIS\u00c3O PARA A CONCLUS\u00c3O DA PAVIMENTA\u00c7\u00c3O DA RUA IP\u00ca AMARELO, NO BAIRRO CORONEL LUCIANO, BEM COMO SE J\u00c1 EXISTE PROJETO PARA O CANTEIRO CENTRAL, E POR FIM, SE H\u00c1 PREVIS\u00c3O DA CONCLUS\u00c3O DA ILUMINA\u00c7\u00c3O P\u00daBLICA NO LOCAL."}, {"id": "5864", "ano": "2019", "numero": "85", "tipo__sigla": "REQ", "tipo__descricao": "Requerimento", "autoria": "Josiane Protetora dos Animais, Cida Marcelino, Joanes Bosco, Professor Elias Izaias, Quelli C\u00e1ssia Couto", "texto_original": "http://sapl.lagoadaprata.mg.leg.br/media/sapl/public/materialegislativa/2019/5864/requerimento_085-2019_-_comissoes_-_adia_parece_ukbbV0L.pdf", "ementa": "AS VEREADORAS E OS VEREADORES INFRA-ASSINADOS, NA FORMA REGIMENTAL, REQUEREM A VOSSA EXCEL\u00caNCIA, CONSULTADO O PLEN\u00c1RIO, QUE OS PARECERES DAS COMISS\u00d5ES PERMANENTES DESTA CASA SOBRE O PROJETO DE LEI EM N\u00ba 38/2019, SEJAM LIDOS EM PLEN\u00c1RIO NA PR\u00d3XIMA SEGUNDA-FEIRA, DIA 27/05/2019, PARA QUE N\u00c3O SEJA ULTRAPASSADO O PRAZO REGIMENTAL PARA DELIBERA\u00c7\u00c3O DO PROJETO, QUE SE ENCONTRA COM PEDIDO DE URG\u00caNCIA."}, {"id": "5865", "ano": "2019", "numero": "86", "tipo__sigla": "REQ", "tipo__descricao": "Requerimento", "autoria": "Adriano Moreira, Cabo Nunes , Cida Marcelino, Joanes Bosco, Josiane Protetora dos Animais, Lalinho Duzinho, Preto, Professor Elias Izaias, Quelli C\u00e1ssia Couto", "texto_original": "http://sapl.lagoadaprata.mg.leg.br/media/sapl/public/materialegislativa/2019/5865/requerimento_086-2019_-_todos_os_vereadores_-_c_PRSDXVX.pdf", "ementa": "OS VEREADORES INFRA-ASSINADOS, NA FORMA REGIMENTAL, REQUEREM A VOSSA EXCEL\u00caNCIA, CONSULTADO O PLEN\u00c1RIO, QUE SEJA ENVIADO OF\u00cdCIO AO CHEFE DO PODER EXECUTIVO MUNICIPAL ENCAMINHANDO O PRESENTE REQUERIMENTO, FRUTO DO TRABALHO DOS VEREADORES MIRINS, QUE SOLICITA AOS ILUSTRES SECRET\u00c1RIOS MUNICIPAIS ABAIXO MENCIONADOS, CADA UM EM SUA RESPECTIVA \u00c1REA DE ATUA\u00c7\u00c3O, QUE INFORMEM O SEGUINTE: (CONFERIR TEXTO INTEGRAL)"}, {"id": "5871", "ano": "2019", "numero": "87", "tipo__sigla": "REQ", "tipo__descricao": "Requerimento", "autoria": "Cabo Nunes ", "texto_original": "http://sapl.lagoadaprata.mg.leg.br/media/sapl/public/materialegislativa/2019/5871/requerimento_087-2019_nunes_-_convoca_contadoras_27-05.pdf", "ementa": "O VEREADOR INFRA-ASSINADO, NA FORMA REGIMENTAL E CONSULTADO O PLEN\u00c1RIO, REQUER A VOSSA EXCEL\u00caNCIA QUE SEJA ENVIADO OF\u00cdCIO AO CHEFE DO PODER EXECUTIVO MUNICIPAL ENCAMINHANDO O PRESENTE REQUERIMENTO, QUE CONVOCA A CONTADORA DO MUNIC\u00cdPIO, VIVIANI   ROCHA FONSECA, A COMPARECER A ESTA CASA, NO PRAZO REGIMENTAL, PARA INFORMAR AOS VEREADORES E \u00c0 POPULA\u00c7\u00c3O SOBRE OS PROCEDIMENTOS REFERENTES \u00c0 DEVOLU\u00c7\u00c3O DE RECURSOS POR PARTE DA C\u00c2MARA MUNICIPAL AO PODER EXECUTIVO. QUE VOSSA EXCEL\u00caNCIA DETERMINE QUE O CONTADOR DESTA CASA DE LEIS, RONALDO LACERDA RESENDE, BEM COMO SEU SUBSTITUTO IMEDIATO, JOS\u00c9 OSVANDER BORGES, PARTICIPEM DA REUNI\u00c3O EM QUE SE FAR\u00c1 PRESENTE A CONTADORA DO MUNIC\u00cdPIO."}, {"id": "5872", "ano": "2019", "numero": "88", "tipo__sigla": "REQ", "tipo__descricao": "Requerimento", "autoria": "Preto", "texto_original": "http://sapl.lagoadaprata.mg.leg.br/media/sapl/public/materialegislativa/2019/5872/requerimento_088-2019_preto_-_cafe_paciente_tfd_27-05.pdf", "ementa": "O VEREADOR INFRA-ASSINADO, NA FORMA REGIMENTAL E CONSULTADO O PLEN\u00c1RIO, REQUER A VOSSA EXCEL\u00caNCIA QUE SEJA ENVIADO OF\u00cdCIO AO CHEFE DO PODER EXECUTIVO MUNICIPAL ENCAMINHANDO O PRESENTE REQUERIMENTO, QUE SOLICITA AO SECRET\u00c1RIO DE SA\u00daDE, QUE INFORME A ESTA CASA SE H\u00c1 POSSIBILIDADE DO PAGAMENTO DE CAF\u00c9, ACOMPANHADO DE ALGUMA QUITANDA, PODENDO SER P\u00c3O FRANC\u00caS COM MANTEIGA, P\u00c3O DE QUEIJO, BROA, ETC\u2026, DURANTE A VIAGEM, AOS PACIENTES QUE PRECISAM SE LOCOMOVER PARA TRATAMENTO EM OUTROS MUNIC\u00cdPIOS."}, {"id": "5873", "ano": "2019", "numero": "89", "tipo__sigla": "REQ", "tipo__descricao": "Requerimento", "autoria": "Quelli C\u00e1ssia Couto", "texto_original": "http://sapl.lagoadaprata.mg.leg.br/media/sapl/public/materialegislativa/2019/5873/requerimento_089-2019_-_quelli_convoca_carlao_e_DRNw20D.pdf", "ementa": "A VEREADORA INFRA-ASSINADA, NA FORMA REGIMENTAL, REQUER A VOSSA EXCEL\u00caNCIA, CONSULTADO O PLEN\u00c1RIO, SEJA ENVIADO OF\u00cdCIO AO CHEFE DO PODER EXECUTIVO MUNICIPAL, ENCAMINHANDO O PRESENTE REQUERIMENTO, QUE CONVOCA O SECRET\u00c1RIO MUNICIPAL DE                 DESENVOLVIMENTO ECON\u00d4MICO, BEM COMO O COORDENADOR DO SINE EM NOSSO MUNIC\u00cdPIO, PARA QUE COMPARE\u00c7AM A ESTA CASA NO PRAZO REGIMENTAL, EM REUNI\u00c3O SEM TRANSMISS\u00c3O, PARA TRATAR DE ASSUNTOS RELACIONADOS \u00c0 ATUA\u00c7\u00c3O DA SECRETARIA DE DESENVOLVIMENTO ECON\u00d4MICO E DO SINE NA QUALIFICA\u00c7\u00c3O, TREINAMENTO E BUSCA DE NOVAS VAGAS DE TRABALHO PARA ATENDER AQUELES QUE SE ENCONTRAM EM BUSCA DE EMPREGO E AINDA AQUELA PARCELA ESPECIFICA DE TRABALHADORES QUE POR N\u00c3O POSSU\u00cdREM EXPERI\u00caNCIA N\u00c3O CONSEGUEM SER INSERIDOS NO MERCADO DE TRABALHO."}, {"id": "5885", "ano": "2019", "numero": "90", "tipo__sigla": "REQ", "tipo__descricao": "Requerimento", "autoria": "Adriano Moreira", "texto_original": "http://sapl.lagoadaprata.mg.leg.br/media/sapl/public/materialegislativa/2019/5885/requerimento_090-2019_-_adriano_-_limpeza_da_mo_It9nUWZ.pdf", "ementa": "O VEREADOR INFRA-ASSINADO, NA FORMA REGIMENTAL, REQUER A VOSSA EXCEL\u00caNCIA, CONSULTADO O PLEN\u00c1RIO, SEJA ENVIADO OF\u00cdCIO AO COORDENADOR REGIONAL DO DEPARTAMENTO DE EDIFICA\u00c7\u00d5ES E ESTRADAS DE RODAGEM DE MINAS GERAIS \u2013 DEER \u2013 MG, EM FORMIGA \u2013 MG, SOLICITANDO AO MESMO QUE SEJA FEITA UMA LIMPEZA GERAL NA MG-429 (LAGOA DA PRATA / LUZ), NO TRECHO QUE PASSA DENTRO DA CIDADE DE LAGOA DA PRATA (RUA MODESTO GOMES, DANDO IN\u00cdCIO NA DIVISA DO BAIRRO PALMEIRAS AT\u00c9 O FINAL DO BAIRRO RODOLFO PIO), CASO ESTE TRECHO SEJA DE SUA RESPONSABILIDADE E/OU JURISDI\u00c7\u00c3O. SOLICITO AINDA, QUE SEJA ENVIADO OF\u00cdCIO AO CHEFE DO EXECUTIVO MUNICIPAL ENCAMINHANDO O REQUERIMENTO QUE SOLICITA AO SECRET\u00c1RIO DE TRANSPORTES E LIMPEZA P\u00daBLICA, S\u00c9RGIO APARECIDO OLIVEIRA, QUE INFORME A ESTA CASA SE H\u00c1 POSSIBILIDADE DE SE REALIZAR UMA LIMPEZA GERAL NA RUA MODESTO GOMES, DANDO IN\u00cdCIO NA DIVISA DO BAIRRO PALMEIRAS AT\u00c9 O FINAL DO BAIRRO RODOLFO PIO, CASO SEJA DE SUA RESPONSABILIDADE."}, {"id": "5886", "ano": "2019", "numero": "91", "tipo__sigla": "REQ", "tipo__descricao": "Requerimento", "autoria": "Adriano Moreira, Cabo Nunes , Cida Marcelino, Joanes Bosco, Josiane Protetora dos Animais, Lalinho Duzinho, Preto, Professor Elias Izaias, Quelli C\u00e1ssia Couto", "texto_original": "http://sapl.lagoadaprata.mg.leg.br/media/sapl/public/materialegislativa/2019/5886/requerimento_091-2019_-_todos_os_vereadores_-_c_Vnc7tM6.pdf", "ementa": "OS VEREADORES INFRA-ASSINADOS, NA FORMA REGIMENTAL, REQUEREM A VOSSA EXCEL\u00caNCIA, CONSULTADO O PLEN\u00c1RIO, QUE SEJA ENVIADO OF\u00cdCIO AO CHEFE DO PODER EXECUTIVO MUNICIPAL ENCAMINHANDO O PRESENTE REQUERIMENTO, FRUTO DO TRABALHO DOS VEREADORES MIRINS, QUE SOLICITA AOS ILUSTRES SECRET\u00c1RIOS MUNICIPAIS ABAIXO MENCIONADOS, CADA UM EM SUA RESPECTIVA \u00c1REA DE ATUA\u00c7\u00c3O, QUE INFORMEM O SEGUINTE: ..."}, {"id": "5887", "ano": "2019", "numero": "92", "tipo__sigla": "REQ", "tipo__descricao": "Requerimento", "autoria": "Quelli C\u00e1ssia Couto", "texto_original": "http://sapl.lagoadaprata.mg.leg.br/media/sapl/public/materialegislativa/2019/5887/requerimento_092-2019_quelli_comissao_de_licita_7VbDLwN.pdf", "ementa": "A VEREADORA INFRA-ASSINADA, NA FORMA REGIMENTAL, REQUER A VOSSA EXCEL\u00caNCIA, CONSULTADO O PLEN\u00c1RIO, QUE SEJA ENVIADO OF\u00cdCIO AO CHEFE DO PODER EXECUTIVO MUNICIPAL, ENCAMINHANDO O PRESENTE REQUERIMENTO, QUE SOLICITA AO PRESIDENTE DA COMISS\u00c3O PERMANENTE DE LICITA\u00c7\u00c3O DO MUNIC\u00cdPIO, QUE INFORME A ESTA CASA, NO PRAZO REGIMENTAL, SE EXISTE PROCESSO DE LICITA\u00c7\u00c3O EM ANDAMENTO, SOLICITA\u00c7\u00c3O DE REALIZA\u00c7\u00c3O OU MESMO PROCEDIMENTO DE COMPRA \u201cFRUSTRADO\u201d, NO ANO DE 2019, COM O OBJETO DE CONTRATA\u00c7\u00c3O DE SERVI\u00c7OS FUNER\u00c1RIOS PARA ATENDIMENTOS A FAM\u00cdLIAS CARENTES OU COM VULNERABILIDADE ECON\u00d4MICA, POR MEIO DO BENEF\u00cdCIO  EVENTUAL DE AUXILIO-FUNERAL."}, {"id": "5888", "ano": "2019", "numero": "93", "tipo__sigla": "REQ", "tipo__descricao": "Requerimento", "autoria": "Cabo Nunes ", "texto_original": "http://sapl.lagoadaprata.mg.leg.br/media/sapl/public/materialegislativa/2019/5888/requerimento_093-2019_nunes_-_secretario_saude__ZCHi2Ae.pdf", "ementa": "O VEREADOR INFRA-ASSINADO, NA FORMA REGIMENTAL E CONSULTADO O PLEN\u00c1RIO, REQUER A VOSSA EXCEL\u00caNCIA QUE SEJA ENVIADO OF\u00cdCIO AO CHEFE DO PODER EXECUTIVO MUNICIPAL ENCAMINHANDO O PRESENTE REQUERIMENTO, QUE SOLICITA AO SECRET\u00c1RIO DE SA\u00daDE E \u00c0 CHEFE DO SETOR DE ZOONOSES, QUE INFORMEM A ESTA CASA O SEGUINTE: ..."}, {"id": "5889", "ano": "2019", "numero": "94", "tipo__sigla": "REQ", "tipo__descricao": "Requerimento", "autoria": "Cida Marcelino", "texto_original": "http://sapl.lagoadaprata.mg.leg.br/media/sapl/public/materialegislativa/2019/5889/requerimento_094-2019_cida_-_veiculos_ubs_03-06.pdf", "ementa": "A VEREADORA INFRA-ASSINADA, NA FORMA REGIMENTAL, REQUER A VOSSA EXCEL\u00caNCIA, CONSULTADO O PLEN\u00c1RIO, SEJA ENVIADO OF\u00cdCIO AO CHEFE DO PODER EXECUTIVO MUNICIPAL,  ENCAMINHANDO O PRESENTE REQUERIMENTO QUE SOLICITA AO SECRET\u00c1RIO DE ADMINISTRA\u00c7\u00c3O E GOVERNO, JOS\u00c9 TE\u00d3FILO FILHO, BEM COMO AO SECRET\u00c1RIO DE TRANSPORTE E LIMPEZA P\u00daBLICA, S\u00c9RGIO APARECIDO OLIVEIRA, E SECRET\u00c1RIO DE SA\u00daDE GERALDO MANGELO DE ALMEIDA, QUE INFORMEM A ESTA CASA SOBRE OS VE\u00cdCULOS NOVOS QUE FORAM ADQUIRIDOS PARA AS UNIDADES B\u00c1SICAS DE SA\u00daDE \u2013 UBSS \u2013 SE OS MESMOS FORAM DISTRIBU\u00cdDOS, CADA UM PARA A UNIDADE ESPEC\u00cdFICA."}, {"id": "5884", "ano": "2019", "numero": "95", "tipo__sigla": "REQ", "tipo__descricao": "Requerimento", "autoria": "Cabo Nunes , Preto", "texto_original": "http://sapl.lagoadaprata.mg.leg.br/media/sapl/public/materialegislativa/2019/5884/requerimento_095-2019_-_preto_e_nunes_-_retirad_JnJ4NgR.pdf", "ementa": "SERVIMO-NOS DO PRESENTE, COM FULCRO NO ARTIGO 88 DO REGIMENTO INTERNO DESTA CASA, PARA REQUERER A RETIRADA DE TRAMITA\u00c7\u00c3O E CONSEQUENTE ARQUIVAMENTO, DA EMENDA APRESENTADA AO  PROJETO DE LEI EM N\u00ba 38/2019, QUE \u201cDISP\u00d5E SOBRE A QUALIFICA\u00c7\u00c3O DE ENTIDADES SEM FINS LUCRATIVOS COMO ORGANIZA\u00c7\u00d5ES SOCIAIS PARA ATUA\u00c7\u00c3O NA \u00c1REA DE SA\u00daDE P\u00daBLICA\u201d."}, {"id": "5900", "ano": "2019", "numero": "96", "tipo__sigla": "REQ", "tipo__descricao": "Requerimento", "autoria": "Joanes Bosco", "texto_original": "http://sapl.lagoadaprata.mg.leg.br/media/sapl/public/materialegislativa/2019/5900/requerimento_096-2019_joanes_asfaltar_a_ruas_10-06.pdf", "ementa": "O VEREADOR INFRA-ASSINADO, NA FORMA REGIMENTAL E CONSULTADO O PLEN\u00c1RIO, REQUER A VOSSA EXCEL\u00caNCIA QUE SEJA ENVIADO OF\u00cdCIO AO CHEFE DO PODER EXECUTIVO MUNICIPAL, ENCAMINHANDO O PRESENTE REQUERIMENTO, QUE SOLICITA \u00c0 SECRET\u00c1RIA DE OBRAS E URBANISMO QUE INFORME A ESTA CASA, SE H\u00c1 POSSIBILIDADE DE SE REALIZAR A PAVIMENTA\u00c7\u00c3O ASF\u00c1LTICA NAS RUAS PERNAMBUCO, 96, ABDALA MAMEDE, RIO GRANDE DO NORTE E CEAR\u00c1, NO BAIRRO NOSSA SENHORA DAS GRA\u00c7AS, NOS PEQUENOS TRECHOS EM QUE AS MESMAS AINDA N\u00c3O S\u00c3O PAVIMENTADAS."}, {"id": "5901", "ano": "2019", "numero": "97", "tipo__sigla": "REQ", "tipo__descricao": "Requerimento", "autoria": "Cabo Nunes ", "texto_original": "http://sapl.lagoadaprata.mg.leg.br/media/sapl/public/materialegislativa/2019/5901/requerimento_097-2019_nunes_-_saae_-_canalizaca_J6xrstN.pdf", "ementa": "O VEREADOR INFRA-ASSINADO, NA FORMA REGIMENTAL E CONSULTADO O PLEN\u00c1RIO, REQUER A VOSSA EXCEL\u00caNCIA QUE SEJA ENVIADO OF\u00cdCIO \u00c0 DIRETORA DO SERVI\u00c7O AUT\u00d4NOMO DE \u00c1GUA E ESGOTO DE LAGOA DA PRATA \u2013 SAAE-LP, E \u00c0 SECRET\u00c1RIA DE OBRAS E URBANISMO, SOLICITANDO \u00c0S MESMAS QUE INFORMEM A ESTA CASA SE H\u00c1 PREVIS\u00c3O DE SE INICIAR AS OBRAS DE CANALIZA\u00c7\u00c3O DO C\u00d3RREGO CHICO SILVEIRA, QUE PASSA PELA AVENIDA ISABEL DE CASTRO, NO TRECHO ENTRE A RUA GOI\u00c1S AT\u00c9 A RUA DOS FERROVI\u00c1RIOS."}, {"id": "5902", "ano": "2019", "numero": "98", "tipo__sigla": "REQ", "tipo__descricao": "Requerimento", "autoria": "Adriano Moreira", "texto_original": "http://sapl.lagoadaprata.mg.leg.br/media/sapl/public/materialegislativa/2019/5902/requerimento_098-2019_adriano_-_audiencia_publica_10-06.pdf", "ementa": "O VEREADOR INFRA-ASSINADO, NA FORMA REGIMENTAL, REQUER A VOSSA EXCEL\u00caNCIA, OUVIDO O PLEN\u00c1RIO, SEJA DETERMINADA A REALIZA\u00c7\u00c3O DE UMA AUDI\u00caNCIA P\u00daBLICA NA C\u00c2MARA MUNICIPAL PARA TRAZER A P\u00daBLICO OS DIFICULTADORES COM RELA\u00c7\u00c3O \u00c0 FIBROMIALGIA, A SE REALIZAR NO M\u00caS DE AGOSTO DE 2019. PROPONHO QUE SEJAM CONVIDADOS PARA ESTA AUDI\u00caNCIA P\u00daBLICA, POR MEIO DE OF\u00cdCIO, PALESTRANTES, M\u00c9DICOS, PSIC\u00d3LOGOS, SECRET\u00c1RIO DE SA\u00daDE, ENFERMEIRAS DAS ESF'S E TAMB\u00c9M OS PACIENTES, ETC\u2026"}, {"id": "5903", "ano": "2019", "numero": "99", "tipo__sigla": "REQ", "tipo__descricao": "Requerimento", "autoria": "Preto", "texto_original": "http://sapl.lagoadaprata.mg.leg.br/media/sapl/public/materialegislativa/2019/5903/requerimento_099-2019_preto_-_cid_em_atestados__QTp3bGR.pdf", "ementa": "O VEREADOR INFRA-ASSINADO, NA FORMA REGIMENTAL E CONSULTADO O PLEN\u00c1RIO, REQUER A VOSSA EXCEL\u00caNCIA QUE SEJA ENVIADO OF\u00cdCIO AO CHEFE DO PODER EXECUTIVO MUNICIPAL ENCAMINHANDO O PRESENTE REQUERIMENTO, QUE SOLICITA AO SECRET\u00c1RIO DE SA\u00daDE, QUE INFORME A ESTA CASA SE H\u00c1 POSSIBILIDADE DE SE DETERMINAR AO SETOR DE PESSOAL QUE DEIXE DE EXIGIR O LAN\u00c7AMENTO DO N\u00daMERO DO CID (C\u00d3DIGO INTERNACIONAL DE DOEN\u00c7A) NOS ATESTADOS M\u00c9DICOS DOS SERVIDORES P\u00daBLICOS MUNICIPAIS, FACE \u00c0 CONFIRMA\u00c7\u00c3O DE ENTENDIMENTO DO TRIBUNAL SUPERIOR DO TRABALHO A ESTE RESPEITO."}, {"id": "5904", "ano": "2019", "numero": "100", "tipo__sigla": "REQ", "tipo__descricao": "Requerimento", "autoria": "Cida Marcelino", "texto_original": "http://sapl.lagoadaprata.mg.leg.br/media/sapl/public/materialegislativa/2019/5904/requerimento_100-2019_-_cida_-_convoca_enfermei_Ac0gI8Y.pdf", "ementa": "A VEREADORA INFRA-ASSINADA, NA FORMA REGIMENTAL, REQUEREM A VOSSA EXCEL\u00caNCIA, CONSULTADO O PLEN\u00c1RIO, SEJA ENVIADO OF\u00cdCIO AO CHEFE DO PODER EXECUTIVO MUNICIPAL ENCAMINHANDO O PRESENTE REQUERIMENTO, QUE CONVOCA AS ENFERMEIRAS CHEFES DAS UNIDADES B\u00c1SICAS DE SA\u00daDE DO MUNIC\u00cdPIO DE LAGOA DA PRATA, A COMPARECEREM A ESTA CASA, NO PRAZO REGIMENTAL, QUANDO DEVER\u00c3O CONTAR COM SEIS MINUTOS CADA UMA, PARA PRESTAR OS SEGUINTES ESCLARECIMENTOS: ..."}, {"id": "5917", "ano": "2019", "numero": "101", "tipo__sigla": "REQ", "tipo__descricao": "Requerimento", "autoria": "Preto", "texto_original": "http://sapl.lagoadaprata.mg.leg.br/media/sapl/public/materialegislativa/2019/5917/requerimento_101-2019_preto_-_contratar_empresa_xVo7f6l.pdf", "ementa": "O VEREADOR INFRA-ASSINADO, NA FORMA REGIMENTAL E CONSULTADO O PLEN\u00c1RIO, REQUER A VOSSA EXCEL\u00caNCIA QUE SEJA ENVIADO OF\u00cdCIO AO CHEFE DO PODER EXECUTIVO MUNICIPAL ENCAMINHANDO O PRESENTE REQUERIMENTO, QUE SOLICITA AOS SECRET\u00c1RIOS DE ADMINISTRA\u00c7\u00c3O E     GOVERNO E DE TRANSPORTES E LIMPEZA P\u00daBLICA, QUE INFORMEM A ESTA CASA SE H\u00c1 POSSIBILIDADE DE SE CONTRATAR EMPRESA PARA AUXILIAR NA LIMPEZA DA CIDADE."}, {"id": "5918", "ano": "2019", "numero": "102", "tipo__sigla": "REQ", "tipo__descricao": "Requerimento", "autoria": "Quelli C\u00e1ssia Couto", "texto_original": "http://sapl.lagoadaprata.mg.leg.br/media/sapl/public/materialegislativa/2019/5918/requerimento_102-2019_quelli_-_iptu_progressivo_17-06.pdf", "ementa": "A VEREADORA INFRA-ASSINADA, NA FORMA REGIMENTAL, REQUER A VOSSA EXCEL\u00caNCIA, OUVIDO O PLEN\u00c1RIO, SEJA DETERMINADA A REALIZA\u00c7\u00c3O DE UMA AUDI\u00caNCIA P\u00daBLICA NA C\u00c2MARA MUNICIPAL PARA DISCUTIR E OUVIR OPINI\u00d5ES A CERCA DO IPTU PROGRESSIVO, CONFORME PREVISTO NO ESTATUTO DA CIDADE, LEI NACIONAL N\u00b0 10.257/2001. PROPONHO QUE SEJAM CONVIDADOS PARA ESTA AUDI\u00caNCIA P\u00daBLICA, POR MEIO DE OF\u00cdCIO, SECRET\u00c1RIOS MUNICIPAIS, FISCAIS, AGENTES DE COMBATE A ENDEMIAS, CHEFE E COORDENADORES DESTE SETOR E SERVIDORES DO MUNIC\u00cdPIO LIGADOS A ESTA \u00c1REA, ARQUITETOS(AS), ENGENHEIROS(AS), MEMBROS DO CONSELHO MUNICIPAL DA CIDADE E DO CODEMA, EMPREENDEDORES DO RAMO IMOBILI\u00c1RIO E DE LOTEAMENTOS, REPRESENTANTE DO MINIST\u00c9RIO P\u00daBLICO LOCAL, DA IMPRENSA ESCRITA E FALADA, PARA QUE TODOS POSSAM EMITIR SUA OPINI\u00c3O A RESPEITO DO TEMA PROPOSTO."}, {"id": "5919", "ano": "2019", "numero": "103", "tipo__sigla": "REQ", "tipo__descricao": "Requerimento", "autoria": "Cida Marcelino", "texto_original": "http://sapl.lagoadaprata.mg.leg.br/media/sapl/public/materialegislativa/2019/5919/requerimento_103-2019_-_cida_-_inormacoes_sobre_6vfnkAL.pdf", "ementa": "A VEREADORA INFRA-ASSINADA, NA FORMA REGIMENTAL, REQUER A VOSSA EXCEL\u00caNCIA, CONSULTADO O PLEN\u00c1RIO, QUE SEJA ENVIADO OF\u00cdCIO AO CHEFE DO PODER EXECUTIVO MUNICIPAL ENCAMINHANDO O PRESENTE REQUERIMENTO QUE SOLICITA \u00c0 SECRET\u00c1RIA DE OBRAS E URBANISMO, QUE INFORME A ESTA CASA, AS QUEST\u00d5ES ABAIXO RELACIONADAS: 1) SE J\u00c1 TEM PREVIS\u00c3O DE DATA PARA A LICITA\u00c7\u00c3O REFERENTE \u00c0 PAVIMENTA\u00c7\u00c3O DE VIAS NO MUNIC\u00cdPIO DE LAGOA DA PRATA, CITADA EM PROJETO APROVADO NESTA CASA, RECENTEMENTE; 2) SE A SECRET\u00c1RIA DE OBRAS FICAR\u00c1 RESPONS\u00c1VEL PELO ACOMPANHAMENTO E FISCALIZA\u00c7\u00c3O DA REFERIDA OBRAS; 3) QUAL SER\u00c1 A ESPESSURA DO ASFALTO A SER EXIGIDA NA LICITA\u00c7\u00c3O."}, {"id": "5922", "ano": "2019", "numero": "104", "tipo__sigla": "REQ", "tipo__descricao": "Requerimento", "autoria": "Cabo Nunes ", "texto_original": "http://sapl.lagoadaprata.mg.leg.br/media/sapl/public/materialegislativa/2019/5922/requerimento_104-2019_-_nunes_-_abrir_rua_pedro_Ay88V4B.pdf", "ementa": "O VEREADOR INFRA-ASSINADO, NA FORMA REGIMENTAL E CONSULTADO O PLEN\u00c1RIO, REQUER A VOSSA EXCEL\u00caNCIA QUE SEJA ENVIADO OF\u00cdCIO AO CHEFE DO PODER EXECUTIVO MUNICIPAL ENCAMINHANDO O PRESENTE REQUERIMENTO, QUE SOLICITA \u00c0 SECRET\u00c1RIA DE OBRAS E URBANISMO, QUE INFORME A ESTA CASA, SE H\u00c1 POSSIBILIDADE DA ABERTURA DA RUA DOM PEDRO II, SEGUINDO AT\u00c9 A RUA DIREITA, NO BAIRRO AM\u00c9RICO SILVA."}, {"id": "5923", "ano": "2019", "numero": "105", "tipo__sigla": "REQ", "tipo__descricao": "Requerimento", "autoria": "Preto", "texto_original": "http://sapl.lagoadaprata.mg.leg.br/media/sapl/public/materialegislativa/2019/5923/requerimento_105-2019_-_preto_-_curso_oratoria_-_24-06.pdf", "ementa": "O VEREADOR INFRA-ASSINADO, NA FORMA REGIMENTAL E CONSULTADO O PLEN\u00c1RIO, REQUER A VOSSA EXCEL\u00caNCIA QUE SEJA ENVIADO OF\u00cdCIO AO CHEFE DO PODER EXECUTIVO MUNICIPAL ENCAMINHANDO O PRESENTE REQUERIMENTO, QUE SOLICITA AO SECRET\u00c1RIO DE DESENVOLVIMENTO     ECON\u00d4MICO QUE INFORME A ESTA CASA SE H\u00c1 POSSIBILIDADE DE REALIZAR UM CURSO DE ORAT\u00d3RIA E REPRESENTA\u00c7\u00c3O COMERCIAL, A SER OFERTADO AOS NOSSOS VENDEDORES AMBULANTES, TAMB\u00c9M DENOMINADOS DE  \u201cRIFEIROS\u201d."}, {"id": "5924", "ano": "2019", "numero": "106", "tipo__sigla": "REQ", "tipo__descricao": "Requerimento", "autoria": "Joanes Bosco, Quelli C\u00e1ssia Couto", "texto_original": "http://sapl.lagoadaprata.mg.leg.br/media/sapl/public/materialegislativa/2019/5924/requerimento_106-2019_-_quelli_e_joanes_-_saae_24-06.pdf", "ementa": "OS VEREADORES INFRA-ASSINADOS, NA FORMA REGIMENTAL, REQUEREM A VOSSA EXCEL\u00caNCIA, CONSULTADO O PLEN\u00c1RIO, QUE SEJA ENVIADO OF\u00cdCIO \u00c0 DIRETORA DO SERVI\u00c7O AUT\u00d4NOMO DE \u00c1GUA E ESGOTO - SAAE, SENHORA MARIA DE F\u00c1TIMA TAVARES, SOLICITANDO \u00c0 MESMA QUE INFORME A ESTA CASA QUAIS AS PROVID\u00caNCIAS E PLANEJAMENTO FORAM REALIZADOS PARA ATENDER AS RECOMENDA\u00c7\u00d5ES FEITAS PELA ARISB \u2013 AG\u00caNCIA REGULADORA INTERMUNICIPAL DE SANEAMENTO B\u00c1SICO DE MINAS GERAIS, NA NOTA T\u00c9CNICA DE N\u00ba 087/2019, SOLICITADA POR ESSA AUTARQUIA. RECOMENDA\u00c7\u00d5ES ESSAS QUE, AINDA DE ACORDO COM A NOTA T\u00c9CNICA, S\u00c3O NECESS\u00c1RIAS PARA MANTER O EQUIL\u00cdBRIO FINANCEIRO E O PLANO DE INVESTIMENTO DA AUTARQUIA \u2013 SAAE; ..."}, {"id": "5930", "ano": "2019", "numero": "107", "tipo__sigla": "REQ", "tipo__descricao": "Requerimento", "autoria": "Cabo Nunes ", "texto_original": "http://sapl.lagoadaprata.mg.leg.br/media/sapl/public/materialegislativa/2019/5930/requerimento_107-2019_-_nunes_-_secretaria_de_e_3MYHOPc.pdf", "ementa": "O VEREADOR INFRA-ASSINADO, NA FORMA REGIMENTAL E CONSULTADO O PLEN\u00c1RIO, REQUER A VOSSA EXCEL\u00caNCIA QUE SEJA ENVIADO OF\u00cdCIO \u00c0 SR\u00aa J\u00daLIA SANT\u2019ANNA \u2013 SECRET\u00c1RIA DE ESTADO DE EDUCA\u00c7\u00c3O DE MINAS GERAIS, SOLICITANDO AS SEGUINTES INFORMA\u00c7\u00d5ES: \u2013 SE TODOS OS MUNIC\u00cdPIOS RETORNAR\u00c3O AO ENSINO EM TEMPO INTEGRAL; \u2013 SE HOUVE MAPEAMENTO DE QUAIS AS ESCOLAS DO MUNIC\u00cdPIO SE ENCONTRAM EM SITUA\u00c7\u00c3O DE RISCO, POIS \u00c9 UM PROJETO MUITO IMPORTANTE; \u2013 SE \u00c9 UM PLANEJAMENTO DA PR\u00d3PRIA SECRETARIA DEVIDO \u00c0 CRISE FINANCEIRA OU SE \u00c9 INTERFER\u00caNCIA OU INDICA\u00c7\u00c3O DE DEPUTADOS?"}, {"id": "5931", "ano": "2019", "numero": "108", "tipo__sigla": "REQ", "tipo__descricao": "Requerimento", "autoria": "Adriano Moreira, Cabo Nunes , Cida Marcelino, Joanes Bosco, Josiane Protetora dos Animais, Lalinho Duzinho, Preto, Professor Elias Izaias, Quelli C\u00e1ssia Couto", "texto_original": "http://sapl.lagoadaprata.mg.leg.br/media/sapl/public/materialegislativa/2019/5931/requerimento_108-2019_-_todos_os_vereadores_-_c_0hTY2Iz.pdf", "ementa": "OS VEREADORES INFRA-ASSINADOS, NA FORMA REGIMENTAL, REQUEREM A VOSSA EXCEL\u00caNCIA, CONSULTADO O PLEN\u00c1RIO, QUE SEJA ENVIADO OF\u00cdCIO AO CHEFE DO PODER EXECUTIVO MUNICIPAL ENCAMINHANDO O PRESENTE REQUERIMENTO, FRUTO DO TRABALHO DOS VEREADORES MIRINS, QUE SOLICITA AOS ILUSTRES SECRET\u00c1RIOS MUNICIPAIS ABAIXO MENCIONADOS, CADA UM EM SUA RESPECTIVA \u00c1REA DE ATUA\u00c7\u00c3O, QUE INFORMEM O SEGUINTE: ..."}, {"id": "5932", "ano": "2019", "numero": "109", "tipo__sigla": "REQ", "tipo__descricao": "Requerimento", "autoria": "Adriano Moreira, Cabo Nunes ", "texto_original": "http://sapl.lagoadaprata.mg.leg.br/media/sapl/public/materialegislativa/2019/5932/requerimento_109-2019_-_adriano_e_nunes_-_trevo_13WNDzF.pdf", "ementa": "OS  VEREADORES INFRA-ASSINADOS, NA FORMA REGIMENTAL E CONSULTADO O PLEN\u00c1RIO, REQUEREM A VOSSA EXCEL\u00caNCIA QUE SEJA ENVIADO OF\u00cdCIO AO CHEFE DO PODER EXECUTIVO MUNICIPAL ENCAMINHANDO O PRESENTE REQUERIMENTO QUE SOLICITA \u00c0 SECRET\u00c1RIA DE OBRAS E URBANISMO, QUE INFORME A ESTA CASA SE H\u00c1 POSSIBILIDADE DE UMA A\u00c7\u00c3O CONJUNTA, EM PARCERIA COM O DEER/MG, VISANDO A CONSTRU\u00c7\u00c3O DE UM TREVO NA RODOVIA MG-429, ONDE D\u00c1 ACESSO AO DISTRITO DE MARTINS GUIMAR\u00c3ES, QUE RECEBERA RECENTEMENTE A PAVIMENTA\u00c7\u00c3O ASF\u00c1LTICA."}, {"id": "5936", "ano": "2019", "numero": "110", "tipo__sigla": "REQ", "tipo__descricao": "Requerimento", "autoria": "Cabo Nunes ", "texto_original": "http://sapl.lagoadaprata.mg.leg.br/media/sapl/public/materialegislativa/2019/5936/requerimento_110-2019_-_nunes_-_banheiros_quimi_N5XPNU6.pdf", "ementa": "O VEREADOR INFRA-ASSINADO, NA FORMA REGIMENTAL E CONSULTADO O PLEN\u00c1RIO, REQUER A VOSSA EXCEL\u00caNCIA QUE SEJA ENVIADO OF\u00cdCIO AO CHEFE DO PODER EXECUTIVO MUNICIPAL ENCAMINHANDO O PRESENTE REQUERIMENTO, QUE SOLICITA \u00c0 SECRET\u00c1RIA DE ASSIST\u00caNCIA SOCIAL, QUE INFORME A ESTA CASA SE H\u00c1 POSSIBILIDADE DE SE ADQUIRIR BANHEIROS QU\u00cdMICOS PARA USO DOS PRODUTORES E FREGUESES NAS HORTAS COMUNIT\u00c1RIAS SITUADAS NO MUNIC\u00cdPIO."}, {"id": "5937", "ano": "2019", "numero": "111", "tipo__sigla": "REQ", "tipo__descricao": "Requerimento", "autoria": "Cida Marcelino, Joanes Bosco, Professor Elias Izaias, Quelli C\u00e1ssia Couto", "texto_original": "http://sapl.lagoadaprata.mg.leg.br/media/sapl/public/materialegislativa/2019/5937/requerimento_111-2019_-_cida_-_motoristas_efeti_M6XLMZz.pdf", "ementa": "OS VEREADORES INFRA-ASSINADOS, NA FORMA REGIMENTAL, REQUEREM A VOSSA EXCEL\u00caNCIA, CONSULTADO O PLEN\u00c1RIO, SEJA ENVIADO OF\u00cdCIO AO CHEFE DO PODER EXECUTIVO MUNICIPAL, ENCAMINHANDO O PRESENTE REQUERIMENTO QUE SOLICITA AO SECRET\u00c1RIO DE ADMINISTRA\u00c7\u00c3O E GOVERNO, JOS\u00c9 TE\u00d3FILO FILHO, QUE INFORME A ESTA CASA, CONSULTANDO OUTROS SECRET\u00c1RIOS SE FOR PRECISO, QUAIS S\u00c3O OS MOTORISTAS EFETIVOS DO MUNIC\u00cdPIO, QUANTOS ATUAM PELA SECRETARIA DE SA\u00daDE, OS NOMES DOS MESMOS, QUAIS S\u00c3O OS QUE REALIZAM VIAGENS PARA BELO HORIZONTE, DIVIN\u00d3POLIS, FORMIGA E OUTRAS CIDADES."}, {"id": "5938", "ano": "2019", "numero": "112", "tipo__sigla": "REQ", "tipo__descricao": "Requerimento", "autoria": "Preto", "texto_original": "http://sapl.lagoadaprata.mg.leg.br/media/sapl/public/materialegislativa/2019/5938/requerimento_112-2019_-_preto_-_volta_dos_curat_kSobmm7.pdf", "ementa": "O VEREADOR INFRA-ASSINADO, NA FORMA REGIMENTAL E CONSULTADO O PLEN\u00c1RIO, REQUER A VOSSA EXCEL\u00caNCIA QUE SEJA ENVIADO OF\u00cdCIO AO CHEFE DO PODER EXECUTIVO MUNICIPAL ENCAMINHANDO O PRESENTE REQUERIMENTO, QUE SOLICITA AO SECRET\u00c1RIO DE SA\u00daDE, QUE INFORME A ESTA CASA SE H\u00c1 POSSIBILIDADE DE SE VIABILIZAR A VOLTA DOS CURATIVOS DOMICILIARES, REALIZADOS AOS DOMINGOS E FERIADOS."}, {"id": "5939", "ano": "2019", "numero": "113", "tipo__sigla": "REQ", "tipo__descricao": "Requerimento", "autoria": "Professor Elias Izaias", "texto_original": "http://sapl.lagoadaprata.mg.leg.br/media/sapl/public/materialegislativa/2019/5939/requerimento_113-2019_-_professor_elias_-_munic_qH20lxN.pdf", "ementa": "O VEREADOR INFRA-ASSINADO, NA FORMA REGIMENTAL, REQUER A VOSSA EXCEL\u00caNCIA, CONSULTADO O PLEN\u00c1RIO, SEJA ENVIADO OF\u00cdCIO AO CHEFE DO PODER EXECUTIVO MUNICIPAL ENCAMINHANDO O PRESENTE REQUERIMENTO QUE SOLICITA AO ILUSTRE SECRET\u00c1RIO MUNICIPAL DE ADMINISTRA\u00c7\u00c3O E GOVERNO, QUE INFORME A ESTA CASA SE H\u00c1 PREVIS\u00c3O PARA \u201cMUNICIPALIZA\u00c7\u00c3O DO TR\u00c2NSITO\u201d E SE EST\u00c3O SENDO FEITOS ESTUDOS NESTE SENTIDO."}, {"id": "5944", "ano": "2019", "numero": "114", "tipo__sigla": "REQ", "tipo__descricao": "Requerimento", "autoria": "Adriano Moreira", "texto_original": "http://sapl.lagoadaprata.mg.leg.br/media/sapl/public/materialegislativa/2019/5944/requerimento_114-2019_-_adriano_-_limpeza_vias__teAO7Cc.pdf", "ementa": "O VEREADOR INFRA-ASSINADO, NA FORMA REGIMENTAL, REQUER A VOSSA EXCEL\u00caNCIA, CONSULTADO O PLEN\u00c1RIO, QUE SEJA ENVIADO OF\u00cdCIO AO CHEFE DO PODER EXECUTIVO MUNICIPAL, ENCAMINHANDO O PRESENTE REQUERIMENTO QUE SOLICITA AO SECRET\u00c1RIO DE TRANSPORTES E LIMPEZA P\u00daBLICA, S\u00c9RGIO OTONI OLIVEIRA, QUE INFORME A ESTA CASA SE H\u00c1 POSSIBILIDADE DE SE REALIZAR AMPLA LIMPEZA EM TODAS AS VIAS P\u00daBICAS DO BAIRRO SOL NASCENTE E TAMB\u00c9M DA RUA OL\u00cdMPIO CRIOULO, NO BAIRRO AM\u00c9RICO SILVA."}, {"id": "5945", "ano": "2019", "numero": "115", "tipo__sigla": "REQ", "tipo__descricao": "Requerimento", "autoria": "Cida Marcelino, Professor Elias Izaias", "texto_original": "http://sapl.lagoadaprata.mg.leg.br/media/sapl/public/materialegislativa/2019/5945/requerimento_115-2019_-_cida_-_seguranca_para_c_E88Y9lS.pdf", "ementa": "OS VEREADORES INFRA-ASSINADO, NA FORMA REGIMENTAL, REQUER A VOSSA EXCEL\u00caNCIA, CONSULTADO O PLEN\u00c1RIO, SEJA ENVIADO OF\u00cdCIO AO CHEFE DO PODER EXECUTIVO MUNICIPAL,  ENCAMINHANDO O PRESENTE REQUERIMENTO QUE SOLICITA AO SECRET\u00c1RIO DE ADMINISTRA\u00c7\u00c3O E GOVERNO, JOS\u00c9 TE\u00d3FILO FILHO, QUE INFORMEM A ESTA CASA A POSSIBILIDADE DE SE APRIMORAR A SEGURAN\u00c7A NOS ESTABELECIMENTOS MUNICIPAIS DAS \u00c1REAS DE EDUCA\u00c7\u00c3O E SA\u00daDE, COMO EXEMPLO, CRECHES, ESCOLAS, UBS\u2019S, UPA ETC. INFORMEM TAMB\u00c9M A POSSIBILIDADE DE SE FAZER USO DOS SERVI\u00c7OS DA GUARDA CIVIL MUNICIPAL E DE EQUIPAMENTOS DE SEGURAN\u00c7A, TANTO QUANTO POSS\u00cdVEL, PARA MAIOR PROTE\u00c7\u00c3O NESTES LOCAIS P\u00daBLICOS."}, {"id": "5946", "ano": "2019", "numero": "116", "tipo__sigla": "REQ", "tipo__descricao": "Requerimento", "autoria": "Preto", "texto_original": "http://sapl.lagoadaprata.mg.leg.br/media/sapl/public/materialegislativa/2019/5946/requerimento_116-2019_-_preto_-_veiculo_guarda__gaqFtQB.pdf", "ementa": "O VEREADOR INFRA-ASSINADO, NA FORMA REGIMENTAL E CONSULTADO O PLEN\u00c1RIO, REQUER A VOSSA EXCEL\u00caNCIA QUE SEJA ENVIADO OF\u00cdCIO AO CHEFE DO PODER EXECUTIVO MUNICIPAL ENCAMINHANDO O PRESENTE REQUERIMENTO, QUE SOLICITA AO SECRET\u00c1RIO MUNICIPAL DE ADMINISTRA\u00c7\u00c3O E GOVERNO, QUE INFORME A ESTA CASA SE H\u00c1 POSSIBILIDADE DE SE ADQUIRIR COM URG\u00caNCIA UM VE\u00cdCULO COM ADAPTA\u00c7\u00d5ES NECESS\u00c1RIAS PARA TRANSPORTE DE PESSOAS DETIDAS PELA GUARDA CIVIL MUNICIPAL."}, {"id": "5947", "ano": "2019", "numero": "117", "tipo__sigla": "REQ", "tipo__descricao": "Requerimento", "autoria": "Cabo Nunes ", "texto_original": "http://sapl.lagoadaprata.mg.leg.br/media/sapl/public/materialegislativa/2019/5947/requerimento_117-2019_-_nunes_-_limpeza-_15-07.pdf", "ementa": "O VEREADOR INFRA-ASSINADO, NA FORMA REGIMENTAL, REQUER A VOSSA EXCEL\u00caNCIA, CONSULTADO O PLEN\u00c1RIO, QUE SEJA ENVIADO OF\u00cdCIO AO CHEFE DO PODER EXECUTIVO MUNICIPAL, ENCAMINHANDO O PRESENTE REQUERIMENTO QUE SOLICITA AO SECRET\u00c1RIO DE TRANSPORTES E LIMPEZA P\u00daBLICA, S\u00c9RGIO OTONI OLIVEIRA, QUE INFORME A ESTA CASA SE H\u00c1 POSSIBILIDADE DE REALIZAR COM URG\u00caNCIA LIMPEZA GERAL NO BAIRRO DOS BURITIS E FISCALIZA\u00c7\u00c3O NA LIMPEZA DOS LOTES."}, {"id": "5948", "ano": "2019", "numero": "118", "tipo__sigla": "REQ", "tipo__descricao": "Requerimento", "autoria": "Joanes Bosco, Josiane Protetora dos Animais", "texto_original": "http://sapl.lagoadaprata.mg.leg.br/media/sapl/public/materialegislativa/2019/5948/requerimento_118-2019_-_joanes_e_josiane_-_sess_jigM0iA.pdf", "ementa": "seja realizada ainda este ano, a Sess\u00e3o Solene em Homenagem P\u00f3stuma a\r\nEx-autoridades, Resolu\u00e7\u00e3o n\u00ba 409/2002."}, {"id": "5949", "ano": "2019", "numero": "119", "tipo__sigla": "REQ", "tipo__descricao": "Requerimento", "autoria": "Josiane Protetora dos Animais", "texto_original": "http://sapl.lagoadaprata.mg.leg.br/media/sapl/public/materialegislativa/2019/5949/requerimento_119-2019_-_josiane.pdf", "ementa": "seja enviado of\u00edcio ao Chefe do Poder Executivo, encaminhando o presente Requerimento,\r\nque solicita ao Secret\u00e1rio de Transportes e Limpeza P\u00fablica, que informe a esta\r\nCasa se h\u00e1 possibilidade de se recolocar as placas de sinaliza\u00e7\u00e3o em diversas vias p\u00fablicas do\r\nmunic\u00edpio, haja vista que essas placas j\u00e1 existiram, foram tiradas e/ou arrancadas por v\u00e2ndalos,\r\ne n\u00e3o foram feita as substitui\u00e7\u00f5es, tendo sido observado que falta na Av. Fern\u00e3o Dias com\r\na Rua Goias, Rua Piau\u00ed com a Rua Goias, Rua Rosa Maciel com a Rua Maranh\u00e3o, Rua Maranh\u00e3o\r\ncom a AV. Fern\u00e3o Dias, na Rua da Guarda Municipal com a Rua Rio Grande do Norte,\r\nna Av. Brasil, ao lado do Banco do Brasil, e muitos outros pontos. Devido o grande fluxo de\r\nve\u00edculos, as placas de sinaliza\u00e7\u00e3o s\u00e3o de grande valia."}, {"id": "5950", "ano": "2019", "numero": "120", "tipo__sigla": "REQ", "tipo__descricao": "Requerimento", "autoria": "Quelli C\u00e1ssia Couto, Cida Marcelino, Josiane Protetora dos Animais", "texto_original": "http://sapl.lagoadaprata.mg.leg.br/media/sapl/public/materialegislativa/2019/5950/requerimento_120-2019_-_quelli_-_outubro.pdf", "ementa": "seja enviado of\u00edcio \u00e0 Mesa Diretora da C\u00e2mara Municipal, solicitando \u00e0 mesma que realize no m\u00eas de outubro do corrente ano, \"Outubro Rosa\", encontro das lideran\u00e7as politicas e sociais femininas da Regi\u00e3o Centro-Oeste de Minas, com o intuito de discutir o papel das mulheres na constru\u00e7\u00e3o de pol\u00edticas p\u00fablicas voltadas para as mulheres e a participa\u00e7\u00e3o das mulheres na pol\u00edtica."}, {"id": "5956", "ano": "2019", "numero": "121", "tipo__sigla": "REQ", "tipo__descricao": "Requerimento", "autoria": "Joanes Bosco", "texto_original": "http://sapl.lagoadaprata.mg.leg.br/media/", "ementa": "que se envie of\u00edcio \u00e0 Diretora do Servi\u00e7o Aut\u00f4nomo de \u00c1gua e Esgoto de Lagoa da Prata \u2013 SAAE-LP, solicitando \u00e0 mesma que informe a esta Casa se h\u00e1 possibilidade da Autarquia Municipal adquirir um caminh\u00e3o desentupidor de rede de esgoto."}, {"id": "5957", "ano": "2019", "numero": "122", "tipo__sigla": "REQ", "tipo__descricao": "Requerimento", "autoria": "Cida Marcelino, Quelli C\u00e1ssia Couto", "texto_original": "http://sapl.lagoadaprata.mg.leg.br/media/sapl/public/materialegislativa/2019/5957/requerimento_122-2019_-.pdf", "ementa": "seja enviado of\u00edcio ao Chefe do Poder Executivo Municipal,  encaminhando o presente Requerimento que solicita ao Secret\u00e1rio de Administra\u00e7\u00e3o e Governo, Jos\u00e9 Te\u00f3filo Filho, que informe a esta Casa, se h\u00e1 possibilidade de se iniciar a entrega das cestas b\u00e1sicas aos servidores do Poder Executivo Municipal, na mesma data em que cestas s\u00e3o repassadas ao Sr. Edson para entrega aos servidores que pagam por este servi\u00e7o."}, {"id": "5961", "ano": "2019", "numero": "123", "tipo__sigla": "REQ", "tipo__descricao": "Requerimento", "autoria": "Cabo Nunes ", "texto_original": "http://sapl.lagoadaprata.mg.leg.br/media/", "ementa": "que seja enviado of\u00edcio ao Chefe do Poder Executivo Municipal, encaminhando o presente Requerimento que solicita \u00e0 Secret\u00e1ria de Obras e Urbanismo, Anita de Bessas Adonin e ao         Secret\u00e1rio de Transportes e Limpeza P\u00fablica, S\u00e9rgio Otoni Oliveira, que informem a esta Casa se h\u00e1     possibilidade de se realizar, com urg\u00eancia, a reforma da ponte e da estrada que faz liga\u00e7\u00e3o com o Distrito Industrial, o Aterro Sanit\u00e1rio e com o Parque de Exposi\u00e7\u00e3o de nossa cidade.\r\n\r\n\tQue seja enviado of\u00edcio tamb\u00e9m \u00e0 Diretoria da BIOSEV, encaminhando c\u00f3pia deste          Requerimento, para que estudem a possibilidade de uma parceria para a realiza\u00e7\u00e3o da mencionada obra, considerando que a empresa tamb\u00e9m utiliza esta ponte."}, {"id": "5963", "ano": "2019", "numero": "124", "tipo__sigla": "REQ", "tipo__descricao": "Requerimento", "autoria": "Professor Elias Izaias", "texto_original": "http://sapl.lagoadaprata.mg.leg.br/media/sapl/public/materialegislativa/2019/5963/requerimento_124-2019_-_elias_-_instalacao_play_49I6bCY.pdf", "ementa": "O VEREADOR INFRA-ASSINADO NA FORMA REGIMENTAL, REQUER A VOSSA EXCEL\u00caNCIA, CONSULTADO O PLEN\u00c1RIO, QUE SEJA ENVIADO OF\u00cdCIO AO CHEFE DO PODER EXECUTIVO MUNICIPAL ENCAMINHANDO O PRESENTE REQUERIMENTO, QUE SOLICITA AO SECRET\u00c1RIO DE CULTURA E TURISMO QUE INFORME A ESTA CASA SE H\u00c1 POSSIBILIDADE DE SE INSTALAR UM PLAYGROUND INCLUSIVO NA PRAIA P\u00daBLICA MUNICIPAL."}, {"id": "5964", "ano": "2019", "numero": "125", "tipo__sigla": "REQ", "tipo__descricao": "Requerimento", "autoria": "Cabo Nunes ", "texto_original": "http://sapl.lagoadaprata.mg.leg.br/media/sapl/public/materialegislativa/2019/5964/requerimento_125-2019_-_nunes_-_recapeamento_da_ux52o8K.pdf", "ementa": "O VEREADOR INFRA-ASSINADO, NA FORMA REGIMENTAL, REQUER A VOSSA EXCEL\u00caNCIA, CONSULTADO O PLEN\u00c1RIO, QUE SEJA ENVIADO OF\u00cdCIO AO CHEFE DO PODER EXECUTIVO MUNICIPAL, ENCAMINHANDO O PRESENTE REQUERIMENTO QUE SOLICITA \u00c0 SECRET\u00c1RIA DE OBRAS E URBANISMO, ANITA DE BESSAS ADONIN, QUE INFORME A ESTA CASA SE H\u00c1 POSSIBILIDADE DE SE REALIZAR, COM URG\u00caNCIA, O RECAPEAMENTO DA AV. FERN\u00c3O DIAS, NESTA CIDADE."}, {"id": "5965", "ano": "2019", "numero": "126", "tipo__sigla": "REQ", "tipo__descricao": "Requerimento", "autoria": "Josiane Protetora dos Animais", "texto_original": "http://sapl.lagoadaprata.mg.leg.br/media/sapl/public/materialegislativa/2019/5965/requerimento_126-2019_-_josiane_-_retirada_de_a_r1qSr4E.pdf", "ementa": "SERVIMO-NOS DO PRESENTE, COM FULCRO NO ARTIGO 88 DO REGIMENTO INTERNO DESTA CASA, PARA REQUERER A RETIRADA DE MEU NOME COMO COAUTORA DO PROJETO DE RESOLU\u00c7\u00c3O N\u00ba 8/2019, QUE \u201cSUPRIME O \u00a7 5\u00ba DO ARTIGO 2\u00ba DA RESOLU\u00c7\u00c3O 750/2017, QUE REGULAMENTA O CONTROLE DE PRESEN\u00c7A E FALTAS DOS VEREADORES \u00c0S REUNI\u00d5ES E SESS\u00d5ES DA C\u00c2MARA MUNICIPAL DE LAGOA DA PRATA\u201d."}, {"id": "5962", "ano": "2019", "numero": "127", "tipo__sigla": "REQ", "tipo__descricao": "Requerimento", "autoria": "Preto", "texto_original": "http://sapl.lagoadaprata.mg.leg.br/media/sapl/public/materialegislativa/2019/5962/requerimento_127-2019_-_preto_-_adiamento_de_vo_ziJ45xC.pdf", "ementa": "O VEREADOR INFRA-ASSINADO NA FORMA REGIMENTAL, REQUER A VOSSA EXCEL\u00caNCIA, CONSULTADO O PLEN\u00c1RIO, SEJA ADIADA PARA A PR\u00d3XIMA REUNI\u00c3O ORDIN\u00c1RIA, A PRIMEIRA DISCUSS\u00c3O E VOTA\u00c7\u00c3O DO PROJETO DE LEI EM N\u00ba 59/2019."}, {"id": "5969", "ano": "2019", "numero": "128", "tipo__sigla": "REQ", "tipo__descricao": "Requerimento", "autoria": "Joanes Bosco", "texto_original": "http://sapl.lagoadaprata.mg.leg.br/media/sapl/public/materialegislativa/2019/5969/requerimento_128-2019_-_joanes_-_drenagem_pluvi_1WH2GcZ.pdf", "ementa": "O VEREADOR INFRA-ASSINADO, NA FORMA REGIMENTAL E CONSULTADO O PLEN\u00c1RIO, REQUER A VOSSA EXCEL\u00caNCIA QUE ENVIE OF\u00cdCIO AO CHEFE DO PODER EXECUTIVO MUNICIPAL, ENCAMINHANDO ESTE REQUERIMENTO, QUE SOLICITA \u00c0 SECRET\u00c1RIA DE OBRAS E URBANISMO, ANITA DE BESSAS ADONIN, QUE INFORME A ESTA CASA, SE O PROBLEMA DE ESCOAMENTO DAS \u00c1GUAS PLUVIAIS EXISTENTE NA AVENIDA ISABEL DE CASTRO, NO TRECHO ENTRE A RUA LUZ E A RUA CASSIMIRO DE ABREU, SER\u00c1 SOLUCIONADO ANTES DA PAVIMENTA\u00c7\u00c3O ASF\u00c1LTICA PREVISTA NA RELA\u00c7\u00c3O DE VIAS A SEREM PAVIMENTADAS COM OS RECURSOS ADVINDOS DO FINANCIAMENTO JUNTO AO BDMG, CASO O PROJETO SEJA APROVADO."}, {"id": "5970", "ano": "2019", "numero": "129", "tipo__sigla": "REQ", "tipo__descricao": "Requerimento", "autoria": "Cabo Nunes ", "texto_original": "http://sapl.lagoadaprata.mg.leg.br/media/sapl/public/materialegislativa/2019/5970/requerimento_129-2019_-_nunes_-_adia_a_reuniao_19-08.pdf", "ementa": "O VEREADOR INFRA-ASSINADO, NA FORMA REGIMENTAL, REQUER A VOSSA EXCEL\u00caNCIA, CONSULTADO O PLEN\u00c1RIO, QUE A REUNI\u00c3O ORDIN\u00c1RIA DO DIA 09 DE SETEMBRO DE 2019 SEJA ADIADA PARA O DIA 10 DE SETEMBRO DE 2019, TER\u00c7A-FEIRA."}, {"id": "5971", "ano": "2019", "numero": "130", "tipo__sigla": "REQ", "tipo__descricao": "Requerimento", "autoria": "Quelli C\u00e1ssia Couto", "texto_original": "http://sapl.lagoadaprata.mg.leg.br/media/sapl/public/materialegislativa/2019/5971/requerimento_130-2019_-_quelli_-_emendas_imposi_ov7Yzb2.pdf", "ementa": "A VEREADORA INFRA-ASSINADA, NA FORMA REGIMENTAL, REQUER A VOSSA EXCEL\u00caNCIA, CONSULTADO O PLEN\u00c1RIO, SEJA ENVIADO OF\u00cdCIOS AO SECRET\u00c1RIO MUNICIPAL DE ADMINISTRA\u00c7\u00c3O E GOVERNO, SR JOS\u00c9 TE\u00d3FILO FILHO E A SECRET\u00c1RIA MUNICIPAL DE FAZENDA, SRTA. N\u00cdVEA MARIA DE MELO, SOLICITANDO AOS MESMOS QUE INFORMEM A ESSA CASA, SE EXISTE PREVIS\u00c3O PARA LIBERA\u00c7\u00c3O E PAGAMENTO DAS EMENDAS IMPOSITIVAS, VOTADAS E APROVADAS POR ESSA C\u00c2MARA LEGISLATIVA, QUANDO DA APROVA\u00c7\u00c3O DA LEI OR\u00c7AMENTARIA EM VIGOR E QUE SE DESTINAM A ATENDER DIVERSAS ENTIDADES BENEFICENTES DE NOSSA CIDADE (LISTA ANEXA), QUE INFORME AINDA: OS CRIT\u00c9RIOS QUE SER\u00c3O ADOTADOS NO CRONOGRAMA DE LIBERA\u00c7\u00c3O E SE TODAS AS ENTIDADES QUE FORAM INDICADAS PELAS EMENDAS AO PROJETO SER\u00c3O ATENDIDAS, SE ACASO, ALGUMA ENTIDADE N\u00c3O FOR ATENDIDA QUE AS REFERIDAS SECRETARIAS INFORMEM A ESSA CASA A RAZ\u00c3O DO N\u00c3O ATENDIMENTO."}, {"id": "5979", "ano": "2019", "numero": "131", "tipo__sigla": "REQ", "tipo__descricao": "Requerimento", "autoria": "Joanes Bosco", "texto_original": "http://sapl.lagoadaprata.mg.leg.br/media/sapl/public/materialegislativa/2019/5979/requerimento_131-2019_-_joanes_-_limpeza-_26-08.pdf", "ementa": "O VEREADOR INFRA-ASSINADO, NA FORMA REGIMENTAL, REQUER A VOSSA EXCEL\u00caNCIA, CONSULTADO O PLEN\u00c1RIO, QUE SEJA ENVIADO OF\u00cdCIO AO CHEFE DO PODER EXECUTIVO MUNICIPAL, ENCAMINHANDO O PRESENTE REQUERIMENTO QUE SOLICITA AO SECRET\u00c1RIO DE TRANSPORTES E LIMPEZA P\u00daBLICA, S\u00c9RGIO OTONI OLIVEIRA, QUE INFORME A ESTA CASA SE H\u00c1 POSSIBILIDADE DE SE REALIZAR, COM URG\u00caNCIA, A LIMPEZA E FISCALIZA\u00c7\u00c3O NOS LOTES VAGOS DE PROPRIEDADE DO MUNIC\u00cdPIO, SITUADOS NO CONJUNTO HABITACIONAL \u00c2NGELO TEODORO, NESTA CIDADE."}, {"id": "5980", "ano": "2019", "numero": "132", "tipo__sigla": "REQ", "tipo__descricao": "Requerimento", "autoria": "Preto, Cabo Nunes ", "texto_original": "http://sapl.lagoadaprata.mg.leg.br/media/sapl/public/materialegislativa/2019/5980/requerimento_132-2019_-_preto_nunes_-_energia_s_EEWYNx6.pdf", "ementa": "O VEREADOR INFRA-ASSINADO, NA FORMA REGIMENTAL E CONSULTADO O PLEN\u00c1RIO, REQUER A VOSSA EXCEL\u00caNCIA QUE SEJA ENVIADO OF\u00cdCIO AO CHEFE DO PODER EXECUTIVO MUNICIPAL ENCAMINHANDO O PRESENTE REQUERIMENTO, QUE SOLICITA AO SECRET\u00c1RIO DE ADMINISTRA\u00c7\u00c3O E        GOVERNO, QUE INFORME A ESTA CASA, SE H\u00c1 A POSSIBILIDADE DE SE FAZER UM ESTUDO PARA UTILIZAR A ENERGIA SOLAR COMO FONTE DE ABASTECIMENTO PARA OS PR\u00c9DIOS P\u00daBLICOS. SOLICITA AINDA, QUE SEJA ENVIADO OF\u00cdCIO \u00c0 DIRETORA DO SAAE-LP PARA QUE A MESMA FA\u00c7A TAMB\u00c9M UM ESTUDO E VEJA A POSSIBILIDADE DE SE UTILIZAR A ENERGIA SOLAR."}, {"id": "5981", "ano": "2019", "numero": "133", "tipo__sigla": "REQ", "tipo__descricao": "Requerimento", "autoria": "Quelli C\u00e1ssia Couto", "texto_original": "http://sapl.lagoadaprata.mg.leg.br/media/sapl/public/materialegislativa/2019/5981/requerimento_133-2019_-_quelli_-_abaixo-assinado_26-08.pdf", "ementa": "A VEREADORA INFRA-ASSINADA, NA FORMA REGIMENTAL, REQUER A VOSSA EXCEL\u00caNCIA, CONSULTADO O PLEN\u00c1RIO, QUE SEJA ENVIADO AO REPRESENTANTE DO MINIST\u00c9RIO P\u00daBLICO DO ESTADO DE MINAS GERAIS, EXMO. SR. LU\u00cdS AUGUSTO DE REZENDE PENA, PROMOTOR DE JUSTI\u00c7A DA COMARCA DE LAGOA DA PRATA, OF\u00cdCIO SOLICITANDO AO MESMO QUE, ENTENDENDO ESTAR DENTRO DE SUAS ATRIBUI\u00c7\u00d5ES, SOLICITE DAS PESSOAS RESPONS\u00c1VEIS; A SABER: SENHORA VERA L\u00daCIA NOGUEIRA SILVA RIBEIRO E SENHORA CRISTIELE REZENDE ALVES, QUE ORGANIZAM ABAIXO-ASSINADO NO MUNIC\u00cdPIO DE LAGOA DA PRATA COM O OBJETIVO DE REALIZAR AUDITORIA NO HOSPITAL S\u00c3O CARLOS, QUE ENCAMINHE AO MINIST\u00c9RIO P\u00daBLICO DA COMARCA OS FATOS QUE SUSTENTAM A REALIZA\u00c7\u00c3O DA REFERIDA AUDITORIA E QUE PORTANTO, SERVEM DE ARGUMENTOS PARA A \u201cCOLHEITA\u201d DE ASSINATURAS AO REFERIDO PROCESSO E AINDA, QUE DIANTE DA APRESENTA\u00c7\u00c3O DOS FUNDAMENTOS TOME AS DEVIDAS PROVID\u00caNCIAS."}, {"id": "5982", "ano": "2019", "numero": "134", "tipo__sigla": "REQ", "tipo__descricao": "Requerimento", "autoria": "Cida Marcelino", "texto_original": "http://sapl.lagoadaprata.mg.leg.br/media/sapl/public/materialegislativa/2019/5982/requerimento_134-2019_-_cida_-_limpeza_praca_do_TnkOO7G.pdf", "ementa": "A VEREADORA INFRA-ASSINADA, NA FORMA REGIMENTAL, REQUER A VOSSA EXCEL\u00caNCIA, CONSULTADO O PLEN\u00c1RIO, SEJA ENVIADO OF\u00cdCIO AO CHEFE DO PODER EXECUTIVO MUNICIPAL ENCAMINHANDO O PRESENTE REQUERIMENTO QUE SOLICITA AO SECRET\u00c1RIO MUNICIPAL DE MEIO AMBIENTE, BEM COMO AO DE TRANSPORTES E LIMPEZA P\u00daBLICA, QUE INFORMEM A ESTA CASA SE H\u00c1 POSSIBILIDADE DE SE EFETUAR A LIMPEZA E AGUAR AS PLANTAS E \u00c1RVORES DA PRA\u00c7A DONA ALEXANDRINA (MUSEU) E DA PRA\u00c7A CAPIT\u00c3O BAHIA, ASSIM COMO A REFORMA DA ILUMINA\u00c7\u00c3O P\u00daBLICA DESTA \u00daLTIMA PRA\u00c7A QUE FORA CITADA."}, {"id": "5986", "ano": "2019", "numero": "135", "tipo__sigla": "REQ", "tipo__descricao": "Requerimento", "autoria": "Cabo Nunes ", "texto_original": "http://sapl.lagoadaprata.mg.leg.br/media/sapl/public/materialegislativa/2019/5986/requerimento_135-2019_-_nunes_-_sinal_de_tv_02-09.pdf", "ementa": "O VEREADOR INFRA-ASSINADO, NA FORMA REGIMENTAL E CONSULTADO O PLEN\u00c1RIO, REQUER A VOSSA EXCEL\u00caNCIA QUE SEJA ENVIADO OF\u00cdCIO AO CHEFE DO PODER EXECUTIVO MUNICIPAL ENCAMINHANDO O PRESENTE REQUERIMENTO, SOLICITANDO AO SECRET\u00c1RIO DE ADMINISTRA\u00c7\u00c3O E        GOVERNO, QUE INFORME A ESTA CASA SE H\u00c1 POSSIBILIDADE DE SE ENVIAR OF\u00cdCIO AOS DIRETORES RESPONS\u00c1VEIS PELAS EMPRESAS REDE GLOBO DE TELEVIS\u00c3O, TV BANDEIRANTES, TV ALTEROSA, TV RECORD E DE OUTRAS QUE TAMB\u00c9M POSSUAM SINAL DE TRANSMISS\u00c3O EM NOSSO MUNIC\u00cdPIO, SOLICITANDO QUE SEJAM FEITAS MELHORIAS NESTES SINAIS E NA ANTENA REPETIDORA DO SINAL. QUE INFORME AINDA, QUEM \u00c9 O T\u00c9CNICO RESPONS\u00c1VEL PELA MANUTEN\u00c7\u00c3O DOS EQUIPAMENTOS RECEPTORES E TRANSMISSORES DOS SINAIS DE TV, EM NOSSO MUNIC\u00cdPIO."}, {"id": "5987", "ano": "2019", "numero": "136", "tipo__sigla": "REQ", "tipo__descricao": "Requerimento", "autoria": "Quelli C\u00e1ssia Couto", "texto_original": "http://sapl.lagoadaprata.mg.leg.br/media/sapl/public/materialegislativa/2019/5987/requerimento_136-2019_-_quelli_-_convoca_viviani_02-09.pdf", "ementa": "A VEREADORA INFRA-ASSINADA, NA FORMA REGIMENTAL E CONSULTADO O PLEN\u00c1RIO, REQUER A VOSSA EXCEL\u00caNCIA QUE SEJA ENVIADO OF\u00cdCIO AO CHEFE DO PODER EXECUTIVO MUNICIPAL ENCAMINHANDO O PRESENTE REQUERIMENTO, QUE CONVOCA A CONTADORA DO MUNIC\u00cdPIO, VIVIANI   ROCHA FONSECA, A COMPARECER A ESTA CASA, NO PRAZO REGIMENTAL E NOS TERMOS DA LEI ORG\u00c2NICA DO MUNIC\u00cdPIO, EM HOR\u00c1RIO QUE MELHOR LHE CONVIER, PARA INFORMAR AOS VEREADORES E \u00c0 POPULA\u00c7\u00c3O A RESPEITO DE SUPERAVIT FINANCEIRO, RECURSOS VINCULADOS E N\u00c3O VINCULADOS E OUTROS ASSUNTOS INERENTES A ESTAS QUEST\u00d5ES."}, {"id": "5988", "ano": "2019", "numero": "137", "tipo__sigla": "REQ", "tipo__descricao": "Requerimento", "autoria": "Josiane Protetora dos Animais, Adriano Moreira, Cabo Nunes , Lalinho Duzinho, Preto", "texto_original": "http://sapl.lagoadaprata.mg.leg.br/media/sapl/public/materialegislativa/2019/5988/requerimento_137-2019_-_josiane_preto_lalinho_a_iGkdoAl.pdf", "ementa": "OS VEREADORES INFRA-ASSINADOS, NA FORMA REGIMENTAL E CONSULTADO O PLEN\u00c1RIO, REQUEREM A VOSSA EXCEL\u00caNCIA QUE SEJA ENVIADO OF\u00cdCIO AO DEPARTAMENTO NACIONAL DE AUDITORIA DO SUS, LOCALIZADO NA SRTVN, QUADRA 701, VIA W5 NORTE, LOTE D, EDIF\u00cdCIO PO 700, EM BRAS\u00cdLIA - DF, TELEFONE N\u00ba 61-3315-7973, SOLICITANDO A REALIZA\u00c7\u00c3O DE UMA AUDITORIA FINANCEIRA/CONT\u00c1BIL NA FUNDA\u00c7\u00c3O S\u00c3O CARLOS, MANTENEDORA DO HOSPITAL S\u00c3O CARLOS, QUE HOJE, \u00c9 NOSSO \u00daNICO HOSPITAL."}, {"id": "5989", "ano": "2019", "numero": "138", "tipo__sigla": "REQ", "tipo__descricao": "Requerimento", "autoria": "Adriano Moreira", "texto_original": "http://sapl.lagoadaprata.mg.leg.br/media/sapl/public/materialegislativa/2019/5989/requerimento_138-2019_-_adriano_-_delegado_de_p_6qxBcLD.pdf", "ementa": "O VEREADOR INFRA-ASSINADO, NA FORMA REGIMENTAL E CONSULTADO O PLEN\u00c1RIO, REQUER A VOSSA EXCEL\u00caNCIA QUE SEJA ENVIADO OF\u00cdCIO AO DELEGADO DE POL\u00cdCIA CIVIL DE LAGOA DA PRATA SOLICITANDO AO MESMO AS SEGUINTES INFORMA\u00c7\u00d5ES: POR MEIO DE RELAT\u00d3RIO, NOS INFORME O N\u00daMERO DE OPERA\u00c7\u00d5ES, PROCEDIMENTOS, DILIG\u00caNCIAS E ATENDIMENTOS REALIZADOS PELO REFERIDO DELEGADO DE POL\u00cdCIA; QUE NOS INFORME TAMB\u00c9M, O N\u00daMERO DE INQU\u00c9RITOS E/OU OUTROS PROCEDIMENTOS PR\u00d3PRIOS DA DEPOL, QUE FORAM REALIZADOS NO PRAZO LEGAL, BEM COMO, O N\u00daMERO DAQUELES QUE SE ENCONTRAM COM A TRAMITA\u00c7\u00c3O EM ATRASO NA DELEGACIA."}, {"id": "5990", "ano": "2019", "numero": "139", "tipo__sigla": "REQ", "tipo__descricao": "Requerimento", "autoria": "Lalinho Duzinho", "texto_original": "http://sapl.lagoadaprata.mg.leg.br/media/sapl/public/materialegislativa/2019/5990/requerimento_139-2019_-_lalinho_-_antecipa_reun_s6oX0J3.pdf", "ementa": "O VEREADOR INFRA-ASSINADO, NA FORMA REGIMENTAL, REQUER A VOSSA EXCEL\u00caNCIA, CONSULTADO O PLEN\u00c1RIO, QUE A REUNI\u00c3O ORDIN\u00c1RIA DO DIA 14 DE OUTUBRO DO CORRENTE ANO SEJA ANTECIPADA PARA O DIA 10 DE OUTUBRO DE 2019, UMA QUINTA-FEIRA."}, {"id": "5991", "ano": "2019", "numero": "140", "tipo__sigla": "REQ", "tipo__descricao": "Requerimento", "autoria": "Josiane Protetora dos Animais, Adriano Moreira, Cabo Nunes , Cida Marcelino, Joanes Bosco, Lalinho Duzinho, Preto, Professor Elias Izaias, Quelli C\u00e1ssia Couto", "texto_original": "http://sapl.lagoadaprata.mg.leg.br/media/sapl/public/materialegislativa/2019/5991/requerimento_140-2019_-_todos_-_camara_mirim_10-09.pdf", "ementa": "OS VEREADORES INFRA-ASSINADOS, NA FORMA REGIMENTAL, REQUEREM A VOSSA EXCEL\u00caNCIA, CONSULTADO O PLEN\u00c1RIO, QUE SEJA ENVIADO OF\u00cdCIO AO CHEFE DO PODER EXECUTIVO MUNICIPAL ENCAMINHANDO O PRESENTE REQUERIMENTO, FRUTO DO TRABALHO DOS VEREADORES MIRINS, QUE SOLICITA AOS ILUSTRES SECRET\u00c1RIOS MUNICIPAIS ABAIXO MENCIONADOS, CADA UM EM SUA RESPECTIVA \u00c1REA DE ATUA\u00c7\u00c3O, QUE INFORMEM O SEGUINTE: ..."}, {"id": "5992", "ano": "2019", "numero": "141", "tipo__sigla": "REQ", "tipo__descricao": "Requerimento", "autoria": "Cabo Nunes , Adriano Moreira", "texto_original": "http://sapl.lagoadaprata.mg.leg.br/media/sapl/public/materialegislativa/2019/5992/requerimento_141-2019_-_nunes_e_adriano_-_trans_dvkYv07.pdf", "ementa": "OS VEREADORES INFRA-ASSINADOS, NA FORMA REGIMENTAL E CONSULTADO O PLEN\u00c1RIO, REQUEREM A VOSSA EXCEL\u00caNCIA QUE SEJA ENVIADO OF\u00cdCIO AOS REPRESENTANTES DA EMPRESA TRANSNOVA,   ATUAL CONCESSION\u00c1RIA DOS SERVI\u00c7OS DE TRANSPORTE COLETIVO P\u00daBLICO NO MUNIC\u00cdPIO, SOLICITANDO AOS MESMOS QUE AGENDEM UMA REUNI\u00c3O COM OS VEREADORES PARA TRATARMOS DA POSSIBILIDADE DE SE MELHORAR OS TRAJETOS E HOR\u00c1RIOS DOS \u00d4NIBUS."}, {"id": "5993", "ano": "2019", "numero": "142", "tipo__sigla": "REQ", "tipo__descricao": "Requerimento", "autoria": "Quelli C\u00e1ssia Couto, Cida Marcelino, Joanes Bosco, Professor Elias Izaias", "texto_original": "http://sapl.lagoadaprata.mg.leg.br/media/sapl/public/materialegislativa/2019/5993/requerimento_142-2019_-_quelli_cida_elias_joane_PUzIYN6.pdf", "ementa": "AS VEREADORAS E OS VEREADORES INFRA-ASSINADOS, NA FORMA REGIMENTAL, REQUEREM A VOSSA EXCEL\u00caNCIA, CONSULTADO O PLEN\u00c1RIO, QUE SEJA ENVIADO OF\u00cdCIO AO CHEFE DA DELEGACIA REGIONAL DA POL\u00cdCIA FEDERAL, SITUADA EM DIVIN\u00d3POLIS \u2013 MG, ENCAMINHANDO ESTE REQUERIMENTO, QUE SOLICITA AO MESMO QUE INFORME A ESTA CASA DE LEIS SE H\u00c1 POSSIBILIDADE DE SE INSTAURAR PROCEDIMENTOS PR\u00d3PRIOS E PERTINENTES PARA A EXECU\u00c7\u00c3O DE INVESTIGA\u00c7\u00c3O NO USO DE RECURSOS P\u00daBLICOS VINCULADOS AO GOVERNO FEDERAL, APLICADOS PELA ADMINISTRA\u00c7\u00c3O P\u00daBLICA MUNICIPAL DE LAGOA DA PRATA \u2013 MG, CONFORME EXPLICA\u00c7\u00c3O CONTIDA NA JUSTIFICATIVA DESTE REQUERIMENTO, EM ESPECIAL: ..."}, {"id": "5994", "ano": "2019", "numero": "143", "tipo__sigla": "REQ", "tipo__descricao": "Requerimento", "autoria": "Preto", "texto_original": "http://sapl.lagoadaprata.mg.leg.br/media/sapl/public/materialegislativa/2019/5994/requerimento_143-2019_-_preto_-_rua_mestre_eucl_7V6laqh.pdf", "ementa": "O VEREADOR INFRA-ASSINADO, NA FORMA REGIMENTAL, REQUER A VOSSA EXCEL\u00caNCIA, CONSULTADO O PLEN\u00c1RIO, QUE SEJA ENVIADO OF\u00cdCIO AO CHEFE DO PODER EXECUTIVO MUNICIPAL ENCAMINHANDO O PRESENTE REQUERIMENTO QUE SOLICITA \u00c0 SECRET\u00c1RIA DE OBRAS E URBANISMO, QUE INFORME A ESTA CASA SE H\u00c1 POSSIBILIDADE DE SE REALIZAR A LIGA\u00c7\u00c3O DA RUA MESTRE EUCLIDES SILAMI GARCIA (RUA E), \u00c0 RUA DR. CARLOS BERNARDES, NO BAIRRO AM\u00c9RICO SILVA."}, {"id": "5995", "ano": "2019", "numero": "144", "tipo__sigla": "REQ", "tipo__descricao": "Requerimento", "autoria": "Cida Marcelino", "texto_original": "http://sapl.lagoadaprata.mg.leg.br/media/sapl/public/materialegislativa/2019/5995/requerimento_144-2019_-_cida_-_audiencia_public_vfdCAgr.pdf", "ementa": "A VEREADORA INFRA-ASSINADA, NA FORMA REGIMENTAL, REQUER A VOSSA EXCEL\u00caNCIA, OUVIDO O PLEN\u00c1RIO, SEJA ENVIADO OF\u00cdCIO \u00c0 DIRETORA DO SERVI\u00c7O AUT\u00d4NOMO DE \u00c1GUA E ESGOTO, SOLICITANDO \u00c0 MESMA QUE NOS INFORME SE H\u00c1 POSSIBILIDADE DE REALIZARMOS AUDI\u00caNCIA P\u00daBLICA NA C\u00c2MARA MUNICIPAL, COM TRANSMISS\u00c3O, PARA PRESTA\u00c7\u00c3O DE CONTAS DA REFERIDA AUTARQUIA MUNICIPAL, EM DATA PR\u00d3XIMA \u00c0 AUDI\u00caNCIA P\u00daBLICA DE PRESTA\u00c7\u00c3O DE CONTAS GERAL DO PODER EXECUTIVO MUNICIPAL, QUE OCORREM NOS MESES DE FEVEREIRO, MAIO E SETEMBRO DE CADA ANO, NOS TERMOS DA LEI DE RESPONSABILIDADE FISCAL. PROPONHO QUE VENHAM PARA ESTA AUDI\u00caNCIA P\u00daBLICA, A DIRE\u00c7\u00c3O DO SAAE-LP E OS T\u00c9CNICOS DA \u00c1REA DE CONTABILIDADE, FINAN\u00c7AS E OBRAS."}, {"id": "6008", "ano": "2019", "numero": "145", "tipo__sigla": "REQ", "tipo__descricao": "Requerimento", "autoria": "Cabo Nunes ", "texto_original": "http://sapl.lagoadaprata.mg.leg.br/media/sapl/public/materialegislativa/2019/6008/requerimento_145-2019_-_nunes_-_ambulantes_praia_16-09.pdf", "ementa": "O VEREADOR INFRA-ASSINADO, NA FORMA REGIMENTAL E CONSULTADO O PLEN\u00c1RIO, REQUER A VOSSA EXCEL\u00caNCIA QUE SEJA ENVIADO OF\u00cdCIO AO CHEFE DO PODER EXECUTIVO MUNICIPAL ENCAMINHANDO O PRESENTE REQUERIMENTO, SOLICITANDO AO SECRET\u00c1RIO DE CULTURA E TURISMO, SR. VILMAR PEREIRA, QUE INFORME A ESTA CASA, QUAIS PROCEDIMENTOS E REQUISITOS EXIGIDOS PARA QUE AMBULANTES POSSAM VENDER SEUS PRODUTOS NA PRAIA P\u00daBLICA MUNICIPAL, E AINDA, SE EXISTE PROIBI\u00c7\u00c3O OU RESTRI\u00c7\u00c3O QUANTO \u00c0 VENDA DE ALGUM PRODUTO, PRINCIPALMENTE BEBIDAS ALCO\u00d3LICAS. QUE INFORME AINDA, QUEM FICA RESPONS\u00c1VEL PELA FISCALIZA\u00c7\u00c3O DAS VENDAS DENTRO DO RECINTO DA PRAIA P\u00daBLICA MUNICIPAL."}, {"id": "6009", "ano": "2019", "numero": "146", "tipo__sigla": "REQ", "tipo__descricao": "Requerimento", "autoria": "Quelli C\u00e1ssia Couto", "texto_original": "http://sapl.lagoadaprata.mg.leg.br/media/sapl/public/materialegislativa/2019/6009/requerimento_146-2019_-_quelli_-_convoca_sec_de_S76kGN8.pdf", "ementa": "A VEREADORA INFRA-ASSINADA, NA FORMA REGIMENTAL E CONSULTADO O PLEN\u00c1RIO, REQUER A VOSSA EXCEL\u00caNCIA QUE SEJA ENVIADO OF\u00cdCIO AO CHEFE DO PODER EXECUTIVO MUNICIPAL ENCAMINHANDO O PRESENTE REQUERIMENTO, QUE CONVOCA A SECRET\u00c1RIA DE ASSIST\u00caNCIA SOCIAL, A SRA. CALIM\u00c9RIA GON\u00c7ALVES SOUTO E SILVA, BEM COMO OS ASSISTENTES SOCIAIS DOS CRAS, A COMPARECEREM A ESTA CASA, NO PRAZO REGIMENTAL E NOS TERMOS DA LEI ORG\u00c2NICA DO MUNIC\u00cdPIO, EM HOR\u00c1RIO QUE MELHOR LHES CONVIER, PARA INFORMAR AOS VEREADORES E \u00c0 POPULA\u00c7\u00c3O A PARTIR DE QUANDO OS SERVIDORES DOS CRAS RECEBERAM ORIENTA\u00c7\u00d5ES PARA O IN\u00cdCIO DE NOVOS PROCEDIMENTOS PARA O CADASTRO OU INSCRI\u00c7\u00c3O DE FAM\u00cdLIAS QUE APRESENTAREM DEMANDA DE DOA\u00c7\u00c3O DE LOTES PARA CONSTRU\u00c7\u00c3O DE SUAS MORADIAS. QUE ENTREGUE A ESTA CASA A RELA\u00c7\u00c3O DAS PESSOAS CADASTRADAS, INCLUSIVE A DATA DO CADASTRO DE CADA UMA."}, {"id": "6010", "ano": "2019", "numero": "147", "tipo__sigla": "REQ", "tipo__descricao": "Requerimento", "autoria": "Cida Marcelino", "texto_original": "http://sapl.lagoadaprata.mg.leg.br/media/sapl/public/materialegislativa/2019/6010/requerimento_147-2019_-_cida_-_convoca_medicos__J2uBKa6.pdf", "ementa": "A VEREADORA INFRA-ASSINADA, NA FORMA REGIMENTAL E CONSULTADO O PLEN\u00c1RIO, REQUER A VOSSA EXCEL\u00caNCIA QUE SEJA ENVIADO OF\u00cdCIO AO CHEFE DO PODER EXECUTIVO MUNICIPAL ENCAMINHANDO O PRESENTE REQUERIMENTO, QUE CONVOCA TODOS OS M\u00c9DICOS DAS UNIDADES B\u00c1SICAS DE SA\u00daDE DO MUNIC\u00cdPIO, A COMPARECEREM A ESTA CASA, NO PRAZO REGIMENTAL E NOS TERMOS DA LEI ORG\u00c2NICA DO MUNIC\u00cdPIO, EM DATA E HOR\u00c1RIO QUE MELHOR LHES CONVIER, PARA N\u00c3O ATRAPALHAR A AGENDA DE ATENDIMENTO DOS MESMOS, PARA QUE ESCLARE\u00c7AM AOS VEREADORES E \u00c0 POPULA\u00c7\u00c3O SOBRE SEUS ATENDIMENTOS NOS BAIRROS, EM ESPECIAL AS VISITAS DOMICILIARES, QUAIS OS TIPOS DE             PROCEDIMENTOS S\u00c3O REALIZADOS, A QUANTIDADE DESTES, DAS CONSULTAS E DOS EXAMES SOLICITADOS (DE M\u00c9DIA E ALTA COMPLEXIDADE), BEM COMO SOBRE OUTROS ASSUNTOS INERENTES A ESTAS QUEST\u00d5ES."}, {"id": "6013", "ano": "2019", "numero": "148", "tipo__sigla": "REQ", "tipo__descricao": "Requerimento", "autoria": "Cabo Nunes ", "texto_original": "http://sapl.lagoadaprata.mg.leg.br/media/sapl/public/materialegislativa/2019/6013/requerimento_148-2019_-_nunes_-_posto_do_corpo__L1dgwCv.pdf", "ementa": "O VEREADOR INFRA-ASSINADO, NA FORMA REGIMENTAL, REQUER A VOSSA EXCEL\u00caNCIA, CONSULTADO O PLEN\u00c1RIO, QUE SEJA ENVIADO OF\u00cdCIO AO COMANDO-GERAL DO CORPO DE BOMBEIROS MILITARES DE MINAS GERAIS \u2013 CBMMG, COM SEDE NA CIDADE ADMINISTRATIVA EM BELO HORIZONTE, ENCAMINHANDO O PRESENTE REQUERIMENTO QUE SOLICITA INFORMA\u00c7\u00c3O SOBRE A POSSIBILIDADE DE IMPLANTAR UM POSTO DE ATENDIMENTO EM LAGOA DA PRATA."}, {"id": "6015", "ano": "2019", "numero": "149", "tipo__sigla": "REQ", "tipo__descricao": "Requerimento", "autoria": "Preto", "texto_original": "http://sapl.lagoadaprata.mg.leg.br/media/sapl/public/materialegislativa/2019/6015/requerimento_149-2019_-_preto_-_mao_unica_no_ce_sP8ROey.pdf", "ementa": "O VEREADOR INFRA-ASSINADO, NA FORMA REGIMENTAL, REQUER A VOSSA EXCEL\u00caNCIA, CONSULTADO O PLEN\u00c1RIO, QUE SEJA ENVIADO OF\u00cdCIO AO CHEFE DO PODER EXECUTIVO MUNICIPAL ENCAMINHANDO O PRESENTE REQUERIMENTO QUE SOLICITA AO SECRET\u00c1RIO DE TRANSPORTES E LIMPEZA P\u00daBLICA, BEM COMO AO SECRET\u00c1RIO DE ADMINISTRA\u00c7\u00c3O E GOVERNO, QUE INFORMEM A ESTA CASA SE H\u00c1 POSSIBILIDADE DE SE VIABILIZAR UM ESTUDO PARA IMPLANTA\u00c7\u00c3O DE M\u00c3O \u00daNICA DE DIRE\u00c7\u00c3O EM ALGUMAS VIAS DO CENTRO DA CIDADE, BEM COMO IMPLANTAR ESTACIONAMENTO 45\u00ba GRAUS NAS MESMAS."}, {"id": "6016", "ano": "2019", "numero": "150", "tipo__sigla": "REQ", "tipo__descricao": "Requerimento", "autoria": "Quelli C\u00e1ssia Couto", "texto_original": "http://sapl.lagoadaprata.mg.leg.br/media/sapl/public/materialegislativa/2019/6016/requerimento_150-2019_-_quelli_-_upa_23-09.pdf", "ementa": "A VEREADORA INFRA-ASSINADA, NA FORMA REGIMENTAL, REQUER A VOSSA EXCEL\u00caNCIA, CONSULTADO O PLEN\u00c1RIO, QUE SEJA ENVIADO OF\u00cdCIO AO CHEFE DO PODER EXECUTIVO MUNICIPAL, ENCAMINHANDO O PRESENTE REQUERIMENTO, QUE SOLICITA AO SECRET\u00c1RIO DE SA\u00daDE, SR. GERALDO MANGELO DE ALMEIDA, QUE INFORME A ESTA CASA, SE O MUNIC\u00cdPIO DE LAGOA DA PRATA ADOTAR\u00c1 O PROGRAMA OFERECIDO PELO MINIST\u00c9RIO DA SA\u00daDE QUE PREV\u00ca A EXTENS\u00c3O DO HOR\u00c1RIO DE ATENDIMENTO DAS UNIDADES B\u00c1SICAS DE SA\u00daDE PARA AS 22 HORAS, BEM COMO AOS S\u00c1BADOS OU DOMINGOS, SE POSS\u00cdVEL."}, {"id": "6018", "ano": "2019", "numero": "151", "tipo__sigla": "REQ", "tipo__descricao": "Requerimento", "autoria": "Quelli C\u00e1ssia Couto", "texto_original": "http://sapl.lagoadaprata.mg.leg.br/media/sapl/public/materialegislativa/2019/6018/requerimento_151-2019_-_quelli_-_upa_30-09.pdf", "ementa": "A VEREADORA INFRA-ASSINADA, NA FORMA REGIMENTAL, REQUER A VOSSA EXCEL\u00caNCIA, CONSULTADO O PLEN\u00c1RIO, QUE SEJA ENVIADO OF\u00cdCIO AO CHEFE DO PODER EXECUTIVO MUNICIPAL, ENCAMINHANDO O PRESENTE REQUERIMENTO, QUE SOLICITA AO SECRET\u00c1RIO DE SA\u00daDE, SR. GERALDO MANGELO DE ALMEIDA, QUE INFORME A ESTA CASA, SE O MUNIC\u00cdPIO DE LAGOA DA PRATA ADOTAR\u00c1 O PROGRAMA OFERECIDO PELO MINIST\u00c9RIO DA SA\u00daDE QUE PREV\u00ca A EXTENS\u00c3O DO HOR\u00c1RIO DE ATENDIMENTO DAS UNIDADES B\u00c1SICAS DE SA\u00daDE AT\u00c9 AS 22 HORAS."}, {"id": "6019", "ano": "2019", "numero": "152", "tipo__sigla": "REQ", "tipo__descricao": "Requerimento", "autoria": "Professor Elias Izaias", "texto_original": "http://sapl.lagoadaprata.mg.leg.br/media/sapl/public/materialegislativa/2019/6019/requerimento_152-2019_-_elias_-_fechamento_de_d_lepX15y.pdf", "ementa": "O VEREADOR INFRA-ASSINADO, NA FORMA REGIMENTAL, REQUER A VOSSA EXCEL\u00caNCIA, CONSULTADO O PLEN\u00c1RIO, QUE SEJA ENVIADO OF\u00cdCIO AO CHEFE DO PODER EXECUTIVO MUNICIPAL, ENCAMINHANDO O PRESENTE REQUERIMENTO, QUE SOLICITA AO SECRET\u00c1RIO MUNICIPAL DE MEIO       AMBIENTE, BEM COMO \u00c0 SECRET\u00c1RIA DE OBRAS E URBANISMO, QUE INFORMEM A ESTA CASA SE H\u00c1 POSSIBILIDADE DE SE REALIZAR INTERVEN\u00c7\u00d5ES CONCRETAS (FECHAMENTO DOS DRENOS NAS PRIMEIRAS CHUVAS) ONDE EXISTEM INCID\u00caNCIAS DE TURFA NA \u00c1REA URBANA DE NOSSO MUNIC\u00cdPIO, DEIXANDO QUE A PR\u00d3PRIA NATUREZA SE ENCARREGUE DE SE RECUPERAR NATURALMENTE."}, {"id": "6020", "ano": "2019", "numero": "153", "tipo__sigla": "REQ", "tipo__descricao": "Requerimento", "autoria": "Preto", "texto_original": "http://sapl.lagoadaprata.mg.leg.br/media/sapl/public/materialegislativa/2019/6020/requerimento_153-2019_-_preto_-_aplicativos_30-09.pdf", "ementa": "O VEREADOR INFRA-ASSINADO, NA FORMA REGIMENTAL, REQUER A VOSSA EXCEL\u00caNCIA, CONSULTADO O PLEN\u00c1RIO, QUE SEJA ENVIADO OF\u00cdCIO AO CHEFE DO PODER EXECUTIVO MUNICIPAL ENCAMINHANDO O PRESENTE REQUERIMENTO QUE SOLICITA AO SECRET\u00c1RIO DE ADMINISTRA\u00c7\u00c3O E GOVERNO, BEM COMO \u00c0 SECRET\u00c1RIA DE OBRAS E URBANISMO E AO SECRET\u00c1RIO DE MEIO AMBIENTE, QUE INFORMEM A ESTA CASA SE H\u00c1 POSSIBILIDADE DE CRIA\u00c7\u00c3O OU AQUISI\u00c7\u00c3O DE APLICATIVOS PARA SOLICITA\u00c7\u00c3O DE MANUTEN\u00c7\u00c3O NA ILUMINA\u00c7\u00c3O E VIAS P\u00daBLICAS, PARA SOLICITA\u00c7\u00c3O DE PODAS DE \u00c1RVORES  E PARA REALIZA\u00c7\u00c3O DE DEN\u00daNCIAS AN\u00d4NIMAS DE DESCARTE IRREGULAR DE LIXO NAS VIAS P\u00daBLICAS, LOTES VAGOS E TERRENOS BALDIOS LOCALIZADOS NO PER\u00cdMETRO URBANO DE LAGOA DA PRATA."}, {"id": "6021", "ano": "2019", "numero": "154", "tipo__sigla": "REQ", "tipo__descricao": "Requerimento", "autoria": "Cabo Nunes ", "texto_original": "http://sapl.lagoadaprata.mg.leg.br/media/sapl/public/materialegislativa/2019/6021/requerimento_154-2019_-_nunes_-_fiscalizacao_lo_29HzJpA.pdf", "ementa": "O VEREADOR INFRA-ASSINADO, NA FORMA REGIMENTAL E CONSULTADO O PLEN\u00c1RIO, REQUER A VOSSA EXCEL\u00caNCIA QUE SEJA ENVIADO OF\u00cdCIO AO DEER E BIOSEV, SOLICITANDO INTENSIFICA\u00c7\u00c3O NA FISCALIZA\u00c7\u00c3O DO USO DA LONA DE PROTE\u00c7\u00c3O DE CARGA NOS CAMINH\u00d5ES QUE TRANSPORTAM CANA, ESPECIFICAMENTE NAQUELES QUE TRAFEGAM NA MG-429, QUE LIGA LAGOA DA PRATA \u00c0 LUZ."}, {"id": "6022", "ano": "2019", "numero": "155", "tipo__sigla": "REQ", "tipo__descricao": "Requerimento", "autoria": "Joanes Bosco, Cida Marcelino, Professor Elias Izaias, Quelli C\u00e1ssia Couto", "texto_original": "http://sapl.lagoadaprata.mg.leg.br/media/sapl/public/materialegislativa/2019/6022/requerimento_155-2019_-_joanes_cida_elias_-_que_9ly8FvC.pdf", "ementa": "OS VEREADORES INFRA-ASSINADOS, NA FORMA REGIMENTAL, REQUEREM A VOSSA EXCEL\u00caNCIA, CONSULTADO O PLEN\u00c1RIO, QUE SEJA ENVIADO OF\u00cdCIO AO CHEFE DO PODER EXECUTIVO MUNICIPAL ENCAMINHANDO O PRESENTE REQUERIMENTO, QUE SOLICITA AOS SECRET\u00c1RIOS MUNICIPAIS DE ADMINISTRA\u00c7\u00c3O E GOVERNO, DE MEIO AMBIENTE E DE OBRAS E URBANISMO, INFORMA\u00c7\u00d5ES QUANTO \u00c0 PREVIS\u00c3O PARA A EXECU\u00c7\u00c3O DE OBRAS OU SERVI\u00c7OS VISANDO A CONSTRU\u00c7\u00c3O DA PRA\u00c7A DONA ZAZ\u00c1, NO BAIRRO AM\u00c9RICO SILVA."}, {"id": "6028", "ano": "2019", "numero": "156", "tipo__sigla": "REQ", "tipo__descricao": "Requerimento", "autoria": "Cabo Nunes ", "texto_original": "http://sapl.lagoadaprata.mg.leg.br/media/sapl/public/materialegislativa/2019/6028/requerimento_156-2019_-_nunes_-_energia_solar_f_JHJYfxU.pdf", "ementa": "O VEREADOR INFRA-ASSINADO, NA FORMA REGIMENTAL E CONSULTADO O PLEN\u00c1RIO, REQUER A VOSSA EXCEL\u00caNCIA QUE INFORME AOS DEMAIS PARLAMENTARES SE H\u00c1 POSSIBILIDADE DE SE IMPLANTAR O SISTEMA DE ENERGIA SOLAR FOTOVOLTAICA NO PR\u00c9DIO DA C\u00c2MARA MUNICIPAL DE LAGOA DA PRATA."}, {"id": "6029", "ano": "2019", "numero": "157", "tipo__sigla": "REQ", "tipo__descricao": "Requerimento", "autoria": "Adriano Moreira", "texto_original": "http://sapl.lagoadaprata.mg.leg.br/media/sapl/public/materialegislativa/2019/6029/requerimento_157-2019_-_adriano_-_diligencias_e_elKiulr.pdf", "ementa": "O VEREADOR INFRA-ASSINADO, NA FORMA REGIMENTAL E CONSULTADO O PLEN\u00c1RIO, REQUER A VOSSA EXCEL\u00caNCIA QUE SEJA ENVIADO OF\u00cdCIO AO CHEFE DO PODER EXECUTIVO MUNICIPAL, ENCAMINHANDO O PRESENTE REQUERIMENTO, QUE SOLICITA AO COMANDANTE DA GUARDA CIVIL         MUNICIPAL QUE INFORME A ESTA CASA, SE H\u00c1 POSSIBILIDADE DE SE DETERMINAR AOS GUARDAS CIVIS QUE REALIZEM DILIG\u00caNCIAS CONT\u00cdNUAS NO DISTRITO DE MARTINS GUIMAR\u00c3ES. QUE SEJA ENVIADO OF\u00cdCIO TAMB\u00c9M, AO COMANDO DA POL\u00cdCIA MILITAR DE LAGOA DA PRATA, NESTE MESMO SENTIDO."}, {"id": "6030", "ano": "2019", "numero": "158", "tipo__sigla": "REQ", "tipo__descricao": "Requerimento", "autoria": "Preto", "texto_original": "http://sapl.lagoadaprata.mg.leg.br/media/sapl/public/materialegislativa/2019/6030/requerimento_158-2019_-_preto_-_cemae_07-10.pdf", "ementa": "O VEREADOR INFRA-ASSINADO, NA FORMA REGIMENTAL E CONSULTADO O PLEN\u00c1RIO, REQUER A VOSSA EXCEL\u00caNCIA QUE SEJA ENVIADO OF\u00cdCIO AO CHEFE DO PODER EXECUTIVO MUNICIPAL ENCAMINHANDO O PRESENTE REQUERIMENTO, QUE SOLICITA AO SECRET\u00c1RIO MUNICIPAL DE                 ADMINISTRA\u00c7\u00c3O E GOVERNO, BEM COMO AO SECRET\u00c1RIO MUNICIPAL DE SA\u00daDE E \u00c0 SECRET\u00c1RIA MUNICIPAL DE EDUCA\u00c7\u00c3O, QUE INFORMEM A ESTA CASA SE H\u00c1 POSSIBILIDADE DE SE CONTRATAR MAIS PROFISSIONAIS DE FONOAUDIOLOGIA E PSICOLOGIA PARA ATENDER A DEMANDA DO CENTRO MUNICIPAL DE ATENDIMENTO AO EDUCANDO - CEMAE."}, {"id": "6031", "ano": "2019", "numero": "159", "tipo__sigla": "REQ", "tipo__descricao": "Requerimento", "autoria": "Cida Marcelino", "texto_original": "http://sapl.lagoadaprata.mg.leg.br/media/sapl/public/materialegislativa/2019/6031/requerimento_159-2019_-_cida_-_deer-mg_-_revita_KO4bOnW.pdf", "ementa": "A VEREADORA INFRA-ASSINADA, NA FORMA REGIMENTAL, REQUER A VOSSA EXCEL\u00caNCIA, CONSULTADO O PLEN\u00c1RIO, SEJA ENVIADO OF\u00cdCIO AO DIRETOR DO DEPARTAMENTO DE EDIFICA\u00c7\u00d5ES E ESTRADAS DE RODAGEM DE MINAS GERAIS \u2013 DEER-MG \u2013 FABR\u00cdCIO TORRES SAMPAIO, BEM COMO AO COORDENADOR DA COORDENADORIA REGIONAL DO DEER-MG EM FORMIGA, JOS\u00c9 TADEU LA GUARDIA, SOLICITANDO AOS MESMOS QUE INFORMEM A ESTA CASA E A TODA POPULA\u00c7\u00c3O LAGOPRATENSE SE H\u00c1 POSSIBILIDADE DE SE EXECUTAR OBRAS OU SERVI\u00c7OS PARA A REVITALIZA\u00c7\u00c3O TANTO DO TREVO PRINCIPAL DE ACESSO \u00c0 NOSSA CIDADE, QUANTO DO TREVO SECUND\u00c1RIO, MELHORANDO A IMAGEM DOS MESMOS, COM CAPINA, PINTURA, SINALIZA\u00c7\u00c3O DE SOLO, NOVAS PLACAS INDICATIVAS E DE SINALIZA\u00c7\u00c3O, AUMENTO DA QUALIDADE DA ILUMINA\u00c7\u00c3O, DENTRE OUTRAS MELHORIAS DE INFRAESTRUTURA NECESS\u00c1RIAS."}, {"id": "6039", "ano": "2019", "numero": "160", "tipo__sigla": "REQ", "tipo__descricao": "Requerimento", "autoria": "Preto", "texto_original": "http://sapl.lagoadaprata.mg.leg.br/media/sapl/public/materialegislativa/2019/6039/requerimento_160-2019_-_preto_-_cameras_martins_10-10.pdf", "ementa": "O VEREADOR INFRA-ASSINADO, NA FORMA REGIMENTAL E CONSULTADO O PLEN\u00c1RIO, REQUER A VOSSA EXCEL\u00caNCIA QUE SEJA ENVIADO AO CHEFE DO PODER EXECUTIVO MUNICIPAL OF\u00cdCIO ENCAMINHANDO O PRESENTE REQUERIMENTO, SOLICITANDO AO SECRET\u00c1RIO DE ADMINISTRA\u00c7\u00c3O E         GOVERNO, SR. JOS\u00c9 TE\u00d3FILO FILHO, QUE ANALISE A POSSIBILIDADE DE SE INSTALAR UMA C\u00c2MERA DE VIGIL\u00c2NCIA NA SA\u00cdDA DO DISTRITO DE MARTINS GUIMAR\u00c3ES. SOLICITO AINDA QUE ENVIE A ESTA CASA, OS PONTOS ONDE SER\u00c3O INSTALADAS AS NOVAS C\u00c2MERAS CONFORME ANUNCIADO PELA ADMINISTRA\u00c7\u00c3O."}, {"id": "6040", "ano": "2019", "numero": "161", "tipo__sigla": "REQ", "tipo__descricao": "Requerimento", "autoria": "Quelli C\u00e1ssia Couto", "texto_original": "http://sapl.lagoadaprata.mg.leg.br/media/sapl/public/materialegislativa/2019/6040/requerimento_161-2019_-_quelli_-_antecipa_reuniao_10-10.pdf", "ementa": "A VEREADORA INFRA-ASSINADA, NA FORMA REGIMENTAL, REQUER A VOSSA EXCEL\u00caNCIA, CONSULTADO O PLEN\u00c1RIO, QUE A REUNI\u00c3O ORDIN\u00c1RIA DO DIA 28 DE OUTUBRO DO CORRENTE ANO SEJA ANTECIPADA PARA O DIA 24 DE OUTUBRO DE 2019, UMA QUINTA-FEIRA. SOLICITO AINDA, QUE AS REUNI\u00d5ES DAS COMISS\u00d5ES PERMANENTES DESTA CASA, DO DIA 29 DE OUTUBRO DE 2019, SEJAM ADIADAS PARA O DIA 30 DE OUTUBRO DE 2019."}, {"id": "6044", "ano": "2019", "numero": "162", "tipo__sigla": "REQ", "tipo__descricao": "Requerimento", "autoria": "Adriano Moreira", "texto_original": "http://sapl.lagoadaprata.mg.leg.br/media/sapl/public/materialegislativa/2019/6044/requerimento_162-2019_-_adriano_-_trasnsporte_e_8rALBRV.pdf", "ementa": "O VEREADOR INFRA-ASSINADO, NA FORMA REGIMENTAL E CONSULTADO O PLEN\u00c1RIO, REQUER A   VOSSA EXCEL\u00caNCIA QUE SEJA ENVIADO AO CHEFE DO PODER EXECUTIVO MUNICIPAL OF\u00cdCIO ENCAMINHANDO O PRESENTE REQUERIMENTO, QUE SOLICITA \u00c0 SECRET\u00c1RIA DE EDUCA\u00c7\u00c3O E AO SECRET\u00c1RIO DE TRANSPORTES E LIMPEZA P\u00daBLICA, QUE INFORMEM A ESTA CASA A RESPEITO DA POSSIBILIDADE DE SE DISPONIBILIZAR UM VE\u00cdCULO ESCOLAR PARA TRANSPORTE DOS ALUNOS QUE REALIZAR\u00c3O OS EXAMES ESPECIAIS PARA CERTIFICA\u00c7\u00c3O DO ENSINO FUNDAMENTAL E M\u00c9DIO NO CESEC - CENTRO ESTADUAL DE EDUCA\u00c7\u00c3O CONTINUADA MONSENHOR GERALDO MENDES VASCONCELOS, NA CIDADE DE ARCOS-MG."}, {"id": "6045", "ano": "2019", "numero": "163", "tipo__sigla": "REQ", "tipo__descricao": "Requerimento", "autoria": "Professor Elias Izaias", "texto_original": "http://sapl.lagoadaprata.mg.leg.br/media/sapl/public/materialegislativa/2019/6045/requerimento_163-2019_-_elias_-_degraus_escada_-_21-10.pdf", "ementa": "O VEREADOR INFRA-ASSINADO, NA FORMA REGIMENTAL, REQUER A VOSSA EXCEL\u00caNCIA, CONSULTADO O PLEN\u00c1RIO, SEJA ENVIADO OF\u00cdCIO AO CHEFE DO PODER EXECUTIVO MUNICIPAL ENCAMINHANDO O PRESENTE REQUERIMENTO QUE SOLICITA AO SECRET\u00c1RIO MUNICIPAL DE DESPORTOS, QUE INFORME A ESTA CASA SE H\u00c1 POSSIBILIDADE DE SE CONSTRUIR PEQUENOS DEGRAUS EM CADA V\u00c3O DE 10 METROS DE EXTENS\u00c3O NAS ARQUIBANCADAS DO POLIESPORTIVO LEOPOLDO BESSONE."}, {"id": "6046", "ano": "2019", "numero": "164", "tipo__sigla": "REQ", "tipo__descricao": "Requerimento", "autoria": "Preto", "texto_original": "http://sapl.lagoadaprata.mg.leg.br/media/sapl/public/materialegislativa/2019/6046/requerimento_164-2019_-_preto_-_escorpioes-_21-10.pdf", "ementa": "O VEREADOR INFRA-ASSINADO, NA FORMA REGIMENTAL, REQUER A VOSSA EXCEL\u00caNCIA, CONSULTADO O PLEN\u00c1RIO, QUE SEJA ENVIADO OF\u00cdCIO AO CHEFE DO PODER EXECUTIVO MUNICIPAL ENCAMINHANDO O PRESENTE REQUERIMENTO QUE SOLICITA AO SECRET\u00c1RIO DE SA\u00daDE E AO SECRET\u00c1RIO DO MEIO AMBIENTE QUE FORNE\u00c7AM DADOS SOBRE A QUANTIDADE DE CASOS DE PICADAS DE ESCORPI\u00d5ES NO ANO DE 2018 E QUANTOS CASOS ACONTECERAM AT\u00c9 AGORA NO ANO DE 2019, E SE O MUNIC\u00cdPIO TEM O SORO ANTIESCORPI\u00d4NICO."}, {"id": "6047", "ano": "2019", "numero": "165", "tipo__sigla": "REQ", "tipo__descricao": "Requerimento", "autoria": "Joanes Bosco, Cida Marcelino, Professor Elias Izaias, Quelli C\u00e1ssia Couto", "texto_original": "http://sapl.lagoadaprata.mg.leg.br/media/sapl/public/materialegislativa/2019/6047/requerimento_165-2019_-_joanes_-_elias_-_quelli_habHBuf.pdf", "ementa": "OS VEREADORES INFRA-ASSINADOS, NA FORMA REGIMENTAL E OUVIDO O PLEN\u00c1RIO, REQUEREM A VOSSA EXCEL\u00caNCIA QUE SEJA ENVIADO OF\u00cdCIO AO CHEFE DO PODER EXECUTIVO MUNICIPAL ENCAMINHANDO O PRESENTE REQUERIMENTO, QUE SOLICITA AO SECRET\u00c1RIO DE ADMINISTRA\u00c7\u00c3O E GOVERNO, AO SECRET\u00c1RIO DE TRANSPORTE E LIMPEZA P\u00daBLICA E AOS SETORES RESPONS\u00c1VEIS, QUE INFORMEM A ESTA CASA SE A ADMINISTRA\u00c7\u00c3O P\u00daBLICA MUNICIPAL TEM TOMADO PROVID\u00caNCIAS NO SENTIDO DE COMUNICAR \u00c0 POPULA\u00c7\u00c3O, COM AN\u00daNCIO EM R\u00c1DIO OU POR MEIO DE CARRO DE SOM, QUE N\u00c3O HAVER\u00c1 COLETA DE LIXO, QUANDO HOUVER FERIADO OU PONTO FACULTATIVO NO MUNIC\u00cdPIO QUE ACARRETE A SUSPENS\u00c3O DO SERVI\u00c7O DE RECOLHIMENTO DO LIXO."}, {"id": "6048", "ano": "2019", "numero": "166", "tipo__sigla": "REQ", "tipo__descricao": "Requerimento", "autoria": "Quelli C\u00e1ssia Couto, Cida Marcelino", "texto_original": "http://sapl.lagoadaprata.mg.leg.br/media/sapl/public/materialegislativa/2019/6048/requerimento_166-2019_-_quelli_-_cida_-_21-10.pdf", "ementa": "AS VEREADORAS INFRA-ASSINADAS, NA FORMA REGIMENTAL, REQUEREM A VOSSA EXCEL\u00caNCIA, CONSULTADO O PLEN\u00c1RIO, QUE SEJA ENVIADO OF\u00cdCIO AO CHEFE DO PODER EXECUTIVO MUNICIPAL, ENCAMINHANDO O PRESENTE REQUERIMENTO, QUE CONVOCA O COORDENADOR DA SA\u00daDE BUCAL DO MUNIC\u00cdPIO, A COMPARECER A ESTA CASA, NO PRAZO REGIMENTAL E NOS TERMOS DA LEI ORG\u00c2NICA DO MUNIC\u00cdPIO, PARA QUE ESCLARE\u00c7A AOS VEREADORES E \u00c0 POPULA\u00c7\u00c3O SOBRE OS SERVI\u00c7OS B\u00c1SICOS PRESTADOS NAS UNIDADES B\u00c1SICAS DE SA\u00daDE PELOS ODONT\u00d3LOGOS, BEM COMO SOBRE OS PRESTADOS NO ODONTO M\u00d3VEL."}, {"id": "6049", "ano": "2019", "numero": "167", "tipo__sigla": "REQ", "tipo__descricao": "Requerimento", "autoria": "Cida Marcelino, Quelli C\u00e1ssia Couto", "texto_original": "http://sapl.lagoadaprata.mg.leg.br/media/sapl/public/materialegislativa/2019/6049/requerimento_167-2019_-_cida_-_quelli_-_21-10.pdf", "ementa": "AS VEREADORAS INFRA-ASSINADAS, NA FORMA REGIMENTAL, REQUEREM A VOSSA EXCEL\u00caNCIA, CONSULTADO O PLEN\u00c1RIO, QUE SEJA ENVIADO OF\u00cdCIO AO CHEFE DO PODER EXECUTIVO MUNICIPAL, ENCAMINHANDO O PRESENTE REQUERIMENTO QUE SOLICITA AO SECRET\u00c1RIO DE ADMINISTRA\u00c7\u00c3O E GOVERNO QUE INFORME A ESTA CASA SE H\u00c1 POSSIBILIDADE DE SE ENVIAR UM PROJETO DE LEI VISANDO UM AUMENTO NA REMUNERA\u00c7\u00c3O DOS SERVIDORES P\u00daBLICOS MUNICIPAIS, DE FORMA A SE RECUPERAR AS PERDAS SALARIAIS OCORRIDAS NO DECORRER DOS \u00daLTIMOS ANOS."}, {"id": "6055", "ano": "2019", "numero": "168", "tipo__sigla": "REQ", "tipo__descricao": "Requerimento", "autoria": "Josiane Protetora dos Animais", "texto_original": "http://sapl.lagoadaprata.mg.leg.br/media/sapl/public/materialegislativa/2019/6055/requerimento_168-2019_-_comenda_sao_francisco_d_CatvLiZ.pdf", "ementa": "A VEREADORA INFRA-ASSINADA, NA FORMA REGIMENTAL, NOS TERMOS DA RESOLU\u00c7\u00c3O DESTA CASA DE N\u00ba 755/2017, QUE \u201cINSTITUI NA C\u00c2MARA MUNICIPAL DE LAGOA DA PRATA A COMENDA S\u00c3O FRANCISCO DE ASSIS\u201d, VEM APRESENTAR OS NOMES SELECIONADOS PARA SEREM AGRACIADOS COM A REFERIDA COMENDA, PARA APROVA\u00c7\u00c3O DO PLEN\u00c1RIO: ANTONIO MARCOS DA SILVA; AVANI J\u00daNIA DE OLIVEIRA; FABIANE AMADOR FERNANDES; M\u00c1RCIA VIDAL; MARIANA FARNESE AMARAL FRANCO; MARIA B\u00c1RBARA MARTINS COUTO; MARIANA SANTOS AMARAL; PATR\u00cdCIA APARECIDA DE AQUINO; VIVIANE SANTOS LOPES SANTANA."}, {"id": "6056", "ano": "2019", "numero": "169", "tipo__sigla": "REQ", "tipo__descricao": "Requerimento", "autoria": "Professor Elias Izaias, Joanes Bosco", "texto_original": "http://sapl.lagoadaprata.mg.leg.br/media/sapl/public/materialegislativa/2019/6056/requerimento_169-2019_-_elias_e_joanes_-_saae_24-10.pdf", "ementa": "OS VEREADORES INFRA-ASSINADOS, NA FORMA REGIMENTAL E CONSULTADO O PLEN\u00c1RIO, REQUEREM A VOSSA EXCEL\u00caNCIA QUE SEJA ENVIADO OF\u00cdCIO \u00c0 DIRETORA DO SERVI\u00c7O AUT\u00d4NOMO DE \u00c1GUA E ESGOTO DE LAGOA DA PRATA \u2013 SAAE-LP, SOLICITANDO QUE INFORME A ESTA CASA SE H\u00c1 POSSIBILIDADE DE SE ATENDER, COM A M\u00c1XIMA URG\u00caNCIA, A REIVINDICA\u00c7\u00c3O CONTIDA NO ABAIXO-ASSINADO ANEXO A ESTE REQUERIMENTO, ENVIADO POR MORADORES DO BAIRRO SOL NASCENTE."}, {"id": "6057", "ano": "2019", "numero": "170", "tipo__sigla": "REQ", "tipo__descricao": "Requerimento", "autoria": "Preto", "texto_original": "http://sapl.lagoadaprata.mg.leg.br/media/sapl/public/materialegislativa/2019/6057/requerimento_170-2019_-_preto_-_wendel_mesquita_-_24-10.pdf", "ementa": "O VEREADOR INFRA-ASSINADO, NA FORMA REGIMENTAL, REQUER A VOSSA EXCEL\u00caNCIA, CONSULTADO O PLEN\u00c1RIO, QUE SEJA ENVIADO OF\u00cdCIO AO DEPUTADO ESTADUAL SR. WENDEL CRISTIANO SOARES DE MESQUITA, SOLICITANDO DESTINA\u00c7\u00c3O DE EMENDA PARLAMENTAR PARA EXECU\u00c7\u00c3O DA COBERTURA DA QUADRA DA ESCOLA ESTADUAL DONA TILOSA, SITUADA NA RUA MANOEL PENA, N\u00ba 600, BAIRRO AM\u00c9RICO SILVA, EM NOSSA CIDADE DE LAGOA DA PRATA."}, {"id": "6058", "ano": "2019", "numero": "171", "tipo__sigla": "REQ", "tipo__descricao": "Requerimento", "autoria": "Cida Marcelino", "texto_original": "http://sapl.lagoadaprata.mg.leg.br/media/sapl/public/materialegislativa/2019/6058/requerimento_171-2019_-_cida_-_24-10.pdf", "ementa": "A VEREADORA INFRA-ASSINADA, NA FORMA REGIMENTAL, REQUER A VOSSA EXCEL\u00caNCIA, CONSULTADO O PLEN\u00c1RIO, SEJA ENVIADO OF\u00cdCIO AO CHEFE DO PODER EXECUTIVO MUNICIPAL ENCAMINHANDO O PRESENTE REQUERIMENTO QUE SOLICITA \u00c0 SECRET\u00c1RIA MUNICIPAL DE EDUCA\u00c7\u00c3O, \u00c0 SECRET\u00c1RIA DE FAZENDA, BEM COMO AO SECRET\u00c1RIO DE ADMINISTRA\u00c7\u00c3O E GOVERNO, QUE INFORMEM A ESTA CASA, SE POSSUEM CONHECIMENTO DE QUE O IM\u00d3VEL SITUADO NA RUA 27 DE DEZEMBRO, AO LADO DAQUELE QUE O MUNIC\u00cdPIO PRETENDE ADQUIRIR PARA A AMPLIA\u00c7\u00c3O DA ESCOLA MUNICIPAL PROFESSOR JACINTO CAMPOS E CONSTRU\u00c7\u00c3O DA SEDE DA SECRETARIA DE EDUCA\u00c7\u00c3O, TAMB\u00c9M EST\u00c1 \u00c0 VENDA, TENDO O MESMO COMO \u00c1REA 737 M\u00b2 E COM VALOR BEM MENOR DO QUE O OUTRO QUE SE PRETENDE ADQUIRIR."}, {"id": "6063", "ano": "2019", "numero": "172", "tipo__sigla": "REQ", "tipo__descricao": "Requerimento", "autoria": "Cida Marcelino", "texto_original": "http://sapl.lagoadaprata.mg.leg.br/media/sapl/public/materialegislativa/2019/6063/requerimento_172-2019_-_cida_-_alterar_local_pa_7Wa7PQZ.pdf", "ementa": "A VEREADORA INFRA-ASSINADA, NA FORMA REGIMENTAL, REQUER A VOSSA EXCEL\u00caNCIA, CONSULTADO O PLEN\u00c1RIO, SEJA ENVIADO OF\u00cdCIO AO CHEFE DO PODER EXECUTIVO MUNICIPAL,  ENCAMINHANDO O PRESENTE REQUERIMENTO QUE SOLICITA AO SECRET\u00c1RIO DE SA\u00daDE, GERALDO MANGELO DE ALMEIDA, QUE INFORME A ESTA CASA SE H\u00c1 POR PARTE DA ADMINISTRA\u00c7\u00c3O P\u00daBLICA MUNICIPAL, INTEN\u00c7\u00c3O DE ALTERAR A SITUA\u00c7\u00c3O DO PADR\u00c3O DE ENERGIA EL\u00c9TRICA, BEM COMO DO REL\u00d3GIO DO SAAE-LP, PASSANDO-OS PARA DENTRO DA UNIDADE B\u00c1SICA DE SA\u00daDE DO BAIRRO AM\u00c9RICO SILVA, ANTES QUE A MESMA COMECE A FUNCIONAR."}, {"id": "6064", "ano": "2019", "numero": "173", "tipo__sigla": "REQ", "tipo__descricao": "Requerimento", "autoria": "Adriano Moreira", "texto_original": "http://sapl.lagoadaprata.mg.leg.br/media/sapl/public/materialegislativa/2019/6064/requerimento_173-2019_-_adriano_-_iluminacao_pr_bfosLfp.pdf", "ementa": "O VEREADOR INFRA-ASSINADO, NA FORMA REGIMENTAL E CONSULTADO O PLEN\u00c1RIO, REQUER A VOSSA EXCEL\u00caNCIA QUE SEJA ENVIADO OF\u00cdCIO AO CHEFE DO PODER EXECUTIVO MUNICIPAL, ENCAMINHANDO O PRESENTE REQUERIMENTO, QUE SOLICITA AO SECRET\u00c1RIO MUNICIPAL DE MEIO AMBIENTE, QUE INFORME A ESTA CASA, SE H\u00c1 PREVIS\u00c3O PARA A ILUMINA\u00c7\u00c3O DA PRA\u00c7A DO DISTRITO DE MARTINS GUIMAR\u00c3ES."}, {"id": "6065", "ano": "2019", "numero": "174", "tipo__sigla": "REQ", "tipo__descricao": "Requerimento", "autoria": "Cabo Nunes ", "texto_original": "http://sapl.lagoadaprata.mg.leg.br/media/sapl/public/materialegislativa/2019/6065/requerimento_174-2019_-_nunes_-_sec_estado_educ_mZSPl01.pdf", "ementa": "O VEREADOR INFRA-ASSINADO, NA FORMA REGIMENTAL E CONSULTADO O PLEN\u00c1RIO, REQUER A VOSSA EXCEL\u00caNCIA QUE SEJA ENVIADO OF\u00cdCIO \u00c0 SECRET\u00c1RIA DE ESTADO DE EDUCA\u00c7\u00c3O DE MINAS GERAIS, JULIA FIGUEIREDO GOYTACAZ SANT'ANNA, OU A QUEM POR VENTURA A SUBSTITUIR, SOLICITANDO \u00c0 MESMA QUE INFORME A ESTA CASA E A TODA POPULA\u00c7\u00c3O LAGOPRATENSE, SE \u00c9 VERDADEIRA A INFORMA\u00c7\u00c3O DE QUE A PARTIR DO ANO DE 2020 AS ESCOLAS ESTADUAIS DEIXAR\u00c3O DE MATRICULAR CRIAN\u00c7AS DO PRIMEIRO ANO. SE FOR VERDADEIRA A INFORMA\u00c7\u00c3O, QUE NOS ENVIE UMA JUSTIFICATIVA PARA TANTO. SOLICITO AINDA, QUE SEJA ENVIADO OF\u00cdCIO AO PRESIDENTE DA ASSEMBLEIA LEGISLATIVA DO ESTADO DE MINAS GERAIS \u2013 ALMG, DEPUTADO ESTADUAL AGOSTINHO PATRUS, BEM COMO \u00c0 DEPUTADA ESTADUAL BEATRIZ CERQUEIRA, PRESIDENTE DA COMISS\u00c3O DE EDUCA\u00c7\u00c3O, CI\u00caNCIA E TECNOLOGIA DA ALMG."}, {"id": "6069", "ano": "2019", "numero": "175", "tipo__sigla": "REQ", "tipo__descricao": "Requerimento", "autoria": "Cabo Nunes ", "texto_original": "http://sapl.lagoadaprata.mg.leg.br/media/sapl/public/materialegislativa/2019/6069/requerimento_175-2019_-_nunes_-_venda_de_bebida_JSirPPP.pdf", "ementa": "O VEREADOR INFRA-ASSINADO, NA FORMA REGIMENTAL, REQUER A VOSSA EXCEL\u00caNCIA, CONSULTADO O PLEN\u00c1RIO, QUE SEJA ENVIADO OF\u00cdCIO AO CHEFE DO PODER EXECUTIVO MUNICIPAL ENCAMINHANDO O PRESENTE REQUERIMENTO QUE SOLICITA AOS FISCAIS DE POSTURAS DO MUNIC\u00cdPIO, AO SETOR DE CADASTRO E \u00c0 GUARDA CIVIL MUNICIPAL, QUE DILIGENCIEM PARA FAZER CUMPRIR AS DETERMINA\u00c7\u00d5ES DO C\u00d3DIGO DE POSTURAS, ESPECIFICAMENTE QUANTO AO ARTIGO 315-A E INCISO VII DO ARTIGO 328, AMBOS COM REDA\u00c7\u00c3O DETERMINADA PELA LEI COMPLEMENTAR N\u00ba 128/2013. QUE SEJA ENCAMINHADO OF\u00cdCIO TAMB\u00c9M \u00c0 POL\u00cdCIA MILITAR DANDO CONHECIMENTO DA SUPRACITADA LEI COMPLEMENTAR."}, {"id": "6070", "ano": "2019", "numero": "176", "tipo__sigla": "REQ", "tipo__descricao": "Requerimento", "autoria": "Cida Marcelino, Joanes Bosco, Professor Elias Izaias, Quelli C\u00e1ssia Couto", "texto_original": "http://sapl.lagoadaprata.mg.leg.br/media/sapl/public/materialegislativa/2019/6070/requerimento_176-2019_-_alguns_vereadores_-_ava_w89OmGw.pdf", "ementa": "OS VEREADORES INFRA-ASSINADOS, NA FORMA REGIMENTAL, REQUEREM A VOSSA EXCEL\u00caNCIA, CONSULTADO O PLEN\u00c1RIO, QUE DETERMINE AOS SETORES COMPETENTES DESTA CASA, QUE TOMEM AS DEVIDAS PROVID\u00caNCIAS PARA A CONTRATA\u00c7\u00c3O DE OUTRAS TR\u00caS IMOBILI\u00c1RIAS, DISTINTAS DAQUELAS CUJAS AVALIA\u00c7\u00d5ES SE ENCONTRAM NOS AUTOS DO PROCESSO LEGISLATIVO DO PROJETO DE LEI EM 83/2019 (AQUISI\u00c7\u00c3O DE IM\u00d3VEL PARA A EDUCA\u00c7\u00c3O) E DO PROJETO DE LEI EM 76/2019 (QUE ALIENA O PR\u00c9DIO DA PREFEITURA), VISANDO NOVAS AVALIA\u00c7\u00d5ES DOS IM\u00d3VEIS CITADOS NOS MENCIONADOS PROJETOS DE LEI."}, {"id": "6071", "ano": "2019", "numero": "177", "tipo__sigla": "REQ", "tipo__descricao": "Requerimento", "autoria": "Quelli C\u00e1ssia Couto", "texto_original": "http://sapl.lagoadaprata.mg.leg.br/media/sapl/public/materialegislativa/2019/6071/requerimento_177-2019_-_quelli_-_asfalto_denuncia_18-11.pdf", "ementa": "A VEREADORA INFRA-ASSINADA, NA FORMA REGIMENTAL, REQUER A VOSSA EXCEL\u00caNCIA, CONSULTADO O PLEN\u00c1RIO, SEJA ENVIADO OF\u00cdCIO AO CHEFE DO PODER EXECUTIVO MUNICIPAL, ENCAMINHANDO O PRESENTE REQUERIMENTO, QUE SOLICITA AO PRESIDENTE DA COMISS\u00c3O PERMANENTE DE LICITA\u00c7\u00d5ES, \u00c0 CONTROLADORA INTERNA MUNICIPAL, E AINDA, \u00c0 SECRET\u00c1RIA DE OBRAS E URBANISMO,  QUE NO EXERC\u00cdCIO DE SUAS FUN\u00c7\u00d5ES, ENVIEM A ESTA CASA, NO PRAZO REGIMENTAL, C\u00d3PIA DOS AUTOS DO  PROCESSO DE LICITA\u00c7\u00c3O QUE ORIGINOU O CONTRATO DE PAVIMENTA\u00c7\u00c3O ASF\u00c1LTICA, QUE SE ENCONTRA EM EXECU\u00c7\u00c3O NO MOMENTO, ASSIM COMO A C\u00d3PIA DO REFERIDO CONTRATO."}, {"id": "6175", "ano": "2019", "numero": "178", "tipo__sigla": "REQ", "tipo__descricao": "Requerimento", "autoria": "Joanes Bosco", "texto_original": "http://sapl.lagoadaprata.mg.leg.br/media/sapl/public/materialegislativa/2019/6175/requerimento_178-2019_-_joanes_-_plano_de_saude_saae_e_executivo_02-12.pdf", "ementa": "O Vereador infra-assinado, na forma regimental e consultado o Plen\u00e1rio, requer a Vossa Excel\u00eancia que seja enviado of\u00edcio ao Chefe do Poder Executivo Municipal, encaminhando este Requerimento, que solicita ao Secret\u00e1rio de Administra\u00e7\u00e3o e Governo, bem como \u00e0 Diretora do Servi\u00e7o Aut\u00f4nomo de \u00c1gua e Esgoto de Lagoa da Prata \u2013 SAAE-LP - que informem a esta Casa se h\u00e1 possibilidade de contratar empresa para fornecer Plano de Sa\u00fade para os servidores da referida autarquia e do Poder Executivo. Em rela\u00e7\u00e3o ao SAAE-LP, que seja enviado of\u00edcio diretamente para sua diretora."}, {"id": "6176", "ano": "2019", "numero": "179", "tipo__sigla": "REQ", "tipo__descricao": "Requerimento", "autoria": "Preto", "texto_original": "http://sapl.lagoadaprata.mg.leg.br/media/sapl/public/materialegislativa/2019/6176/requerimento_179-2019_-_preto_-_quiosque_nas_pracas_02-12.pdf", "ementa": "O Vereador infra-assinado, na forma regimental, requer a Vossa Excel\u00eancia, consultado o Plen\u00e1rio, seja enviado of\u00edcio ao Chefe do Poder Executivo Municipal encaminhando o presente Requerimento que solicita ao Secret\u00e1rio de Administra\u00e7\u00e3o e Governo, bem como \u00e0 Secret\u00e1ria de Obras e Urbanismo, que informem a esta Casa se h\u00e1 possibilidade de se instalar quiosques nas pra\u00e7as municipais."}, {"id": "6177", "ano": "2019", "numero": "180", "tipo__sigla": "REQ", "tipo__descricao": "Requerimento", "autoria": "Cabo Nunes , Adriano Moreira, Cida Marcelino, Joanes Bosco, Josiane Protetora dos Animais, Lalinho Duzinho, Preto, Professor Elias Izaias, Quelli C\u00e1ssia Couto", "texto_original": "http://sapl.lagoadaprata.mg.leg.br/media/sapl/public/materialegislativa/2019/6177/requerimento_180-2019_-_josiane_-_pedidos_colegio_aguia_de_prata_02-12.pdf", "ementa": "Atendendo a solicita\u00e7\u00e3o de alunos de alunos do col\u00e9gio \u00c1guia de Prata, para v\u00e1rios problemas no Munic\u00edpio."}, {"id": "6178", "ano": "2019", "numero": "181", "tipo__sigla": "REQ", "tipo__descricao": "Requerimento", "autoria": "Cida Marcelino", "texto_original": "http://sapl.lagoadaprata.mg.leg.br/media/sapl/public/materialegislativa/2019/6178/requerimento_181-2019_-_cida_-_reforma_praca_de_esportes_02-12.pdf", "ementa": "A Vereadora infra-assinada, na forma regimental, requer a Vossa Excel\u00eancia, consultado o Plen\u00e1rio, seja enviado of\u00edcio ao Chefe do Poder Executivo Municipal,  encaminhando o presente Requerimento que solicita ao Secret\u00e1rio de Desportos que informe a esta Casa se h\u00e1 por parte da Administra\u00e7\u00e3o P\u00fablica Municipal, inten\u00e7\u00e3o de se reformar a constru\u00e7\u00e3o situada no interior da Pra\u00e7a de Esportes do Munic\u00edpio."}, {"id": "6179", "ano": "2019", "numero": "182", "tipo__sigla": "REQ", "tipo__descricao": "Requerimento", "autoria": "Cabo Nunes ", "texto_original": "http://sapl.lagoadaprata.mg.leg.br/media/sapl/public/materialegislativa/2019/6179/requerimento_182-2019_-_nunes_-_cobertura_de_quadras_-_09-12.pdf", "ementa": "O Vereador infra-assinado, na forma regimental, requer a Vossa Excel\u00eancia, consultado o Plen\u00e1rio, que seja enviado of\u00edcio ao Chefe do Poder Executivo Municipal encaminhando o presente Requerimento que solicita informa\u00e7\u00f5es ao Secret\u00e1rio Municipal de Obras e Urbanismo e ao Secret\u00e1rio Municipal de Desportos, sobre a previs\u00e3o de in\u00edcio das obras para cobertura e ilumina\u00e7\u00e3o das Quadras dos Bairros Santa Helena e Sol Nascente."}, {"id": "6180", "ano": "2019", "numero": "183", "tipo__sigla": "REQ", "tipo__descricao": "Requerimento", "autoria": "Cida Marcelino", "texto_original": "http://sapl.lagoadaprata.mg.leg.br/media/sapl/public/materialegislativa/2019/6180/requerimento_183-2019_-_cida_-_convoca_nivia_melo_-_09-12.pdf", "ementa": "A Vereadora infra-assinada, na forma regimental e consultado o Plen\u00e1rio, requer a   Vossa Excel\u00eancia que seja enviado of\u00edcio ao Chefe do Poder Executivo Municipal encaminhando o presente Requerimento, que convoca a Secret\u00e1ria da Fazenda Nivia Melo, a comparecer a esta Casa, no prazo regimental e nos termos da Lei Org\u00e2nica do Munic\u00edpio,   para esclarecer aos Vereadores e \u00e0 popula\u00e7\u00e3o como s\u00e3o gastos os valores arrecadados com a Contribui\u00e7\u00e3o de Ilumina\u00e7\u00e3o P\u00fablica."}, {"id": "6181", "ano": "2019", "numero": "184", "tipo__sigla": "REQ", "tipo__descricao": "Requerimento", "autoria": "Quelli C\u00e1ssia Couto, Cida Marcelino", "texto_original": "http://sapl.lagoadaprata.mg.leg.br/media/sapl/public/materialegislativa/2019/6181/requerimento_184-2019_-_quelli_-_importunacao_sexual_upa_09-12.pdf", "ementa": "As Vereadoras infra-assinadas, na forma regimental, requerem a Vossa Excel\u00eancia, consultado o Plen\u00e1rio, seja enviado of\u00edcio ao Chefe do Poder Executivo Municipal, encaminhando o presente Requerimento que solicita ao Secret\u00e1rio Municipal de Sa\u00fade, Senhor Geraldo Mangelo de Almeida e ao Secret\u00e1rio Municipal de Administra\u00e7\u00e3o e Governo, Senhor Jos\u00e9 Te\u00f3filo Filho, que informem a esta Casa, respeitados os limites de sigilos que  cercam os processos administrativos disciplinares e os processos de sindic\u00e2ncia administrativa, quais foram as efetivas medidas tomadas pela Secretaria de Sa\u00fade e Secretaria de Administra\u00e7\u00e3o e Governo, quanto aos fatos ocorridos na noite de quarta-feira \u00faltima, dia 04/12/2019, na UPA \u2013 Unidade de Pronto Atendimento, envolvendo um servidor da referida unidade."}, {"id": "6182", "ano": "2019", "numero": "185", "tipo__sigla": "REQ", "tipo__descricao": "Requerimento", "autoria": "Preto", "texto_original": "http://sapl.lagoadaprata.mg.leg.br/media/sapl/public/materialegislativa/2019/6182/requerimento_185-2019_-_preto_-_resposta_do_andamento_do_concurso_guarda_09-12.pdf", "ementa": "O Vereador infra-assinado, na forma regimental e consultado o Plen\u00e1rio, requer a Vossa Excel\u00eancia que seja enviado of\u00edcio ao Chefe do Poder Executivo Municipal encaminhando o presente Requerimento, que solicita ao Secret\u00e1rio de Administra\u00e7\u00e3o e Governo que informe a esta Casa, sobre o andamento do Concurso realizado para aumentar o efetivo da Guarda Civil Municipal."}, {"id": "6098", "ano": "2019", "numero": "186", "tipo__sigla": "REQ", "tipo__descricao": "Requerimento", "autoria": "Joanes Bosco", "texto_original": "http://sapl.lagoadaprata.mg.leg.br/media/sapl/public/materialegislativa/2019/6098/requerimento_186-2019_-_joanes_-_colocar_poste_rua_divinopolis_16-12.pdf", "ementa": "O Vereador infra-assinado, na forma regimental, requer a Vossa Excel\u00eancia, consultado o Plen\u00e1rio, que seja enviado of\u00edcio ao Chefe do Poder Executivo Municipal encaminhando o presente Requerimento que solicita ao Secret\u00e1rio de Administra\u00e7\u00e3o e Governo que informe a esta Casa se h\u00e1 possibilidade de se instalar um poste de energia el\u00e9trica, com a respectiva lumin\u00e1ria na Rua Divin\u00f3polis, pr\u00f3ximo ao n\u00ba 85, Bairro Am\u00e9rico Silva, nesta cidade."}, {"id": "6099", "ano": "2019", "numero": "187", "tipo__sigla": "REQ", "tipo__descricao": "Requerimento", "autoria": "Preto, Adriano Moreira, Cabo Nunes , Josiane Protetora dos Animais, Lalinho Duzinho", "texto_original": "http://sapl.lagoadaprata.mg.leg.br/media/sapl/public/materialegislativa/2019/6099/requerimento_187-2019_-_preto_e_outros_-_documentos_fsc_16-12.pdf", "ementa": "Os Vereadores infra-assinados, na forma regimental e consultado o Plen\u00e1rio, requerem a Vossa Excel\u00eancia que seja enviado of\u00edcio ao Chefe do Poder Executivo Municipal, encaminhando o presente Requerimento que solicita ao Secret\u00e1rio Municipal de Sa\u00fade que envie a esta Casa, c\u00f3pia das presta\u00e7\u00f5es de contas referentes a Subven\u00e7\u00f5es, Aux\u00edlios e Contribui\u00e7\u00f5es repassados pelo Munic\u00edpio \u00e0 Funda\u00e7\u00e3o S\u00e3o Carlos, nos anos de 2013 a 2016."}, {"id": "6100", "ano": "2019", "numero": "188", "tipo__sigla": "REQ", "tipo__descricao": "Requerimento", "autoria": "Cida Marcelino", "texto_original": "http://sapl.lagoadaprata.mg.leg.br/media/sapl/public/materialegislativa/2019/6100/requerimento_188-2019_-_cida_marcelino_-_relatorio_imoveis_16-12.pdf", "ementa": "A Vereadora infra-assinada, na forma regimental, requer a Vossa Excel\u00eancia, consultado o Plen\u00e1rio, seja enviado of\u00edcio ao Chefe do Poder Executivo Municipal, encaminhando o presente Requerimento, que solicita \u00e0(ao) respons\u00e1vel pelo controle do Patrim\u00f4nio P\u00fablico Municipal ou \u00e0 Procuradoria do Munic\u00edpio que envie a esta Casa os seguintes documentos e/ou informa\u00e7\u00f5es:\r\n1 \u2013 A rela\u00e7\u00e3o dos im\u00f3veis de propriedade do Munic\u00edpio, acompanhados da respectiva Certid\u00e3o de Registro dos mesmos e mapa de localiza\u00e7\u00e3o;\r\n2 \u2013 Relat\u00f3rio informando quais im\u00f3veis foram alienados por meio da autoriza\u00e7\u00e3o contida na Lei Municipal n\u00ba 2271/2014, bem como os valores apurados e onde foram investidos."}, {"id": "6101", "ano": "2019", "numero": "189", "tipo__sigla": "REQ", "tipo__descricao": "Requerimento", "autoria": "Lalinho Duzinho", "texto_original": "http://sapl.lagoadaprata.mg.leg.br/media/sapl/public/materialegislativa/2019/6101/requerimento_189-2019_-_lalinho_-_antecipa_reuniao_16-12.pdf", "ementa": "O Vereador infra-assinado, na forma regimental, requer a Vossa Excel\u00eancia, consultado o Plen\u00e1rio, que a Reuni\u00e3o Ordin\u00e1ria do dia 23 de dezembro do corrente ano seja antecipada para o dia 20 de dezembro de 2019, uma sexta-feira."}, {"id": "6102", "ano": "2019", "numero": "190", "tipo__sigla": "REQ", "tipo__descricao": "Requerimento", "autoria": "Adriano Moreira", "texto_original": "http://sapl.lagoadaprata.mg.leg.br/media/sapl/public/materialegislativa/2019/6102/requerimento_190-2019_-_adriano_-_estrutura_dos_poliesportivos_16-12.pdf", "ementa": "O Vereador infra-assinado, na forma regimental, requer a Vossa Excel\u00eancia, consultado o Plen\u00e1rio, seja enviado of\u00edcio ao Chefe do Poder Executivo Municipal encaminhando o presente Requerimento, que solicita ao Secret\u00e1rio de Desportos e ao Secret\u00e1rio de Obras e Urbanismo, que informem a esta Casa como se encontram as estruturas dos Gin\u00e1sios Poliesportivos de Lagoa da Prata, em especial quanto a sa\u00eddas de emerg\u00eancia, estrutura f\u00edsica, parte hidr\u00e1ulica e el\u00e9trica."}, {"id": "6087", "ano": "2019", "numero": "191", "tipo__sigla": "REQ", "tipo__descricao": "Requerimento", "autoria": "Preto", "texto_original": "http://sapl.lagoadaprata.mg.leg.br/media/sapl/public/materialegislativa/2019/6087/requerimento_191-2019_preto_-_insalubridade_20-12.pdf", "ementa": "O Vereador infra-assinado, na forma regimental e consultado o Plen\u00e1rio, requer a Vossa Excel\u00eancia que se envie of\u00edcio ao Chefe do Poder Executivo Municipal encaminhando o presente Requerimento, que solicita ao Secret\u00e1rio de Sa\u00fade e ao Secret\u00e1rio de Administra\u00e7\u00e3o e Governo, que informem a esta Casa, se h\u00e1 possibilidade do pagamento do Adicional de Insalubridade \u00e0s Agentes Comunit\u00e1rias de Sa\u00fade, considerando que v\u00e1rios Munic\u00edpios j\u00e1 pagam este adicional \u00e0s suas profissionais."}, {"id": "6089", "ano": "2019", "numero": "192", "tipo__sigla": "REQ", "tipo__descricao": "Requerimento", "autoria": "Cida Marcelino", "texto_original": "http://sapl.lagoadaprata.mg.leg.br/media/", "ementa": "A Vereadora infra-assinada, na forma regimental, requer a Vossa Excel\u00eancia, consultado o Plen\u00e1rio, seja enviado of\u00edcio ao Chefe do Poder Executivo Municipal, encaminhando o presente Requerimento, que solicita ao Secret\u00e1rio de Administra\u00e7\u00e3o e Governo que informe a esta Casa se h\u00e1 possibilidade de oferecer Cursos de Capacita\u00e7\u00e3o e Treinamentos espec\u00edficos para os servidores p\u00fablicos municipais que trabalham em setores e unidades com atendimento direto ao p\u00fablico, em especial aos servidores da Secretaria de Sa\u00fade, da UPA, das UBS, Farm\u00e1cia Municipal, Setor de Cadastro, Fiscaliza\u00e7\u00e3o e Tributa\u00e7\u00e3o e da Secretaria de Assist\u00eancia Social, uma vez que estas secretarias, setores e unidades oferecem servi\u00e7os que demandam atendimento diretamente aos usu\u00e1rios."}, {"id": "6090", "ano": "2019", "numero": "193", "tipo__sigla": "REQ", "tipo__descricao": "Requerimento", "autoria": "Quelli C\u00e1ssia Couto", "texto_original": "http://sapl.lagoadaprata.mg.leg.br/media/sapl/public/materialegislativa/2019/6090/requerimento_193-2019_-_quelli_-_regularizacao_casa_mineira_20-12.pdf", "ementa": "As Vereadoras infra-assinadas, na forma regimental, requerem a Vossa Excel\u00eancia,         consultado o Plen\u00e1rio, que seja enviado of\u00edcio ao Chefe do Poder Executivo Municipal,       encaminhando o presente Requerimento que solicita \u00e0 Secret\u00e1ria de Assist\u00eancia Social,        Calim\u00e9ria Gon\u00e7alves Solto e Silva, que informe a esta Casa, se enviar\u00e1, com a urg\u00eancia que exige a mat\u00e9ria, Projeto de Lei que regularize a doa\u00e7\u00e3o dos im\u00f3veis feitos ao Centro            Alternativo Habitacional S\u00f3cio Assistencial de Minas Gerais \u201cCasa Mineira\u201d, por meio de  concess\u00e3o de uso especial para fins de moradia, para a constru\u00e7\u00e3o de casas no bairro Sol    Nascente, por meio de sistema de mutir\u00e3o e financiados pela Caixa Econ\u00f4mica Federal - CEF, via Lei Municipal n\u00ba 1529/2007."}, {"id": "6091", "ano": "2019", "numero": "194", "tipo__sigla": "REQ", "tipo__descricao": "Requerimento", "autoria": "Adriano Moreira", "texto_original": "http://sapl.lagoadaprata.mg.leg.br/media/sapl/public/materialegislativa/2019/6091/requerimento_194-2019_-_adriano_-_antecipa_reuniao_20-12.pdf", "ementa": "O Vereador infra-assinado, na forma regimental, requer a Vossa Excel\u00eancia, consultado o Plen\u00e1rio, que a Reuni\u00e3o Ordin\u00e1ria do dia 30 de dezembro do corrente ano seja antecipada para o dia 26 de dezembro de 2019, uma quinta-feira."}, {"id": "6092", "ano": "2019", "numero": "195", "tipo__sigla": "REQ", "tipo__descricao": "Requerimento", "autoria": "Joanes Bosco", "texto_original": "http://sapl.lagoadaprata.mg.leg.br/media/sapl/public/materialegislativa/2019/6092/requerimento_195-2019_-_joanes_-_convoca_paulene_20-12.pdf", "ementa": "O Vereador infra-assinado, na forma regimental, requer a Vossa Excel\u00eancia,             consultado o Plen\u00e1rio, seja enviado of\u00edcio ao Chefe do Poder Executivo Municipal,              encaminhando o presente Requerimento, que convoca a Secret\u00e1ria Municipal de Educa\u00e7\u00e3o,    Senhora Paulene M\u00e1rcia Andrade e Silva, para comparecer \u00e0 C\u00e2mara Municipal no prazo      regimental e nos termos da Lei Org\u00e2nica do Munic\u00edpio, para esclarecer aos Vereadores e \u00e0    popula\u00e7\u00e3o a respeito de assuntos administrativos e funcionais das Escolas e Creches           Municipais."}, {"id": "5753", "ano": "2019", "numero": "2", "tipo__sigla": "veto", "tipo__descricao": "Veto", "autoria": "Paulo C\u00e9sar Teodoro", "texto_original": "http://sapl.lagoadaprata.mg.leg.br/media/", "ementa": "VETO APOSTO \u00c0 PROPOSI\u00c7\u00c3O DE LEI N\u00ba 003/2019 (PROJETO DE LEI CM N\u00ba 025/2019), QUE \u201cDETERMINA QUE OS LABORAT\u00d3RIOS QUE PRESTAM SERVI\u00c7OS \u00c0 REDE P\u00daBLICA MUNICIPAL DE SA\u00daDE REALIZEM COLETA DE MATERIAIS PARA EXAMES LABORATORIAIS NAS RESID\u00caNCIAS DE PESSOAS COM DIFICULDADE DE LOCOMO\u00c7\u00c3O, NO MUNIC\u00cdPIO DE LAGOA DA PRATA\u201d."}, {"id": "5800", "ano": "2019", "numero": "3", "tipo__sigla": "veto", "tipo__descricao": "Veto", "autoria": "Paulo C\u00e9sar Teodoro", "texto_original": "http://sapl.lagoadaprata.mg.leg.br/media/", "ementa": "VETO APOSTO \u00c0 PROPOSI\u00c7\u00c3O DE LEI N\u00ba 5/2019, QUE \"DISP\u00d5E SOBRE A DIVULGA\u00c7\u00c3O DE LISTA DE ESPERA DE CASTRA\u00c7\u00c3O DE C\u00c3ES E GATOS NO SITE DO MUNIC\u00cdPIO\"."}, {"id": "5806", "ano": "2019", "numero": "4", "tipo__sigla": "veto", "tipo__descricao": "Veto", "autoria": "Paulo C\u00e9sar Teodoro", "texto_original": "http://sapl.lagoadaprata.mg.leg.br/media/", "ementa": "VETO APOSTO \u00c0 PROPOSI\u00c7\u00c3O DE LEI COMPLEMENTAR N\u00ba 4/2019, QUE \"ALTERA A LEI COMPLEMENTAR MUNICIPAL N\u00ba 176, DE 03 DE JANEIRO DE 2017\"."}, {"id": "5843", "ano": "2019", "numero": "5", "tipo__sigla": "veto", "tipo__descricao": "Veto", "autoria": "Paulo C\u00e9sar Teodoro", "texto_original": "http://sapl.lagoadaprata.mg.leg.br/media/", "ementa": "VETO APOSTO \u00c0 PROPOSI\u00c7\u00c3O DE LEI COMPLEMENTAR N\u00ba 5/2019, QUE \"ALTERA A LEI COMPLEMENTAR MUNICIPAL N\u00ba 176, DE 03 DE JANEIRO DE 2017\"."}, {"id": "5921", "ano": "2019", "numero": "6", "tipo__sigla": "veto", "tipo__descricao": "Veto", "autoria": "Paulo C\u00e9sar Teodoro", "texto_original": "http://sapl.lagoadaprata.mg.leg.br/media/sapl/public/materialegislativa/2019/5921/veto_006-2019_-_veta_proposicao_de_lei_compleme_Oeh07Cf.pdf", "ementa": "VETO APOSTO \u00c0 PROPOSI\u00c7\u00c3O DE LEI COMPLEMENTAR N\u00ba 11/2019, REFERENTE AO PROJETO DE LEI COMPLEMENTAR N\u00ba 5/2019, QUE \"ALTERA A LEI COMPLEMENTAR MUNICIPAL N\u00ba 176, DE 03 DE JANEIRO DE 2017\""}, {"id": "5943", "ano": "2019", "numero": "7", "tipo__sigla": "veto", "tipo__descricao": "Veto", "autoria": "Paulo C\u00e9sar Teodoro", "texto_original": "http://sapl.lagoadaprata.mg.leg.br/media/", "ementa": "VETO APOSTO \u00c0 PROPOSI\u00c7\u00c3O DE LEI N\u00ba 49/2019, QUE \"AUTORIZA DOA\u00c7\u00c3O DE BENS QUE MENCIONA E D\u00c1 OUTRAS PROVID\u00caNCIAS.\u201d"}, {"id": "5978", "ano": "2019", "numero": "8", "tipo__sigla": "veto", "tipo__descricao": "Veto", "autoria": "Paulo C\u00e9sar Teodoro", "texto_original": "http://sapl.lagoadaprata.mg.leg.br/media/", "ementa": "VETO APOSTO \u00c0 PROPOSI\u00c7\u00c3O DE LEI N\u00ba 61/2019, QUE \"DISP\u00d5E SOBRE AS DIRETRIZES PARA A ELABORA\u00c7\u00c3O DA LEI OR\u00c7AMENT\u00c1RIA DE 2020 E D\u00c1 OUTRAS PROVID\u00caNCIAS\""}, {"id": "5799", "ano": "2019", "numero": "1", "tipo__sigla": "DECLE", "tipo__descricao": "Projeto de Decreto Legislativo", "autoria": "Josiane Protetora dos Animais, Quelli C\u00e1ssia Couto", "texto_original": "http://sapl.lagoadaprata.mg.leg.br/media/", "ementa": "DISP\u00d5E SOBRE A SUSTA\u00c7\u00c3O DOS EFEITOS DO DECRETO MUNICIPAL N\u00ba 260, DE 12 DE DEZEMBRO DE 2018."}, {"id": "5805", "ano": "2019", "numero": "1", "tipo__sigla": "PPTCE", "tipo__descricao": "Parecer Pr\u00e9vio do Tribunal de Contas do Estado", "autoria": "", "texto_original": "http://sapl.lagoadaprata.mg.leg.br/media/", "ementa": "PARECER PR\u00c9VIO SOBRE A PRESTA\u00c7\u00c3O DE CONTAS DO PODER EXECUTIVO DO MUNIC\u00cdPIO DE LAGOA DA PRATA REFERENTE AO EXERC\u00cdCIO DE 2016."}]}