{"headers": {"id": "ID", "ano": "Ano", "numero": "N\u00famero", "tipo__sigla": "Tipo de Mat\u00e9ria Legislativa/Sigla", "tipo__descricao": "Tipo de Mat\u00e9ria Legislativa/Descri\u00e7\u00e3o", "autoria": "Autorias", "texto_original": "Texto Original", "ementa": "Ementa"}, "results": [{"id": "6492", "ano": "2021", "numero": "1", "tipo__sigla": "ANTEP", "tipo__descricao": "Anteprojeto de Lei", "autoria": "Sargento Washington", "texto_original": "http://sapl.lagoadaprata.mg.leg.br/media/sapl/public/materialegislativa/2021/6492/anteprojeto_01-2021_washington_-_conselho_municipal_dos_direitos_da_mulher_01-02_primeiro.pdf", "ementa": "Disp\u00f5e sobre a Cria\u00e7\u00e3o do Conselho Municipal dos Direitos da Mulher \u2013 CMDM."}, {"id": "6549", "ano": "2021", "numero": "2", "tipo__sigla": "ANTEP", "tipo__descricao": "Anteprojeto de Lei", "autoria": "Hermano Fof\u00e3o", "texto_original": "http://sapl.lagoadaprata.mg.leg.br/media/sapl/public/materialegislativa/2021/6549/anteprojeto_002-2021_-_hermano_-_modifica_lei_984-2001_-_praia_-_pesca.pdf", "ementa": "Altera a Lei Municipal 984 de 12 de setembro de 2001."}, {"id": "6550", "ano": "2021", "numero": "3", "tipo__sigla": "ANTEP", "tipo__descricao": "Anteprojeto de Lei", "autoria": "Carol Castro", "texto_original": "http://sapl.lagoadaprata.mg.leg.br/media/sapl/public/materialegislativa/2021/6550/anteprojeto_03-2021_carol_-_carteira_de_identificacao_do_autista_-_22-02.pdf", "ementa": "Institui a Carteira de Identifica\u00e7\u00e3o do Autista (CIA) no Munic\u00edpio de Lagoa da Prata - MG."}, {"id": "6617", "ano": "2021", "numero": "4", "tipo__sigla": "ANTEP", "tipo__descricao": "Anteprojeto de Lei", "autoria": "Toninho da Laje", "texto_original": "http://sapl.lagoadaprata.mg.leg.br/media/sapl/public/materialegislativa/2021/6617/anteprojeto_004-2021_-_toninho_da_laje_-_academias_essenciais.pdf", "ementa": "Disp\u00f5e sobre o reconhecimento da pr\u00e1tica de         atividade f\u00edsica como essencial para a sa\u00fade da      popula\u00e7\u00e3o e declara a essencialidade dos                 estabelecimentos de presta\u00e7\u00e3o de servi\u00e7os de        atividade f\u00edsica ou Educa\u00e7\u00e3o F\u00edsica, p\u00fablicos ou      privados, no \u00e2mbito do Munic\u00edpio de Lagoa da Prata."}, {"id": "6650", "ano": "2021", "numero": "5", "tipo__sigla": "ANTEP", "tipo__descricao": "Anteprojeto de Lei", "autoria": "Lisa Miranda", "texto_original": "http://sapl.lagoadaprata.mg.leg.br/media/sapl/public/materialegislativa/2021/6650/anteprojeto_005-2021_-_lisa_-_isencao_iptu_03-05.pdf", "ementa": "Disp\u00f5e sobre a n\u00e3o incid\u00eancia do Imposto Sobre a Propriedade Predial e Territorial Urbana \u2013 IPTU - no Munic\u00edpio de Lagoa da Prata, nos casos que          menciona."}, {"id": "6698", "ano": "2021", "numero": "6", "tipo__sigla": "ANTEP", "tipo__descricao": "Anteprojeto de Lei", "autoria": "Carol Castro", "texto_original": "http://sapl.lagoadaprata.mg.leg.br/media/sapl/public/materialegislativa/2021/6698/anteprojeto_006-2021_-_carol_-_institui_o_mes_maio_laranja_24-05.pdf", "ementa": "INSTITUI O M\u00caS \u201cMAIO LARANJA\u201d SOBRE A IMPORT\u00c2NCIA DA CONSCIENTIZA\u00c7\u00c3O, PREVEN\u00c7\u00c3O, ORIENTA\u00c7\u00c3O E COMBATE AO ABUSO E EXPLORA\u00c7\u00c3O SEXUAL DE CRIAN\u00c7A E ADOLESCENTE."}, {"id": "6699", "ano": "2021", "numero": "7", "tipo__sigla": "ANTEP", "tipo__descricao": "Anteprojeto de Lei", "autoria": "Lisa Miranda, Soninha", "texto_original": "http://sapl.lagoadaprata.mg.leg.br/media/sapl/public/materialegislativa/2021/6699/anteprojeto_007-2021_-_lisa_-_carteira_de_saude_da_mulher_24-05.pdf", "ementa": "Institui a Carteira Municipal de Sa\u00fade da Mulher no Munic\u00edpio de Lagoa da Prata."}, {"id": "6714", "ano": "2021", "numero": "8", "tipo__sigla": "ANTEP", "tipo__descricao": "Anteprojeto de Lei", "autoria": "Soninha", "texto_original": "http://sapl.lagoadaprata.mg.leg.br/media/sapl/public/materialegislativa/2021/6714/anteprojeto_008-2021_-_soninha_-_curso_identificacao_maus-tratos_contra_criancas_31-05.pdf", "ementa": "DISP\u00d5E SOBRE A OFERTA DE CURSOS DE FORMA\u00c7\u00c3O COMPLEMENTAR, ANUAIS E OBRIGAT\u00d3RIOS, CUJOS CONTE\u00daDOS PROGRAM\u00c1TICOS CONTER\u00c3O TREINAMENTO E ORIENTA\u00c7\u00c3O PARA A IDENTIFICA\u00c7\u00c3O DE MAUS-TRATOS E ABUSOS SEXUAIS PRATICADOS CONTRA CRIAN\u00c7A E ADOLESCENTE, AOS PROFESSORES E DEMAIS PROFISSIONAIS DA REDE MUNICIPAL DE EDUCA\u00c7\u00c3O, EM LAGOA DA PRATA."}, {"id": "6791", "ano": "2021", "numero": "9", "tipo__sigla": "ANTEP", "tipo__descricao": "Anteprojeto de Lei", "autoria": "Carol Castro", "texto_original": "http://sapl.lagoadaprata.mg.leg.br/media/sapl/public/materialegislativa/2021/6791/anteprojeto_009-2021_-_carol_-_promocao_da_dignidade_menstrual_19-07.pdf", "ementa": "Disp\u00f5e sobre as diretrizes para as a\u00e7\u00f5es de Promo\u00e7\u00e3o da Dignidade Menstrual e o fornecimento gratuito de absorventes higi\u00eanicos no Munic\u00edpio de Lagoa da Prata."}, {"id": "6792", "ano": "2021", "numero": "10", "tipo__sigla": "ANTEP", "tipo__descricao": "Anteprojeto de Lei", "autoria": "Hermano Fof\u00e3o, Toninho da Laje", "texto_original": "http://sapl.lagoadaprata.mg.leg.br/media/sapl/public/materialegislativa/2021/6792/anteprojeto_010-2021_-_hermano_-_transito_avenida_brasil_19-07_2.pdf", "ementa": "Pro\u00edbe o Tr\u00e2nsito de Ve\u00edculos de Grande Porte na Avenida Brasil, situada no Munic\u00edpio de Lagoa da Prata."}, {"id": "6806", "ano": "2021", "numero": "11", "tipo__sigla": "ANTEP", "tipo__descricao": "Anteprojeto de Lei", "autoria": "Carol Castro", "texto_original": "http://sapl.lagoadaprata.mg.leg.br/media/sapl/public/materialegislativa/2021/6806/anteprojeto_011-2021_-_carol_-_conselho_de_protecao_animal_02-08.pdf", "ementa": "Cria o Conselho e o Fundo Municipal de Prote\u00e7\u00e3o e Bem-Estar Animal de Lagoa da Prata."}, {"id": "6826", "ano": "2021", "numero": "12", "tipo__sigla": "ANTEP", "tipo__descricao": "Anteprojeto de Lei", "autoria": "Carol Castro", "texto_original": "http://sapl.lagoadaprata.mg.leg.br/media/sapl/public/materialegislativa/2021/6826/anteprojeto_012-2021_-_carol_-_notificacao_compulsoria_violencia_contra_mulher_09-08.pdf", "ementa": "DISP\u00d5E SOBRE A CRIA\u00c7\u00c3O DA NOTIFICA\u00c7\u00c3O COMPULS\u00d3RIA DA VIOL\u00caNCIA CONTRA A MULHER."}, {"id": "6842", "ano": "2021", "numero": "13", "tipo__sigla": "ANTEP", "tipo__descricao": "Anteprojeto de Lei", "autoria": "Sargento Washington, Cici, Lisa Miranda", "texto_original": "http://sapl.lagoadaprata.mg.leg.br/media/sapl/public/materialegislativa/2021/6842/anteprojeto_013-2021_-_motoristas_de_app_16-08.pdf", "ementa": "DISP\u00d5E SOBRE O USO DO SISTEMA VI\u00c1RIO URBANO NO MUNIC\u00cdPIO DE LAGOA DA PRATA/MG PARA A PRESTA\u00c7\u00c3O DE SERVI\u00c7OS DE TRANSPORTE INDIVIDUAL REMUNERADO DE PASSAGEIROS, POR MEIO DE PLATAFORMAS DE TECNOLOGIAS POR APLICATIVOS."}, {"id": "6854", "ano": "2021", "numero": "14", "tipo__sigla": "ANTEP", "tipo__descricao": "Anteprojeto de Lei", "autoria": "Carol Castro", "texto_original": "http://sapl.lagoadaprata.mg.leg.br/media/sapl/public/materialegislativa/2021/6854/anteprojeto_014-2021_-_carol_-_banco_de_racao_animal_e_utensilios_23-08.pdf", "ementa": "Institui o Programa Banco de Ra\u00e7\u00e3o e Utens\u00edlios para Animais, no Munic\u00edpio de Lagoa da Prata"}, {"id": "6903", "ano": "2021", "numero": "15", "tipo__sigla": "ANTEP", "tipo__descricao": "Anteprojeto de Lei", "autoria": "Lisa Miranda", "texto_original": "http://sapl.lagoadaprata.mg.leg.br/media/sapl/public/materialegislativa/2021/6903/anteprojeto_015-2021_-_lisa_miranda_-_distribuicao_de_fraldas_27-09.pdf", "ementa": "Disp\u00f5e sobre distribui\u00e7\u00e3o gratuita de fraldas descart\u00e1veis para deficientes e idosos, nas condi\u00e7\u00f5es que especifica."}, {"id": "6913", "ano": "2021", "numero": "16", "tipo__sigla": "ANTEP", "tipo__descricao": "Anteprojeto de Lei", "autoria": "Pavio", "texto_original": "http://sapl.lagoadaprata.mg.leg.br/media/sapl/public/materialegislativa/2021/6913/anteprojeto_016-2021_-_pavio_-_distribuicao_de_cestas_natalinas_04-10.pdf", "ementa": "Autoriza o Poder Executivo Municipal fornecer,    anualmente, Cestas Natalinas aos Empregados       P\u00fablicos Municipais."}, {"id": "6934", "ano": "2021", "numero": "17", "tipo__sigla": "ANTEP", "tipo__descricao": "Anteprojeto de Lei", "autoria": "Carol Castro", "texto_original": "http://sapl.lagoadaprata.mg.leg.br/media/sapl/public/materialegislativa/2021/6934/anteprojeto_017-2021_-_carol_-_carteira_de_identificacao_fibromialgia_-_11-10.pdf", "ementa": "Institui a Carteira de Identifica\u00e7\u00e3o das Pessoas Acometidas pela Fibromialgia e estabelece prioridade de atendimento a estas, no Munic\u00edpio de Lagoa da Prata - MG."}, {"id": "6935", "ano": "2021", "numero": "18", "tipo__sigla": "ANTEP", "tipo__descricao": "Anteprojeto de Lei", "autoria": "Cici", "texto_original": "http://sapl.lagoadaprata.mg.leg.br/media/sapl/public/materialegislativa/2021/6935/anteprojeto_018-2021_-_cici_-_prazo_fechamento_vala_ou_buraco_nas_vias_e_calcadas_11-10.pdf", "ementa": "Disp\u00f5e sobre a obrigatoriedade do conserto de valas e buracos abertos nas vias p\u00fablicas, no \u00e2mbito do Munic\u00edpio de Lagoa da Prata."}, {"id": "6973", "ano": "2021", "numero": "19", "tipo__sigla": "ANTEP", "tipo__descricao": "Anteprojeto de Lei", "autoria": "Carol Castro", "texto_original": "http://sapl.lagoadaprata.mg.leg.br/media/sapl/public/materialegislativa/2021/6973/anteprojeto_019-2021_-_carol_castro_-_direito_atendimento_em_libras_01-11.pdf", "ementa": "ASSEGURA \u00c0S PESSOAS SURDAS O DIREITO A ATENDIMENTO POR SERVIDOR CAPACITADO EM L\u00cdNGUA BRASILEIRA DE SINAIS \u2013 LIBRAS, NOS \u00d3RG\u00c3OS E ENTIDADES DA ADMINISTRA\u00c7\u00c3O P\u00daBLICA DIRETA E INDIRETA DO MUNIC\u00cdPIO DE LAGOA DA PRATA - MG"}, {"id": "6985", "ano": "2021", "numero": "20", "tipo__sigla": "ANTEP", "tipo__descricao": "Anteprojeto de Lei", "autoria": "Lisa Miranda", "texto_original": "http://sapl.lagoadaprata.mg.leg.br/media/sapl/public/materialegislativa/2021/6985/anteprojeto_020-2021_-_lisa_miranda_-_programa_pro_mulher_16-11.pdf", "ementa": "Institui o Programa Pr\u00f3-Mulher de Qualifica\u00e7\u00e3o de M\u00e3o de Obra Feminina no Munic\u00edpio de Lagoa da Prata."}, {"id": "6994", "ano": "2021", "numero": "21", "tipo__sigla": "ANTEP", "tipo__descricao": "Anteprojeto de Lei", "autoria": "Sargento Washington", "texto_original": "http://sapl.lagoadaprata.mg.leg.br/media/sapl/public/materialegislativa/2021/6994/anteprojeto_021-2021_-_sargento_washington_-_universalizacao_bibliotecas_municipais.pdf", "ementa": "Disp\u00f5e sobre o Programa Municipal de Universaliza\u00e7\u00e3o das Bibliotecas nos Estabelecimentos de Ensino Integrantes do Sistema de Educa\u00e7\u00e3o do Munic\u00edpio de Lagoa da Prata."}, {"id": "6996", "ano": "2021", "numero": "22", "tipo__sigla": "ANTEP", "tipo__descricao": "Anteprojeto de Lei", "autoria": "Cici", "texto_original": "http://sapl.lagoadaprata.mg.leg.br/media/sapl/public/materialegislativa/2021/6996/anteprojeto_022-2021_-_cici_-_incentivo_a_reincercao_social_de_dependentes_quimicos_20-11.pdf", "ementa": "Institui o Programa Municipal de Incentivo ao      Emprego e \u00e0 Reinser\u00e7\u00e3o Social de Dependentes   Qu\u00edmicos no Munic\u00edpio de Lagoa da Prata."}, {"id": "7016", "ano": "2021", "numero": "23", "tipo__sigla": "ANTEP", "tipo__descricao": "Anteprojeto de Lei", "autoria": "Lisa Miranda", "texto_original": "http://sapl.lagoadaprata.mg.leg.br/media/sapl/public/materialegislativa/2021/7016/anteprojeto_023-2021_-_lisa_-_obrigatoriedade_de_curso_de_primeiros_socorros_13-12.pdf", "ementa": "Institui a obrigatoriedade da realiza\u00e7\u00e3o de cursos de primeiros socorros para professores, monitores e funcion\u00e1rios que tenham contato direto com alunos das Escolas P\u00fablicas, CEMEIS e Creches do Munic\u00edpio de Lagoa da Prata."}, {"id": "6769", "ano": "2021", "numero": "1", "tipo__sigla": "ANTEC", "tipo__descricao": "Anteprojeto de Lei Complementar", "autoria": "Soninha", "texto_original": "http://sapl.lagoadaprata.mg.leg.br/media/sapl/public/materialegislativa/2021/6769/anteprojeto_de_lei_complementar_001-2021_-_soninha_-_reducao_de_iss_-_entretenimento_28-06.pdf", "ementa": "ALTERA A LEI COMPLEMENTAR N\u00ba 42, DE 31 DE DEZEMBRO DE 2001, QUE INSTITUI O C\u00d3DIGO TRIBUT\u00c1RIO DO MUNIC\u00cdPIO DE LAGOA DA PRATA"}, {"id": "6445", "ano": "2021", "numero": "1", "tipo__sigla": "IND", "tipo__descricao": "Indica\u00e7\u00e3o", "autoria": "Leandro Bibiano", "texto_original": "http://sapl.lagoadaprata.mg.leg.br/media/sapl/public/materialegislativa/2021/6445/indicacao_001-2021_-_leandro_-_limpeza_lotes_centro_11-01_2.pdf", "ementa": "O Vereador infra-assinado indica ao Executivo Municipal, na forma regimental, a necessidade de se fiscalizar e determinar a limpeza dos lotes situados no centro do Munic\u00edpio de Lagoa da Prata."}, {"id": "6446", "ano": "2021", "numero": "2", "tipo__sigla": "IND", "tipo__descricao": "Indica\u00e7\u00e3o", "autoria": "Leandro Bibiano", "texto_original": "http://sapl.lagoadaprata.mg.leg.br/media/sapl/public/materialegislativa/2021/6446/indicacao_002-2021_-_leandro_-_ponte_corrego_pitico_11-01_1.pdf", "ementa": "O Vereador infra-assinado, na forma regimental, indica ao Executivo Municipal a necessidade de se executar obra para reforma da \u201cponte\u201d sobre o C\u00f3rrego do \u201cPitico\u201d, localizado na ESTRADA DO RETIRO DE BAIXO, Zona Rural de Lagoa da Prata/MG."}, {"id": "6447", "ano": "2021", "numero": "3", "tipo__sigla": "IND", "tipo__descricao": "Indica\u00e7\u00e3o", "autoria": "Lisa Miranda", "texto_original": "http://sapl.lagoadaprata.mg.leg.br/media/sapl/public/materialegislativa/2021/6447/indicacao_003-2021_-_lisa_-_limpeza_martins_guimaraes_11-01.pdf", "ementa": "A Vereadora infra-assinada indica ao Executivo Municipal, na forma regimental, a necessidade de se realizar uma limpeza geral no Distrito de Martins Guimar\u00e3es, bem como a limpeza e manuten\u00e7\u00e3o da Pra\u00e7a P\u00fablica situada no referido Distrito."}, {"id": "6448", "ano": "2021", "numero": "4", "tipo__sigla": "IND", "tipo__descricao": "Indica\u00e7\u00e3o", "autoria": "Lisa Miranda", "texto_original": "http://sapl.lagoadaprata.mg.leg.br/media/sapl/public/materialegislativa/2021/6448/indicacao_004-2021_-_lisa_-_poste_energia_11-01.pdf", "ementa": "A Vereadora infra-assinada, indica ao Executivo Municipal, na forma regimental, a necessidade de se instalar um poste de energia el\u00e9trica, com a respectiva lumin\u00e1ria na Rua Paulo Fabiano Mesquita, pr\u00f3ximo ao n\u00ba 780, no Bairro Nossa Senhora das Gra\u00e7as, nesta cidade."}, {"id": "6449", "ano": "2021", "numero": "5", "tipo__sigla": "IND", "tipo__descricao": "Indica\u00e7\u00e3o", "autoria": "Soninha", "texto_original": "http://sapl.lagoadaprata.mg.leg.br/media/sapl/public/materialegislativa/2021/6449/indicacao_005-2021_-_soninha_-_placas_nome_ruas_11-01.pdf", "ementa": "A Vereadora infra-assinada indica ao Executivo Municipal, na forma regimental, a necessidade da instala\u00e7\u00e3o de placas com o nome das ruas, bem como a realiza\u00e7\u00e3o do cadastramento num\u00e9rico nos domic\u00edlios urbanos da nossa cidade."}, {"id": "6459", "ano": "2021", "numero": "6", "tipo__sigla": "IND", "tipo__descricao": "Indica\u00e7\u00e3o", "autoria": "Lisa Miranda", "texto_original": "http://sapl.lagoadaprata.mg.leg.br/media/sapl/public/materialegislativa/2021/6459/indicacao_006-2021_-_lisa_-_policiamento_ostensivo_18-01.pdf", "ementa": "A Vereadora infra-assinada indica ao Executivo Municipal, na forma regimental, a necessidade de se determinar ao comando da Guarda Civil Municipal que realize um policiamento ostensivo no Distrito de Martins Guimar\u00e3es, especificamente nos finais de semana, bem como nos feriados."}, {"id": "6460", "ano": "2021", "numero": "7", "tipo__sigla": "IND", "tipo__descricao": "Indica\u00e7\u00e3o", "autoria": "Pavio", "texto_original": "http://sapl.lagoadaprata.mg.leg.br/media/sapl/public/materialegislativa/2021/6460/indicacao_007-2021_-_pavio_-_tapar_buraco_via_publica_18-01.pdf", "ementa": "O Vereador infra-assinado na forma regimental, indica ao Executivo Municipal, a necessidade de se realizar interven\u00e7\u00e3o para tapar um buraco na Rua Jo\u00e3o Ant\u00f4nio de Oliveira, no Bairro Chico Miranda, em frente ao n\u00ba 110."}, {"id": "6476", "ano": "2021", "numero": "8", "tipo__sigla": "IND", "tipo__descricao": "Indica\u00e7\u00e3o", "autoria": "Leandro Bibiano", "texto_original": "http://sapl.lagoadaprata.mg.leg.br/media/sapl/public/materialegislativa/2021/6476/indicacao_008-2021_-_leandro_-_faixa_de_pedestres_rua_joaquim_gomes_pereira_25-01.pdf", "ementa": "O Vereador infra-assinado indica ao Executivo Municipal, na forma regimental, a necessidade de se repintar a faixa de pedestres situada na Rua Joaquim Gomes Pereira, pr\u00f3ximo ao seu cruzamento com a Rua Bar\u00e3o do Rio Branco, no Bairro Gomes, nesta cidade."}, {"id": "6477", "ano": "2021", "numero": "9", "tipo__sigla": "IND", "tipo__descricao": "Indica\u00e7\u00e3o", "autoria": "Soninha", "texto_original": "http://sapl.lagoadaprata.mg.leg.br/media/sapl/public/materialegislativa/2021/6477/indicacao_009-2021_-_soninha_-_limpeza_dos_bueiros_25-01.pdf", "ementa": "A Vereadora infra-assinada indica ao Executivo Municipal, na forma regimental, a necessidade de se realizar a limpeza em todos os bueiros existentes ao longo das vias p\u00fablicas desta cidade."}, {"id": "6478", "ano": "2021", "numero": "10", "tipo__sigla": "IND", "tipo__descricao": "Indica\u00e7\u00e3o", "autoria": "Carol Castro", "texto_original": "http://sapl.lagoadaprata.mg.leg.br/media/sapl/public/materialegislativa/2021/6478/indicacao_010-2021_-_carol_-_iluminacao_via_publica_25-01.pdf", "ementa": "A Vereadora infra-assinada na forma regimental, indica ao Executivo Municipal, a necessidade de se colocar um Poste de Energia El\u00e9trica na Av. Jo\u00e3o Martins Miranda, n\u00ba 850, Bairro Sol Nascente, em frente \u00e0 Constru\u00e7\u00e3o da Igreja Matriz de Nossa Senhora de Guadalupe."}, {"id": "6491", "ano": "2021", "numero": "11", "tipo__sigla": "IND", "tipo__descricao": "Indica\u00e7\u00e3o", "autoria": "Sargento Washington", "texto_original": "http://sapl.lagoadaprata.mg.leg.br/media/sapl/public/materialegislativa/2021/6491/indicacao_011-2021_-_washington_-_rotatorias_e_sinalizacao_de_solo_01-02.pdf", "ementa": "O Vereador infra-assinado indica ao Executivo Municipal, na forma regimental, a necessidade de se colocar uma rotat\u00f3ria no cruzamento da Rua S\u00e3o Paulo com a Rua Para\u00edba, no bairro Santa Eug\u00eania; uma rotat\u00f3ria no cruzamento da Rua R\u00f4mulo Amorim com Rua Alagoas, no bairro Dona Alexandrina; e outra na Rua Joaquim Gomes Pereira com a Rua Luz, no bairro Am\u00e9rico Silva; e duas sinaliza\u00e7\u00f5es de solo (faixa de pedestre) sendo uma na Pra\u00e7a Coronel Carlos Bernardes, em frente ao n\u00ba 80 e outra na Avenida Benedito Valadares em frente ao n\u00ba 897, nesta cidade."}, {"id": "6503", "ano": "2021", "numero": "12", "tipo__sigla": "IND", "tipo__descricao": "Indica\u00e7\u00e3o", "autoria": "Pavio", "texto_original": "http://sapl.lagoadaprata.mg.leg.br/media/sapl/public/materialegislativa/2021/6503/indicacao_012-2021_-_pavio_-_desinfeccao_08-02.pdf", "ementa": "O Vereador infra-assinado indica ao Executivo Municipal, na forma regimental, a necessidade de se realizar o servi\u00e7o de desinfec\u00e7\u00e3o das vias p\u00fablicas centrais de nossa cidade."}, {"id": "6504", "ano": "2021", "numero": "13", "tipo__sigla": "IND", "tipo__descricao": "Indica\u00e7\u00e3o", "autoria": "Pavio", "texto_original": "http://sapl.lagoadaprata.mg.leg.br/media/sapl/public/materialegislativa/2021/6504/indicacao_013-2021_-_pavio_-_iluminacao_via_publica_08-02.pdf", "ementa": "O Vereador infra-assinado, na forma regimental, indica ao Executivo Municipal, a necessidade de se colocar um Poste de Energia El\u00e9trica na Av. Dona Rosa Maciel, em frente ao n\u00ba 1.036, Bairro Chico Miranda, nesta cidade."}, {"id": "6506", "ano": "2021", "numero": "14", "tipo__sigla": "IND", "tipo__descricao": "Indica\u00e7\u00e3o", "autoria": "Carol Castro", "texto_original": "http://sapl.lagoadaprata.mg.leg.br/media/sapl/public/materialegislativa/2021/6506/indicacao_014-2021_-_carol_-_placas_nas_pracas__08-02.pdf", "ementa": "A Vereadora infra-assinada indica ao Executivo Municipal, na forma regimental, a necessidade da instala\u00e7\u00e3o de placas com o nome das pra\u00e7as p\u00fablicas de nossa cidade."}, {"id": "6507", "ano": "2021", "numero": "15", "tipo__sigla": "IND", "tipo__descricao": "Indica\u00e7\u00e3o", "autoria": "Sargento Washington", "texto_original": "http://sapl.lagoadaprata.mg.leg.br/media/sapl/public/materialegislativa/2021/6507/indicacao_015-2021_-_washington_-_mudanca_de_local_de_semaforo__08-02_1.pdf", "ementa": "O Vereador infra-assinado indica ao Executivo Municipal, na forma regimental, a necessidade de se retirar o sem\u00e1foro existente na Av. Jos\u00e9 Bernardes Maciel, esquina com a Rua Rio de Janeiro, transferindo-o para a Av. Benedito Valadares, cruzamento  com Rua Oleg\u00e1rio Maciel."}, {"id": "6508", "ano": "2021", "numero": "16", "tipo__sigla": "IND", "tipo__descricao": "Indica\u00e7\u00e3o", "autoria": "Leandro Bibiano", "texto_original": "http://sapl.lagoadaprata.mg.leg.br/media/sapl/public/materialegislativa/2021/6508/indicacao_016-2021_-_leandro_bibiano_-_escoamento_de_agua_08-02_1.pdf", "ementa": "O Vereador infra-assinado indica ao Chefe do Poder Executivo Municipal e ao Diretor do Servi\u00e7o Aut\u00f4nomo de \u00c1gua e Esgoto de Lagoa da Prata - SAAE-LP, na forma regimental, a necessidade de se realizar interven\u00e7\u00e3o no sentido de solucionar o problema de escoamento de \u00e1guas pluviais na rua Bom Despacho, entre a Rua Dom Pedro II at\u00e9 a Rua S\u00e3o Carlos, no Bairro Am\u00e9rico Silva, nesta cidade."}, {"id": "6527", "ano": "2021", "numero": "17", "tipo__sigla": "IND", "tipo__descricao": "Indica\u00e7\u00e3o", "autoria": "Leandro Bibiano", "texto_original": "http://sapl.lagoadaprata.mg.leg.br/media/sapl/public/materialegislativa/2021/6527/indicacao_017-2021_-_leandro_bibiano_-_rotatoria_joaquim_gomes_pereira_08-02.pdf", "ementa": "O Vereador infra-assinado indica ao Executivo Municipal, na forma regimental, a necessidade de se colocar uma rotat\u00f3ria no cruzamento da Rua Joaquim Gomes Pereira, com a Rua Bar\u00e3o do Rio Branco, no bairro Gomes, nesta cidade."}, {"id": "6528", "ano": "2021", "numero": "18", "tipo__sigla": "IND", "tipo__descricao": "Indica\u00e7\u00e3o", "autoria": "Pavio", "texto_original": "http://sapl.lagoadaprata.mg.leg.br/media/sapl/public/materialegislativa/2021/6528/indicacao_018-2021_-_pavio_-_adesivos_veiculos_executivo_15-02.pdf", "ementa": "O Vereador infra-assinado, na forma regimental, indica ao Executivo Municipal, a necessidade de se providenciar a coloca\u00e7\u00e3o dos novos adesivos de identifica\u00e7\u00e3o nos ve\u00edculos oficiais do Poder Executivo Municipal, de acordo com os crit\u00e9rios estabelecidos na Lei Municipal n\u00ba 3.394/2021."}, {"id": "6529", "ano": "2021", "numero": "19", "tipo__sigla": "IND", "tipo__descricao": "Indica\u00e7\u00e3o", "autoria": "Pavio", "texto_original": "http://sapl.lagoadaprata.mg.leg.br/media/sapl/public/materialegislativa/2021/6529/indicacao_019-2021_-_pavio_-_iluminacao_saida_para_luz_15-02.pdf", "ementa": "O Vereador infra-assinado, na forma regimental, indica ao Executivo Municipal, a necessidade de se ampliar a rede de ilumina\u00e7\u00e3o p\u00fablica localizada na entrada do bairro Rodolfo Pio, pr\u00f3ximo \u00e0 sa\u00edda para a cidade de Luz."}, {"id": "6530", "ano": "2021", "numero": "20", "tipo__sigla": "IND", "tipo__descricao": "Indica\u00e7\u00e3o", "autoria": "Sargento Washington", "texto_original": "http://sapl.lagoadaprata.mg.leg.br/media/sapl/public/materialegislativa/2021/6530/indicacao_020-2020_-_sargento_washington_-_buraco_na_cecilio_bernardes_-_22-02.pdf", "ementa": "O Vereador infra-assinado, na forma regimental, indica ao Executivo Municipal a necessidade de obras corretivas de tapa buraco na Rua Cec\u00edlio Bernardes N\u00ba 1.885, bairro Mar\u00edlia, esquina com rua Joaquim Gomes Bernardes, nesta cidade."}, {"id": "6531", "ano": "2021", "numero": "21", "tipo__sigla": "IND", "tipo__descricao": "Indica\u00e7\u00e3o", "autoria": "Leandro Bibiano", "texto_original": "http://sapl.lagoadaprata.mg.leg.br/media/sapl/public/materialegislativa/2021/6531/indicacao_021-2021_-_leandro_bibiano_-_quadra_bairro_gomes_22-02_1.pdf", "ementa": "O Vereador infra-assinado indica ao Executivo Municipal, na forma regimental, a necessidade de se realizar estudos visando a reforma no telhado e ilumina\u00e7\u00e3o da quadra de esportes do Bairro Gomes, nesta cidade."}, {"id": "6532", "ano": "2021", "numero": "22", "tipo__sigla": "IND", "tipo__descricao": "Indica\u00e7\u00e3o", "autoria": "Pavio", "texto_original": "http://sapl.lagoadaprata.mg.leg.br/media/sapl/public/materialegislativa/2021/6532/indicacao_022-2021_-_pavio_-_reforma_da_capela_da_garagem_prefeitura_22-02.pdf", "ementa": "O Vereador infra-assinado, na forma regimental, indica ao Executivo Municipal, a necessidade de se realizar uma reforma na Capela existente no p\u00e1tio da garagem da Administra\u00e7\u00e3o P\u00fablica Municipal, tamb\u00e9m conhecida como \u201cGaragem da Prefeitura.\u201d"}, {"id": "6533", "ano": "2021", "numero": "23", "tipo__sigla": "IND", "tipo__descricao": "Indica\u00e7\u00e3o", "autoria": "Pavio", "texto_original": "http://sapl.lagoadaprata.mg.leg.br/media/sapl/public/materialegislativa/2021/6533/indicacao_023-2021_-_pavio_-_iluminacao_praca_dona_zaza_22-02.pdf", "ementa": "O Vereador infra-assinado, na forma regimental, indica ao Executivo Municipal, a necessidade de se executar obra para a ilumina\u00e7\u00e3o da Pra\u00e7a Dona Zaz\u00e1, no Bairro Am\u00e9rico Silva, pr\u00f3ximo \u00e0 entrada da ind\u00fastria ali localizada."}, {"id": "6560", "ano": "2021", "numero": "24", "tipo__sigla": "IND", "tipo__descricao": "Indica\u00e7\u00e3o", "autoria": "Leandro Bibiano", "texto_original": "http://sapl.lagoadaprata.mg.leg.br/media/sapl/public/materialegislativa/2021/6560/indicacao_024-2021_-_leandro_bibiano_-_coletores_de_lixo_01-03.pdf", "ementa": "Senhora Presidente, \r\n\r\n \t\tO Vereador infra-assinado indica ao Executivo Municipal, na forma regimental, a necessidade de uma melhor condi\u00e7\u00e3o de trabalho para os empregados p\u00fablicos  que prestam servi\u00e7os de coletores de lixo."}, {"id": "6570", "ano": "2021", "numero": "25", "tipo__sigla": "IND", "tipo__descricao": "Indica\u00e7\u00e3o", "autoria": "Sargento Washington", "texto_original": "http://sapl.lagoadaprata.mg.leg.br/media/sapl/public/materialegislativa/2021/6570/indicacao_025-2020_-_sargento_washington_-_agua_na_porta_do_sgt_ricardo_08-03_jr.pdf", "ementa": "O Vereador que ora se apresenta indica ao Executivo Municipal, na forma regimental, a necessidade de obras corretivas de drenagem pluvial na Rua Maria Rita, n\u00ba 884, Bairro Chico Miranda, nesta cidade. Conforme foto anexa a esta Indica\u00e7\u00e3o."}, {"id": "6571", "ano": "2021", "numero": "26", "tipo__sigla": "IND", "tipo__descricao": "Indica\u00e7\u00e3o", "autoria": "Hermano Fof\u00e3o", "texto_original": "http://sapl.lagoadaprata.mg.leg.br/media/sapl/public/materialegislativa/2021/6571/indicacao_026-2021_-_hermano_-_castracao_08-03.pdf", "ementa": "O Vereador infra-assinado, na forma regimental, indica ao Executivo Municipal, a necessidade de se intensificar a castra\u00e7\u00e3o de c\u00e3es e gatos em \u00e2mbito municipal, considerando a quantidade de animais soltos nas ruas da nossa cidade e a real necessidade de se implementar um servi\u00e7o eficiente de castra\u00e7\u00e3o desses animais."}, {"id": "6582", "ano": "2021", "numero": "27", "tipo__sigla": "IND", "tipo__descricao": "Indica\u00e7\u00e3o", "autoria": "Leandro Bibiano", "texto_original": "http://sapl.lagoadaprata.mg.leg.br/media/sapl/public/materialegislativa/2021/6582/indicacao_027-2021_-_leandro_-_receitas_em_duas_vias_15-03.pdf", "ementa": "O Vereador infra-assinado indica ao Executivo Municipal, na forma regimental, a necessidade que os m\u00e9dicos do munic\u00edpio prescrevam receitas de medicamentos, quando ministrarem antibi\u00f3ticos, em duas vias."}, {"id": "6597", "ano": "2021", "numero": "28", "tipo__sigla": "IND", "tipo__descricao": "Indica\u00e7\u00e3o", "autoria": "Carol Castro", "texto_original": "http://sapl.lagoadaprata.mg.leg.br/media/sapl/public/materialegislativa/2021/6597/indicacao_028-2021_-_carol_-_placas_protecao_reparticoes_publicas_05-04.pdf", "ementa": "A Vereadora infra-assinada indica ao Executivo Municipal, na forma regimental, a necessidade da instala\u00e7\u00e3o de placas acr\u00edlicas de prote\u00e7\u00e3o nos setores de atendimento ao p\u00fablico da Administra\u00e7\u00e3o P\u00fablica Municipal, como medida de prote\u00e7\u00e3o ao cont\u00e1gio do Coronav\u00edrus."}, {"id": "6608", "ano": "2021", "numero": "29", "tipo__sigla": "IND", "tipo__descricao": "Indica\u00e7\u00e3o", "autoria": "Pavio", "texto_original": "http://sapl.lagoadaprata.mg.leg.br/media/sapl/public/materialegislativa/2021/6608/indicacao_029-2021-_pavio-retirada_de_eucalipitos_12-04.pdf", "ementa": "O Vereador infra-assinado indica ao Executivo Municipal, na forma regimental, a necessidade de se fazer um estudo sobre a necessidade ou n\u00e3o da retirada dos eucaliptos localizados na Pra\u00e7a de Esportes do Munic\u00edpio, pois s\u00e3o de grande porte, causam danos \u00e0s quadras e seus galhos est\u00e3o muito pr\u00f3ximos aos fios de energia el\u00e9trica, colocando em risco a seguran\u00e7a dos usu\u00e1rios da pra\u00e7a e dos que transitam pelas vias p\u00fablicas que circundam o local."}, {"id": "6609", "ano": "2021", "numero": "30", "tipo__sigla": "IND", "tipo__descricao": "Indica\u00e7\u00e3o", "autoria": "Leandro Bibiano", "texto_original": "http://sapl.lagoadaprata.mg.leg.br/media/sapl/public/materialegislativa/2021/6609/indicacao_030-2021_-_leandro_bibiano_-_iluminacao_bairro_mangabeiras_12-04.pdf", "ementa": "O Vereador infra-assinado indica ao Executivo Municipal, na forma regimental, a necessidade de se completar a ilumina\u00e7\u00e3o p\u00fablica da Rua Jos\u00e9 Lucas, esquina com a Rua Jo\u00e3o de Barro, no Bairro Mangabeiras, nesta cidade, onde j\u00e1 existe o poste, faltando somente a instala\u00e7\u00e3o da lumin\u00e1ria."}, {"id": "6610", "ano": "2021", "numero": "31", "tipo__sigla": "IND", "tipo__descricao": "Indica\u00e7\u00e3o", "autoria": "Leandro Bibiano", "texto_original": "http://sapl.lagoadaprata.mg.leg.br/media/", "ementa": "O Vereador infra-assinado indica ao Executivo Municipal, na forma regimental, a necessidade de se colocar dois Postes de Energia El\u00e9trica, sendo um na Av. Benedito Valadares, e outro na esquina desta com a Rua Cassimiro de Abreu, no Bairro Am\u00e9rico Silva, nesta cidade."}, {"id": "6611", "ano": "2021", "numero": "32", "tipo__sigla": "IND", "tipo__descricao": "Indica\u00e7\u00e3o", "autoria": "Soninha", "texto_original": "http://sapl.lagoadaprata.mg.leg.br/media/sapl/public/materialegislativa/2021/6611/indicacao_032-2021_-_soninha_-_transporte_publico_-_12-04.pdf", "ementa": "A Vereadora infra-assinada indica ao Executivo Municipal, na forma regimental, a necessidade da volta da oferta do transporte coletivo p\u00fablico para a popula\u00e7\u00e3o de Lagoa da Prata."}, {"id": "6612", "ano": "2021", "numero": "33", "tipo__sigla": "IND", "tipo__descricao": "Indica\u00e7\u00e3o", "autoria": "Hermano Fof\u00e3o", "texto_original": "http://sapl.lagoadaprata.mg.leg.br/media/sapl/public/materialegislativa/2021/6612/indicacao_033-2021_-_hermano_-_limpeza_vias_12-04.pdf", "ementa": "O Vereador infra-assinado, na forma regimental, indica ao Executivo Municipal, a necessidade de se executar a limpeza das vias vicinais ou marginais \u00e0 Rodovia MG-170, come\u00e7ando pelo posto de combust\u00edvel ali existente at\u00e9 o trevo secund\u00e1rio de acesso nesta cidade."}, {"id": "6613", "ano": "2021", "numero": "34", "tipo__sigla": "IND", "tipo__descricao": "Indica\u00e7\u00e3o", "autoria": "Hermano Fof\u00e3o", "texto_original": "http://sapl.lagoadaprata.mg.leg.br/media/sapl/public/materialegislativa/2021/6613/indicacao_034-2021_-_hermano_-_aguas_pluviais_12-04.pdf", "ementa": "O Vereador infra-assinado, na forma regimental, indica ao Executivo Municipal, a necessidade de se executar um projeto de drenagem pluvial visando solucionar o grave problema de escoamento das \u00e1guas pluviais na Rua Francisco Silveira, cruzamento com a Rua M\u00e1rcio Francisco Rabelo, Bairro Maria Fernanda II, nesta cidade."}, {"id": "6622", "ano": "2021", "numero": "35", "tipo__sigla": "IND", "tipo__descricao": "Indica\u00e7\u00e3o", "autoria": "Pavio", "texto_original": "http://sapl.lagoadaprata.mg.leg.br/media/sapl/public/materialegislativa/2021/6622/indicacao_035-2021_-_pavio_-_rotatoria_rua_sete_de_setembro_19-04.pdf", "ementa": "O Vereador infra-assinado na forma regimental, indica ao Executivo Municipal, a necessidade de se colocar uma rotat\u00f3ria no cruzamento da Rua Sete de Setembro com a Rua Luiz Guadalupe, no Bairro S\u00e3o Jos\u00e9, nesta cidade."}, {"id": "6623", "ano": "2021", "numero": "36", "tipo__sigla": "IND", "tipo__descricao": "Indica\u00e7\u00e3o", "autoria": "Pavio", "texto_original": "http://sapl.lagoadaprata.mg.leg.br/media/sapl/public/materialegislativa/2021/6623/indicacao_036-2021_-_pavio_-_poste_na_rua_divinopolis_19-04.pdf", "ementa": "O Vereador infra-assinado indica ao Executivo Municipal, na forma regimental, a necessidade de se colocar um Poste de Energia El\u00e9trica, com a respectiva lumin\u00e1ria, na Rua Divin\u00f3polis, pr\u00f3ximo ao seu cruzamento com a Rua Ac\u00e1cio Mendes, no Bairro Am\u00e9rico Silva, nesta cidade."}, {"id": "6630", "ano": "2021", "numero": "37", "tipo__sigla": "IND", "tipo__descricao": "Indica\u00e7\u00e3o", "autoria": "Sargento Washington", "texto_original": "http://sapl.lagoadaprata.mg.leg.br/media/sapl/public/materialegislativa/2021/6630/indicacao_037-2021_-_washington_-_passagem_elevada_av._brasil_26-04.pdf", "ementa": "O Vereador infra-assinado indica ao Executivo Municipal, na forma regimental, a necessidade de se colocar passagem elevada para pedestres, com ondula\u00e7\u00e3o, na Av. Brasil, pr\u00f3ximo ao seu cruzamento com a Rua Para\u00edba, em frente a um supermercado e uma ag\u00eancia banc\u00e1ria ali existentes, nesta cidade."}, {"id": "6642", "ano": "2021", "numero": "38", "tipo__sigla": "IND", "tipo__descricao": "Indica\u00e7\u00e3o", "autoria": "Soninha", "texto_original": "http://sapl.lagoadaprata.mg.leg.br/media/sapl/public/materialegislativa/2021/6642/indicacao_038-2021_-_soninha_-_odontomovel_03-05.pdf", "ementa": "A Vereadora infra-assinada indica ao Executivo Municipal, na forma regimental, a necessidade de se restabelecer o atendimento odontol\u00f3gico do programa de sa\u00fade conhecido como \u201cOdontom\u00f3vel\u201d no munic\u00edpio."}, {"id": "6643", "ano": "2021", "numero": "39", "tipo__sigla": "IND", "tipo__descricao": "Indica\u00e7\u00e3o", "autoria": "Lisa Miranda", "texto_original": "http://sapl.lagoadaprata.mg.leg.br/media/sapl/public/materialegislativa/2021/6643/indicacao_039-2021_-_lisa_-_poda_ou_corte_das_arvores_da_secretaria_de_saude_03-05.pdf", "ementa": "A Vereadora infra-assinada indica ao Executivo Municipal, na forma regimental, a necessidade de se realizar estudo de viabilidade para poda ou corte das \u00e1rvores em frente a sede da Secretaria de Sa\u00fade."}, {"id": "6644", "ano": "2021", "numero": "40", "tipo__sigla": "IND", "tipo__descricao": "Indica\u00e7\u00e3o", "autoria": "Sargento Washington", "texto_original": "http://sapl.lagoadaprata.mg.leg.br/media/sapl/public/materialegislativa/2021/6644/indicacao_040-2021_-_washington_-_rotatorias_e_sinalizacao_de_solo_03-05.pdf", "ementa": "O Vereador infra-assinado indica ao Executivo Municipal, na forma regimental, a necessidade de se refazer a rotat\u00f3ria e sinalizar, bem como de se organizar o tr\u00e1fego no    cruzamento da Avenida Bela Vista com Avenida Vereador Dr. Antenor Chagas Madeira e Rua Mato Grosso, no Bairro Santa Helena, nesta cidade."}, {"id": "6645", "ano": "2021", "numero": "41", "tipo__sigla": "IND", "tipo__descricao": "Indica\u00e7\u00e3o", "autoria": "Sargento Washington", "texto_original": "http://sapl.lagoadaprata.mg.leg.br/media/sapl/public/materialegislativa/2021/6645/indicacao_041-2021_-_washington_-_rotatorias_e_sinalizacao_de_solo_03-05.pdf", "ementa": "O Vereador infra-assinado indica ao Executivo Municipal, na forma regimental, a necessidade de se instalar uma rotat\u00f3ria e sinalizar, bem como de se organizar o tr\u00e1fego no cruzamento da Rua Rio Grande do Sul com Avenida Vereador Dr. Antenor Chagas Madeira e Avenida Dona Alexandrina, no Bairro Santa Helena, nesta cidade."}, {"id": "6661", "ano": "2021", "numero": "42", "tipo__sigla": "IND", "tipo__descricao": "Indica\u00e7\u00e3o", "autoria": "Pavio", "texto_original": "http://sapl.lagoadaprata.mg.leg.br/media/sapl/public/materialegislativa/2021/6661/indicacao_042-2021_-_pavio_-_redutores_de_velocidades_10-05.pdf", "ementa": "O Vereador infra-assinado indica ao Executivo Municipal, na forma regimental, a necessidade de se colocar redutores de velocidade nas Ruas Luz, Bom Despacho e Jos\u00e9 Maria Resende, cruzamento com a Avenida Izabel de Castro, nesta cidade."}, {"id": "6662", "ano": "2021", "numero": "43", "tipo__sigla": "IND", "tipo__descricao": "Indica\u00e7\u00e3o", "autoria": "Sargento Washington", "texto_original": "http://sapl.lagoadaprata.mg.leg.br/media/sapl/public/materialegislativa/2021/6662/indicacao_043-2021_-_sargento_washington_-_redutores_de_velocidades_10-05.pdf", "ementa": "O Vereador infra-assinado indica ao Executivo Municipal, na forma regimental, a necessidade de se colocar um redutor de velocidade na Rua Maria Rita Vidal, em seu cruzamento com a Rua Belo Horizonte, no bairro Am\u00e9rico Silva, nesta cidade."}, {"id": "6690", "ano": "2021", "numero": "44", "tipo__sigla": "IND", "tipo__descricao": "Indica\u00e7\u00e3o", "autoria": "Sargento Washington", "texto_original": "http://sapl.lagoadaprata.mg.leg.br/media/sapl/public/materialegislativa/2021/6690/indicacao_044-2021_-_washington_-_barras_fixas_24-05.pdf", "ementa": "O Vereador infra-assinado indica ao Executivo Municipal, na forma regimental, a necessidade de se instalar uma barra fixa (aparelho para exerc\u00edcios f\u00edsicos) na pista de caminhada, no cal\u00e7ad\u00e3o no entorno da Lagoa, pr\u00f3ximo ao bar externo existente no local."}, {"id": "6706", "ano": "2021", "numero": "45", "tipo__sigla": "IND", "tipo__descricao": "Indica\u00e7\u00e3o", "autoria": "Toninho da Laje", "texto_original": "http://sapl.lagoadaprata.mg.leg.br/media/sapl/public/materialegislativa/2021/6706/indicacao_045-2021_-_toninho_-_suporte_para_soro_31-05.pdf", "ementa": "O Vereador infra-assinado indica ao Executivo Municipal, na forma regimental, a necessidade de se adquirir suportes para soro, de prefer\u00eancia com regulagem de altura e rod\u00edzio, para serem utilizados na Casa de Apoio situada em Divin\u00f3polis."}, {"id": "6707", "ano": "2021", "numero": "46", "tipo__sigla": "IND", "tipo__descricao": "Indica\u00e7\u00e3o", "autoria": "Pavio", "texto_original": "http://sapl.lagoadaprata.mg.leg.br/media/sapl/public/materialegislativa/2021/6707/indicacao_046-2021_-_pavio_-_rotatoria_luiz_guadalupe_-_fbp_31-05.pdf", "ementa": "O Vereador infra-assinado, na forma regimental, indica ao Executivo Municipal a necessidade de se colocar uma rotat\u00f3ria ou um redutor de velocidade no cruzamento da Rua Luiz Guadalupe com a Rua Alexandre Bernardes Primo, no Bairro Centro, nesta cidade."}, {"id": "6708", "ano": "2021", "numero": "47", "tipo__sigla": "IND", "tipo__descricao": "Indica\u00e7\u00e3o", "autoria": "Soninha", "texto_original": "http://sapl.lagoadaprata.mg.leg.br/media/sapl/public/materialegislativa/2021/6708/indicacao_047-2021_-_soninha_-_tapa-buracos_31-05.pdf", "ementa": "A Vereadora infra-assinada indica ao Executivo Municipal, na forma regimental, a necessidade de se executar a atividade denominada \u201cTapa-buracos\u201d ou executar obra de recapeamento do piso da Rua Joaquim Gomes Pereira, no Bairro Gomes, no trecho pr\u00f3ximo ao n\u00famero 931."}, {"id": "6709", "ano": "2021", "numero": "48", "tipo__sigla": "IND", "tipo__descricao": "Indica\u00e7\u00e3o", "autoria": "Soninha", "texto_original": "http://sapl.lagoadaprata.mg.leg.br/media/sapl/public/materialegislativa/2021/6709/indicacao_048-2021_-_soninha_-_academia_ao_ar_livre_praia_municipal_31-05.pdf", "ementa": "A Vereadora infra-assinada indica ao Executivo Municipal, na forma regimental, a necessidade de se reparar os aparelhos de gin\u00e1stica retirados da Academia ao Ar Livre ent\u00e3o situada na Praia P\u00fablica Municipal, para que possam ser recolocados no local, ou a aquisi\u00e7\u00e3o de novos aparelhos para a reativa\u00e7\u00e3o do citado espa\u00e7o para a pr\u00e1tica de exerc\u00edcios f\u00edsicos, com todos os seus equipamentos."}, {"id": "6710", "ano": "2021", "numero": "49", "tipo__sigla": "IND", "tipo__descricao": "Indica\u00e7\u00e3o", "autoria": "Leandro Bibiano", "texto_original": "http://sapl.lagoadaprata.mg.leg.br/media/sapl/public/materialegislativa/2021/6710/indicacao_049-2021_-_leandro_bibiano_-_corte_arvore_31-05.pdf", "ementa": "O Vereador infra-assinado indica ao Executivo Municipal, na forma regimental, a necessidade de se realizar estudo de viabilidade para o corte da \u00e1rvore situada na Rua Geraldo Domingos Pereira, esquina com a Rua Jos\u00e9 Geraldo da Silva, no Bairro Gomes, nesta cidade."}, {"id": "6722", "ano": "2021", "numero": "50", "tipo__sigla": "IND", "tipo__descricao": "Indica\u00e7\u00e3o", "autoria": "Hermano Fof\u00e3o", "texto_original": "http://sapl.lagoadaprata.mg.leg.br/media/sapl/public/materialegislativa/2021/6722/indicacao_050-2021_-_hermano_-_varal_praca_eventos_07-06.pdf", "ementa": "O Vereador infra-assinado, na forma regimental, indica ao Executivo Municipal, a necessidade de se solucionar o problema sobre a instala\u00e7\u00e3o de varal de roupas na Pra\u00e7a de Eventos, utilizado por andarilhos e moradores de rua."}, {"id": "6723", "ano": "2021", "numero": "51", "tipo__sigla": "IND", "tipo__descricao": "Indica\u00e7\u00e3o", "autoria": "Carol Castro", "texto_original": "http://sapl.lagoadaprata.mg.leg.br/media/sapl/public/materialegislativa/2021/6723/indicacao_051-2021_-_carol_-_passagem_elevada_embare_07-06.pdf", "ementa": "A Vereadora infra-assinada indica ao Executivo Municipal, na forma regimental, a necessidade de se instalar passagem elevada para pedestres, com ondula\u00e7\u00e3o, na Avenida Brasil, em frente \u00e0 portaria de entrada e sa\u00edda dos funcion\u00e1rios da ind\u00fastria Embar\u00e9."}, {"id": "6742", "ano": "2021", "numero": "52", "tipo__sigla": "IND", "tipo__descricao": "Indica\u00e7\u00e3o", "autoria": "Soninha", "texto_original": "http://sapl.lagoadaprata.mg.leg.br/media/sapl/public/materialegislativa/2021/6742/indicacao_052-2021_-_soninha_-_camera_olho_vivo_14-06.pdf", "ementa": "A Vereadora infra-assinada indica ao Executivo Municipal, na forma regimental, a necessidade de se colocar c\u00e2meras do Sistema \u201cOlho Vivo\u201d, na Rua Francisco Resende, esquina com Dona Maria Martins de Abreu, no Bairro Mar\u00edlia, nesta cidade."}, {"id": "6743", "ano": "2021", "numero": "53", "tipo__sigla": "IND", "tipo__descricao": "Indica\u00e7\u00e3o", "autoria": "Leandro Bibiano", "texto_original": "http://sapl.lagoadaprata.mg.leg.br/media/sapl/public/materialegislativa/2021/6743/indicacao_053-2021_-_leandro_bibiano_-_troca_de_lampada_14-06.pdf", "ementa": "O Vereador infra-assinado indica ao Executivo Municipal, na forma regimental, a necessidade de se trocar a l\u00e2mpada do poste de energia el\u00e9trica situado na Rua Pedro Roberto Amorim, esquina com Rua Joaquim Gomes Pereira, no Bairro Gomes, nesta cidade."}, {"id": "6759", "ano": "2021", "numero": "54", "tipo__sigla": "IND", "tipo__descricao": "Indica\u00e7\u00e3o", "autoria": "Soninha", "texto_original": "http://sapl.lagoadaprata.mg.leg.br/media/sapl/public/materialegislativa/2021/6759/indicacao_054-2021_-_soninha_-_guardas_para_feira_livre_28-06.pdf", "ementa": "Senhora Presidente, A Vereadora infra-assinada indica ao Executivo Municipal, na forma regimental, a necessidade de se solicitar ao Comando da Guarda Civil Municipal que sejam designados dois membros da Guarda Civil para ficarem na Pra\u00e7a de Eventos aos s\u00e1bados, pela manh\u00e3, durante a realiza\u00e7\u00e3o das atividades da feira livre, visando auxiliar na fiscaliza\u00e7\u00e3o dos frequentadores  quanto ao cumprimento do Decreto Municipal de combate \u00e0 COVID-19."}, {"id": "6822", "ano": "2021", "numero": "55", "tipo__sigla": "IND", "tipo__descricao": "Indica\u00e7\u00e3o", "autoria": "Sargento Washington", "texto_original": "http://sapl.lagoadaprata.mg.leg.br/media/sapl/public/materialegislativa/2021/6822/indicacao_055-2021_-_sargento_washington_-_faixa_elevada_pedestres_09-08.pdf", "ementa": "O Vereador infra-assinado indica ao Executivo Municipal, na forma regimental, a necessidade de se viabilizar a constru\u00e7\u00e3o de uma Faixa de Pedestre Elevada na Avenida Jos\u00e9 Bernardes Maciel, pr\u00f3ximo ao n\u00famero 1.430, pr\u00f3ximo a um Supermercado e um posto de gasolina, no bairro Mar\u00edlia, nesta cidade."}, {"id": "6834", "ano": "2021", "numero": "56", "tipo__sigla": "IND", "tipo__descricao": "Indica\u00e7\u00e3o", "autoria": "Sargento Washington", "texto_original": "http://sapl.lagoadaprata.mg.leg.br/media/sapl/public/materialegislativa/2021/6834/indicacao_056-2021_-_sargento_washington_-_implantacao_de_rotatoria_16-08.pdf", "ementa": "Senhora Presidente, \r\n\r\n\tO Vereador infra-assinado, na forma regimental, indica ao Executivo Municipal, ouvido Plen\u00e1rio, que determine ao setor competente da Administra\u00e7\u00e3o P\u00fablica Municipal, que realize estudo e providencie uma rotat\u00f3ria na Rua Joaquim Gomes Bernardes Filho, cruzamento com a Rua Joaquim Gomes Pereira, bairro Gomes, nesta cidade."}, {"id": "6849", "ano": "2021", "numero": "57", "tipo__sigla": "IND", "tipo__descricao": "Indica\u00e7\u00e3o", "autoria": "Soninha", "texto_original": "http://sapl.lagoadaprata.mg.leg.br/media/sapl/public/materialegislativa/2021/6849/indicacao_057-2021_-_soninha_-_poltronas_teatro_23-08.pdf", "ementa": "Sra. Presidente, \r\n\r\n\tA Vereadora infra-assinada indica ao Executivo Municipal, na forma regimental, a necessidade de se fazer repara\u00e7\u00e3o em v\u00e1rias poltronas do Teatro Fausto Resende, nesta cidade."}, {"id": "6850", "ano": "2021", "numero": "58", "tipo__sigla": "IND", "tipo__descricao": "Indica\u00e7\u00e3o", "autoria": "Carol Castro", "texto_original": "http://sapl.lagoadaprata.mg.leg.br/media/sapl/public/materialegislativa/2021/6850/indicacao_058-2021_-_carol_-_faixa_elevada_pedestres_23-08.pdf", "ementa": "Senhora Presidente,\r\n\r\n\tA Vereadora infra-assinada indica ao Executivo Municipal, na forma regimental, a necessidade de se viabilizar a instala\u00e7\u00e3o de duas Faixas Elevadas para Pedestres, sendo uma na Rua Santa Catarina, pr\u00f3ximo ao n\u00famero 632, antes do cruzamento com a Rua Alagoas, e uma na Rua Alagoas, nas imedia\u00e7\u00f5es do n\u00famero 946, pr\u00f3ximo a um est\u00fadio fotogr\u00e1fico e uma casa de ra\u00e7\u00e3o animal, no bairro Santa Eug\u00eania, nesta cidade."}, {"id": "6861", "ano": "2021", "numero": "59", "tipo__sigla": "IND", "tipo__descricao": "Indica\u00e7\u00e3o", "autoria": "Soninha", "texto_original": "http://sapl.lagoadaprata.mg.leg.br/media/sapl/public/materialegislativa/2021/6861/indicacao_059-2021_-_leandro_bibiano_-_poste_energia_30-08.pdf", "ementa": "Sra. Presidente,\r\n\r\n\tO Vereador infra-assinado, indica ao Executivo Municipal, na forma regimental, a necessidade de se instalar um poste de energia el\u00e9trica, com a respectiva lumin\u00e1ria, no final da  Av. Benedito Valadares, em frente ao port\u00e3o do campo dos veteranos, no bairro Gomes, nesta cidade."}, {"id": "6862", "ano": "2021", "numero": "60", "tipo__sigla": "IND", "tipo__descricao": "Indica\u00e7\u00e3o", "autoria": "Sargento Washington", "texto_original": "http://sapl.lagoadaprata.mg.leg.br/media/sapl/public/materialegislativa/2021/6862/indicacao_060-2021_-_sargento_washington_-_implantacao_de_rotatoria_30-08.pdf", "ementa": "Senhora Presidente, \r\n\r\n\tO Vereador infra-assinado, na forma regimental, indica ao Executivo Municipal, ouvido Plen\u00e1rio, que determine ao setor competente da Administra\u00e7\u00e3o P\u00fablica Municipal, que realize estudo e providencie uma rotat\u00f3ria na Rua Maria Rita, cruzamento com a Rua Prof. Paulo Lobato, pr\u00f3ximo \u00e0 Escola Estadual Monsenhor Alfredo Dohr, no Bairro Chico Miranda, nesta cidade."}, {"id": "6874", "ano": "2021", "numero": "61", "tipo__sigla": "IND", "tipo__descricao": "Indica\u00e7\u00e3o", "autoria": "Hermano Fof\u00e3o", "texto_original": "http://sapl.lagoadaprata.mg.leg.br/media/sapl/public/materialegislativa/2021/6874/indicacao_061-2021_-_hermano_fofao_-_manutencao_quebra-molas_e_faixas_pedestres_06-09.pdf", "ementa": "Senhora Presidente, \r\n\r\n\tO Vereador infra-assinado, na forma regimental, indica ao Executivo Municipal, a necessidade da manuten\u00e7\u00e3o no que diz respeito \u00e0 pintura dos redutores de velocidade (quebra-molas), passagens elevadas e faixas de passagens de pedestres."}, {"id": "6884", "ano": "2021", "numero": "62", "tipo__sigla": "IND", "tipo__descricao": "Indica\u00e7\u00e3o", "autoria": "Sargento Washington", "texto_original": "http://sapl.lagoadaprata.mg.leg.br/media/", "ementa": "Senhora Presidente, \r\n\r\n\tO Vereador infra-assinado, na forma regimental, indica ao Executivo Municipal, ouvido Plen\u00e1rio, que determine ao setor competente da Administra\u00e7\u00e3o P\u00fablica Municipal, que realize estudo e providencie uma rotat\u00f3ria na Avenida Dona Rosa Maciel, cruzamento com a Rua Alexandre Bernardes Lobato, no Bairro Santa Helena; e outra na Rua Bahia, esquina com Jos\u00e9 de Castro Teixeira, no Bairro Santa Eug\u00eania ll, nesta cidade."}, {"id": "6893", "ano": "2021", "numero": "63", "tipo__sigla": "IND", "tipo__descricao": "Indica\u00e7\u00e3o", "autoria": "Hermano Fof\u00e3o", "texto_original": "http://sapl.lagoadaprata.mg.leg.br/media/sapl/public/materialegislativa/2021/6893/indicacao_063-2021_-_hermano_fofao_-_barreira_para_escoamento_de_aguas_pluviais_20-09.pdf", "ementa": "O Vereador infra-assinado, na forma regimental, indica ao Executivo Municipal, a necessidade de se fazer uma barreira de prote\u00e7\u00e3o (tipo quebra-molas), na Rua Joaquim Gomes Bernardes Filho, esquina com a Rua Sr. Doca (Travessa do Retiro)."}, {"id": "6902", "ano": "2021", "numero": "64", "tipo__sigla": "IND", "tipo__descricao": "Indica\u00e7\u00e3o", "autoria": "Sargento Washington", "texto_original": "http://sapl.lagoadaprata.mg.leg.br/media/sapl/public/materialegislativa/2021/6902/indicacao_064-2021_-_washington_-_reforma_rotatoria_e_sinalizacao_27-09.pdf", "ementa": "Senhora Presidente, \r\n\r\n\tO Vereador infra-assinado indica ao Executivo Municipal, na forma regimental, a necessidade de se realizar a reforma da rotat\u00f3ria no cruzamento da Rua Sete de Setembro com a Rua Santo Ant\u00f4nio do Monte, no bairro Am\u00e9rico Silva, nesta cidade."}, {"id": "6959", "ano": "2021", "numero": "65", "tipo__sigla": "IND", "tipo__descricao": "Indica\u00e7\u00e3o", "autoria": "Toninho da Laje", "texto_original": "http://sapl.lagoadaprata.mg.leg.br/media/sapl/public/materialegislativa/2021/6959/indicacao_065-2021_-_toninho_da_laje_-_faixa_de_pedestres_rua_luiz_guadalupe_25-10.pdf", "ementa": "Senhora Presidente,\r\n\r\n\tO Vereador infra-assinado indica ao Executivo Municipal, na forma regimental, a necessidade de se repintar a faixa de pedestres situada na Rua Luiz Guadalupe, pr\u00f3ximo ao seu cruzamento com a Av. Benedito Valadares, enfrente a Ag\u00eancia do INSS, no Centro, nesta cidade."}, {"id": "6972", "ano": "2021", "numero": "66", "tipo__sigla": "IND", "tipo__descricao": "Indica\u00e7\u00e3o", "autoria": "Cici", "texto_original": "http://sapl.lagoadaprata.mg.leg.br/media/sapl/public/materialegislativa/2021/6972/indicacao_066-2021_-_cici_-_implantacao_de_rotatoria_08-11.pdf", "ementa": "Senhora Presidente, \r\n\r\n\tO Vereador infra-assinado, na forma regimental, indica ao Executivo Municipal, ouvido Plen\u00e1rio, que determine ao setor competente da Administra\u00e7\u00e3o P\u00fablica Municipal, que realize estudo e providencie uma rotat\u00f3ria na Rua Cec\u00edlio Bernardes, cruzamento com a Rua Samuel Bernardes, no Bairro Mar\u00edlia, nesta cidade."}, {"id": "6992", "ano": "2021", "numero": "67", "tipo__sigla": "IND", "tipo__descricao": "Indica\u00e7\u00e3o", "autoria": "Cici", "texto_original": "http://sapl.lagoadaprata.mg.leg.br/media/sapl/public/materialegislativa/2021/6992/indicacao_067-2021_-_cici_-_implantacao_de_rotatoria_22-11.pdf", "ementa": "Senhora Presidente, \r\n\r\n\tO Vereador infra-assinado, na forma regimental, indica ao Executivo Municipal, ouvido Plen\u00e1rio, que determine ao setor competente da Administra\u00e7\u00e3o P\u00fablica Municipal, que realize estudo e providencie uma rotat\u00f3ria na Rua Cear\u00e1, em seu cruzamento com a Rua Almirante Tamandar\u00e9, pr\u00f3ximo ao n\u00famero 673, no Bairro Nossa Senhora das Gra\u00e7as, nesta cidade."}, {"id": "6993", "ano": "2021", "numero": "68", "tipo__sigla": "IND", "tipo__descricao": "Indica\u00e7\u00e3o", "autoria": "Sargento Washington", "texto_original": "http://sapl.lagoadaprata.mg.leg.br/media/sapl/public/materialegislativa/2021/6993/indicacao_068-2021_-_sargento_washington_-_implantacao_de_rotatoria_22-11.pdf", "ementa": "Senhora Presidente, \r\n\r\n\tO Vereador infra-assinado, na forma regimental, indica ao Executivo Municipal, ouvido Plen\u00e1rio, que determine ao setor competente da Administra\u00e7\u00e3o P\u00fablica Municipal, que  realize estudo e providencie a necessidade da se instalar uma rotat\u00f3ria e sinalizar, bem como de se organizar o tr\u00e1fego no cruzamento da Rua Bahia, com a Rua Almirante Tamandar\u00e9 e Joaquim Gomes Bernardes Filho, no Bairro Etelvina Miranda, nesta cidade."}, {"id": "7015", "ano": "2021", "numero": "69", "tipo__sigla": "IND", "tipo__descricao": "Indica\u00e7\u00e3o", "autoria": "Sargento Washington", "texto_original": "http://sapl.lagoadaprata.mg.leg.br/media/sapl/public/materialegislativa/2021/7015/indicacao_069-2021_-_sargento_washington_-_faixa_elevada_pedestres_06-12.pdf", "ementa": "Senhora Presidente, \r\n\r\n\tO Vereador infra-assinado indica ao Executivo Municipal, na forma regimental, a necessidade de se viabilizar a constru\u00e7\u00e3o de uma Faixa de Pedestre Elevada na Rua Dona Nan\u00e1, pr\u00f3ximo ao n\u00famero 423, Bairro Gomes, em frente a Escola Professo Afonso Goulart, nesta cidade."}, {"id": "6943", "ano": "2021", "numero": "1", "tipo__sigla": "MOC", "tipo__descricao": "Mo\u00e7\u00e3o", "autoria": "Hermano Fof\u00e3o", "texto_original": "http://sapl.lagoadaprata.mg.leg.br/media/sapl/public/materialegislativa/2021/6943/mocao_de_aplauso_001-2021-_hermano_-_deivid_miranda.pdf", "ementa": "Senhora Presidente,\r\n\r\n\tO Vereador infra-assinado, regimentalmente apoiado, requer a Vossa Excel\u00eancia que seja submetida \u00e0 aprova\u00e7\u00e3o do Plen\u00e1rio MO\u00c7\u00c3O DE APLAUSOS ao Senhor Deivid Miranda Viana, parabenizando-o pelos relevantes trabalhos prestados na \u00c1rea de Sa\u00fade do  Munic\u00edpio de Lagoa da Prata."}, {"id": "6974", "ano": "2021", "numero": "2", "tipo__sigla": "MOC", "tipo__descricao": "Mo\u00e7\u00e3o", "autoria": "Carol Castro", "texto_original": "http://sapl.lagoadaprata.mg.leg.br/media/sapl/public/materialegislativa/2021/6974/mocao_de_aplausos_002-2021_-_carol_-_equipe_vacinacao_08-11.pdf", "ementa": "Senhora Presidente,\r\n\r\n\tA Vereadora infra-assinada, regimentalmente apoiada, requer a Vossa Excel\u00eancia que seja submetida \u00e0 aprova\u00e7\u00e3o do Plen\u00e1rio MO\u00c7\u00c3O DE APLAUSOS aos Profissionais de Sa\u00fade que integram a Equipe de Vacina\u00e7\u00e3o contra a Covid-19, parabenizando-os pelos relevantes trabalhos prestados na \u00c1rea de Sa\u00fade, no enfrentamento \u00e0 Pandemia do Novo Coronav\u00edrus no Munic\u00edpio de Lagoa da Prata."}, {"id": "7014", "ano": "2021", "numero": "3", "tipo__sigla": "MOC", "tipo__descricao": "Mo\u00e7\u00e3o", "autoria": "Sargento Washington", "texto_original": "http://sapl.lagoadaprata.mg.leg.br/media/sapl/public/materialegislativa/2021/7014/mocao_de_aplausos_003-2021_-_washington_lagoa_corre_1.pdf", "ementa": "Senhora Presidente,\r\n\r\n\tO Vereador infra-assinado, regimentalmente apoiado, requer a Vossa Excel\u00eancia que seja submetida \u00e0 aprova\u00e7\u00e3o do Plen\u00e1rio MO\u00c7\u00c3O DE APLAUSOS aos Integrantes do Movimento Lagoa Corre, parabenizando-os pelo incentivo \u00e0 pr\u00e1tica de atividades f\u00edsicas, diminuindo o sedentarismo e melhorando a qualidade de vida dos nossos lagopratenses."}, {"id": "6467", "ano": "2021", "numero": "1", "tipo__sigla": "PL-CM", "tipo__descricao": "Projeto de Lei CM", "autoria": "Carol Castro", "texto_original": "http://sapl.lagoadaprata.mg.leg.br/media/sapl/public/materialegislativa/2021/6467/projeto_de_lei_cm_001-2021_-_mesa_diretora_-_revisa_subsidios_agentes_politicos_1.pdf", "ementa": "Revisa os Valores dos Subs\u00eddios dos Agentes Pol\u00edticos do Munic\u00edpio de Lagoa da Prata."}, {"id": "6493", "ano": "2021", "numero": "2", "tipo__sigla": "PL-CM", "tipo__descricao": "Projeto de Lei CM", "autoria": "Lisa Miranda", "texto_original": "http://sapl.lagoadaprata.mg.leg.br/media/sapl/public/materialegislativa/2021/6493/projeto_de_lei_cm_002-2021_-_da_nome_ubs_americo_silva_i_-_lisa.pdf", "ementa": "D\u00e1 nome \u00e0 Unidade B\u00e1sica de Sa\u00fade I \u2013 UBS I \u2013 do  Bairro Am\u00e9rico Silva, do Munic\u00edpio de Lagoa da Prata, que passa a se denominar Unidade B\u00e1sica de Sa\u00fade Baldu\u00edno Bernardes Amorim - Sr. Dudu."}, {"id": "6521", "ano": "2021", "numero": "3", "tipo__sigla": "PL-CM", "tipo__descricao": "Projeto de Lei CM", "autoria": "", "texto_original": "http://sapl.lagoadaprata.mg.leg.br/media/sapl/public/materialegislativa/2021/6521/projeto_de_lei_cm_no_3-2021_-_diaria_viagem_-_vereadores_e_empregados_-_mesa_diretora.pdf", "ementa": "DISP\u00d5E SOBRE PAGAMENTO DE DI\u00c1RIA DE VIAGEM A VEREADORES E EMPREGADOS P\u00daBLICOS DA      C\u00c2MARA MUNICIPAL DE LAGOA DA PRATA."}, {"id": "6649", "ano": "2021", "numero": "4", "tipo__sigla": "PL-CM", "tipo__descricao": "Projeto de Lei CM", "autoria": "Sargento Washington, Cici", "texto_original": "http://sapl.lagoadaprata.mg.leg.br/media/sapl/public/materialegislativa/2021/6649/projeto_de_lei_cm_004-2021_-_washington_e_cici_-_divulgacao_vacinados_covid-19.pdf", "ementa": "Disp\u00f5e sobre a obrigatoriedade da publica\u00e7\u00e3o di\u00e1ria da listagem de todos os vacinados contra a COVID-19 no Munic\u00edpio de Lagoa da Prata."}, {"id": "6663", "ano": "2021", "numero": "5", "tipo__sigla": "PL-CM", "tipo__descricao": "Projeto de Lei CM", "autoria": "Sargento Washington", "texto_original": "http://sapl.lagoadaprata.mg.leg.br/media/sapl/public/materialegislativa/2021/6663/projeto_de_lei_cm_005-2021_sargento_washington_-_regulamenta_capina_10-05.pdf", "ementa": "REGULAMENTA A CAPINA QU\u00cdMICA, EL\u00c9TRICA E DE OUTRAS FORMAS, NAS \u00c1REAS QUE MENCIONA, NO \u00c2MBITO DO MUNIC\u00cdPIO DE LAGOA DA PRATA \u2013 MG."}, {"id": "6677", "ano": "2021", "numero": "6", "tipo__sigla": "PL-CM", "tipo__descricao": "Projeto de Lei CM", "autoria": "Toninho da Laje", "texto_original": "http://sapl.lagoadaprata.mg.leg.br/media/sapl/public/materialegislativa/2021/6677/projeto_de_lei_cm_006-2021_-_toninho_da_laje_-_altera_a_lei_2828-2016_-_taxi.pdf", "ementa": "Revoga o Inciso II do Art. 7\u00ba da Lei Municipal n\u00ba 2.828, de 1\u00ba de agosto de 2016."}, {"id": "6711", "ano": "2021", "numero": "7", "tipo__sigla": "PL-CM", "tipo__descricao": "Projeto de Lei CM", "autoria": "Lisa Miranda", "texto_original": "http://sapl.lagoadaprata.mg.leg.br/media/sapl/public/materialegislativa/2021/6711/projeto_de_lei_cm_007-2021_-_lisa_miranda_-_junho_violeta_31-05.pdf", "ementa": "Institui o \u201cJUNHO VIOLETA\u201d no Munic\u00edpio de Lagoa da Prata, em alus\u00e3o ao Dia Mundial de Conscientiza\u00e7\u00e3o da Viol\u00eancia contra a Pessoa Idosa."}, {"id": "6942", "ano": "2021", "numero": "8", "tipo__sigla": "PL-CM", "tipo__descricao": "Projeto de Lei CM", "autoria": "Pavio", "texto_original": "http://sapl.lagoadaprata.mg.leg.br/media/sapl/public/materialegislativa/2021/6942/projeto_de_lei_cm_008-2021_-_pavio_-_uso_obrigatorio_do_brasao.pdf", "ementa": "Disp\u00f5e sobre a proibi\u00e7\u00e3o de cria\u00e7\u00e3o e utiliza\u00e7\u00e3o de logomarcas pelo Poder Executivo Municipal e institui a obrigatoriedade de uso do Bras\u00e3o oficial."}, {"id": "6995", "ano": "2021", "numero": "9", "tipo__sigla": "PL-CM", "tipo__descricao": "Projeto de Lei CM", "autoria": "Carol Castro", "texto_original": "http://sapl.lagoadaprata.mg.leg.br/media/sapl/public/materialegislativa/2021/6995/projeto_de_lei_cm_009-2021_-_carol_-_doacao_saae_para_casa_da_uniao_22-11.pdf", "ementa": "Autoriza o Servi\u00e7o Aut\u00f4nomo de \u00c1gua e Esgoto de Lagoa da Prata \u2013 SAAE-LP a receber doa\u00e7\u00f5es e        repassar \u00e0 entidade que menciona."}, {"id": "7011", "ano": "2021", "numero": "10", "tipo__sigla": "PL-CM", "tipo__descricao": "Projeto de Lei CM", "autoria": "Carol Castro", "texto_original": "http://sapl.lagoadaprata.mg.leg.br/media/sapl/public/materialegislativa/2021/7011/projeto_de_lei_cm_010-2021_-_carol_-_da_nome_a_rua_em_martins_guimaraes_06-12.pdf", "ementa": "D\u00e1 Nome a Logradouro P\u00fablico Que Menciona."}, {"id": "7022", "ano": "2021", "numero": "1000", "tipo__sigla": "PL-CM", "tipo__descricao": "Projeto de Lei CM", "autoria": "", "texto_original": "http://sapl.lagoadaprata.mg.leg.br/media/", "ementa": "D\u00e1 nome \u00e0 Unidade B\u00e1sica de Sa\u00fade I \u2013 UBS I \u2013 do  Bairro Am\u00e9rico Silva, do Munic\u00edpio de Lagoa da Prata, que passa a se denominar Unidade B\u00e1sica de Sa\u00fade Baldu\u00edno Bernardes Amorim - Sr. Dudu."}, {"id": "6511", "ano": "2021", "numero": "1", "tipo__sigla": "PLC-C", "tipo__descricao": "Projeto de Lei Complementar - CM", "autoria": "", "texto_original": "http://sapl.lagoadaprata.mg.leg.br/media/sapl/public/materialegislativa/2021/6511/projeto_de_lei_complementar_cm_001-2021_-_mesa_diretora_-_altera_lcm_49-2005.pdf", "ementa": "Altera a Lei Complementar Municipal n\u00ba 49/2005 que Instituiu o Quadro de Pessoal da C\u00e2mara Municipal."}, {"id": "6697", "ano": "2021", "numero": "2", "tipo__sigla": "PLC-C", "tipo__descricao": "Projeto de Lei Complementar - CM", "autoria": "Sargento Washington, Lisa Miranda, Toninho da Laje", "texto_original": "http://sapl.lagoadaprata.mg.leg.br/media/sapl/public/materialegislativa/2021/6697/projeto_de_lei_complementar_cm_002-2021_-_altera_plano_diretor_-_poeira_-_sargento_washington_4.pdf", "ementa": "Altera a Lei Complementar Municipal n\u00ba 176/2.017, que disp\u00f5e Sobre a Institui\u00e7\u00e3o do Plano Diretor do Munic\u00edpio de Lagoa da Prata."}, {"id": "6912", "ano": "2021", "numero": "3", "tipo__sigla": "PLC-C", "tipo__descricao": "Projeto de Lei Complementar - CM", "autoria": "Sargento Washington, Toninho da Laje", "texto_original": "http://sapl.lagoadaprata.mg.leg.br/media/sapl/public/materialegislativa/2021/6912/projeto_de_lei_complementar_cm_003_-_sargento_washington_-_sucata_04-10.pdf", "ementa": "Altera a Lei Complementar n\u00ba 5, de 15 de julho de 1991, que Institui o C\u00f3digo de Posturas do Munic\u00edpio de Lagoa da Prata."}, {"id": "6438", "ano": "2021", "numero": "1", "tipo__sigla": "PLC-E", "tipo__descricao": "Projeto de Lei Complementar - EM ", "autoria": "DI GIANNE DE OLIVEIRA NUNES", "texto_original": "http://sapl.lagoadaprata.mg.leg.br/media/sapl/public/materialegislativa/2021/6438/plc_em_1-2021_-_guarda_municipal_para_atuar_em_fiscalizacao_de_posturas_e_vigilancia_sanitaria.pdf", "ementa": "DISP\u00d5E SOBRE A DELEGA\u00c7\u00c3O DE COMPET\u00caNCIA AOS INTEGRANTES DA GUARDA CIVIL MUNICIPAL PARA ATUAR NA FISCALIZA\u00c7\u00c3O DE POSTURAS MUNICIPAIS E DE VIGIL\u00c2NCIA SANIT\u00c1RIA"}, {"id": "6495", "ano": "2021", "numero": "2", "tipo__sigla": "PLC-E", "tipo__descricao": "Projeto de Lei Complementar - EM ", "autoria": "DI GIANNE DE OLIVEIRA NUNES", "texto_original": "http://sapl.lagoadaprata.mg.leg.br/media/sapl/public/materialegislativa/2021/6495/plc_em_2-2021_-_institui_recompensas_aos_policiais_da_guarda_civil_de_lagoa_da_prata.pdf", "ementa": "Institui Recompensas aos Policiais da Guarda Civil de Lagoa da Prata"}, {"id": "6551", "ano": "2021", "numero": "3", "tipo__sigla": "PLC-E", "tipo__descricao": "Projeto de Lei Complementar - EM ", "autoria": "DI GIANNE DE OLIVEIRA NUNES", "texto_original": "http://sapl.lagoadaprata.mg.leg.br/media/sapl/public/materialegislativa/2021/6551/plc_em_3-2021-_fixa_piso_salarial_acs_e_ace_em_atendimento_a_lei_11.350.pdf", "ementa": "ALTERA O ANEXO II DA LCM N\u00ba 79/2008 PARA FIXAR O PISO SALARIAL DOS AGENTES COMUNIT\u00c1RIOS DE SA\u00daDE (ACS) E AGENTES DE COMBATE AS ENDEMIAS (ACE) DO MUNIC\u00cdPIO EM CONSON\u00c2NCIA \u00c0S DETERMINA\u00c7\u00d5ES DA LEI FEDERAL 11.350"}, {"id": "6680", "ano": "2021", "numero": "4", "tipo__sigla": "PLC-E", "tipo__descricao": "Projeto de Lei Complementar - EM ", "autoria": "DI GIANNE DE OLIVEIRA NUNES", "texto_original": "http://sapl.lagoadaprata.mg.leg.br/media/sapl/public/materialegislativa/2021/6680/plc_em_4-2021__-_parcelamento_do_solo_condominio_chacaras_de_recreio_sob_a_forma_de_chacreamento.pdf", "ementa": "DISP\u00d5E SOBRE O PARCELAMENTO DO SOLO URBANO PARA OS CONDOM\u00cdNIOS DE CH\u00c1CARA DE RECREIO, SOB A FORMA DE CHACREAMENTO, NO MUNIC\u00cdPIO DE LAGOA DA PRATA E D\u00c1 OUTRAS PROVID\u00caNCIAS."}, {"id": "6681", "ano": "2021", "numero": "5", "tipo__sigla": "PLC-E", "tipo__descricao": "Projeto de Lei Complementar - EM ", "autoria": "DI GIANNE DE OLIVEIRA NUNES", "texto_original": "http://sapl.lagoadaprata.mg.leg.br/media/sapl/public/materialegislativa/2021/6681/plc_em_5-2021_-_altera_a_lc_3-1991_procurador_adjunto_recrutamento_amplo.pdf", "ementa": "ALTERA A LEI COMPLEMENTAR N\u00ba 3 DE 22 DE MAIO DE 1991, DE MODO A PERMITIR O RECRUTAMENTO AMPLO PARA O CARGO DE PROCURADOR ADJUNTO."}, {"id": "6682", "ano": "2021", "numero": "6", "tipo__sigla": "PLC-E", "tipo__descricao": "Projeto de Lei Complementar - EM ", "autoria": "DI GIANNE DE OLIVEIRA NUNES", "texto_original": "http://sapl.lagoadaprata.mg.leg.br/media/sapl/public/materialegislativa/2021/6682/plc_em_6-2021_-_altera_a_lc_176-2017_redefinindo_zonas_de_uso_e_ocupacap_do_solo.pdf", "ementa": "ALTERA A LEI COMPLEMENTAR N\u00ba 176, DE 1\u00ba DE JANEIRO DE 2017, REDEFININDO AS ZONAS DE USO E OCUPA\u00c7\u00c3O DO SOLO E D\u00c1 OUTRAS PROVID\u00caNCIAS."}, {"id": "6732", "ano": "2021", "numero": "7", "tipo__sigla": "PLC-E", "tipo__descricao": "Projeto de Lei Complementar - EM ", "autoria": "DI GIANNE DE OLIVEIRA NUNES", "texto_original": "http://sapl.lagoadaprata.mg.leg.br/media/sapl/public/materialegislativa/2021/6732/plc_em_7-2021_-_altera_a_lc_176_plano_diretor_rotated.pdf", "ementa": "ALTERA A LEI COMPLEMENTAR N\u00ba 176 DE 1\u00ba DE JANEIRO DE 2017."}, {"id": "6733", "ano": "2021", "numero": "8", "tipo__sigla": "PLC-E", "tipo__descricao": "Projeto de Lei Complementar - EM ", "autoria": "DI GIANNE DE OLIVEIRA NUNES", "texto_original": "http://sapl.lagoadaprata.mg.leg.br/media/sapl/public/materialegislativa/2021/6733/plc_em_8-2021_-_autoriza_escala_de_revezamento_12x36_e_24x72_rotated.pdf", "ementa": "AUTORIZA A INSTITUI\u00c7\u00c3O DA ESCALA DE REVEZAMENTO DE DOZE (12) HORAS DE TRABALHO POR TRINTA E SEIS (36) DE DESCANSO E VINTE E QUATRO (24) HORAS DE TRABALHO POR 72 (SETENTA E DUAS) HORAS DE DESCANSO NAS UNIDADES DE FUNCIONAMENTO ININTERRUPTO DA SECRETARIA DE SA\u00daDE."}, {"id": "6734", "ano": "2021", "numero": "9", "tipo__sigla": "PLC-E", "tipo__descricao": "Projeto de Lei Complementar - EM ", "autoria": "DI GIANNE DE OLIVEIRA NUNES", "texto_original": "http://sapl.lagoadaprata.mg.leg.br/media/sapl/public/materialegislativa/2021/6734/plc_em_9-2021_-_lotacao_de_servidores_especilista_educacional_da_rede_municipal_de_ensino_rotated.pdf", "ementa": "DISP\u00d5E SOBRE A LOTA\u00c7\u00c3O DE SERVIDORES OCUPANTES DO EMPREGO P\u00daBLICO DE ESPECIALISTA EDUCACIONAL DA REDE MUNICIPAL DE ENSINO."}, {"id": "6863", "ano": "2021", "numero": "10", "tipo__sigla": "PLC-E", "tipo__descricao": "Projeto de Lei Complementar - EM ", "autoria": "DI GIANNE DE OLIVEIRA NUNES", "texto_original": "http://sapl.lagoadaprata.mg.leg.br/media/sapl/public/materialegislativa/2021/6863/plc_em_10-2021_-_altera_a_lc_184-2017_-_autoriza_a_contratar_aprendiz.pdf", "ementa": "ALTERA A LEI COMPLEMENTAR N\u00ba 184, DE 21 DE JUNHO DE 2017, QUE AUTORIZA O MUNIC\u00cdPIO DE LAGOA DA PRATA A CONTRATAR APRENDIZ"}, {"id": "6896", "ano": "2021", "numero": "11", "tipo__sigla": "PLC-E", "tipo__descricao": "Projeto de Lei Complementar - EM ", "autoria": "DI GIANNE DE OLIVEIRA NUNES", "texto_original": "http://sapl.lagoadaprata.mg.leg.br/media/sapl/public/materialegislativa/2021/6896/plc_em_11-2021.pdf", "ementa": "Altera a Lei Complementar 176/2017, que Disp\u00f5e sobre a Institui\u00e7\u00e3o do Plano Diretor do Munic\u00edpio de Lagoa da Prata, Dec\u00eanio 2017-2026, e o Mapa de Zoneamento nela compreendido."}, {"id": "7005", "ano": "2021", "numero": "12", "tipo__sigla": "PLC-E", "tipo__descricao": "Projeto de Lei Complementar - EM ", "autoria": "DI GIANNE DE OLIVEIRA NUNES", "texto_original": "http://sapl.lagoadaprata.mg.leg.br/media/sapl/public/materialegislativa/2021/7005/plc_em_12-2021_-_altera_o_plano_diretor_e_mapa_de_zoneamento.pdf", "ementa": "ALTERA A LEI COMPLEMENTAR N\u00ba 176 DE 01 DE JANEIRO DE 2017."}, {"id": "7013", "ano": "2021", "numero": "13", "tipo__sigla": "PLC-E", "tipo__descricao": "Projeto de Lei Complementar - EM ", "autoria": "DI GIANNE DE OLIVEIRA NUNES", "texto_original": "http://sapl.lagoadaprata.mg.leg.br/media/sapl/public/materialegislativa/2021/7013/plc_em_13-2021_-_altera_a_lei_complementar_3-91_-_cria_vagas.pdf", "ementa": "ALTERA A LEI COMPLEMENTAR N\u00ba 3 DE 22 DE MAIO DE 1991."}, {"id": "6461", "ano": "2021", "numero": "1", "tipo__sigla": "PL-EM", "tipo__descricao": "Projeto de Lei EM", "autoria": "DI GIANNE DE OLIVEIRA NUNES", "texto_original": "http://sapl.lagoadaprata.mg.leg.br/media/sapl/public/materialegislativa/2021/6461/pl_em_01-2021_-_concede_revisao_anual_a_servidores.pdf", "ementa": "\u201cConcede Revis\u00e3o Geral Anual aos Servidores P\u00fablicos Municipais, nos termos do Inciso X do Artigo 37,da Constitui\u00e7\u00e3o Federal\u201d"}, {"id": "6462", "ano": "2021", "numero": "2", "tipo__sigla": "PL-EM", "tipo__descricao": "Projeto de Lei EM", "autoria": "DI GIANNE DE OLIVEIRA NUNES", "texto_original": "http://sapl.lagoadaprata.mg.leg.br/media/sapl/public/materialegislativa/2021/6462/pl_em_02-2021_-_penalidades_a_descumprimento_das_medidas_de_prevencao_ao_coronavirus.pdf", "ementa": "\u201cDefine Penalidades a serem aplicadas na hip\u00f3tese de descumprimento das determina\u00e7\u00f5es do Executivo Municipal no enfrentamento e preven\u00e7\u00e3o ao Coronav\u00edrus (Covid-19)\u201d"}, {"id": "6463", "ano": "2021", "numero": "3", "tipo__sigla": "PL-EM", "tipo__descricao": "Projeto de Lei EM", "autoria": "DI GIANNE DE OLIVEIRA NUNES", "texto_original": "http://sapl.lagoadaprata.mg.leg.br/media/sapl/public/materialegislativa/2021/6463/pl_em_03-2021_-_abre_credito_suplementar_ao_orcamento_vigente_-_r_395.65131.pdf", "ementa": "ABRE CR\u00c9DITO SUPLEMENTAR AO OR\u00c7AMENTO VIGENTE DO MUNIC\u00cdPIO DE LAGOA DA PRATA E CONT\u00c9M OUTRAS PROVID\u00caNCIAS."}, {"id": "6464", "ano": "2021", "numero": "4", "tipo__sigla": "PL-EM", "tipo__descricao": "Projeto de Lei EM", "autoria": "DI GIANNE DE OLIVEIRA NUNES", "texto_original": "http://sapl.lagoadaprata.mg.leg.br/media/sapl/public/materialegislativa/2021/6464/pl_em_04-2021_-_abre_credito_suplementar_ao_orcamento_vigente__-_r_201.82706.pdf", "ementa": "ABRE CR\u00c9DITO SUPLEMENTAR AO OR\u00c7AMENTO VIGENTE DO MUNIC\u00cdPIO DE LAGOA DA PRATA E CONT\u00c9M OUTRAS PROVID\u00caNCIAS."}, {"id": "6479", "ano": "2021", "numero": "5", "tipo__sigla": "PL-EM", "tipo__descricao": "Projeto de Lei EM", "autoria": "DI GIANNE DE OLIVEIRA NUNES", "texto_original": "http://sapl.lagoadaprata.mg.leg.br/media/sapl/public/materialegislativa/2021/6479/pl_em_5-2021_-_abre_credito_adicional_especial_-_r700_mil.pdf", "ementa": "ABRE CR\u00c9DITO ADICIONAL ESPECIAL AO OR\u00c7AMENTO VIGENTE DO MUNIC\u00cdPIO DE LAGOA DA PRATA E CONT\u00c9M OUTRAS PROVID\u00caNCIAS."}, {"id": "6480", "ano": "2021", "numero": "6", "tipo__sigla": "PL-EM", "tipo__descricao": "Projeto de Lei EM", "autoria": "DI GIANNE DE OLIVEIRA NUNES", "texto_original": "http://sapl.lagoadaprata.mg.leg.br/media/sapl/public/materialegislativa/2021/6480/pl_em_6-2021_-_abre_credito_adicional_especial_r305_mil.pdf", "ementa": "ABRE CR\u00c9DITO ADICIONAL ESPECIAL AO OR\u00c7AMENTO VIGENTE DO MUNIC\u00cdPIO DE LAGOA DA PRATA E CONT\u00c9M OUTRAS PROVID\u00caNCIAS."}, {"id": "6481", "ano": "2021", "numero": "7", "tipo__sigla": "PL-EM", "tipo__descricao": "Projeto de Lei EM", "autoria": "DI GIANNE DE OLIVEIRA NUNES", "texto_original": "http://sapl.lagoadaprata.mg.leg.br/media/sapl/public/materialegislativa/2021/6481/pl_em_7-2021_-_abre_credito_suplementar_r_6.748.50598.pdf", "ementa": "ABRE CR\u00c9DITO SUPLEMENTAR AO OR\u00c7AMENTO VIGENTE DO MUNIC\u00cdPIO DE LAGOA DA PRATA E CONT\u00c9M OUTRAS PROVID\u00caNCIAS."}, {"id": "6482", "ano": "2021", "numero": "8", "tipo__sigla": "PL-EM", "tipo__descricao": "Projeto de Lei EM", "autoria": "DI GIANNE DE OLIVEIRA NUNES", "texto_original": "http://sapl.lagoadaprata.mg.leg.br/media/sapl/public/materialegislativa/2021/6482/pl_em_08-2021_-_abre_credito_adic_especial_r_42_mil.pdf", "ementa": "ABRE CR\u00c9DITO ADICIONAL ESPECIAL AO OR\u00c7AMENTO VIGENTE DO MUNIC\u00cdPIO DE LAGOA DA PRATA E CONT\u00c9M OUTRAS PROVID\u00caNCIAS."}, {"id": "6483", "ano": "2021", "numero": "9", "tipo__sigla": "PL-EM", "tipo__descricao": "Projeto de Lei EM", "autoria": "DI GIANNE DE OLIVEIRA NUNES", "texto_original": "http://sapl.lagoadaprata.mg.leg.br/media/sapl/public/materialegislativa/2021/6483/pl_em_09-2021_-_revoga_os_paragrafos_1_e_2_do_art._1_da_lei_3.279-2019.pdf", "ementa": "REVOGA OS PAR\u00c1GRAFOS 1\u00ba E 2\u00ba DO ARTIGO 1\u00ba DA LEI MUNICIPAL N\u00ba 3.279 DE 12 DE DEZEMBRO DE 2019"}, {"id": "6484", "ano": "2021", "numero": "10", "tipo__sigla": "PL-EM", "tipo__descricao": "Projeto de Lei EM", "autoria": "DI GIANNE DE OLIVEIRA NUNES", "texto_original": "http://sapl.lagoadaprata.mg.leg.br/media/sapl/public/materialegislativa/2021/6484/pl_em_10-2021_-_revoga_o_paragrafo_unico_do_art_1_e_altera_redacao_do_2_da_lei_municipal_1985-2011.pdf", "ementa": "REVOGA O PAR\u00c1GRAFO \u00daNICO DO ART. 1\u00ba E ALTERA A REDA\u00c7\u00c3O DO ART. 2\u00ba, TODOS DA LEI MUNICIPAL N\u00ba 1.985 DE 11 DE NOVEMBRO DE 2011."}, {"id": "6485", "ano": "2021", "numero": "11", "tipo__sigla": "PL-EM", "tipo__descricao": "Projeto de Lei EM", "autoria": "DI GIANNE DE OLIVEIRA NUNES", "texto_original": "http://sapl.lagoadaprata.mg.leg.br/media/sapl/public/materialegislativa/2021/6485/pl_em_11-2021_-_dispoe_sobre_o_programa_municipal_de_parcerias_publico-privadas_e_concessoes_do_municipio_de_lagoa_da_prata_e_da_outras_providencias.pdf", "ementa": "Disp\u00f5e sobre o programa municipal de parcerias p\u00fablico-privadas e concess\u00f5es do munic\u00edpio de Lagoa da Prata e d\u00e1 outras provid\u00eancias."}, {"id": "6494", "ano": "2021", "numero": "12", "tipo__sigla": "PL-EM", "tipo__descricao": "Projeto de Lei EM", "autoria": "DI GIANNE DE OLIVEIRA NUNES", "texto_original": "http://sapl.lagoadaprata.mg.leg.br/media/sapl/public/materialegislativa/2021/6494/pl_em_12-2021_-_autoriza_o_executivo_a_conceder_contribuicao_a_undime-mg_no_ano_de_2021.pdf", "ementa": "Autoriza o executivo a conceder contribui\u00e7\u00e3o \u00e0 Uni\u00e3o Nacional dos Dirigentes Municipais de Educa\u00e7\u00e3o do Estado de Minas Gerais - UNDIME-MG no ano de 2021"}, {"id": "6505", "ano": "2021", "numero": "13", "tipo__sigla": "PL-EM", "tipo__descricao": "Projeto de Lei EM", "autoria": "DI GIANNE DE OLIVEIRA NUNES", "texto_original": "http://sapl.lagoadaprata.mg.leg.br/media/sapl/public/materialegislativa/2021/6505/pl_em_13-2021_-_abre_credito_suplementar_r_1.300.00000.pdf", "ementa": "ABRE CR\u00c9DITO SUPLEMENTAR AO OR\u00c7AMENTO VIGENTE DO MUNIC\u00cdPIO DE LAGOA DA PRATA E CONT\u00c9M OUTRAS PROVID\u00caNCIAS"}, {"id": "6509", "ano": "2021", "numero": "14", "tipo__sigla": "PL-EM", "tipo__descricao": "Projeto de Lei EM", "autoria": "DI GIANNE DE OLIVEIRA NUNES", "texto_original": "http://sapl.lagoadaprata.mg.leg.br/media/sapl/public/materialegislativa/2021/6509/pl_em_14-2021_-_abre_credito_suplementar_-_r_3.690.31500.pdf", "ementa": "ABRE CR\u00c9DITO SUPLEMENTAR AO OR\u00c7AMENTO VIGENTE DO MUNIC\u00cdPIO DE LAGOA DA PRATA E CONT\u00c9M OUTRAS PROVID\u00caNCIAS."}, {"id": "6510", "ano": "2021", "numero": "15", "tipo__sigla": "PL-EM", "tipo__descricao": "Projeto de Lei EM", "autoria": "DI GIANNE DE OLIVEIRA NUNES", "texto_original": "http://sapl.lagoadaprata.mg.leg.br/media/sapl/public/materialegislativa/2021/6510/pl_em_15-2021_-_abre_credito_suplementar_-_r_440_mil.pdf", "ementa": "ABRE CR\u00c9DITO SUPLEMENTAR AO OR\u00c7AMENTO VIGENTE DO MUNIC\u00cdPIO DE LAGOA DA PRATA E CONT\u00c9M OUTRAS PROVID\u00caNCIAS."}, {"id": "6512", "ano": "2021", "numero": "16", "tipo__sigla": "PL-EM", "tipo__descricao": "Projeto de Lei EM", "autoria": "DI GIANNE DE OLIVEIRA NUNES", "texto_original": "http://sapl.lagoadaprata.mg.leg.br/media/sapl/public/materialegislativa/2021/6512/pl_em_16-2021_-_abre_credito_suplementar_ao_orcamento_vigente__-_r_441_mil.pdf", "ementa": "ABRE CR\u00c9DITO SUPLEMENTAR AO OR\u00c7AMENTO VIGENTE DO MUNIC\u00cdPIO DE LAGOA DA PRATA E CONT\u00c9M OUTRAS PROVID\u00caNCIAS."}, {"id": "6513", "ano": "2021", "numero": "17", "tipo__sigla": "PL-EM", "tipo__descricao": "Projeto de Lei EM", "autoria": "DI GIANNE DE OLIVEIRA NUNES", "texto_original": "http://sapl.lagoadaprata.mg.leg.br/media/sapl/public/materialegislativa/2021/6513/pl_em_17-2021_-_abre_credito_adicional_especial_ao_orcamento__-_r_90.50000.pdf", "ementa": "ABRE CR\u00c9DITO ADICIONAL ESPECIAL AO OR\u00c7AMENTO VIGENTE DO MUNIC\u00cdPIO DE LAGOA DA PRATA E CONT\u00c9M OUTRAS PROVID\u00caNCIAS."}, {"id": "6514", "ano": "2021", "numero": "18", "tipo__sigla": "PL-EM", "tipo__descricao": "Projeto de Lei EM", "autoria": "DI GIANNE DE OLIVEIRA NUNES", "texto_original": "http://sapl.lagoadaprata.mg.leg.br/media/sapl/public/materialegislativa/2021/6514/pl_em_18-2021_-_abre_credito_adcional_especial_ao_orcamento_vigente_-_r6.50000.pdf", "ementa": "ABRE CR\u00c9DITO ADICIONAL ESPECIAL AO OR\u00c7AMENTO VIGENTE DO MUNIC\u00cdPIO DE LAGOA DA PRATA E CONT\u00c9M OUTRAS PROVID\u00caNCIAS."}, {"id": "6515", "ano": "2021", "numero": "19", "tipo__sigla": "PL-EM", "tipo__descricao": "Projeto de Lei EM", "autoria": "DI GIANNE DE OLIVEIRA NUNES", "texto_original": "http://sapl.lagoadaprata.mg.leg.br/media/sapl/public/materialegislativa/2021/6515/pl_em_19-2021_-_abre_credito_adicional_especial_ao_orcamento_vigente_-_r_474.13461.pdf", "ementa": "ABRE CR\u00c9DITO ADICIONAL ESPECIAL AO OR\u00c7AMENTO VIGENTE DO MUNIC\u00cdPIO DE LAGOA DA PRATA E CONT\u00c9M OUTRAS PROVID\u00caNCIAS."}, {"id": "6516", "ano": "2021", "numero": "20", "tipo__sigla": "PL-EM", "tipo__descricao": "Projeto de Lei EM", "autoria": "DI GIANNE DE OLIVEIRA NUNES", "texto_original": "http://sapl.lagoadaprata.mg.leg.br/media/sapl/public/materialegislativa/2021/6516/pl_em_20-2021_-_abre_credito_adicional_especial_ao_orcamento_-_r_73_mil.pdf", "ementa": "ABRE CR\u00c9DITO ADICIONAL ESPECIAL AO OR\u00c7AMENTO VIGENTE DO MUNIC\u00cdPIO DE LAGOA DA PRATA E CONT\u00c9M OUTRAS PROVID\u00caNCIAS."}, {"id": "6517", "ano": "2021", "numero": "21", "tipo__sigla": "PL-EM", "tipo__descricao": "Projeto de Lei EM", "autoria": "DI GIANNE DE OLIVEIRA NUNES", "texto_original": "http://sapl.lagoadaprata.mg.leg.br/media/sapl/public/materialegislativa/2021/6517/pl_em_21-2021_-_abre_credito_adicional_especial_ao_orcamento_vigente_-_r_3.600.00000.pdf", "ementa": "ABRE CR\u00c9DITO ADICIONAL ESPECIAL AO OR\u00c7AMENTO VIGENTE DO MUNIC\u00cdPIO DE LAGOA DA PRATA E CONT\u00c9M OUTRAS PROVID\u00caNCIAS."}, {"id": "6518", "ano": "2021", "numero": "22", "tipo__sigla": "PL-EM", "tipo__descricao": "Projeto de Lei EM", "autoria": "DI GIANNE DE OLIVEIRA NUNES", "texto_original": "http://sapl.lagoadaprata.mg.leg.br/media/sapl/public/materialegislativa/2021/6518/pl_em_22-2021_-_abre_credito_suplementar_ao_orcamento_vigente_-_r_1.306.29412.pdf", "ementa": "ABRE CR\u00c9DITO SUPLEMENTAR AO OR\u00c7AMENTO VIGENTE DO MUNIC\u00cdPIO DE LAGOA DA PRATA E CONT\u00c9M OUTRAS PROVID\u00caNCIAS."}, {"id": "6519", "ano": "2021", "numero": "23", "tipo__sigla": "PL-EM", "tipo__descricao": "Projeto de Lei EM", "autoria": "DI GIANNE DE OLIVEIRA NUNES", "texto_original": "http://sapl.lagoadaprata.mg.leg.br/media/sapl/public/materialegislativa/2021/6519/pl_em_23-2021_-_abre_credito_suplementar_ao_orcamento_vigente_-_r_160_mil.pdf", "ementa": "ABRE CR\u00c9DITO SUPLEMENTAR AO OR\u00c7AMENTO VIGENTE DO MUNIC\u00cdPIO DE LAGOA DA PRATA E CONT\u00c9M OUTRAS PROVID\u00caNCIAS."}, {"id": "6520", "ano": "2021", "numero": "24", "tipo__sigla": "PL-EM", "tipo__descricao": "Projeto de Lei EM", "autoria": "DI GIANNE DE OLIVEIRA NUNES", "texto_original": "http://sapl.lagoadaprata.mg.leg.br/media/sapl/public/materialegislativa/2021/6520/pl_em_24-2021__-_dispoe_sobre_a_criacao_do_conselho_do_fundeb.pdf", "ementa": "DISP\u00d5E SOBRE A CRIA\u00c7\u00c3O DO CONSELHO MUNICIPAL DE ACOMPANHAMENTO E CONTROLE SOCIAL DO FUNDO DE MANUTEN\u00c7\u00c3O E DESENVOLVIMENTO DA EDUCA\u00c7\u00c3O B\u00c1SICA E DE VALORIZA\u00c7\u00c3O DOS PROFISSIONAIS DA EDUCA\u00c7\u00c3O - FUNDEB DE QUE TRATA O ART. 212-A DA CONSTITUI\u00c7\u00c3O FEDERAL."}, {"id": "6542", "ano": "2021", "numero": "25", "tipo__sigla": "PL-EM", "tipo__descricao": "Projeto de Lei EM", "autoria": "DI GIANNE DE OLIVEIRA NUNES", "texto_original": "http://sapl.lagoadaprata.mg.leg.br/media/sapl/public/materialegislativa/2021/6542/pl_em_25-2021_-_abre_credito_adicional_especial_-_r_190.22700.pdf", "ementa": "ABRE CR\u00c9DITO ADICIONAL ESPECIAL AO OR\u00c7AMENTO VIGENTE DO MUNIC\u00cdPIO DE LAGOA DA PRATA E CONT\u00c9M OUTRAS PROVID\u00caNCIAS."}, {"id": "6543", "ano": "2021", "numero": "26", "tipo__sigla": "PL-EM", "tipo__descricao": "Projeto de Lei EM", "autoria": "DI GIANNE DE OLIVEIRA NUNES", "texto_original": "http://sapl.lagoadaprata.mg.leg.br/media/sapl/public/materialegislativa/2021/6543/pl_em_26-2021_-_abre_credito_adicional_especial_-_r_700.00000.pdf", "ementa": "ABRE CR\u00c9DITO ADICIONAL ESPECIAL AO OR\u00c7AMENTO VIGENTE DO MUNIC\u00cdPIO DE LAGOA DA PRATA E CONT\u00c9M OUTRAS PROVID\u00caNCIAS."}, {"id": "6544", "ano": "2021", "numero": "27", "tipo__sigla": "PL-EM", "tipo__descricao": "Projeto de Lei EM", "autoria": "DI GIANNE DE OLIVEIRA NUNES", "texto_original": "http://sapl.lagoadaprata.mg.leg.br/media/sapl/public/materialegislativa/2021/6544/pl_em_27-2021_-_abre_credito_suplementar_-_r_1.244.40000.pdf", "ementa": "ABRE CR\u00c9DITO SUPLEMENTAR AO OR\u00c7AMENTO VIGENTE DO MUNIC\u00cdPIO DE LAGOA DA PRATA E CONT\u00c9M OUTRAS PROVID\u00caNCIAS."}, {"id": "6545", "ano": "2021", "numero": "28", "tipo__sigla": "PL-EM", "tipo__descricao": "Projeto de Lei EM", "autoria": "DI GIANNE DE OLIVEIRA NUNES", "texto_original": "http://sapl.lagoadaprata.mg.leg.br/media/sapl/public/materialegislativa/2021/6545/pl_em_28-2021_-_abre_credito_suplementar_-_r_4.000.00000.pdf", "ementa": "ABRE CR\u00c9DITO SUPLEMENTAR AO OR\u00c7AMENTO VIGENTE DO MUNIC\u00cdPIO DE LAGOA DA PRATA E CONT\u00c9M OUTRAS PROVID\u00caNCIAS."}, {"id": "6546", "ano": "2021", "numero": "29", "tipo__sigla": "PL-EM", "tipo__descricao": "Projeto de Lei EM", "autoria": "DI GIANNE DE OLIVEIRA NUNES", "texto_original": "http://sapl.lagoadaprata.mg.leg.br/media/sapl/public/materialegislativa/2021/6546/pl_em_29-2021_-_abre_credito_suplementar_-_r_250.00000.pdf", "ementa": "ABRE CR\u00c9DITO SUPLEMENTAR AO OR\u00c7AMENTO VIGENTE DO MUNIC\u00cdPIO DE LAGOA DA PRATA E CONT\u00c9M OUTRAS PROVID\u00caNCIAS."}, {"id": "6547", "ano": "2021", "numero": "30", "tipo__sigla": "PL-EM", "tipo__descricao": "Projeto de Lei EM", "autoria": "DI GIANNE DE OLIVEIRA NUNES", "texto_original": "http://sapl.lagoadaprata.mg.leg.br/media/sapl/public/materialegislativa/2021/6547/pl_em_30-2021_-_abre_credito_suplementar_-_r_500.00000.pdf", "ementa": "ABRE CR\u00c9DITO SUPLEMENTAR AO OR\u00c7AMENTO VIGENTE DO MUNIC\u00cdPIO DE LAGOA DA PRATA E CONT\u00c9M OUTRAS PROVID\u00caNCIAS."}, {"id": "6548", "ano": "2021", "numero": "31", "tipo__sigla": "PL-EM", "tipo__descricao": "Projeto de Lei EM", "autoria": "DI GIANNE DE OLIVEIRA NUNES", "texto_original": "http://sapl.lagoadaprata.mg.leg.br/media/sapl/public/materialegislativa/2021/6548/pl_em_31-2021_-_abre_credito_suplementar_-_r_700.00000.pdf", "ementa": "ABRE CR\u00c9DITO SUPLEMENTAR AO OR\u00c7AMENTO VIGENTE DO MUNIC\u00cdPIO DE LAGOA DA PRATA E CONT\u00c9M OUTRAS PROVID\u00caNCIAS."}, {"id": "6552", "ano": "2021", "numero": "32", "tipo__sigla": "PL-EM", "tipo__descricao": "Projeto de Lei EM", "autoria": "DI GIANNE DE OLIVEIRA NUNES", "texto_original": "http://sapl.lagoadaprata.mg.leg.br/media/sapl/public/materialegislativa/2021/6552/pl_em_32-2021_-_institui_o_conselho_de_desenvolvimento_economico_-_comdes-lp.pdf", "ementa": "INSTITUI O CONSELHO MUNICIPAL DE DESENVOLVIMENTO ECON\u00d4MICO SUSTENT\u00c1VEL DE LAGOA DA PRATA - COMDES-LP"}, {"id": "6553", "ano": "2021", "numero": "33", "tipo__sigla": "PL-EM", "tipo__descricao": "Projeto de Lei EM", "autoria": "DI GIANNE DE OLIVEIRA NUNES", "texto_original": "http://sapl.lagoadaprata.mg.leg.br/media/sapl/public/materialegislativa/2021/6553/pl_em_33-2021_-_inclui_paragrafos_ao_art._1_da_lei_1.119-2004_que_regulamenta_a_cessao_de_servidores_publicos.pdf", "ementa": "INCLUI OS PAR\u00c1GRAFOS 5\u00ba E 6\u00ba AO ART. 1\u00ba DA LEI 1.119/2004 QUE REGULAMENTA A CESS\u00c3O DE SERVIDORES P\u00daBLICOS E D\u00c1 OUTRAS PROVID\u00caNCIAS"}, {"id": "6554", "ano": "2021", "numero": "34", "tipo__sigla": "PL-EM", "tipo__descricao": "Projeto de Lei EM", "autoria": "DI GIANNE DE OLIVEIRA NUNES", "texto_original": "http://sapl.lagoadaprata.mg.leg.br/media/sapl/public/materialegislativa/2021/6554/pl_em_34-2021_-_abre_credito_adicional_especial_-_r_53_mil.pdf", "ementa": "ABRE CR\u00c9DITO ADICIONAL ESPECIAL AO OR\u00c7AMENTO VIGENTE DO MUNIC\u00cdPIO DE LAGOA DA PRATA E CONT\u00c9M OUTRAS PROVID\u00caNCIAS"}, {"id": "6561", "ano": "2021", "numero": "35", "tipo__sigla": "PL-EM", "tipo__descricao": "Projeto de Lei EM", "autoria": "DI GIANNE DE OLIVEIRA NUNES", "texto_original": "http://sapl.lagoadaprata.mg.leg.br/media/sapl/public/materialegislativa/2021/6561/pl_em_35-2021_-_patrulha_guardia_lei_maria_da_penha.pdf", "ementa": "DISP\u00d5E SOBRE A CRIA\u00c7\u00c3O DA PATRULHA GUARDI\u00c3 MARIA DA PENHA, DE ATENDIMENTO \u00c0 MULHER V\u00cdTIMA DE VIOL\u00caNCIA E D\u00c1 OUTRAS PROVID\u00caNCIAS"}, {"id": "6562", "ano": "2021", "numero": "36", "tipo__sigla": "PL-EM", "tipo__descricao": "Projeto de Lei EM", "autoria": "DI GIANNE DE OLIVEIRA NUNES", "texto_original": "http://sapl.lagoadaprata.mg.leg.br/media/sapl/public/materialegislativa/2021/6562/pl_em_36-2021_-_criacao_do_conselho_municipal_dos_direitos_da_mulher.pdf", "ementa": "CRIA O CONSELHO MUNICIPAL DOS DIREITOS DA MULHER E DISP\u00d5E SOBRE O FUNDO MUNICIPAL DE POL\u00cdTICAS P\u00daBLICAS PARA A MULHER NO MUNIC\u00cdPIO DE LAGOA DA PRATA"}, {"id": "6572", "ano": "2021", "numero": "37", "tipo__sigla": "PL-EM", "tipo__descricao": "Projeto de Lei EM", "autoria": "DI GIANNE DE OLIVEIRA NUNES", "texto_original": "http://sapl.lagoadaprata.mg.leg.br/media/sapl/public/materialegislativa/2021/6572/pl_em_37-2021_-_ratifica_protocolo_de_intencoes__firmado_entre_municipios_adquirir_vacinas_combante_coronavirus..pdf", "ementa": "\u201cRATIFICA PROTOCOLO DE INTEN\u00c7\u00d5ES FIRMADO ENTRE MUNIC\u00cdPIOS BRASILEIROS, COM A FINALIDADE DE ADQUIRIR VACINAS PARA COMBATE \u00c0 PANDEMIA DO CORONAV\u00cdRUS; MEDICAMENTOS, INSUMOS E EQUIPAMENTOS NA \u00c1REA DA SA\u00daDE\u201d."}, {"id": "6573", "ano": "2021", "numero": "38", "tipo__sigla": "PL-EM", "tipo__descricao": "Projeto de Lei EM", "autoria": "DI GIANNE DE OLIVEIRA NUNES", "texto_original": "http://sapl.lagoadaprata.mg.leg.br/media/sapl/public/materialegislativa/2021/6573/pl_em_38-2021_-_filiacao_ao_fnp.pdf", "ementa": "AUTORIZA O MUNIC\u00cdPIO A CELEBRAR TERMO DE FILIA\u00c7\u00c3O E ARCAR COM DESPESAS DE CONTRIBUI\u00c7\u00c3O DE FILIA\u00c7\u00c3O \u00c0 FRENTE NACIONAL DE PREFEITOS - FNP"}, {"id": "6574", "ano": "2021", "numero": "39", "tipo__sigla": "PL-EM", "tipo__descricao": "Projeto de Lei EM", "autoria": "DI GIANNE DE OLIVEIRA NUNES", "texto_original": "http://sapl.lagoadaprata.mg.leg.br/media/sapl/public/materialegislativa/2021/6574/pl_em_39-2021_-_abre_credito_suplementar_-_r_100.00000.pdf", "ementa": "ABRE CR\u00c9DITO SUPLEMENTAR AO OR\u00c7AMENTO VIGENTE DO MUNIC\u00cdPIO DE LAGOA DA PRATA E CONT\u00c9M OUTRAS PROVID\u00caNCIAS."}, {"id": "6575", "ano": "2021", "numero": "40", "tipo__sigla": "PL-EM", "tipo__descricao": "Projeto de Lei EM", "autoria": "DI GIANNE DE OLIVEIRA NUNES", "texto_original": "http://sapl.lagoadaprata.mg.leg.br/media/sapl/public/materialegislativa/2021/6575/pl_em_40-2021_-_penalidades_por_descumprimento_as_medidas_preventivas_ao_covid_2.pdf", "ementa": "DEFINE PENALIDADES A SEREM APLICADAS NA HIP\u00d3TESE DE DESCUMPRIMENTO DAS DETERMINA\u00c7\u00d5ES DO EXECUTIVO MUNICIPAL NO ENFRENTAMENTO E PREVEN\u00c7\u00c3O AO CORONAV\u00cdRUS (COVID-19)"}, {"id": "6583", "ano": "2021", "numero": "41", "tipo__sigla": "PL-EM", "tipo__descricao": "Projeto de Lei EM", "autoria": "DI GIANNE DE OLIVEIRA NUNES", "texto_original": "http://sapl.lagoadaprata.mg.leg.br/media/sapl/public/materialegislativa/2021/6583/pl_em_41-2021_-_credito_suplementar_r_1.300.00000_cemae.pdf", "ementa": "\"Abre Cr\u00e9dito Suplementar ao Or\u00e7amento Vigente do Munic\u00edpio de Lagoa da Prata e Cont\u00e9m Outras Provid\u00eancias.\""}, {"id": "6584", "ano": "2021", "numero": "42", "tipo__sigla": "PL-EM", "tipo__descricao": "Projeto de Lei EM", "autoria": "DI GIANNE DE OLIVEIRA NUNES", "texto_original": "http://sapl.lagoadaprata.mg.leg.br/media/sapl/public/materialegislativa/2021/6584/pl_em_42-2021_-_credito_adicional_especial_-_r2.00000.pdf", "ementa": "\"Abre Cr\u00e9dito Adicional Especial ao Or\u00e7amento Vigente do Munic\u00edpio de Lagoa da Prata e Cont\u00e9m Outras Provid\u00eancias.\""}, {"id": "6585", "ano": "2021", "numero": "43", "tipo__sigla": "PL-EM", "tipo__descricao": "Projeto de Lei EM", "autoria": "DI GIANNE DE OLIVEIRA NUNES", "texto_original": "http://sapl.lagoadaprata.mg.leg.br/media/sapl/public/materialegislativa/2021/6585/pl_em_43-2021_-_credito_adicional_especial_-_r760.00000.pdf", "ementa": "\"Abre Cr\u00e9dito Adicional Especial ao Or\u00e7amento Vigente do Munic\u00edpio de Lagoa da Prata e Cont\u00e9m Outras Provid\u00eancias.\""}, {"id": "6586", "ano": "2021", "numero": "44", "tipo__sigla": "PL-EM", "tipo__descricao": "Projeto de Lei EM", "autoria": "DI GIANNE DE OLIVEIRA NUNES", "texto_original": "http://sapl.lagoadaprata.mg.leg.br/media/sapl/public/materialegislativa/2021/6586/pl_em_44-2021_-_credito_adicional_suplementar_-_r30.000.pdf", "ementa": "\"Abre Cr\u00e9dito Suplementar ao Or\u00e7amento Vigente do Munic\u00edpio de Lagoa da Prata e Cont\u00e9m Outras Provid\u00eancias.\""}, {"id": "6587", "ano": "2021", "numero": "45", "tipo__sigla": "PL-EM", "tipo__descricao": "Projeto de Lei EM", "autoria": "DI GIANNE DE OLIVEIRA NUNES", "texto_original": "http://sapl.lagoadaprata.mg.leg.br/media/sapl/public/materialegislativa/2021/6587/pl_em_45-2021_-_credito_suplementar_-_r50.000.pdf", "ementa": "\"Abre Cr\u00e9dito Suplementar ao Or\u00e7amento Vigente do Munic\u00edpio de Lagoa da Prata e Cont\u00e9m Outras Provid\u00eancias.\""}, {"id": "6588", "ano": "2021", "numero": "46", "tipo__sigla": "PL-EM", "tipo__descricao": "Projeto de Lei EM", "autoria": "DI GIANNE DE OLIVEIRA NUNES", "texto_original": "http://sapl.lagoadaprata.mg.leg.br/media/sapl/public/materialegislativa/2021/6588/pl_em_46-2021_-_credito_suplementar_-_r370.00000.pdf", "ementa": "\"Abre Cr\u00e9dito Suplementar ao Or\u00e7amento Vigente do Munic\u00edpio de Lagoa da Prata e Cont\u00e9m Outras Provid\u00eancias.\""}, {"id": "6589", "ano": "2021", "numero": "47", "tipo__sigla": "PL-EM", "tipo__descricao": "Projeto de Lei EM", "autoria": "DI GIANNE DE OLIVEIRA NUNES", "texto_original": "http://sapl.lagoadaprata.mg.leg.br/media/sapl/public/materialegislativa/2021/6589/pl_em_47-2021_-_carteira_de_identificacao_do_autista.pdf", "ementa": "\"Institui a Carteira de Identifica\u00e7\u00e3o do Autista (CIA) no Munic\u00edpio de Lagoa da Prata - MG.\""}, {"id": "6590", "ano": "2021", "numero": "48", "tipo__sigla": "PL-EM", "tipo__descricao": "Projeto de Lei EM", "autoria": "DI GIANNE DE OLIVEIRA NUNES", "texto_original": "http://sapl.lagoadaprata.mg.leg.br/media/sapl/public/materialegislativa/2021/6590/pl_em_48-2021_-_auxilio_emergencial_correto.pdf", "ementa": "\"Disp\u00f5e Sobre a Cria\u00e7\u00e3o do Benef\u00edcio de Aux\u00edlio Emergencial Tempor\u00e1rio para Fam\u00edlias do Munic\u00edpio de Lagoa da Prata e Abertura de Cr\u00e9dito Adicional Especial para Execu\u00e7\u00e3o do Benef\u00edcio, Considerando a Pandemia do Novo Coronav\u00edrus (COVID-19) e d\u00e1 Outras Provid\u00eancias.\""}, {"id": "6591", "ano": "2021", "numero": "49", "tipo__sigla": "PL-EM", "tipo__descricao": "Projeto de Lei EM", "autoria": "DI GIANNE DE OLIVEIRA NUNES", "texto_original": "http://sapl.lagoadaprata.mg.leg.br/media/sapl/public/materialegislativa/2021/6591/pl_em_49-2021_-_credito_suplementar_-_r_45.00000.pdf", "ementa": "\"Abre Cr\u00e9dito Suplementar ao Or\u00e7amento Vigente do Munic\u00edpio de Lagoa da Prata e Cont\u00e9m Outras Provid\u00eancias.\""}, {"id": "6592", "ano": "2021", "numero": "50", "tipo__sigla": "PL-EM", "tipo__descricao": "Projeto de Lei EM", "autoria": "DI GIANNE DE OLIVEIRA NUNES", "texto_original": "http://sapl.lagoadaprata.mg.leg.br/media/sapl/public/materialegislativa/2021/6592/pl_em_50-2021_-_credito_adicional_especial_-_r_40.00000.pdf", "ementa": "\"Abre Cr\u00e9dito Adicional Especial ao Or\u00e7amento Vigente do Munic\u00edpio de Lagoa da Prata e Cont\u00e9m Outras Provid\u00eancias.\""}, {"id": "6598", "ano": "2021", "numero": "51", "tipo__sigla": "PL-EM", "tipo__descricao": "Projeto de Lei EM", "autoria": "DI GIANNE DE OLIVEIRA NUNES", "texto_original": "http://sapl.lagoadaprata.mg.leg.br/media/sapl/public/materialegislativa/2021/6598/pl_em_51-2021_-_credito_suplementar_-_r_400.00000.pdf", "ementa": "\"Abre Cr\u00e9dito Suplementar ao Or\u00e7amento Vigente do Munic\u00edpio de Lagoa da Prata e Cont\u00e9m Outras Provid\u00eancias.\""}, {"id": "6599", "ano": "2021", "numero": "52", "tipo__sigla": "PL-EM", "tipo__descricao": "Projeto de Lei EM", "autoria": "DI GIANNE DE OLIVEIRA NUNES", "texto_original": "http://sapl.lagoadaprata.mg.leg.br/media/sapl/public/materialegislativa/2021/6599/pl_em_52-2021-_credito_suplementar_-_r_1.000.00000.pdf", "ementa": "\"Abre Cr\u00e9dito Suplementar ao Or\u00e7amento Vigente do Munic\u00edpio de Lagoa da Prata e Cont\u00e9m Outras Provid\u00eancias.\""}, {"id": "6600", "ano": "2021", "numero": "53", "tipo__sigla": "PL-EM", "tipo__descricao": "Projeto de Lei EM", "autoria": "DI GIANNE DE OLIVEIRA NUNES", "texto_original": "http://sapl.lagoadaprata.mg.leg.br/media/sapl/public/materialegislativa/2021/6600/pl_em_53-2021_-_credito_suplementar_-_r_180.00000_pedido_030-2021_-_planejamento.pdf", "ementa": "\"Abre Cr\u00e9dito Suplementar ao Or\u00e7amento Vigente do Munic\u00edpio de Lagoa da Prata e Cont\u00e9m Outras Provid\u00eancias.\""}, {"id": "6601", "ano": "2021", "numero": "54", "tipo__sigla": "PL-EM", "tipo__descricao": "Projeto de Lei EM", "autoria": "DI GIANNE DE OLIVEIRA NUNES", "texto_original": "http://sapl.lagoadaprata.mg.leg.br/media/sapl/public/materialegislativa/2021/6601/pl_em_54-2021_-_credito_suplementar_-_r_650.00000_pedido_033-2021_-_planejamento.pdf", "ementa": "\"Abre Cr\u00e9dito Suplementar ao Or\u00e7amento Vigente do Munic\u00edpio de Lagoa da Prata e Cont\u00e9m Outras Provid\u00eancias.\""}, {"id": "6614", "ano": "2021", "numero": "55", "tipo__sigla": "PL-EM", "tipo__descricao": "Projeto de Lei EM", "autoria": "DI GIANNE DE OLIVEIRA NUNES", "texto_original": "http://sapl.lagoadaprata.mg.leg.br/media/sapl/public/materialegislativa/2021/6614/pl_em_55-2021_-_credito_suplementar_-_r_220.00000.pdf", "ementa": "\"Abre Cr\u00e9dito Suplementar ao Or\u00e7amento Vigente do Munic\u00edpio de Lagoa da Prata e Cont\u00e9m Outras Provid\u00eancias.\""}, {"id": "6615", "ano": "2021", "numero": "56", "tipo__sigla": "PL-EM", "tipo__descricao": "Projeto de Lei EM", "autoria": "DI GIANNE DE OLIVEIRA NUNES", "texto_original": "http://sapl.lagoadaprata.mg.leg.br/media/sapl/public/materialegislativa/2021/6615/pl_em_56-2021_-_credito_suplementar_-_r_160.00000.pdf", "ementa": "\"Abre Cr\u00e9dito Suplementar ao Or\u00e7amento Vigente do Munic\u00edpio de Lagoa da Prata e Cont\u00e9m Outras Provid\u00eancias.\""}, {"id": "6616", "ano": "2021", "numero": "57", "tipo__sigla": "PL-EM", "tipo__descricao": "Projeto de Lei EM", "autoria": "DI GIANNE DE OLIVEIRA NUNES", "texto_original": "http://sapl.lagoadaprata.mg.leg.br/media/sapl/public/materialegislativa/2021/6616/pl_em_57-2021_-_credito_suplementar_-_r_230.00000.pdf", "ementa": "\"Abre Cr\u00e9dito Suplementar ao Or\u00e7amento Vigente do Munic\u00edpio de Lagoa da Prata e Cont\u00e9m Outras Provid\u00eancias.\""}, {"id": "6624", "ano": "2021", "numero": "58", "tipo__sigla": "PL-EM", "tipo__descricao": "Projeto de Lei EM", "autoria": "DI GIANNE DE OLIVEIRA NUNES", "texto_original": "http://sapl.lagoadaprata.mg.leg.br/media/sapl/public/materialegislativa/2021/6624/pl_em_58-2021_-_credito_suplementar_-_r_434.50000.pdf", "ementa": "ABRE CR\u00c9DITO SUPLEMENTAR AO OR\u00c7AMENTO VIGENTE DO MUNIC\u00cdPIO DE LAGOA DA PRATA E CONT\u00c9M OUTRAS PROVID\u00caNCIAS."}, {"id": "6631", "ano": "2021", "numero": "59", "tipo__sigla": "PL-EM", "tipo__descricao": "Projeto de Lei EM", "autoria": "DI GIANNE DE OLIVEIRA NUNES", "texto_original": "http://sapl.lagoadaprata.mg.leg.br/media/sapl/public/materialegislativa/2021/6631/pl_em_59-2021_-_credito_suplementar_-_r_787_mil.pdf", "ementa": "ABRE CR\u00c9DITO SUPLEMENTAR AO OR\u00c7AMENTO VIGENTE DO MUNIC\u00cdPIO DE LAGOA DA PRATA E CONT\u00c9M OUTRAS PROVID\u00caNCIAS"}, {"id": "6632", "ano": "2021", "numero": "60", "tipo__sigla": "PL-EM", "tipo__descricao": "Projeto de Lei EM", "autoria": "DI GIANNE DE OLIVEIRA NUNES", "texto_original": "http://sapl.lagoadaprata.mg.leg.br/media/sapl/public/materialegislativa/2021/6632/pl_em_60-2021_-_credito_suplementar_-_r_180_mil.pdf", "ementa": "ABRE CR\u00c9DITO SUPLEMENTAR AO OR\u00c7AMENTO VIGENTE DO MUNIC\u00cdPIO DE LAGOA DA PRATA E CONT\u00c9M OUTRAS PROVID\u00caNCIAS"}, {"id": "6633", "ano": "2021", "numero": "61", "tipo__sigla": "PL-EM", "tipo__descricao": "Projeto de Lei EM", "autoria": "DI GIANNE DE OLIVEIRA NUNES", "texto_original": "http://sapl.lagoadaprata.mg.leg.br/media/sapl/public/materialegislativa/2021/6633/pl_em_61-2021_-_credito_suplementar_-_r_270_mil.pdf", "ementa": "ABRE CR\u00c9DITO SUPLEMENTAR AO OR\u00c7AMENTO VIGENTE DO MUNIC\u00cdPIO DE LAGOA DA PRATA E CONT\u00c9M OUTRAS PROVID\u00caNCIAS"}, {"id": "6634", "ano": "2021", "numero": "62", "tipo__sigla": "PL-EM", "tipo__descricao": "Projeto de Lei EM", "autoria": "DI GIANNE DE OLIVEIRA NUNES", "texto_original": "http://sapl.lagoadaprata.mg.leg.br/media/sapl/public/materialegislativa/2021/6634/pl_em_62-2021_-_autoriza_a_doacao_de_bens_que_menciona_ascalp.pdf", "ementa": "AUTORIZA A DOA\u00c7\u00c3O DE BENS QUE MENCIONA E D\u00c1 OUTRAS PROVID\u00caNCIAS"}, {"id": "6646", "ano": "2021", "numero": "63", "tipo__sigla": "PL-EM", "tipo__descricao": "Projeto de Lei EM", "autoria": "DI GIANNE DE OLIVEIRA NUNES", "texto_original": "http://sapl.lagoadaprata.mg.leg.br/media/sapl/public/materialegislativa/2021/6646/pl_em_63-2021_-_credito_suplementar_-_r_330_mil.pdf", "ementa": "ABRE CR\u00c9DITO SUPLEMENTAR AO OR\u00c7AMENTO VIGENTE DO MUNIC\u00cdPIO DE LAGOA DA PRATA E CONT\u00c9M OUTRAS PROVID\u00caNCIAS"}, {"id": "6647", "ano": "2021", "numero": "64", "tipo__sigla": "PL-EM", "tipo__descricao": "Projeto de Lei EM", "autoria": "DI GIANNE DE OLIVEIRA NUNES", "texto_original": "http://sapl.lagoadaprata.mg.leg.br/media/sapl/public/materialegislativa/2021/6647/pl_em_64-2021_-_credito_suplementar_-_r_16_mil.pdf", "ementa": "ABRE CR\u00c9DITO SUPLEMENTAR AO OR\u00c7AMENTO VIGENTE DO MUNIC\u00cdPIO DE LAGOA DA PRATA E CONT\u00c9M OUTRAS PROVID\u00caNCIAS"}, {"id": "6648", "ano": "2021", "numero": "65", "tipo__sigla": "PL-EM", "tipo__descricao": "Projeto de Lei EM", "autoria": "DI GIANNE DE OLIVEIRA NUNES", "texto_original": "http://sapl.lagoadaprata.mg.leg.br/media/sapl/public/materialegislativa/2021/6648/pl_em_65-2021_-_credito_suplementar_-_r_586.43389.pdf", "ementa": "ABRE CR\u00c9DITO SUPLEMENTAR AO OR\u00c7AMENTO VIGENTE DO MUNIC\u00cdPIO DE LAGOA DA PRATA E CONT\u00c9M OUTRAS PROVID\u00caNCIAS"}, {"id": "6651", "ano": "2021", "numero": "66", "tipo__sigla": "PL-EM", "tipo__descricao": "Projeto de Lei EM", "autoria": "DI GIANNE DE OLIVEIRA NUNES", "texto_original": "http://sapl.lagoadaprata.mg.leg.br/media/sapl/public/materialegislativa/2021/6651/pl_em_66-2021_-_altera_a_lei_do_auxilio_emergencial.pdf", "ementa": "REVOGA A AL\u00cdNEA \u201cB\u201d DO ART. 3\u00ba E INCLUI O PAR\u00c1GRAFO \u00daNICO AO ART. 9\u00ba, TODOS DA LEI MUNICIPAL N\u00ba 3.428 DE 7 DE ABRIL DE 2021"}, {"id": "6652", "ano": "2021", "numero": "67", "tipo__sigla": "PL-EM", "tipo__descricao": "Projeto de Lei EM", "autoria": "DI GIANNE DE OLIVEIRA NUNES", "texto_original": "http://sapl.lagoadaprata.mg.leg.br/media/sapl/public/materialegislativa/2021/6652/pl_em_67-2021_-_credito_suplementar_-_r_546_mil.pdf", "ementa": "ABRE CR\u00c9DITO SUPLEMENTAR AO OR\u00c7AMENTO VIGENTE DO MUNIC\u00cdPIO DE LAGOA DA PRATA E CONT\u00c9M OUTRAS PROVID\u00caNCIAS"}, {"id": "6664", "ano": "2021", "numero": "68", "tipo__sigla": "PL-EM", "tipo__descricao": "Projeto de Lei EM", "autoria": "DI GIANNE DE OLIVEIRA NUNES", "texto_original": "http://sapl.lagoadaprata.mg.leg.br/media/sapl/public/materialegislativa/2021/6664/pl_em_68-2021_-_filiacao_a_associacao_do_circuito_turistico_grutas__e_mar_de_minas.pdf", "ementa": "AUTORIZA O MUNIC\u00cdPIO A FIRMAR TERMO DE FILIA\u00c7\u00c3O E ARCAR COM DESPESAS DE CONTRIBUI\u00c7\u00c3O DE FILIA\u00c7\u00c3O \u00c0 ASSOCIA\u00c7\u00c3O DO CIRCUITO TUR\u00cdSTICO GRUTAS E MAR DE MINAS"}, {"id": "6665", "ano": "2021", "numero": "69", "tipo__sigla": "PL-EM", "tipo__descricao": "Projeto de Lei EM", "autoria": "DI GIANNE DE OLIVEIRA NUNES", "texto_original": "http://sapl.lagoadaprata.mg.leg.br/media/sapl/public/materialegislativa/2021/6665/pl_em_69-2021_-_programa_banco_de_alimentos.pdf", "ementa": "DISP\u00d5E SOBRE A CRIA\u00c7\u00c3O DO PROGRAMA MUNICIPAL DE COMBATE AO DESPERD\u00cdCIO E INCENTIVO \u00c0 DOA\u00c7\u00c3O DE ALIMENTOS \u2013 BANCO DE ALIMENTOS"}, {"id": "6666", "ano": "2021", "numero": "70", "tipo__sigla": "PL-EM", "tipo__descricao": "Projeto de Lei EM", "autoria": "DI GIANNE DE OLIVEIRA NUNES", "texto_original": "http://sapl.lagoadaprata.mg.leg.br/media/sapl/public/materialegislativa/2021/6666/pl_em_70-2021_-_credito_suplementar_r_600_mil.pdf", "ementa": "ABRE CR\u00c9DITO SUPLEMENTAR AO OR\u00c7AMENTO VIGENTE DO MUNIC\u00cdPIO DE LAGOA DA PRATA E CONT\u00c9M OUTRAS PROVID\u00caNCIAS"}, {"id": "6667", "ano": "2021", "numero": "71", "tipo__sigla": "PL-EM", "tipo__descricao": "Projeto de Lei EM", "autoria": "DI GIANNE DE OLIVEIRA NUNES", "texto_original": "http://sapl.lagoadaprata.mg.leg.br/media/sapl/public/materialegislativa/2021/6667/pl_em_71-2021_-_credito_suplementar_r_820_mil.pdf", "ementa": "ABRE CR\u00c9DITO SUPLEMENTAR AO OR\u00c7AMENTO VIGENTE DO MUNIC\u00cdPIO DE LAGOA DA PRATA E CONT\u00c9M OUTRAS PROVID\u00caNCIAS"}, {"id": "6668", "ano": "2021", "numero": "72", "tipo__sigla": "PL-EM", "tipo__descricao": "Projeto de Lei EM", "autoria": "DI GIANNE DE OLIVEIRA NUNES", "texto_original": "http://sapl.lagoadaprata.mg.leg.br/media/sapl/public/materialegislativa/2021/6668/pl_em_72-2021_-_credito_suplementar_r_70_mil.pdf", "ementa": "ABRE CR\u00c9DITO SUPLEMENTAR AO OR\u00c7AMENTO VIGENTE DO MUNIC\u00cdPIO DE LAGOA DA PRATA E CONT\u00c9M OUTRAS PROVID\u00caNCIAS"}, {"id": "6669", "ano": "2021", "numero": "73", "tipo__sigla": "PL-EM", "tipo__descricao": "Projeto de Lei EM", "autoria": "DI GIANNE DE OLIVEIRA NUNES", "texto_original": "http://sapl.lagoadaprata.mg.leg.br/media/sapl/public/materialegislativa/2021/6669/pl_em_73-2021_-_altera_a_lei_de_cosip.pdf", "ementa": "INCLUI O ARTIGO 5\u00ba-A \u00c0 LEI MUNICIPAL N\u00ba 2.692 DE 2015 QUE DISP\u00d5E SOBRE A CONTRIBUI\u00c7\u00c3O PARA CUSTEIO DA ILUMINA\u00c7\u00c3O P\u00daBLICA NO MUNIC\u00cdPIO"}, {"id": "6678", "ano": "2021", "numero": "74", "tipo__sigla": "PL-EM", "tipo__descricao": "Projeto de Lei EM", "autoria": "DI GIANNE DE OLIVEIRA NUNES", "texto_original": "http://sapl.lagoadaprata.mg.leg.br/media/sapl/public/materialegislativa/2021/6678/pl_em_74-2021_-_credito_suplementar_r_1.483.00000.pdf", "ementa": "ABRE CR\u00c9DITO SUPLEMENTAR AO OR\u00c7AMENTO VIGENTE DO MUNIC\u00cdPIO DE LAGOA DA PRATA E CONT\u00c9M OUTRAS PROVID\u00caNCIAS"}, {"id": "6679", "ano": "2021", "numero": "75", "tipo__sigla": "PL-EM", "tipo__descricao": "Projeto de Lei EM", "autoria": "DI GIANNE DE OLIVEIRA NUNES", "texto_original": "http://sapl.lagoadaprata.mg.leg.br/media/sapl/public/materialegislativa/2021/6679/pl_em_75-2021_-_ldo_2022.pdf", "ementa": "DISP\u00d5E SOBRE AS DIRETRIZES PARA A ELABORA\u00c7\u00c3O DE LEI OR\u00c7AMENT\u00c1RIA DE 2022 DE D\u00c1 OUTRAS PROVID\u00caNCIAS."}, {"id": "6691", "ano": "2021", "numero": "76", "tipo__sigla": "PL-EM", "tipo__descricao": "Projeto de Lei EM", "autoria": "DI GIANNE DE OLIVEIRA NUNES", "texto_original": "http://sapl.lagoadaprata.mg.leg.br/media/sapl/public/materialegislativa/2021/6691/pl_em_76-2021_-_credito_especial_r_258_mil.pdf", "ementa": "ABRE CR\u00c9DITO ADICIONAL ESPECIAL AO OR\u00c7AMENTO VIGENTE DO MUNIC\u00cdPIO DE LAGOA DA PRATA E CONT\u00c9M OUTRAS PROVID\u00caNCIAS"}, {"id": "6692", "ano": "2021", "numero": "77", "tipo__sigla": "PL-EM", "tipo__descricao": "Projeto de Lei EM", "autoria": "DI GIANNE DE OLIVEIRA NUNES", "texto_original": "http://sapl.lagoadaprata.mg.leg.br/media/sapl/public/materialegislativa/2021/6692/pl_em_77-2021_-_credito_suplementar_r_5_mil.pdf", "ementa": "ABRE CR\u00c9DITO SUPLEMENTAR AO OR\u00c7AMENTO VIGENTE DO MUNIC\u00cdPIO DE LAGOA DA PRATA E CONT\u00c9M OUTRAS PROVID\u00caNCIAS"}, {"id": "6693", "ano": "2021", "numero": "78", "tipo__sigla": "PL-EM", "tipo__descricao": "Projeto de Lei EM", "autoria": "DI GIANNE DE OLIVEIRA NUNES", "texto_original": "http://sapl.lagoadaprata.mg.leg.br/media/sapl/public/materialegislativa/2021/6693/pl_em_78-2021_-_credito_suplementar_r_15_mil.pdf", "ementa": "ABRE CR\u00c9DITO SUPLEMENTAR AO OR\u00c7AMENTO VIGENTE DO MUNIC\u00cdPIO DE LAGOA DA PRATA E CONT\u00c9M OUTRAS PROVID\u00caNCIAS"}, {"id": "6694", "ano": "2021", "numero": "79", "tipo__sigla": "PL-EM", "tipo__descricao": "Projeto de Lei EM", "autoria": "DI GIANNE DE OLIVEIRA NUNES", "texto_original": "http://sapl.lagoadaprata.mg.leg.br/media/sapl/public/materialegislativa/2021/6694/pl_em_79-2021_-_credito_suplmentar_r_200_mil.pdf", "ementa": "ABRE CR\u00c9DITO SUPLEMENTAR AO OR\u00c7AMENTO VIGENTE DO MUNIC\u00cdPIO DE LAGOA DA PRATA E CONT\u00c9M OUTRAS PROVID\u00caNCIAS"}, {"id": "6695", "ano": "2021", "numero": "80", "tipo__sigla": "PL-EM", "tipo__descricao": "Projeto de Lei EM", "autoria": "DI GIANNE DE OLIVEIRA NUNES", "texto_original": "http://sapl.lagoadaprata.mg.leg.br/media/sapl/public/materialegislativa/2021/6695/pl_em_80-2021_-_atividades_esportivas_essenciais.pdf", "ementa": "DISP\u00d5E SOBRE O RECONHECIMENTO DA PR\u00c1TICA DE ATIVIDADE F\u00cdSICA COMO ESSENCIAL PARA A SA\u00daDE DA POPULA\u00c7\u00c3O E DECLARA A ESSENCIALIDADE DOS ESTABELECIMENTOS DE PRESTA\u00c7\u00c3O DE SERVI\u00c7OS DE ATIVIDADE F\u00cdSICA OU EDUCA\u00c7\u00c3O F\u00cdSICA, P\u00daBLICOS OU PRIVADOS, NO \u00c2MBITO DO MUNIC\u00cdPIO DE LAGOA DA PRATA"}, {"id": "6696", "ano": "2021", "numero": "81", "tipo__sigla": "PL-EM", "tipo__descricao": "Projeto de Lei EM", "autoria": "DI GIANNE DE OLIVEIRA NUNES", "texto_original": "http://sapl.lagoadaprata.mg.leg.br/media/sapl/public/materialegislativa/2021/6696/pl_em_81-2021_-_pesca_esportiva_na_praia.pdf", "ementa": "ALTERA O ARTIGO 8\u00ba DA LEI MUNICIPAL N\u00ba 984, DE 12 DE SETEMBRO DE 2001, PARA PERMITIR A PESCA ESPORTIVA."}, {"id": "6712", "ano": "2021", "numero": "82", "tipo__sigla": "PL-EM", "tipo__descricao": "Projeto de Lei EM", "autoria": "DI GIANNE DE OLIVEIRA NUNES", "texto_original": "http://sapl.lagoadaprata.mg.leg.br/media/sapl/public/materialegislativa/2021/6712/pl_em_82-2021_-_credito_suplementar_-_r_1.200.00000.pdf", "ementa": "ABRE CR\u00c9DITO SUPLEMENTAR AO OR\u00c7AMENTO VIGENTE DO MUNIC\u00cdPIO DE LAGOA DA PRATA E CONT\u00c9M OUTRAS PROVID\u00caNCIAS"}, {"id": "6713", "ano": "2021", "numero": "83", "tipo__sigla": "PL-EM", "tipo__descricao": "Projeto de Lei EM", "autoria": "DI GIANNE DE OLIVEIRA NUNES", "texto_original": "http://sapl.lagoadaprata.mg.leg.br/media/sapl/public/materialegislativa/2021/6713/pl_em_83-2021_-_politica_habitacional_de_interesse_social_alienacao_de_imoveis.pdf", "ementa": "DISP\u00d5E SOBRE A POL\u00cdTICA HABITACIONAL DE INTERESSE SOCIAL DESTINADA A AUTORIZAR A ALIENA\u00c7\u00c3O DE TERRENOS DO MUNIC\u00cdPIO DE LAGOA DA PRATA PARA FAM\u00cdLIAS CARENTES PARA FINS DE MORADIA, DEFINE OS CRIT\u00c9RIOS PERTINENTES E D\u00c1 OUTRAS PROVID\u00caNCIAS"}, {"id": "6724", "ano": "2021", "numero": "84", "tipo__sigla": "PL-EM", "tipo__descricao": "Projeto de Lei EM", "autoria": "DI GIANNE DE OLIVEIRA NUNES", "texto_original": "http://sapl.lagoadaprata.mg.leg.br/media/sapl/public/materialegislativa/2021/6724/pl_em_84-2021__-_credito_suplementar_r_73.39689.pdf", "ementa": "ABRE CR\u00c9DITO SUPLEMENTAR AO OR\u00c7AMENTO VIGENTE DO MUNIC\u00cdPIO DE LAGOA DA PRATA E CONT\u00c9M OUTRAS PROVID\u00caNCIAS"}, {"id": "6725", "ano": "2021", "numero": "85", "tipo__sigla": "PL-EM", "tipo__descricao": "Projeto de Lei EM", "autoria": "DI GIANNE DE OLIVEIRA NUNES", "texto_original": "http://sapl.lagoadaprata.mg.leg.br/media/sapl/public/materialegislativa/2021/6725/pl_em_85-2021_-_credito_suplementar_r_18_mil_rotated.pdf", "ementa": "ABRE CR\u00c9DITO SUPLEMENTAR AO OR\u00c7AMENTO VIGENTE DO MUNIC\u00cdPIO DE LAGOA DA PRATA E CONT\u00c9M OUTRAS PROVID\u00caNCIAS"}, {"id": "6726", "ano": "2021", "numero": "86", "tipo__sigla": "PL-EM", "tipo__descricao": "Projeto de Lei EM", "autoria": "DI GIANNE DE OLIVEIRA NUNES", "texto_original": "http://sapl.lagoadaprata.mg.leg.br/media/sapl/public/materialegislativa/2021/6726/pl_em_86-2021_-_recolhimento_remocao_transporte_e_descarte_de_entulho_rotated.pdf", "ementa": "DISCIPLINA A ATIVIDADE RELATIVA \u00c0 REMO\u00c7\u00c3O, COLETA, TRANSPORTE E DISPOSI\u00c7\u00c3O FINAL DE ENTULHO NO \u00c2MBITO DO PER\u00cdMETRO URBANO DO MUNIC\u00cdPIO DE LAGOA DA PRATA, INSTITUI A COBRAN\u00c7A POR ESSES SERVI\u00c7OS E D\u00c1 OUTRAS PROVID\u00caNCIAS"}, {"id": "6727", "ano": "2021", "numero": "87", "tipo__sigla": "PL-EM", "tipo__descricao": "Projeto de Lei EM", "autoria": "DI GIANNE DE OLIVEIRA NUNES", "texto_original": "http://sapl.lagoadaprata.mg.leg.br/media/sapl/public/materialegislativa/2021/6727/pl_em_87-2021_-_limpeza_manutencao_uso_e_ocupacao_dos_imoveis_do_municipio_de_lagoa_da_prata_rotated.pdf", "ementa": "DISP\u00d5E SOBRE A LIMPEZA, MANUTEN\u00c7\u00c3O, USO E OCUPA\u00c7\u00c3O DOS IM\u00d3VEIS SITUADOS NO MUNIC\u00cdPIO DE LAGOA DA PRATA"}, {"id": "6728", "ano": "2021", "numero": "88", "tipo__sigla": "PL-EM", "tipo__descricao": "Projeto de Lei EM", "autoria": "DI GIANNE DE OLIVEIRA NUNES", "texto_original": "http://sapl.lagoadaprata.mg.leg.br/media/sapl/public/materialegislativa/2021/6728/pl_em_88-2021-_credito_suplementar_r_94.50000.pdf", "ementa": "ABRE CR\u00c9DITO SUPLEMENTAR AO OR\u00c7AMENTO VIGENTE DO MUNIC\u00cdPIO DE LAGOA DA PRATA E CONT\u00c9M OUTRAS PROVID\u00caNCIAS"}, {"id": "6729", "ano": "2021", "numero": "89", "tipo__sigla": "PL-EM", "tipo__descricao": "Projeto de Lei EM", "autoria": "DI GIANNE DE OLIVEIRA NUNES", "texto_original": "http://sapl.lagoadaprata.mg.leg.br/media/", "ementa": "ABRE CR\u00c9DITO ADICIONAL ESPECIAL AO OR\u00c7AMENTO VIGENTE DO MUNIC\u00cdPIO DE LAGOA DA PRATA E CONT\u00c9M OUTRAS PROVID\u00caNCIAS"}, {"id": "6730", "ano": "2021", "numero": "90", "tipo__sigla": "PL-EM", "tipo__descricao": "Projeto de Lei EM", "autoria": "DI GIANNE DE OLIVEIRA NUNES", "texto_original": "http://sapl.lagoadaprata.mg.leg.br/media/sapl/public/materialegislativa/2021/6730/pl_em_90-2021-_credito_suplementar_r_152.00000.pdf", "ementa": "ABRE CR\u00c9DITO SUPLEMENTAR AO OR\u00c7AMENTO VIGENTE DO MUNIC\u00cdPIO DE LAGOA DA PRATA E CONT\u00c9M OUTRAS PROVID\u00caNCIAS"}, {"id": "6731", "ano": "2021", "numero": "91", "tipo__sigla": "PL-EM", "tipo__descricao": "Projeto de Lei EM", "autoria": "DI GIANNE DE OLIVEIRA NUNES", "texto_original": "http://sapl.lagoadaprata.mg.leg.br/media/sapl/public/materialegislativa/2021/6731/pl_em_91-2021-_credito_especial_r59.53640.pdf", "ementa": "ABRE CR\u00c9DITO ADICIONAL ESPECIAL AO OR\u00c7AMENTO VIGENTE DO MUNIC\u00cdPIO DE LAGOA DA PRATA E CONT\u00c9M OUTRAS PROVID\u00caNCIAS"}, {"id": "6744", "ano": "2021", "numero": "92", "tipo__sigla": "PL-EM", "tipo__descricao": "Projeto de Lei EM", "autoria": "DI GIANNE DE OLIVEIRA NUNES", "texto_original": "http://sapl.lagoadaprata.mg.leg.br/media/sapl/public/materialegislativa/2021/6744/pl_em_92-2021_-_credito_suplementar_r_15.00000.pdf", "ementa": "ABRE CR\u00c9DITO SUPLEMENTAR AO OR\u00c7AMENTO VIGENTE DO MUNIC\u00cdPIO DE LAGOA DA PRATA E CONT\u00c9M OUTRAS PROVID\u00caNCIAS"}, {"id": "6762", "ano": "2021", "numero": "93", "tipo__sigla": "PL-EM", "tipo__descricao": "Projeto de Lei EM", "autoria": "DI GIANNE DE OLIVEIRA NUNES", "texto_original": "http://sapl.lagoadaprata.mg.leg.br/media/sapl/public/materialegislativa/2021/6762/pl_em_93-2021_-_maio_laranja.pdf", "ementa": "\"Disp\u00f5e Sobre a Institui\u00e7\u00e3o da Campanha Maio Laranja no \u00c2mbito do Munic\u00edpio de Lagoa da Prata e d\u00e1 Outras Provid\u00eancias.\""}, {"id": "6763", "ano": "2021", "numero": "94", "tipo__sigla": "PL-EM", "tipo__descricao": "Projeto de Lei EM", "autoria": "DI GIANNE DE OLIVEIRA NUNES", "texto_original": "http://sapl.lagoadaprata.mg.leg.br/media/sapl/public/materialegislativa/2021/6763/pl_em_94-2021-gratificacao_guardas_civis.pdf", "ementa": "Institui Gratifica\u00e7\u00e3o Extraordin\u00e1ria e Tempor\u00e1ria aos Guardas Civis Municipais que Atuem em A\u00e7\u00f5es de Fiscaliza\u00e7\u00e3o de Regras Sanit\u00e1rias de Enfrentamento ao Novo Coronav\u00edrus (COVID-19) no Munic\u00edpio de Lagoa da Prata, e da Outras Provid\u00eancias."}, {"id": "6764", "ano": "2021", "numero": "95", "tipo__sigla": "PL-EM", "tipo__descricao": "Projeto de Lei EM", "autoria": "DI GIANNE DE OLIVEIRA NUNES", "texto_original": "http://sapl.lagoadaprata.mg.leg.br/media/sapl/public/materialegislativa/2021/6764/pl_em_95-2021_-_adote_um_bem_publico.pdf", "ementa": "Institui o Programa Adote um Bem P\u00fablico no Munic\u00edpio de Lagoa da Prata e d\u00e1 Outras Provid\u00eancias."}, {"id": "6765", "ano": "2021", "numero": "96", "tipo__sigla": "PL-EM", "tipo__descricao": "Projeto de Lei EM", "autoria": "DI GIANNE DE OLIVEIRA NUNES", "texto_original": "http://sapl.lagoadaprata.mg.leg.br/media/sapl/public/materialegislativa/2021/6765/pl_em_96-2021_-_credito_suplementar_r75000000.pdf", "ementa": "Abre Cr\u00e9dito Suplementar ao Or\u00e7amento Vigente no Munic\u00edpio de Lagoa da Prata e Cont\u00e9m Outras Provid\u00eancias."}, {"id": "6766", "ano": "2021", "numero": "97", "tipo__sigla": "PL-EM", "tipo__descricao": "Projeto de Lei EM", "autoria": "DI GIANNE DE OLIVEIRA NUNES", "texto_original": "http://sapl.lagoadaprata.mg.leg.br/media/sapl/public/materialegislativa/2021/6766/pl_em_97-2021_-_credito_especial_r_94.50000.pdf", "ementa": "Abre Cr\u00e9dito Especial ao Or\u00e7amento Vigente do Munic\u00edpio de Lagoa da Prata e Cont\u00e9m Outras Provid\u00eancias."}, {"id": "6767", "ano": "2021", "numero": "98", "tipo__sigla": "PL-EM", "tipo__descricao": "Projeto de Lei EM", "autoria": "DI GIANNE DE OLIVEIRA NUNES", "texto_original": "http://sapl.lagoadaprata.mg.leg.br/media/sapl/public/materialegislativa/2021/6767/pl_em_98-2021_-_credito_suplementar_r_1.71000000.pdf", "ementa": "Abre Cr\u00e9dito Suplementar ao Or\u00e7amento Vigente do Munic\u00edpio de Lagoa da Prata e Cont\u00e9m Outras Provid\u00eancias."}, {"id": "6770", "ano": "2021", "numero": "99", "tipo__sigla": "PL-EM", "tipo__descricao": "Projeto de Lei EM", "autoria": "Di Gianne Professor", "texto_original": "http://sapl.lagoadaprata.mg.leg.br/media/sapl/public/materialegislativa/2021/6770/pl_em_99-2021-_abre_credito_adicional_especial_r20.00000.pdf", "ementa": "ABRE CR\u00c9DITO ADICIONAL ESPECIAL AO OR\u00c7AMENTO VIGENTE DO MUNIC\u00cdPIO DE LAGOA DA PRATA E CONT\u00c9M OUTRAS PROVID\u00caNCIAS"}, {"id": "6771", "ano": "2021", "numero": "100", "tipo__sigla": "PL-EM", "tipo__descricao": "Projeto de Lei EM", "autoria": "DI GIANNE DE OLIVEIRA NUNES", "texto_original": "http://sapl.lagoadaprata.mg.leg.br/media/sapl/public/materialegislativa/2021/6771/pl_em_100-2021_-_credito_suplementar_r_104.00000.pdf", "ementa": "ABRE CR\u00c9DITO SUPLEMENTAR AO OR\u00c7AMENTO VIGENTE DO MUNIC\u00cdPIO DE LAGOA DA PRATA E CONT\u00c9M OUTRAS PROVID\u00caNCIAS"}, {"id": "6772", "ano": "2021", "numero": "101", "tipo__sigla": "PL-EM", "tipo__descricao": "Projeto de Lei EM", "autoria": "DI GIANNE DE OLIVEIRA NUNES", "texto_original": "http://sapl.lagoadaprata.mg.leg.br/media/", "ementa": "ABRE CR\u00c9DITO SUPLEMENTAR AO OR\u00c7AMENTO VIGENTE DO MUNIC\u00cdPIO DE LAGOA DA PRATA E CONT\u00c9M OUTRAS PROVID\u00caNCIAS"}, {"id": "6773", "ano": "2021", "numero": "102", "tipo__sigla": "PL-EM", "tipo__descricao": "Projeto de Lei EM", "autoria": "DI GIANNE DE OLIVEIRA NUNES", "texto_original": "http://sapl.lagoadaprata.mg.leg.br/media/sapl/public/materialegislativa/2021/6773/pl_em_102-2021_-_credito_suplementar_r_70.00000.pdf", "ementa": "ABRE CR\u00c9DITO SUPLEMENTAR AO OR\u00c7AMENTO VIGENTE DO MUNIC\u00cdPIO DE LAGOA DA PRATA E CONT\u00c9M OUTRAS PROVID\u00caNCIAS"}, {"id": "6774", "ano": "2021", "numero": "103", "tipo__sigla": "PL-EM", "tipo__descricao": "Projeto de Lei EM", "autoria": "DI GIANNE DE OLIVEIRA NUNES", "texto_original": "http://sapl.lagoadaprata.mg.leg.br/media/sapl/public/materialegislativa/2021/6774/pl_em_103-2021_-_credito_suplementar_r_34.53000.pdf", "ementa": "ABRE CR\u00c9DITO SUPLEMENTAR AO OR\u00c7AMENTO VIGENTE DO MUNIC\u00cdPIO DE LAGOA DA PRATA E CONT\u00c9M OUTRAS PROVID\u00caNCIAS"}, {"id": "6775", "ano": "2021", "numero": "104", "tipo__sigla": "PL-EM", "tipo__descricao": "Projeto de Lei EM", "autoria": "DI GIANNE DE OLIVEIRA NUNES", "texto_original": "http://sapl.lagoadaprata.mg.leg.br/media/sapl/public/materialegislativa/2021/6775/pl_em_104-2021_-_credito_suplementar_r_600.00000.pdf", "ementa": "ABRE CR\u00c9DITO SUPLEMENTAR AO OR\u00c7AMENTO VIGENTE DO MUNIC\u00cdPIO DE LAGOA DA PRATA E CONT\u00c9M OUTRAS PROVID\u00caNCIAS"}, {"id": "6797", "ano": "2021", "numero": "105", "tipo__sigla": "PL-EM", "tipo__descricao": "Projeto de Lei EM", "autoria": "DI GIANNE DE OLIVEIRA NUNES", "texto_original": "http://sapl.lagoadaprata.mg.leg.br/media/sapl/public/materialegislativa/2021/6797/pl_em_105-2021_-_abre_credito_adicional_especial_r_200.00000.pdf", "ementa": "ABRE CR\u00c9DITO ADICIONAL ESPECIAL AO OR\u00c7AMENTO VIGENTE DO MUNIC\u00cdPIO DE LAGOA DA PRATA E CONT\u00c9M OUTRAS PROVID\u00caNCIAS"}, {"id": "6798", "ano": "2021", "numero": "106", "tipo__sigla": "PL-EM", "tipo__descricao": "Projeto de Lei EM", "autoria": "DI GIANNE DE OLIVEIRA NUNES", "texto_original": "http://sapl.lagoadaprata.mg.leg.br/media/sapl/public/materialegislativa/2021/6798/pl_em_106-2021_-_abre_credito_adicional_especial_r_100.00000.pdf", "ementa": "ABRE CR\u00c9DITO ADICIONAL ESPECIAL AO OR\u00c7AMENTO VIGENTE DO MUNIC\u00cdPIO DE LAGOA DA PRATA E CONT\u00c9M OUTRAS PROVID\u00caNCIAS"}, {"id": "6799", "ano": "2021", "numero": "107", "tipo__sigla": "PL-EM", "tipo__descricao": "Projeto de Lei EM", "autoria": "DI GIANNE DE OLIVEIRA NUNES", "texto_original": "http://sapl.lagoadaprata.mg.leg.br/media/sapl/public/materialegislativa/2021/6799/pl_em_107-2021_-_abre_credito_adicional_especial_r_120.00000.pdf", "ementa": "ABRE CR\u00c9DITO ADICIONAL ESPECIAL AO OR\u00c7AMENTO VIGENTE DO MUNIC\u00cdPIO DE LAGOA DA PRATA E CONT\u00c9M OUTRAS PROVID\u00caNCIAS"}, {"id": "6800", "ano": "2021", "numero": "108", "tipo__sigla": "PL-EM", "tipo__descricao": "Projeto de Lei EM", "autoria": "DI GIANNE DE OLIVEIRA NUNES", "texto_original": "http://sapl.lagoadaprata.mg.leg.br/media/sapl/public/materialegislativa/2021/6800/pl_em_108-2021_-_abre_credito_adicional_especial_r_153.0000.pdf", "ementa": "ABRE CR\u00c9DITO ADICIONAL ESPECIAL AO OR\u00c7AMENTO VIGENTE DO MUNIC\u00cdPIO DE LAGOA DA PRATA E CONT\u00c9M OUTRAS PROVID\u00caNCIAS"}, {"id": "6801", "ano": "2021", "numero": "109", "tipo__sigla": "PL-EM", "tipo__descricao": "Projeto de Lei EM", "autoria": "DI GIANNE DE OLIVEIRA NUNES", "texto_original": "http://sapl.lagoadaprata.mg.leg.br/media/sapl/public/materialegislativa/2021/6801/pl_em_109-2021_-_abre_credito_adicional_especial_r_60.00000.pdf", "ementa": "ABRE CR\u00c9DITO ADICIONAL ESPECIAL AO OR\u00c7AMENTO VIGENTE DO MUNIC\u00cdPIO DE LAGOA DA PRATA E CONT\u00c9M OUTRAS PROVID\u00caNCIAS"}, {"id": "6802", "ano": "2021", "numero": "110", "tipo__sigla": "PL-EM", "tipo__descricao": "Projeto de Lei EM", "autoria": "DI GIANNE DE OLIVEIRA NUNES", "texto_original": "http://sapl.lagoadaprata.mg.leg.br/media/sapl/public/materialegislativa/2021/6802/pl_em_110-2021_-_abre_credito_adicional_especial_r_762.00000.pdf", "ementa": "ABRE CR\u00c9DITO ADICIONAL ESPECIAL AO OR\u00c7AMENTO VIGENTE DO MUNIC\u00cdPIO DE LAGOA DA PRATA E CONT\u00c9M OUTRAS PROVID\u00caNCIAS"}, {"id": "6803", "ano": "2021", "numero": "111", "tipo__sigla": "PL-EM", "tipo__descricao": "Projeto de Lei EM", "autoria": "DI GIANNE DE OLIVEIRA NUNES", "texto_original": "http://sapl.lagoadaprata.mg.leg.br/media/sapl/public/materialegislativa/2021/6803/pl_em_111-2021_-_abre_credito_suplementar_r_91.05500.pdf", "ementa": "ABRE CR\u00c9DITO SUPLEMENTAR AO OR\u00c7AMENTO VIGENTE DO MUNIC\u00cdPIO DE LAGOA DA PRATA E CONT\u00c9M OUTRAS PROVID\u00caNCIAS"}, {"id": "6804", "ano": "2021", "numero": "112", "tipo__sigla": "PL-EM", "tipo__descricao": "Projeto de Lei EM", "autoria": "DI GIANNE DE OLIVEIRA NUNES", "texto_original": "http://sapl.lagoadaprata.mg.leg.br/media/sapl/public/materialegislativa/2021/6804/pl_em_112-2021_-_abre_credito_suplementar_r_90.00000.pdf", "ementa": "ABRE CR\u00c9DITO SUPLEMENTAR AO OR\u00c7AMENTO VIGENTE DO MUNIC\u00cdPIO DE LAGOA DA PRATA E CONT\u00c9M OUTRAS PROVID\u00caNCIAS"}, {"id": "6805", "ano": "2021", "numero": "113", "tipo__sigla": "PL-EM", "tipo__descricao": "Projeto de Lei EM", "autoria": "DI GIANNE DE OLIVEIRA NUNES", "texto_original": "http://sapl.lagoadaprata.mg.leg.br/media/sapl/public/materialegislativa/2021/6805/pl_em_113-2021_-_autoriza_a_doacao_de_bens.pdf", "ementa": "AUTORIZA A DOA\u00c7\u00c3O DE BENS QUE MENCIONA E D\u00c1 OUTRAS PROVID\u00caNCIAS"}, {"id": "6811", "ano": "2021", "numero": "114", "tipo__sigla": "PL-EM", "tipo__descricao": "Projeto de Lei EM", "autoria": "DI GIANNE DE OLIVEIRA NUNES", "texto_original": "http://sapl.lagoadaprata.mg.leg.br/media/sapl/public/materialegislativa/2021/6811/pl_em_114-2021_-_autoriza_o_executivo_a_conceder_subvencao_a_fundacao_sao_carlos.pdf", "ementa": "AUTORIZA O EXECUTIVO MUNICIPAL A CONCEDER SUBVEN\u00c7\u00c3O SOCIAL \u00c0 ENTIDADE QUE MENCIONA E CONT\u00c9M OUTRAS PROVID\u00caNCIAS"}, {"id": "6812", "ano": "2021", "numero": "115", "tipo__sigla": "PL-EM", "tipo__descricao": "Projeto de Lei EM", "autoria": "DI GIANNE DE OLIVEIRA NUNES", "texto_original": "http://sapl.lagoadaprata.mg.leg.br/media/sapl/public/materialegislativa/2021/6812/pl_em_115-2021_-_abre_credito_suplementar_r_436.00000.pdf", "ementa": "ABRE CR\u00c9DITO SUPLEMENTAR AO OR\u00c7AMENTO VIGENTE DO MUNIC\u00cdPIO DE LAGOA DA PRATA E CONT\u00c9M OUTRAS PROVID\u00caNCIAS"}, {"id": "6813", "ano": "2021", "numero": "116", "tipo__sigla": "PL-EM", "tipo__descricao": "Projeto de Lei EM", "autoria": "DI GIANNE DE OLIVEIRA NUNES", "texto_original": "http://sapl.lagoadaprata.mg.leg.br/media/sapl/public/materialegislativa/2021/6813/pl_em_116-2021_-_abre_credito_suplementar_r_830.40000.pdf", "ementa": "ABRE CR\u00c9DITO SUPLEMENTAR AO OR\u00c7AMENTO VIGENTE DO MUNIC\u00cdPIO DE LAGOA DA PRATA E CONT\u00c9M OUTRAS PROVID\u00caNCIAS"}, {"id": "6814", "ano": "2021", "numero": "117", "tipo__sigla": "PL-EM", "tipo__descricao": "Projeto de Lei EM", "autoria": "DI GIANNE DE OLIVEIRA NUNES", "texto_original": "http://sapl.lagoadaprata.mg.leg.br/media/sapl/public/materialegislativa/2021/6814/pl_em_117-2021_-_abre_credito_adicional_especial_r_95.00000.pdf", "ementa": "ABRE CR\u00c9DITO ADICIONAL ESPECIAL AO OR\u00c7AMENTO VIGENTE DO MUNIC\u00cdPIO DE LAGOA DA PRATA E CONT\u00c9M OUTRAS PROVID\u00caNCIAS"}, {"id": "6815", "ano": "2021", "numero": "118", "tipo__sigla": "PL-EM", "tipo__descricao": "Projeto de Lei EM", "autoria": "DI GIANNE DE OLIVEIRA NUNES", "texto_original": "http://sapl.lagoadaprata.mg.leg.br/media/sapl/public/materialegislativa/2021/6815/pl_em_118-2021_-_abre_credito_adicional_especial_r_115.70081.pdf", "ementa": "ABRE CR\u00c9DITO ADICIONAL ESPECIAL AO OR\u00c7AMENTO VIGENTE DO MUNIC\u00cdPIO DE LAGOA DA PRATA E CONT\u00c9M OUTRAS PROVID\u00caNCIAS"}, {"id": "6816", "ano": "2021", "numero": "119", "tipo__sigla": "PL-EM", "tipo__descricao": "Projeto de Lei EM", "autoria": "DI GIANNE DE OLIVEIRA NUNES", "texto_original": "http://sapl.lagoadaprata.mg.leg.br/media/sapl/public/materialegislativa/2021/6816/pl_em_119-2021_-_abre_credito_adicional_especial_r_300.00000.pdf", "ementa": "ABRE CR\u00c9DITO ADICIONAL ESPECIAL AO OR\u00c7AMENTO VIGENTE DO MUNIC\u00cdPIO DE LAGOA DA PRATA E CONT\u00c9M OUTRAS PROVID\u00caNCIAS"}, {"id": "6825", "ano": "2021", "numero": "120", "tipo__sigla": "PL-EM", "tipo__descricao": "Projeto de Lei EM", "autoria": "DI GIANNE DE OLIVEIRA NUNES", "texto_original": "http://sapl.lagoadaprata.mg.leg.br/media/sapl/public/materialegislativa/2021/6825/pl_em_120-2021_-_delimita_perimetro_urbano.pdf", "ementa": "DELIMITA O PER\u00cdMETRO URBANO DA CIDADE DE LAGOA DA PRATA."}, {"id": "6835", "ano": "2021", "numero": "121", "tipo__sigla": "PL-EM", "tipo__descricao": "Projeto de Lei EM", "autoria": "DI GIANNE DE OLIVEIRA NUNES", "texto_original": "http://sapl.lagoadaprata.mg.leg.br/media/sapl/public/materialegislativa/2021/6835/pl_em_121-2021_-_abre_credito_adicional_especial_r_13.05000.pdf", "ementa": "ABRE CR\u00c9DITO ADICIONAL ESPECIAL AO OR\u00c7AMENTO VIGENTE DO MUNIC\u00cdPIO DE LAGOA DA PRATA E CONT\u00c9M OUTRAS PROVID\u00caNCIAS"}, {"id": "6836", "ano": "2021", "numero": "122", "tipo__sigla": "PL-EM", "tipo__descricao": "Projeto de Lei EM", "autoria": "DI GIANNE DE OLIVEIRA NUNES", "texto_original": "http://sapl.lagoadaprata.mg.leg.br/media/sapl/public/materialegislativa/2021/6836/pl_em_122-2021_-_abre_credito_suplementar_r_300500.00.pdf", "ementa": "ABRE CR\u00c9DITO SUPLEMENTAR AO OR\u00c7AMENTO VIGENTE DO MUNIC\u00cdPIO DE LAGOA DA PRATA E CONT\u00c9M OUTRAS PROVID\u00caNCIAS"}, {"id": "6837", "ano": "2021", "numero": "123", "tipo__sigla": "PL-EM", "tipo__descricao": "Projeto de Lei EM", "autoria": "DI GIANNE DE OLIVEIRA NUNES", "texto_original": "http://sapl.lagoadaprata.mg.leg.br/media/sapl/public/materialegislativa/2021/6837/pl_em_123-2021_-_abre_credito_suplementar_conceder_subvebcao_r_180.00000.pdf", "ementa": "AUTORIZA O EXECUTIVO A ABRIR CR\u00c9DITO SUPLEMENTAR, CONCEDER SUBVEN\u00c7\u00c3O \u00c0 ENTIDADE QUE MENCIONA E CONT\u00c9M OUTRAS PROVID\u00caNCIAS"}, {"id": "6838", "ano": "2021", "numero": "124", "tipo__sigla": "PL-EM", "tipo__descricao": "Projeto de Lei EM", "autoria": "DI GIANNE DE OLIVEIRA NUNES", "texto_original": "http://sapl.lagoadaprata.mg.leg.br/media/sapl/public/materialegislativa/2021/6838/pl_em_124-2021_-_abre_credido_suplementar_r_180.00000.pdf", "ementa": "ABRE CR\u00c9DITO SUPLEMENTAR AO OR\u00c7AMENTO VIGENTE DO MUNIC\u00cdPIO DE LAGOA DA PRATA E CONT\u00c9M OUTRAS PROVID\u00caNCIAS"}, {"id": "6839", "ano": "2021", "numero": "125", "tipo__sigla": "PL-EM", "tipo__descricao": "Projeto de Lei EM", "autoria": "DI GIANNE DE OLIVEIRA NUNES", "texto_original": "http://sapl.lagoadaprata.mg.leg.br/media/", "ementa": "ABRE CR\u00c9DITO SUPLEMENTAR AO OR\u00c7AMENTO VIGENTE DO MUNIC\u00cdPIO DE LAGOA DA PRATA E CONT\u00c9M OUTRAS PROVID\u00caNCIAS"}, {"id": "6840", "ano": "2021", "numero": "126", "tipo__sigla": "PL-EM", "tipo__descricao": "Projeto de Lei EM", "autoria": "DI GIANNE DE OLIVEIRA NUNES", "texto_original": "http://sapl.lagoadaprata.mg.leg.br/media/sapl/public/materialegislativa/2021/6840/pl_em_126-2021_-_abre_credito_suplementar_conceder_subvencao_r_150.00000.pdf", "ementa": "AUTORIZA O EXECUTIVO A ABRIR CR\u00c9DITO SUPLEMENTAR, CONCEDER SUBVEN\u00c7\u00c3O \u00c0 ENTIDADE QUE MENCIONA E CONT\u00c9M OUTRAS PROVID\u00caNCIAS"}, {"id": "6841", "ano": "2021", "numero": "127", "tipo__sigla": "PL-EM", "tipo__descricao": "Projeto de Lei EM", "autoria": "DI GIANNE DE OLIVEIRA NUNES", "texto_original": "http://sapl.lagoadaprata.mg.leg.br/media/sapl/public/materialegislativa/2021/6841/pl_em_127-2021_-_abre_credito_adicional_especial_r115.70081.pdf", "ementa": "ABRE CR\u00c9DITO ADICIONAL ESPECIAL AO OR\u00c7AMENTO VIGENTE DO MUNIC\u00cdPIO DE LAGOA DA PRATA E CONT\u00c9M OUTRAS PROVID\u00caNCIAS"}, {"id": "6851", "ano": "2021", "numero": "128", "tipo__sigla": "PL-EM", "tipo__descricao": "Projeto de Lei EM", "autoria": "DI GIANNE DE OLIVEIRA NUNES", "texto_original": "http://sapl.lagoadaprata.mg.leg.br/media/sapl/public/materialegislativa/2021/6851/pl_em_128-2021_-_abre_credito_suplementar_r_250_mil.pdf", "ementa": "ABRE CR\u00c9DITO SUPLEMENTAR AO OR\u00c7AMENTO VIGENTE DO MUNIC\u00cdPIO DE LAGOA DA PRATA E CONT\u00c9M OUTRAS PROVID\u00caNCIAS"}, {"id": "6852", "ano": "2021", "numero": "129", "tipo__sigla": "PL-EM", "tipo__descricao": "Projeto de Lei EM", "autoria": "DI GIANNE DE OLIVEIRA NUNES", "texto_original": "http://sapl.lagoadaprata.mg.leg.br/media/sapl/public/materialegislativa/2021/6852/pl_em_129-2021_-_abre_credito_suplementar_r_273.05500.pdf", "ementa": "ABRE CR\u00c9DITO SUPLEMENTAR AO OR\u00c7AMENTO VIGENTE DO MUNIC\u00cdPIO DE LAGOA DA PRATA E CONT\u00c9M OUTRAS PROVID\u00caNCIAS"}, {"id": "6853", "ano": "2021", "numero": "130", "tipo__sigla": "PL-EM", "tipo__descricao": "Projeto de Lei EM", "autoria": "DI GIANNE DE OLIVEIRA NUNES", "texto_original": "http://sapl.lagoadaprata.mg.leg.br/media/sapl/public/materialegislativa/2021/6853/pl_em_130-2021__-_abre_credito_adicional_especial_r_5.35970.pdf", "ementa": "ABRE CR\u00c9DITO ADICIONAL ESPECIAL AO OR\u00c7AMENTO VIGENTE DO MUNIC\u00cdPIO DE LAGOA DA PRATA E CONT\u00c9M OUTRAS PROVID\u00caNCIAS"}, {"id": "6875", "ano": "2021", "numero": "131", "tipo__sigla": "PL-EM", "tipo__descricao": "Projeto de Lei EM", "autoria": "DI GIANNE DE OLIVEIRA NUNES", "texto_original": "http://sapl.lagoadaprata.mg.leg.br/media/sapl/public/materialegislativa/2021/6875/pl_em_131-2021_-_credito_suplementar_r_35_mil.pdf", "ementa": "ABRE CR\u00c9DITO SUPLEMENTAR AO OR\u00c7AMENTO VIGENTE DO MUNIC\u00cdPIO DE LAGOA DA PRATA E CONT\u00c9M OUTRAS PROVID\u00caNCIAS"}, {"id": "6876", "ano": "2021", "numero": "132", "tipo__sigla": "PL-EM", "tipo__descricao": "Projeto de Lei EM", "autoria": "DI GIANNE DE OLIVEIRA NUNES", "texto_original": "http://sapl.lagoadaprata.mg.leg.br/media/sapl/public/materialegislativa/2021/6876/pl_em_132-2021_-_credito_suplementar_r_150_mil.pdf", "ementa": "ABRE CR\u00c9DITO SUPLEMENTAR AO OR\u00c7AMENTO VIGENTE DO MUNIC\u00cdPIO DE LAGOA DA PRATA E CONT\u00c9M OUTRAS PROVID\u00caNCIAS"}, {"id": "6877", "ano": "2021", "numero": "133", "tipo__sigla": "PL-EM", "tipo__descricao": "Projeto de Lei EM", "autoria": "DI GIANNE DE OLIVEIRA NUNES", "texto_original": "http://sapl.lagoadaprata.mg.leg.br/media/sapl/public/materialegislativa/2021/6877/pl_em_133-2021_-_credito_suplementar_r_265_mil.pdf", "ementa": "ABRE CR\u00c9DITO SUPLEMENTAR AO OR\u00c7AMENTO VIGENTE DO MUNIC\u00cdPIO DE LAGOA DA PRATA E CONT\u00c9M OUTRAS PROVID\u00caNCIAS"}, {"id": "6878", "ano": "2021", "numero": "134", "tipo__sigla": "PL-EM", "tipo__descricao": "Projeto de Lei EM", "autoria": "DI GIANNE DE OLIVEIRA NUNES", "texto_original": "http://sapl.lagoadaprata.mg.leg.br/media/sapl/public/materialegislativa/2021/6878/pl_em_134-2021_-_credito_adicional_especial_r_251.44168.pdf", "ementa": "ABRE CR\u00c9DITO ADICIONAL ESPECIAL AO OR\u00c7AMENTO VIGENTE DO MUNIC\u00cdPIO DE LAGOA DA PRATA E CONT\u00c9M OUTRAS PROVID\u00caNCIAS"}, {"id": "6894", "ano": "2021", "numero": "135", "tipo__sigla": "PL-EM", "tipo__descricao": "Projeto de Lei EM", "autoria": "DI GIANNE DE OLIVEIRA NUNES", "texto_original": "http://sapl.lagoadaprata.mg.leg.br/media/sapl/public/materialegislativa/2021/6894/pl_em_135-2021.pdf", "ementa": "Abre Cr\u00e9dito Suplementar ao Or\u00e7amento Vigente no Munic\u00edpio de Lagoa da Prata e Cont\u00e9m Outras Provid\u00eancias."}, {"id": "6895", "ano": "2021", "numero": "136", "tipo__sigla": "PL-EM", "tipo__descricao": "Projeto de Lei EM", "autoria": "DI GIANNE DE OLIVEIRA NUNES", "texto_original": "http://sapl.lagoadaprata.mg.leg.br/media/sapl/public/materialegislativa/2021/6895/pl_em_136-2021.pdf", "ementa": "Abre Cr\u00e9dito Adicional Especial ao Or\u00e7amento Vigente no Munic\u00edpio de Lagoa da Prata e Cont\u00e9m Outras Provid\u00eancias."}, {"id": "6904", "ano": "2021", "numero": "137", "tipo__sigla": "PL-EM", "tipo__descricao": "Projeto de Lei EM", "autoria": "DI GIANNE DE OLIVEIRA NUNES", "texto_original": "http://sapl.lagoadaprata.mg.leg.br/media/sapl/public/materialegislativa/2021/6904/pl_em_137-2021_-_credito_suplementar_r_200_mil.pdf", "ementa": "ABRE CR\u00c9DITO SUPLEMENTAR AO OR\u00c7AMENTO VIGENTE DO MUNIC\u00cdPIO DE LAGOA DA PRATA E CONT\u00c9M OUTRAS PROVID\u00caNCIAS"}, {"id": "6905", "ano": "2021", "numero": "138", "tipo__sigla": "PL-EM", "tipo__descricao": "Projeto de Lei EM", "autoria": "DI GIANNE DE OLIVEIRA NUNES", "texto_original": "http://sapl.lagoadaprata.mg.leg.br/media/sapl/public/materialegislativa/2021/6905/pl_em_138-2021_-_credito_suplementar_r_562_mil.pdf", "ementa": "ABRE CR\u00c9DITO SUPLEMENTAR AO OR\u00c7AMENTO VIGENTE DO MUNIC\u00cdPIO DE LAGOA DA PRATA E CONT\u00c9M OUTRAS PROVID\u00caNCIAS"}, {"id": "6906", "ano": "2021", "numero": "139", "tipo__sigla": "PL-EM", "tipo__descricao": "Projeto de Lei EM", "autoria": "DI GIANNE DE OLIVEIRA NUNES", "texto_original": "http://sapl.lagoadaprata.mg.leg.br/media/sapl/public/materialegislativa/2021/6906/pl_em_139-2021_-_credito_suplementar_r_150_mil.pdf", "ementa": "ABRE CR\u00c9DITO SUPLEMENTAR AO OR\u00c7AMENTO VIGENTE DO MUNIC\u00cdPIO DE LAGOA DA PRATA E CONT\u00c9M OUTRAS PROVID\u00caNCIAS"}, {"id": "6907", "ano": "2021", "numero": "140", "tipo__sigla": "PL-EM", "tipo__descricao": "Projeto de Lei EM", "autoria": "DI GIANNE DE OLIVEIRA NUNES", "texto_original": "http://sapl.lagoadaprata.mg.leg.br/media/sapl/public/materialegislativa/2021/6907/pl_em_140-2021_-_credito_suplementar_r_63_mil.pdf", "ementa": "ABRE CR\u00c9DITO SUPLEMENTAR AO OR\u00c7AMENTO VIGENTE DO MUNIC\u00cdPIO DE LAGOA DA PRATA E CONT\u00c9M OUTRAS PROVID\u00caNCIAS"}, {"id": "6908", "ano": "2021", "numero": "141", "tipo__sigla": "PL-EM", "tipo__descricao": "Projeto de Lei EM", "autoria": "DI GIANNE DE OLIVEIRA NUNES", "texto_original": "http://sapl.lagoadaprata.mg.leg.br/media/sapl/public/materialegislativa/2021/6908/pl_em_141-2021_credito_suplementar_r_135_mil.pdf", "ementa": "ABRE CR\u00c9DITO SUPLEMENTAR AO OR\u00c7AMENTO VIGENTE DO MUNIC\u00cdPIO DE LAGOA DA PRATA E CONT\u00c9M OUTRAS PROVID\u00caNCIAS"}, {"id": "6909", "ano": "2021", "numero": "142", "tipo__sigla": "PL-EM", "tipo__descricao": "Projeto de Lei EM", "autoria": "DI GIANNE DE OLIVEIRA NUNES", "texto_original": "http://sapl.lagoadaprata.mg.leg.br/media/sapl/public/materialegislativa/2021/6909/pl_em_142-2021_credito_suplementar_r_25_mil.pdf", "ementa": "ABRE CR\u00c9DITO SUPLEMENTAR AO OR\u00c7AMENTO VIGENTE DO MUNIC\u00cdPIO DE LAGOA DA PRATA E CONT\u00c9M OUTRAS PROVID\u00caNCIAS"}, {"id": "6910", "ano": "2021", "numero": "143", "tipo__sigla": "PL-EM", "tipo__descricao": "Projeto de Lei EM", "autoria": "DI GIANNE DE OLIVEIRA NUNES", "texto_original": "http://sapl.lagoadaprata.mg.leg.br/media/sapl/public/materialegislativa/2021/6910/pl_em_143-2021_-_autoriza_o_executivo_municipal_a_doar_imovel_que_menciona.pdf", "ementa": "AUTORIZA O EXECUTIVO MUNICIPAL A DOAR IM\u00d3VEL QUE MENCIONA E CONT\u00c9M OUTRAS PROVID\u00caNCIAS"}, {"id": "6911", "ano": "2021", "numero": "144", "tipo__sigla": "PL-EM", "tipo__descricao": "Projeto de Lei EM", "autoria": "DI GIANNE DE OLIVEIRA NUNES", "texto_original": "http://sapl.lagoadaprata.mg.leg.br/media/sapl/public/materialegislativa/2021/6911/pl_em_144-2021_-_autoriza_o_executivo_a_outorgar_concessao_dos_servicos_de_manutencao_dos_cemiterios_publicos_permissao_para_instalacao_de_cemiterio_particular_com_regras.pdf", "ementa": "AUTORIZA O PODER EXECUTIVO MUNICIPAL, A OUTORGAR CONCESS\u00c3O DOS SERVI\u00c7OS DE OPERA\u00c7\u00c3O E MANUTEN\u00c7\u00c3O DOS CEMIT\u00c9RIOS P\u00daBLICOS MUNICIPAIS, A PERMISS\u00c3O PARA INSTALA\u00c7\u00c3O DE CEMIT\u00c9RIOS PARTICULARES, ESTABELECE REGRAS DE FUNCIONAMENTO, E D\u00c1 OUTRAS PROVID\u00caNCIAS."}, {"id": "6936", "ano": "2021", "numero": "145", "tipo__sigla": "PL-EM", "tipo__descricao": "Projeto de Lei EM", "autoria": "DI GIANNE DE OLIVEIRA NUNES", "texto_original": "http://sapl.lagoadaprata.mg.leg.br/media/sapl/public/materialegislativa/2021/6936/pl_em_145-2021_-_altera_a_lei_do_bolsa_atleta.pdf", "ementa": "Altera a Lei 2.152/2013, que institui o programa Bolsa Atleta no Munic\u00edpio de Lagoa da Prata."}, {"id": "6937", "ano": "2021", "numero": "146", "tipo__sigla": "PL-EM", "tipo__descricao": "Projeto de Lei EM", "autoria": "DI GIANNE DE OLIVEIRA NUNES", "texto_original": "http://sapl.lagoadaprata.mg.leg.br/media/sapl/public/materialegislativa/2021/6937/pl_em_146_-_2021_-_autoriza_repasse_financeiro_ao_saae.pdf", "ementa": "Autoriza o Poder Executivo a Realizar Repasse de Recursos Financeiros ao Servi\u00e7o Aut\u00f4nomo de \u00c1gua e Esgoto de Lagoa da Prata - MG - SAAE, e d\u00e1 Outras Provid\u00eancias."}, {"id": "6938", "ano": "2021", "numero": "147", "tipo__sigla": "PL-EM", "tipo__descricao": "Projeto de Lei EM", "autoria": "DI GIANNE DE OLIVEIRA NUNES", "texto_original": "http://sapl.lagoadaprata.mg.leg.br/media/sapl/public/materialegislativa/2021/6938/pl_em_147-2021_-_credito_especial_-_r_2.000.00000.pdf", "ementa": "ABRE CR\u00c9DITO ESPECIAL AO OR\u00c7AMENTO VIGENTE DO MUNIC\u00cdPIO DE LAGOA DA PRATA E CONT\u00c9M OUTRAS PROVID\u00caNCIAS."}, {"id": "6939", "ano": "2021", "numero": "148", "tipo__sigla": "PL-EM", "tipo__descricao": "Projeto de Lei EM", "autoria": "DI GIANNE DE OLIVEIRA NUNES", "texto_original": "http://sapl.lagoadaprata.mg.leg.br/media/sapl/public/materialegislativa/2021/6939/pl_em_148-2021_-_credito_suplementar_r_234_mil.pdf", "ementa": "ABRE CR\u00c9DITO SUPLEMENTAR AO OR\u00c7AMENTO VIGENTE DO MUNIC\u00cdPIO DE LAGOA DA PRATA E CONT\u00c9M OUTRAS PROVID\u00caNCIAS."}, {"id": "6940", "ano": "2021", "numero": "149", "tipo__sigla": "PL-EM", "tipo__descricao": "Projeto de Lei EM", "autoria": "DI GIANNE DE OLIVEIRA NUNES", "texto_original": "http://sapl.lagoadaprata.mg.leg.br/media/sapl/public/materialegislativa/2021/6940/pl_em_149-2021_-_credito_suplementar_r_50_mil.pdf", "ementa": "ABRE CR\u00c9DITO SUPLEMENTAR AO OR\u00c7AMENTO VIGENTE DO MUNIC\u00cdPIO DE LAGOA DA PRATA E CONT\u00c9M OUTRAS PROVID\u00caNCIAS."}, {"id": "6941", "ano": "2021", "numero": "150", "tipo__sigla": "PL-EM", "tipo__descricao": "Projeto de Lei EM", "autoria": "DI GIANNE DE OLIVEIRA NUNES", "texto_original": "http://sapl.lagoadaprata.mg.leg.br/media/sapl/public/materialegislativa/2021/6941/pl_em_150-2021_-_credito_suplementar_r_125_mil.pdf", "ementa": "ABRE CR\u00c9DITO SUPLEMENTAR AO OR\u00c7AMENTO VIGENTE DO MUNIC\u00cdPIO DE LAGOA DA PRATA E CONT\u00c9M OUTRAS PROVID\u00caNCIAS."}, {"id": "6955", "ano": "2021", "numero": "151", "tipo__sigla": "PL-EM", "tipo__descricao": "Projeto de Lei EM", "autoria": "DI GIANNE DE OLIVEIRA NUNES", "texto_original": "http://sapl.lagoadaprata.mg.leg.br/media/sapl/public/materialegislativa/2021/6955/pl_em_151-2021_-_ppa_2022-2025_compressed.pdf", "ementa": "Disp\u00f5e sobre o Plano Plurianual para o per\u00edodo 2022-2025."}, {"id": "6956", "ano": "2021", "numero": "152", "tipo__sigla": "PL-EM", "tipo__descricao": "Projeto de Lei EM", "autoria": "DI GIANNE DE OLIVEIRA NUNES", "texto_original": "http://sapl.lagoadaprata.mg.leg.br/media/sapl/public/materialegislativa/2021/6956/pl_em_152-2021_-_ldo_2022_compressed.pdf", "ementa": "Altera a Lei n\u00ba 3.508/2021, que Institui as Diretrizes Or\u00e7ament\u00e1rias para o Exerc\u00edcio de 2022 e d\u00e1 Outras Provid\u00eancias."}, {"id": "6957", "ano": "2021", "numero": "153", "tipo__sigla": "PL-EM", "tipo__descricao": "Projeto de Lei EM", "autoria": "DI GIANNE DE OLIVEIRA NUNES", "texto_original": "http://sapl.lagoadaprata.mg.leg.br/media/sapl/public/materialegislativa/2021/6957/pl_em_153-2021_-_loa_2022_compressed.pdf", "ementa": "Estima a Receita e Fixa a Despesa do Munic\u00edpio de Lagoa da Prata para o Exerc\u00edcio Financeiro de 2022."}, {"id": "6958", "ano": "2021", "numero": "154", "tipo__sigla": "PL-EM", "tipo__descricao": "Projeto de Lei EM", "autoria": "DI GIANNE DE OLIVEIRA NUNES", "texto_original": "http://sapl.lagoadaprata.mg.leg.br/media/sapl/public/materialegislativa/2021/6958/pl_em_154-2021_-_ratifica_protocolo_de_intencoes_cisicom_compressed.pdf", "ementa": "RATIFICA O PROTOCOLO DE INTE\u00c7\u00d5ES FIRMADO PELO MUNIC\u00cdPIO DE LAGOA DA PRATA, COM FINALIDADE DE CONSTITUIR O CONS\u00d3RCIO INTERMUNICIPAL DO SERVI\u00c7O DE INSPE\u00c7\u00c3O DO CENTRO OESTE MINEIRO - CISICOM E D\u00c1 OUTRAS PROVID\u00caNCIAS."}, {"id": "6968", "ano": "2021", "numero": "155", "tipo__sigla": "PL-EM", "tipo__descricao": "Projeto de Lei EM", "autoria": "DI GIANNE DE OLIVEIRA NUNES", "texto_original": "http://sapl.lagoadaprata.mg.leg.br/media/sapl/public/materialegislativa/2021/6968/pl_em_155-2021_-_credito_suplementar_-_r_108_mil_certo.pdf", "ementa": "ABRE CR\u00c9DITO SUPLEMENTAR AO OR\u00c7AMENTO VIGENTE DO MUNIC\u00cdPIO DE LAGOA DA PRATA E CONT\u00c9M OUTRAS PROVID\u00caNCIAS."}, {"id": "6969", "ano": "2021", "numero": "156", "tipo__sigla": "PL-EM", "tipo__descricao": "Projeto de Lei EM", "autoria": "DI GIANNE DE OLIVEIRA NUNES", "texto_original": "http://sapl.lagoadaprata.mg.leg.br/media/sapl/public/materialegislativa/2021/6969/pl_em_156-2021_-_credito_adicional_especial_-_r_20_mil_certo.pdf", "ementa": "ABRE CR\u00c9DITO ADICIONAL ESPECIAL AO OR\u00c7AMENTO VIGENTE DO MUNIC\u00cdPIO DE LAGOA DA PRATA E CONT\u00c9M OUTRAS PROVID\u00caNCIAS."}, {"id": "6970", "ano": "2021", "numero": "157", "tipo__sigla": "PL-EM", "tipo__descricao": "Projeto de Lei EM", "autoria": "DI GIANNE DE OLIVEIRA NUNES", "texto_original": "http://sapl.lagoadaprata.mg.leg.br/media/sapl/public/materialegislativa/2021/6970/pl_em_157-2021_-_altera_a_lei_3031-2017__-_concessao_de_uso_de_bens_publicos.pdf", "ementa": "ALTERA A LEI N\u00ba 3.031, DE 6 DE OUTUBRO DE 2017, QUE DISP\u00d5E SOBRE A CONCESS\u00c3O DE USO DE BENS P\u00daBLICOS PRECEDIDA E N\u00c3O PRECEDIDA DE EXECU\u00c7\u00c3O DE OBRA."}, {"id": "6971", "ano": "2021", "numero": "158", "tipo__sigla": "PL-EM", "tipo__descricao": "Projeto de Lei EM", "autoria": "DI GIANNE DE OLIVEIRA NUNES", "texto_original": "http://sapl.lagoadaprata.mg.leg.br/media/sapl/public/materialegislativa/2021/6971/pl_em_158-2021_-_cria_diretoria_de_transito_e_jari.pdf", "ementa": "DISP\u00d5E SOBRE A CRIA\u00c7\u00c3O DA DIRETORIA DE TR\u00c2NSITO E TRANSPORTE P\u00daBLICO, DA JUNTA ADMINISTRATIVA DE RECURSOS DE INFRA\u00c7\u00c3O \u2013 JARI E D\u00c1 OUTRAS PROVID\u00caNCIAS."}, {"id": "6975", "ano": "2021", "numero": "159", "tipo__sigla": "PL-EM", "tipo__descricao": "Projeto de Lei EM", "autoria": "DI GIANNE DE OLIVEIRA NUNES", "texto_original": "http://sapl.lagoadaprata.mg.leg.br/media/sapl/public/materialegislativa/2021/6975/pl_em_159-2021_-_cesta_basica_aos_servidores_do_executivo_e_saae.pdf", "ementa": "Disp\u00f5e sobre o fornecimento de Cestas de Final de Ano aos Servidores P\u00fablicos Municipais e empregados p\u00fablicos da Administra\u00e7\u00e3o P\u00fablica Indireta do Munic\u00edpio de Lagoa da Prata \u2013 SAAE e d\u00e1 outras provid\u00eancias"}, {"id": "6976", "ano": "2021", "numero": "160", "tipo__sigla": "PL-EM", "tipo__descricao": "Projeto de Lei EM", "autoria": "DI GIANNE DE OLIVEIRA NUNES", "texto_original": "http://sapl.lagoadaprata.mg.leg.br/media/sapl/public/materialegislativa/2021/6976/pl_em_160-2021_-_credito_suplementar_r_2.535.00000.pdf", "ementa": "ABRE CR\u00c9DITO SUPLEMENTAR AO OR\u00c7AMENTO VIGENTE DO MUNIC\u00cdPIO DE LAGOA DA PRATA E CONT\u00c9M OUTRAS PROVID\u00caNCIAS."}, {"id": "6977", "ano": "2021", "numero": "161", "tipo__sigla": "PL-EM", "tipo__descricao": "Projeto de Lei EM", "autoria": "DI GIANNE DE OLIVEIRA NUNES", "texto_original": "http://sapl.lagoadaprata.mg.leg.br/media/sapl/public/materialegislativa/2021/6977/pl_em_161-2021_-_credito_suplementar_r_355_mil.pdf", "ementa": "ABRE CR\u00c9DITO SUPLEMENTAR AO OR\u00c7AMENTO VIGENTE DO MUNIC\u00cdPIO DE LAGOA DA PRATA E CONT\u00c9M OUTRAS PROVID\u00caNCIAS."}, {"id": "6978", "ano": "2021", "numero": "162", "tipo__sigla": "PL-EM", "tipo__descricao": "Projeto de Lei EM", "autoria": "DI GIANNE DE OLIVEIRA NUNES", "texto_original": "http://sapl.lagoadaprata.mg.leg.br/media/sapl/public/materialegislativa/2021/6978/pl_em_162-2021_-_credito_suplementar_r_1.700.00000.pdf", "ementa": "ABRE CR\u00c9DITO SUPLEMENTAR AO OR\u00c7AMENTO VIGENTE DO MUNIC\u00cdPIO DE LAGOA DA PRATA E CONT\u00c9M OUTRAS PROVID\u00caNCIAS."}, {"id": "7002", "ano": "2021", "numero": "163", "tipo__sigla": "PL-EM", "tipo__descricao": "Projeto de Lei EM", "autoria": "DI GIANNE DE OLIVEIRA NUNES", "texto_original": "http://sapl.lagoadaprata.mg.leg.br/media/sapl/public/materialegislativa/2021/7002/pl_em_163-2021_-_altera_a_lei_809-1997.pdf", "ementa": "D\u00e1 nova Reda\u00e7\u00e3o ao par\u00e1grafo \u00fanico do artigo 7\u00ba da lei 809/1997."}, {"id": "7003", "ano": "2021", "numero": "164", "tipo__sigla": "PL-EM", "tipo__descricao": "Projeto de Lei EM", "autoria": "DI GIANNE DE OLIVEIRA NUNES", "texto_original": "http://sapl.lagoadaprata.mg.leg.br/media/sapl/public/materialegislativa/2021/7003/pl_em_164-2021_-_autoriza_doacao_de_bens_ascalp.pdf", "ementa": "Autoriza a Doa\u00e7\u00e3o de Bens que Menciona e d\u00e1 Outras Provid\u00eancias."}, {"id": "7004", "ano": "2021", "numero": "165", "tipo__sigla": "PL-EM", "tipo__descricao": "Projeto de Lei EM", "autoria": "DI GIANNE DE OLIVEIRA NUNES", "texto_original": "http://sapl.lagoadaprata.mg.leg.br/media/sapl/public/materialegislativa/2021/7004/pl_em_165-2021_-_dignidade_menstrual.pdf", "ementa": "DISP\u00d5E SOBRE AS DIRETRIZES PARA AS A\u00c7\u00d5ES DE PROMO\u00c7\u00c3O DA DIGNIDADE MENSTRUAL E O FORNECIMENTO GRATUITO DE ABSORVENTES HIGI\u00caNICOS NO MUNIC\u00cdPIO DE LAGOA DA PRATA."}, {"id": "7012", "ano": "2021", "numero": "166", "tipo__sigla": "PL-EM", "tipo__descricao": "Projeto de Lei EM", "autoria": "DI GIANNE DE OLIVEIRA NUNES", "texto_original": "http://sapl.lagoadaprata.mg.leg.br/media/sapl/public/materialegislativa/2021/7012/pl_em_166-2021_-_credito_adicional_especial.pdf", "ementa": "ABRE CR\u00c9DITO ADICIONAL ESPECIAL AO OR\u00c7AMENTO VIGENTE DO MUNIC\u00cdPIO DE LAGOA DA PRATA E CONT\u00c9M OUTRAS PROVID\u00caNCIAS."}, {"id": "6465", "ano": "2021", "numero": "1", "tipo__sigla": "PR", "tipo__descricao": "Projeto de Resolu\u00e7\u00e3o", "autoria": "Carol Castro", "texto_original": "http://sapl.lagoadaprata.mg.leg.br/media/sapl/public/materialegislativa/2021/6465/projeto_de_resolucao_no_001-2021_-_mesa_diretora_-_revisao_empregados_camara_1.pdf", "ementa": "Revisa os Valores dos Vencimentos dos Empregados P\u00fablicos da C\u00e2mara Municipal de Lagoa da Prata, nos termos do Inciso X do Artigo 37 da CR/1988 e da Lei Municipal n\u00ba 2.198/2014."}, {"id": "6466", "ano": "2021", "numero": "2", "tipo__sigla": "PR", "tipo__descricao": "Projeto de Resolu\u00e7\u00e3o", "autoria": "Carol Castro", "texto_original": "http://sapl.lagoadaprata.mg.leg.br/media/sapl/public/materialegislativa/2021/6466/projeto_de_resolucao_no_002-2021_-_mesa_diretora_-_altera_horario_reuniao_ordinaria.pdf", "ementa": "Altera a Resolu\u00e7\u00e3o n\u00ba 462/2004 \u2013 Regimento Interno da C\u00e2mara Municipal."}, {"id": "6824", "ano": "2021", "numero": "5", "tipo__sigla": "PR", "tipo__descricao": "Projeto de Resolu\u00e7\u00e3o", "autoria": "", "texto_original": "http://sapl.lagoadaprata.mg.leg.br/media/sapl/public/materialegislativa/2021/6824/projeto_de_resolucao_no_005-2021_-_mesa_diretora_-_referenda_orcamento_camara_2022.pdf", "ementa": "\u201cREFERENDA DESPESA PARA O OR\u00c7AMENTO DA C\u00c2MARA MUNICIPAL DE LAGOA DA PRATA PARA O EXERC\u00cdCIO DE 2022\u201d."}, {"id": "6864", "ano": "2021", "numero": "6", "tipo__sigla": "PR", "tipo__descricao": "Projeto de Resolu\u00e7\u00e3o", "autoria": "Carol Castro, Cici, Hermano Fof\u00e3o, Leandro Bibiano, Lisa Miranda, Pavio, Sargento Washington, Soninha, Toninho da Laje", "texto_original": "http://sapl.lagoadaprata.mg.leg.br/media/sapl/public/materialegislativa/2021/6864/projeto_de_resolucao_no_006-2021_-_todos_vereadores_-_nova_tribuna_popular.pdf", "ementa": "Institui a Tribuna Popular e a Participa\u00e7\u00e3o dos Cidad\u00e3os nos trabalhos das Comiss\u00f5es da C\u00e2mara Municipal."}, {"id": "6865", "ano": "2021", "numero": "7", "tipo__sigla": "PR", "tipo__descricao": "Projeto de Resolu\u00e7\u00e3o", "autoria": "", "texto_original": "http://sapl.lagoadaprata.mg.leg.br/media/sapl/public/materialegislativa/2021/6865/projeto_de_resolucao_no_007-2021_-_vereadores_-_altera_regimento_interno.pdf", "ementa": "Altera o Regimento Interno da C\u00e2mara Municipal de Lagoa da Prata."}, {"id": "6917", "ano": "2021", "numero": "8", "tipo__sigla": "PR", "tipo__descricao": "Projeto de Resolu\u00e7\u00e3o", "autoria": "Carol Castro", "texto_original": "http://sapl.lagoadaprata.mg.leg.br/media/sapl/public/materialegislativa/2021/6917/projeto_de_resolucao_no_008-2021_-_cidadao_reginaldo_lopes_-_carol.pdf", "ementa": "Concede T\u00edtulo de Cidad\u00e3o Honor\u00e1rio a Reginaldo L\u00e1zaro de Oliveira Lopes."}, {"id": "6918", "ano": "2021", "numero": "9", "tipo__sigla": "PR", "tipo__descricao": "Projeto de Resolu\u00e7\u00e3o", "autoria": "Hermano Fof\u00e3o", "texto_original": "http://sapl.lagoadaprata.mg.leg.br/media/sapl/public/materialegislativa/2021/6918/projeto_de_resolucao_no_009-2021_-_miro_cidadao_-_hermano.pdf", "ementa": "Concede T\u00edtulo de Cidad\u00e3o Honor\u00e1rio a Waldemiro Azeredo Teixeira."}, {"id": "6919", "ano": "2021", "numero": "10", "tipo__sigla": "PR", "tipo__descricao": "Projeto de Resolu\u00e7\u00e3o", "autoria": "Toninho da Laje", "texto_original": "http://sapl.lagoadaprata.mg.leg.br/media/sapl/public/materialegislativa/2021/6919/projeto_de_resolucao_no_010-2021_-_tenente_coronel_elias_cidadao_-_toninho.pdf", "ementa": "Concede T\u00edtulo de Cidad\u00e3o Honor\u00e1rio ao Tenente Coronel Geraldo Elias de Ara\u00fajo."}, {"id": "6920", "ano": "2021", "numero": "11", "tipo__sigla": "PR", "tipo__descricao": "Projeto de Resolu\u00e7\u00e3o", "autoria": "Cici", "texto_original": "http://sapl.lagoadaprata.mg.leg.br/media/sapl/public/materialegislativa/2021/6920/projeto_de_resolucao_no_011-2021_-_vania_cidada_-_cici.pdf", "ementa": "Concede T\u00edtulo de Cidad\u00e3 Honor\u00e1ria a V\u00e2nia Maria Antunes Pereira Fabri Dias."}, {"id": "6921", "ano": "2021", "numero": "12", "tipo__sigla": "PR", "tipo__descricao": "Projeto de Resolu\u00e7\u00e3o", "autoria": "Soninha", "texto_original": "http://sapl.lagoadaprata.mg.leg.br/media/sapl/public/materialegislativa/2021/6921/projeto_de_resolucao_no_012-2021_-_cidadao_juliomar_-_soninha.pdf", "ementa": "Concede T\u00edtulo de Cidad\u00e3o Honor\u00e1rio a Juliomar Geraldo Dias."}, {"id": "6922", "ano": "2021", "numero": "13", "tipo__sigla": "PR", "tipo__descricao": "Projeto de Resolu\u00e7\u00e3o", "autoria": "Lisa Miranda", "texto_original": "http://sapl.lagoadaprata.mg.leg.br/media/sapl/public/materialegislativa/2021/6922/projeto_de_resolucao_no_013-2021_-_renato_-_cidadao_-_lisa_miranda.pdf", "ementa": "Concede T\u00edtulo de Cidad\u00e3o Honor\u00e1rio a Renato Vidal de Oliveira."}, {"id": "6923", "ano": "2021", "numero": "14", "tipo__sigla": "PR", "tipo__descricao": "Projeto de Resolu\u00e7\u00e3o", "autoria": "Sargento Washington", "texto_original": "http://sapl.lagoadaprata.mg.leg.br/media/sapl/public/materialegislativa/2021/6923/projeto_de_resolucao_no_014-2021_-_ten_luciano_-_cidadao_-_sarg_washington.pdf", "ementa": "Concede T\u00edtulo de Cidad\u00e3o Honor\u00e1rio ao Tenente PM Luciano Couto."}, {"id": "6924", "ano": "2021", "numero": "15", "tipo__sigla": "PR", "tipo__descricao": "Projeto de Resolu\u00e7\u00e3o", "autoria": "Leandro Bibiano", "texto_original": "http://sapl.lagoadaprata.mg.leg.br/media/sapl/public/materialegislativa/2021/6924/projeto_de_resolucao_no_015-2021_-_santiago_-_cidadao_-_leandro.pdf", "ementa": "Concede T\u00edtulo de Cidad\u00e3o Honor\u00e1rio a Santiago dos Reis Silva."}, {"id": "6925", "ano": "2021", "numero": "16", "tipo__sigla": "PR", "tipo__descricao": "Projeto de Resolu\u00e7\u00e3o", "autoria": "Pavio", "texto_original": "http://sapl.lagoadaprata.mg.leg.br/media/sapl/public/materialegislativa/2021/6925/projeto_de_resolucao_no_016-2021_-_cidada_-_debora_-_pavio.pdf", "ementa": "Concede T\u00edtulo de Cidad\u00e3 Honor\u00e1ria a D\u00e9bora Pereira Silva Ramalho."}, {"id": "6926", "ano": "2021", "numero": "17", "tipo__sigla": "PR", "tipo__descricao": "Projeto de Resolu\u00e7\u00e3o", "autoria": "Carol Castro, Cici, Lisa Miranda", "texto_original": "http://sapl.lagoadaprata.mg.leg.br/media/sapl/public/materialegislativa/2021/6926/projeto_de_resolucao_no_017-2021_-_ilidio_de_carvalho_-_elza.pdf", "ementa": "Concede a Medalha Il\u00eddio de Carvalho a Elza Maria da Silva Brito."}, {"id": "6823", "ano": "2021", "numero": "1", "tipo__sigla": "P-LOM", "tipo__descricao": "Proposta de Emenda LOM", "autoria": "", "texto_original": "http://sapl.lagoadaprata.mg.leg.br/media/sapl/public/materialegislativa/2021/6823/proposta_de_emenda_a_lom_no_01-2021.pdf", "ementa": "\u201cALTERA DISPOSITIVOS DA LEI ORG\u00c2NICA DO MUNIC\u00cdPIO DE LAGOA DA PRATA\u201d."}, {"id": "6439", "ano": "2021", "numero": "1", "tipo__sigla": "REQ", "tipo__descricao": "Requerimento", "autoria": "Carol Castro", "texto_original": "http://sapl.lagoadaprata.mg.leg.br/media/sapl/public/materialegislativa/2021/6439/requerimento_001-2021_-_todos_vereadores.pdf", "ementa": "Os Vereadores infra-assinados, na forma do Par\u00e1grafo 11 do Artigo 123 do Regimento Interno, requerem a Vossa Excel\u00eancia, consultado o Plen\u00e1rio, que a Sess\u00e3o Solene de Posse do Prefeito e do Vice-Prefeito eleitos para o mandato de 2021 a 2024, seja realizada nesta data, \u00e0s 11:30 horas, no Plen\u00e1rio Jo\u00e3o Rocha de Oliveira."}, {"id": "6440", "ano": "2021", "numero": "2", "tipo__sigla": "REQ", "tipo__descricao": "Requerimento", "autoria": "Lisa Miranda", "texto_original": "http://sapl.lagoadaprata.mg.leg.br/media/sapl/public/materialegislativa/2021/6440/requerimento_002-2021_-_lisa_-_vans__11-01.pdf", "ementa": "A Vereadora infra-assinada, na forma regimental e consultado o Plen\u00e1rio, requer a Vossa Excel\u00eancia que envie of\u00edcio ao Chefe do Poder Executivo Municipal encaminhando o presente Requerimento, que solicita ao Secret\u00e1rio de Administra\u00e7\u00e3o e Governo, Lucas Rafael Gontijo de Melo, bem como \u00e0 Secret\u00e1ria de Sa\u00fade, Margarete Borges de Lacerda Dias, que informem a esta Casa se h\u00e1 possibilidade de se disponibilizar 02 Vans para o transporte dos pacientes da oncologia que fazem tratamento na ACCCOM de Divin\u00f3polis, no sentido de minimizar o sacrif\u00edcio por causa do hor\u00e1rio de sa\u00edda e o tempo de espera."}, {"id": "6441", "ano": "2021", "numero": "3", "tipo__sigla": "REQ", "tipo__descricao": "Requerimento", "autoria": "Leandro Bibiano", "texto_original": "http://sapl.lagoadaprata.mg.leg.br/media/sapl/public/materialegislativa/2021/6441/requerimento_003-2021_-_leandro_-_mao_unica_11-01_1.pdf", "ementa": "O Vereador infra-assinado, na forma regimental, requer a Vossa Excel\u00eancia, consultado o Plen\u00e1rio, seja enviado of\u00edcio ao Chefe do Poder Executivo Municipal encaminhando o presente Requerimento, que solicita ao Secret\u00e1rio de Administra\u00e7\u00e3o e Governo, Lucas Rafael Gontijo de Melo, que informe a esta Casa se h\u00e1 possibilidade de se implantar tr\u00e1fego de m\u00e3o \u00fanica na Rua Almirante Tamandar\u00e9, com sentido bairro Gomes / bairro Mar\u00edlia, e em contrapartida, a rua Josaf\u00e1 Bernardes se tornaria m\u00e3o \u00fanica no sentido bairro Nossa Senhora das Gra\u00e7as / bairro Gomes, bem como implantar estacionamento 45\u00ba (quarenta e cinco graus) do lado direito das referidas vias p\u00fablicas."}, {"id": "6442", "ano": "2021", "numero": "4", "tipo__sigla": "REQ", "tipo__descricao": "Requerimento", "autoria": "Sargento Washington", "texto_original": "http://sapl.lagoadaprata.mg.leg.br/media/sapl/public/materialegislativa/2021/6442/requerimento_004-2021_-_sargento_washington_-_creche_embare__11-01.pdf", "ementa": "O Vereador infra-assinado, na forma regimental e consultado o Plen\u00e1rio, requer a Vossa Excel\u00eancia que seja enviado ao Chefe do Poder Executivo Municipal of\u00edcio             encaminhando o presente Requerimento, solicitando ao Secret\u00e1rio de Administra\u00e7\u00e3o e         Governo, Lucas Rafael Gontijo de Melo, bem como \u00e0 Secret\u00e1ria de Educa\u00e7\u00e3o, Adriana      Aparecida Ferreira, com c\u00f3pia \u00e0 Funda\u00e7\u00e3o Embar\u00e9, que apresentem \u00e0 C\u00e2mara Municipal,    informa\u00e7\u00f5es sobre os motivos do encerramento das atividades do Centro de Educa\u00e7\u00e3o Infantil Arlette Antunes."}, {"id": "6443", "ano": "2021", "numero": "5", "tipo__sigla": "REQ", "tipo__descricao": "Requerimento", "autoria": "Toninho da Laje", "texto_original": "http://sapl.lagoadaprata.mg.leg.br/media/sapl/public/materialegislativa/2021/6443/requerimento_005-2021_-_toninho_da_laje_-_instalacao_de_cameras__11-01.pdf", "ementa": "O Vereador infra-assinado, na forma regimental e consultado o Plen\u00e1rio, requer a Vossa Excel\u00eancia que seja enviado ao Chefe do Poder Executivo Municipal of\u00edcio             encaminhando o presente Requerimento, solicitando ao Secret\u00e1rio de Administra\u00e7\u00e3o e         Governo, Lucas Rafael Gontijo de Melo, que informe a esta Casa se h\u00e1 possibilidade de se instalar c\u00e2mera de seguran\u00e7a (Sistema Olho Vivo) com C\u00e2mera LPR, em pontos estrat\u00e9gicos a serem definidos pela Pol\u00edcia Militar e Guarda Civil Municipal, em especial nas entradas do munic\u00edpio."}, {"id": "6444", "ano": "2021", "numero": "6", "tipo__sigla": "REQ", "tipo__descricao": "Requerimento", "autoria": "Soninha", "texto_original": "http://sapl.lagoadaprata.mg.leg.br/media/sapl/public/materialegislativa/2021/6444/requerimento_006-2021_-_soninha_-_alimentacao_na_upa_11-01.pdf", "ementa": "A Vereadora infra-assinada, na forma regimental, requerer a Vossa Excel\u00eancia,        consultado o Plen\u00e1rio, que seja enviado of\u00edcio ao Chefe do Poder Executivo Municipal,       encaminhando o presente Requerimento, que solicita \u00e0 Secret\u00e1ria Municipal de Sa\u00fade,       Margarete Borges de Lacerda Dias, bem como ao Secret\u00e1rio de Administra\u00e7\u00e3o e Governo,   Lucas Rafael Gontijo de Melo, que informem a esta Casa Legislativa se h\u00e1 possibilidade de fornecer alimenta\u00e7\u00e3o no local de trabalho, custeada exclusivamente pelo munic\u00edpio, podendo ser utilizado marmitex ou cong\u00eanere, aos servidores p\u00fabicos que exercem suas atribui\u00e7\u00f5es na Unidade do Pronto Atendimento \u2013 UPA, cumprindo jornada de trabalho na escala 12x36 (doze por trinta e seis horas)."}, {"id": "6450", "ano": "2021", "numero": "7", "tipo__sigla": "REQ", "tipo__descricao": "Requerimento", "autoria": "Hermano Fof\u00e3o", "texto_original": "http://sapl.lagoadaprata.mg.leg.br/media/sapl/public/materialegislativa/2021/6450/requerimento_007-2021_-_hermano_-_redutor_velocidade_18-01.pdf", "ementa": "O Vereador infra-assinado, na forma regimental, requer a Vossa Excel\u00eancia, consultado o Plen\u00e1rio, seja enviado of\u00edcio ao Diretor do Departamento de Edifica\u00e7\u00f5es e Estradas de Rodagem de Minas Gerais \u2013 DER-MG, bem como ao Coordenador da Regional da 20\u00aa (Vig\u00e9sima) Unidade do DER-MG, em Formiga/MG, solicitando que informem a esta Casa, se h\u00e1 possibilidade de se instalar redutores de velocidade do tipo lombada, na Rodovia MG-429, sendo um antes e o outro depois do acesso ao Distrito de Martins Guimar\u00e3es, localizado no Munic\u00edpio de Lagoa da Prata.\r\n\r\n\tNo ensejo, solicita ao DER-MG informa\u00e7\u00f5es a respeito da exist\u00eancia de algum estudo pr\u00e9vio sobre a inten\u00e7\u00e3o, viabilidade e implanta\u00e7\u00e3o de um trevo de acesso ao Distrito de Martins Guimar\u00e3es."}, {"id": "6451", "ano": "2021", "numero": "8", "tipo__sigla": "REQ", "tipo__descricao": "Requerimento", "autoria": "Lisa Miranda", "texto_original": "http://sapl.lagoadaprata.mg.leg.br/media/sapl/public/materialegislativa/2021/6451/requerimento_008-2021_-_lisa_-_construcao_ubs_chico_miranda_18-01.pdf", "ementa": "A Vereadora infra-assinada, na forma regimental, requer a Vossa Excel\u00eancia, consultado o Plen\u00e1rio, que seja enviado of\u00edcio ao Chefe do Poder Executivo Municipal, encaminhando o presente Requerimento, que solicita \u00e0 Secret\u00e1ria Municipal de Sa\u00fade que informe aos Vereadores e \u00e0 popula\u00e7\u00e3o de Lagoa da Prata sobre a possibilidade de melhoramento estrutural, ou ainda, da constru\u00e7\u00e3o de uma sede pr\u00f3pria para a Unidade B\u00e1sica de Sa\u00fade do bairro Chico Miranda."}, {"id": "6452", "ano": "2021", "numero": "9", "tipo__sigla": "REQ", "tipo__descricao": "Requerimento", "autoria": "Carol Castro", "texto_original": "http://sapl.lagoadaprata.mg.leg.br/media/sapl/public/materialegislativa/2021/6452/requerimento_009-2021_-_carol_-_limpeza_de_lote_18-01.pdf", "ementa": "A Vereadora infra-assinada, na forma regimental e consultado o Plen\u00e1rio, requer a Vossa Excel\u00eancia que seja enviado ao Chefe do Poder Executivo Municipal of\u00edcio                 encaminhando o presente Requerimento, solicitando ao Secret\u00e1rio de Administra\u00e7\u00e3o e Governo, Lucas Rafael Gontijo de Melo, bem como ao Chefe do Setor de Tributa\u00e7\u00e3o, Fiscaliza\u00e7\u00e3o e    Cadastro, que informem quais medidas v\u00eam sendo adotadas para o cumprimento das              disposi\u00e7\u00f5es da Lei Complementar Municipal n\u00ba 87/2010, que obriga propriet\u00e1rio de lotes,       inclusive o Munic\u00edpio, a fechar, limpar e de construir cal\u00e7ada \u00e0 sua frente."}, {"id": "6453", "ano": "2021", "numero": "10", "tipo__sigla": "REQ", "tipo__descricao": "Requerimento", "autoria": "Cici", "texto_original": "http://sapl.lagoadaprata.mg.leg.br/media/sapl/public/materialegislativa/2021/6453/requerimento_010-2021_-_cici_-_sinal_de_tv_aberta_18-01_1.pdf", "ementa": "O Vereador infra-assinado, na forma regimental e consultado o Plen\u00e1rio, requer a Vossa Excel\u00eancia que seja enviado of\u00edcio ao Chefe do Poder Executivo Municipal encaminhando o presente Requerimento, solicitando ao Secret\u00e1rio de Administra\u00e7\u00e3o e        Governo, Lucas Rafael Gontijo de Melo, que informe a esta Casa se h\u00e1 possibilidade de se tomar provid\u00eancias para a melhoria da qualidade do sinal da \u201cTV ABERTA\u201d e se h\u00e1 previs\u00e3o para a instala\u00e7\u00e3o do sinal digital em nosso munic\u00edpio.\r\n \r\n\t\tQue informe ainda, quem \u00e9 o t\u00e9cnico ou empresa respons\u00e1vel pela manuten\u00e7\u00e3o dos equipamentos receptores e transmissores dos sinais de TV em nosso munic\u00edpio."}, {"id": "6454", "ano": "2021", "numero": "11", "tipo__sigla": "REQ", "tipo__descricao": "Requerimento", "autoria": "Leandro Bibiano", "texto_original": "http://sapl.lagoadaprata.mg.leg.br/media/sapl/public/materialegislativa/2021/6454/requerimento_011-2021_-_leandro_bibiano_-_rotatoria_18-01_1.pdf", "ementa": "O Vereador infra-assinado, na forma regimental, requer a Vossa Excel\u00eancia, consultado o Plen\u00e1rio, seja enviado of\u00edcio ao Chefe do Poder Executivo Municipal, encaminhando o presente Requerimento que solicita ao Ilustre Secret\u00e1rio de Administra\u00e7\u00e3o e Governo, Lucas Rafael Gontijo de Melo, bem como ao Ilustre Secret\u00e1rio de Obras, Reginaldo Henrique Santos, que informem a esta Casa se h\u00e1 possibilidade de se colocar uma rotat\u00f3ria no encontro das Ruas Eurico dos Santos Ribeiro e Rua Manaus, em frente ao n\u00famero 1.011, no Bairro Mar\u00edlia, nesta cidade."}, {"id": "6455", "ano": "2021", "numero": "12", "tipo__sigla": "REQ", "tipo__descricao": "Requerimento", "autoria": "Soninha", "texto_original": "http://sapl.lagoadaprata.mg.leg.br/media/sapl/public/materialegislativa/2021/6455/requerimento_012-2021_-_soninha_-_mudanca_de_horario_farmacia_18-01_2.pdf", "ementa": "A Vereadora infra-assinada, na forma regimental e consultado o Plen\u00e1rio, requer a Vossa Excel\u00eancia que se envie of\u00edcio ao Chefe do Poder Executivo Municipal encaminhando o presente Requerimento, que solicita \u00e0 Secret\u00e1ria Municipal de Sa\u00fade, Margarete Borges de Lacerda Dias, bem como ao Secret\u00e1rio de Administra\u00e7\u00e3o e Governo, Lucas Rafael Gontijo de Melo, que informem a esta Casa se h\u00e1 possibilidade de se mudar o hor\u00e1rio de atendimento da Farm\u00e1cia Municipal, de forma que seja feito tamb\u00e9m na parte da manh\u00e3, realizando um revezamento entre os servidores que trabalham no local enquanto perdurar a Pandemia do Coronav\u00edrus."}, {"id": "6456", "ano": "2021", "numero": "13", "tipo__sigla": "REQ", "tipo__descricao": "Requerimento", "autoria": "Toninho da Laje", "texto_original": "http://sapl.lagoadaprata.mg.leg.br/media/sapl/public/materialegislativa/2021/6456/requerimento_013-2021_-_toninho_da_laje_-_sinalizacao_de_transito_18-01_1.pdf", "ementa": "O Vereador infra-assinado, na forma regimental e consultado o Plen\u00e1rio, requer a Vossa Excel\u00eancia que seja enviado ao Chefe do Poder Executivo Municipal of\u00edcio             encaminhando o presente Requerimento, solicitando ao Secret\u00e1rio de Administra\u00e7\u00e3o e        Governo, Lucas Rafael Gontijo de Melo, que informe se h\u00e1 possibilidade de se contratar, o mais breve poss\u00edvel, empresa para realizar a reforma, manuten\u00e7\u00e3o e melhorias na sinaliza\u00e7\u00e3o horizontal e vertical de tr\u00e2nsito nas vias p\u00fablicas do munic\u00edpio."}, {"id": "6457", "ano": "2021", "numero": "14", "tipo__sigla": "REQ", "tipo__descricao": "Requerimento", "autoria": "Pavio", "texto_original": "http://sapl.lagoadaprata.mg.leg.br/media/sapl/public/materialegislativa/2021/6457/requerimento_014-2021_-_pavio_-_reforma_estradas_mirandas_18-01_1.pdf", "ementa": "O Vereador infra-assinado, na forma regimental, requer a Vossa Excel\u00eancia, consultado o Plen\u00e1rio, seja enviado of\u00edcio ao Chefe do Poder Executivo Municipal encaminhando o presente Requerimento, que solicita ao Secret\u00e1rio de Obras e Urbanismo, Sr. Reginaldo Henrique Santos, que informe a esta Casa se h\u00e1 possibilidade de se realizar interven\u00e7\u00f5es ou passar a m\u00e1quina patrol visando melhorar as condi\u00e7\u00f5es do piso da estrada vicinal, bem como a troca das manilhas que fazem a capta\u00e7\u00e3o de \u00e1guas pluviais, nas proximidades do \u201cQueima Rancho\u201d, que d\u00e1 acesso \u00e0 Comunidade dos Mirandas, situada na zona rural neste Munic\u00edpio."}, {"id": "6458", "ano": "2021", "numero": "15", "tipo__sigla": "REQ", "tipo__descricao": "Requerimento", "autoria": "Hermano Fof\u00e3o, Soninha", "texto_original": "http://sapl.lagoadaprata.mg.leg.br/media/sapl/public/materialegislativa/2021/6458/requerimento_015-2021_-_hermano_e_soninha_-_adiamento_discussao_e_votacao_21-01.pdf", "ementa": "Servimo-nos do presente, com fulcro no Artigo 164 do Regimento Interno desta Casa, para requerer o adiamento da discuss\u00e3o e vota\u00e7\u00e3o do Projeto de Lei CM n\u00ba 1/2021, que  \u201cRevisa os Valores dos Subs\u00eddios dos Agentes Pol\u00edticos do Munic\u00edpio de Lagoa da Prata\u201d, que se daria na Reuni\u00e3o Ordin\u00e1ria de hoje."}, {"id": "6468", "ano": "2021", "numero": "16", "tipo__sigla": "REQ", "tipo__descricao": "Requerimento", "autoria": "Carol Castro, Cici, Hermano Fof\u00e3o, Leandro Bibiano, Lisa Miranda, Pavio, Sargento Washington, Soninha, Toninho da Laje", "texto_original": "http://sapl.lagoadaprata.mg.leg.br/media/sapl/public/materialegislativa/2021/6468/requerimento_016-2021_-_todos_-_medalha_25-01.pdf", "ementa": "Os Vereadores infra-assinados, nos termos do Artigo 3\u00ba da Resolu\u00e7\u00e3o desta Casa de n\u00ba 495/2005, que \u201cCria a Medalha de Honra ao M\u00e9rito Feminino Osmari Clarinda de Oliveira e cont\u00e9m outras provid\u00eancias\u201d, alterada pela Resolu\u00e7\u00e3o n\u00ba 587/2009, v\u00eam apresentar os nomes das mulheres a serem agraciadas com a referida comenda para aprova\u00e7\u00e3o do Plen\u00e1rio.\r\n\r\n \t\tAs homenageadas ser\u00e3o as seguintes mulheres:\r\n\t\tD\u00c9BORA PEREIRA DA SILVA RAMALHO \u2013 indicada pelo Vereador Hermano Fof\u00e3o;\r\n\t\tEUNICE PEREIRA \u2013 indicada pela Vereadora Carol Castro;\r\n\t\tFRANCISCA ESTERLINA DE ASSIS \u2013 indicada pelo Vereador Leandro Bibiano;\r\n\t\tJOANA DARCK FLOR\u00caNCIO \u2013 indicada pela Vereadora Soninha;\r\n\t\tLUZIA TAVARES DE REZENDE \u2013 indicada pelo Vereador Cici;\r\n\t\tMARIA DO ROS\u00c1RIO DE F\u00c1TIMA BESSAS \u2013 indicada pela Vereadora Lisa Miranda; \r\n\t\tTERESINHA SILVEIRA SANTOS CASTRO \u2013 indicada pelo Vereador Toninho da Laje;\r\n\t\tVILMA APARECIDA DE MELO \u2013 indicada pelo Vereador Sargento Washington;\r\n\t\tZITA CONCEI\u00c7\u00c3O REZENDE \u2013 indicada pelo Vereador Pavio."}, {"id": "6469", "ano": "2021", "numero": "17", "tipo__sigla": "REQ", "tipo__descricao": "Requerimento", "autoria": "Toninho da Laje", "texto_original": "http://sapl.lagoadaprata.mg.leg.br/media/sapl/public/materialegislativa/2021/6469/requerimento_017-2021_-_toninho_da_laje_-_sinalizar_cruzamento_25-01.pdf", "ementa": "O Vereador infra-assinado, na forma regimental e consultado o Plen\u00e1rio, requer a Vossa Excel\u00eancia que seja enviado ao Chefe do Poder Executivo Municipal of\u00edcio             encaminhando o presente Requerimento, solicitando ao Secret\u00e1rio de Administra\u00e7\u00e3o e        Governo, Lucas Rafael Gontijo de Melo e ao Secret\u00e1rio de Obras e Urbanismo, Sr. Reginaldo Henrique Santos, que informem a esta Casa se h\u00e1 possibilidade de se sinalizar e colocar       redutores de velocidade, bem como de se organizar o tr\u00e1fego no cruzamento da Rua Rio Grande do Sul com Avenida Vereador Dr. Antenor Chagas Madeira e Avenida Dona            Alexandrina, no Bairro Santa Helena, nesta cidade."}, {"id": "6470", "ano": "2021", "numero": "18", "tipo__sigla": "REQ", "tipo__descricao": "Requerimento", "autoria": "Leandro Bibiano", "texto_original": "http://sapl.lagoadaprata.mg.leg.br/media/sapl/public/materialegislativa/2021/6470/requerimento_018-2021_-_leandro_-_pedido_de_cacambas_25-01.pdf", "ementa": "O Vereador infra-assinado, na forma regimental, requer a Vossa Excel\u00eancia, consultado o Plen\u00e1rio, seja enviado of\u00edcio ao Chefe do Poder Executivo Municipal,  encaminhando o presente Requerimento que solicita ao Secret\u00e1rio de Administra\u00e7\u00e3o e Governo, Lucas Rafael Gontijo de Melo, que informe a esta Casa se h\u00e1 possibilidade de se colocar ca\u00e7ambas nas entradas e sa\u00eddas da cidade, em algumas vias p\u00fablicas, nos pontos estrat\u00e9gicos definidos abaixo, na MG-170 e MG-429."}, {"id": "6471", "ano": "2021", "numero": "19", "tipo__sigla": "REQ", "tipo__descricao": "Requerimento", "autoria": "Cici", "texto_original": "http://sapl.lagoadaprata.mg.leg.br/media/sapl/public/materialegislativa/2021/6471/requerimento_019-2021_-_cici_-_ponte_lagoa_-_luz_-_der-mg_25-01.pdf", "ementa": "O Vereador infra-assinado, na forma regimental, requer a Vossa Excel\u00eancia, consultado o Plen\u00e1rio, que seja enviado of\u00edcio ao Diretor do Departamento de Edifica\u00e7\u00f5es e Estradas de Rodagem de Minas Gerais \u2013 DER-MG, bem como ao Coordenador da Regional da 20\u00aa (Vig\u00e9sima) Unidade do DER-MG, em Formiga/MG, solicitando que, em especial favor, enviem profissional competente para avaliar as condi\u00e7\u00f5es da Ponte sobre o Rio S\u00e3o Francisco, que liga as cidades de Lagoa da Prata a Luz, o mais urgente poss\u00edvel."}, {"id": "6472", "ano": "2021", "numero": "20", "tipo__sigla": "REQ", "tipo__descricao": "Requerimento", "autoria": "Soninha", "texto_original": "http://sapl.lagoadaprata.mg.leg.br/media/sapl/public/materialegislativa/2021/6472/requerimento_020-2021_-_soninha_-_rotatoria_25-01.pdf", "ementa": "A Vereadora infra-assinada, na forma regimental, requer a Vossa Excel\u00eancia, consultado o Plen\u00e1rio, que seja enviado of\u00edcio ao Chefe do Poder Executivo Municipal, encaminhando o presente Requerimento que solicita ao Secret\u00e1rio de Administra\u00e7\u00e3o e Governo, Lucas Rafael Gontijo de Melo, bem como ao Secret\u00e1rio de Obras e Urbanismo, Reginaldo Henrique Santos, que informem a esta Casa se h\u00e1 possibilidade de se colocar uma rotat\u00f3ria no encontro da Rua Dr. Alexandrino com a Av. Dona Rosa Maciel, em frente ao n\u00famero 333, no Bairro Santa Helena, nesta cidade."}, {"id": "6473", "ano": "2021", "numero": "21", "tipo__sigla": "REQ", "tipo__descricao": "Requerimento", "autoria": "Sargento Washington", "texto_original": "http://sapl.lagoadaprata.mg.leg.br/media/sapl/public/materialegislativa/2021/6473/requerimento_021-2021_-_sargento_washington_-_gastos_com_a_justica_do_trabalho_25-01.pdf", "ementa": "O Vereador infra-assinado, na forma regimental e consultado o Plen\u00e1rio, requer a Vossa Excel\u00eancia que seja enviado ao Chefe do Poder Executivo Municipal, of\u00edcio encaminhando o presente Requerimento que solicita \u00e0 Procuradoria do Munic\u00edpio que informe a esta Casa, sobre a possibilidade de se realizar um estudo de refer\u00eancia relativo \u00e0 quantidade de processos que tramitam na Justi\u00e7a do Trabalho, onde o Munic\u00edpio de Lagoa da Prata \u00e9 r\u00e9u na a\u00e7\u00e3o, bem como a viabilidade de se fornecer uma estimativa das custas processuais, possibilitando o c\u00e1lculo m\u00e9dio do impacto dessas demandas aos cofres p\u00fablicos."}, {"id": "6474", "ano": "2021", "numero": "22", "tipo__sigla": "REQ", "tipo__descricao": "Requerimento", "autoria": "Carol Castro", "texto_original": "http://sapl.lagoadaprata.mg.leg.br/media/sapl/public/materialegislativa/2021/6474/requerimento_022-2021_-_carol_-_transporte_publico_25-01.pdf", "ementa": "A Vereadora infra-assinada, na forma regimental e consultado o Plen\u00e1rio, requer a Vossa Excel\u00eancia que seja enviado ao Chefe do Poder Executivo Municipal of\u00edcio               encaminhando o presente Requerimento, que solicita ao Secret\u00e1rio de Administra\u00e7\u00e3o e          Governo, que informe a esta Casa, se h\u00e1 possibilidade de realizar-se um estudo detalhado a    respeito dos custos do transporte coletivo p\u00fablico local, bem como a viabilidade de conceder-se subs\u00eddio \u00e0(s) empresa(s) concession\u00e1ria(s) do servi\u00e7o."}, {"id": "6475", "ano": "2021", "numero": "23", "tipo__sigla": "REQ", "tipo__descricao": "Requerimento", "autoria": "Hermano Fof\u00e3o, Carol Castro, Soninha", "texto_original": "http://sapl.lagoadaprata.mg.leg.br/media/sapl/public/materialegislativa/2021/6475/requerimento_023-2021_-_hermano_-_carol_e_soninha_-_retirada_de_projeto_25-01.pdf", "ementa": "Servimo-nos do presente, com fulcro no \u00a7 2\u00ba do Art. 88 do Regimento Interno desta Casa, para requerer a retirada de tramita\u00e7\u00e3o do Projeto de Lei CM n\u00ba 1/2021 que  \u201cRevisa os Valores dos Subs\u00eddios dos Agentes Pol\u00edticos do Munic\u00edpio de Lagoa da Prata.\u201d\r\n\t\t\r\n\t\tDeferido o Requerimento, que seja o referido Projeto de Lei encaminhado ao arquivo."}, {"id": "6486", "ano": "2021", "numero": "24", "tipo__sigla": "REQ", "tipo__descricao": "Requerimento", "autoria": "Lisa Miranda", "texto_original": "http://sapl.lagoadaprata.mg.leg.br/media/sapl/public/materialegislativa/2021/6486/requerimento_024-2021_-_lisa_-_inundacoes_bairro_gomes_01-02.pdf", "ementa": "A Vereadora infra-assinada, na forma regimental e consultado o Plen\u00e1rio, requer a Vossa Excel\u00eancia que seja enviado of\u00edcio ao Diretor do Servi\u00e7o Aut\u00f4nomo de \u00c1gua e Esgoto de Lagoa da Prata - SAAE-LP, Sr. Edmilson Jos\u00e9 da Lage, solicitando que informe a esta Casa se h\u00e1 previs\u00e3o para a execu\u00e7\u00e3o das obras de drenagem pluvial na Travessa Zino Gomes, no Bairro Gomes, nesta cidade."}, {"id": "6487", "ano": "2021", "numero": "25", "tipo__sigla": "REQ", "tipo__descricao": "Requerimento", "autoria": "Leandro Bibiano", "texto_original": "http://sapl.lagoadaprata.mg.leg.br/media/sapl/public/materialegislativa/2021/6487/requerimento_025-2021_-_leandro_-_recapeamento_almirante_t_-_01-02.pdf", "ementa": "O Vereador infra-assinado, na forma regimental, requer a Vossa Excel\u00eancia, consultado o Plen\u00e1rio, que seja enviado of\u00edcio ao Chefe do Poder Executivo Municipal, encaminhando o presente Requerimento que solicita ao Secret\u00e1rio de Administra\u00e7\u00e3o e Governo, Lucas Rafael Gontijo de Melo, bem como ao Secret\u00e1rio de Obras e Urbanismo, Reginaldo Henrique Santos, que informem a esta Casa se h\u00e1 possibilidade de se recapear o piso da Rua Almirante Tamandar\u00e9, no trecho compreendido entre a Rua Joaquim Gomes Pereira e a Rua Homero de Castro, no bairro Gomes, nesta cidade."}, {"id": "6488", "ano": "2021", "numero": "26", "tipo__sigla": "REQ", "tipo__descricao": "Requerimento", "autoria": "Toninho da Laje", "texto_original": "http://sapl.lagoadaprata.mg.leg.br/media/sapl/public/materialegislativa/2021/6488/requerimento_026-2021_-_toninho_da_laje_-_possibilidade_de_medico_para_o_sos_01-02.pdf", "ementa": "O Vereador infra-assinado, na forma regimental, requer a Vossa Excel\u00eancia, consultado o Plen\u00e1rio, que seja enviado of\u00edcio ao Chefe do Poder Executivo Municipal encaminhando o presente Requerimento que solicita \u00e0 Secret\u00e1ria de Sa\u00fade, Sra. Margarete Borges de Lacerda Dias, que informe a esta Casa se h\u00e1 possibilidade da cess\u00e3o de um m\u00e9dico ao Servi\u00e7o de Obras Sociais \u2013 SOS - de Lagoa da Prata, para presta\u00e7\u00e3o de servi\u00e7os e atendimentos realizados em per\u00edodos de necessidade, e ainda, se poss\u00edvel, que estas consultas sejam realizadas semanalmente."}, {"id": "6489", "ano": "2021", "numero": "27", "tipo__sigla": "REQ", "tipo__descricao": "Requerimento", "autoria": "Carol Castro", "texto_original": "http://sapl.lagoadaprata.mg.leg.br/media/sapl/public/materialegislativa/2021/6489/requerimento_027-2021_-_carol_-_combate_dengue_01-02.pdf", "ementa": "A Vereadora infra-assinada, na forma regimental e consultado o Plen\u00e1rio, requer a Vossa Excel\u00eancia que se envie of\u00edcio ao Chefe do Poder Executivo Municipal encaminhando o presente Requerimento, que solicita \u00e0 Secret\u00e1ria Municipal de Sa\u00fade, Margarete Borges de Lacerda Dias, bem como \u00e0 respons\u00e1vel pela Vigil\u00e2ncia em Sa\u00fade, que informem a esta Casa, quais as medidas est\u00e3o ou ser\u00e3o implementadas visando o combate \u00e0 Dengue e outras doen\u00e7as causadas pelo mosquito Aedes Aegypti e se h\u00e1 por parte da Administra\u00e7\u00e3o Municipal a inten\u00e7\u00e3o de concretizar a aplica\u00e7\u00e3o sistem\u00e1tica do \u201cfumac\u00ea\u201d em nosso Munic\u00edpio."}, {"id": "6490", "ano": "2021", "numero": "28", "tipo__sigla": "REQ", "tipo__descricao": "Requerimento", "autoria": "Soninha", "texto_original": "http://sapl.lagoadaprata.mg.leg.br/media/sapl/public/materialegislativa/2021/6490/requerimento_028-2021_-_soninha_-_cestas_basicas_01-02.pdf", "ementa": "A Vereadora infra-assinada, na forma regimental, requer a Vossa Excel\u00eancia, consultado o Plen\u00e1rio, que seja enviado of\u00edcio ao Chefe do Poder Executivo Municipal, encaminhando o presente Requerimento que solicita ao Secret\u00e1rio de Administra\u00e7\u00e3o e Governo, que informe a esta Casa, se h\u00e1 possibilidade de se equiparar as cestas b\u00e1sicas repassadas aos Servidores P\u00fablicos do Executivo Municipal, com as que s\u00e3o repassadas para os Servidores do Servi\u00e7o Aut\u00f4nomo de \u00c1gua e Esgoto de Lagoa da Prata - SAAE-LP."}, {"id": "6496", "ano": "2021", "numero": "29", "tipo__sigla": "REQ", "tipo__descricao": "Requerimento", "autoria": "Pavio", "texto_original": "http://sapl.lagoadaprata.mg.leg.br/media/sapl/public/materialegislativa/2021/6496/requerimento_029-2021_-_pavio_-_insalubridade_farmacinha__08-02.pdf", "ementa": "O Vereador infra-assinado, na forma regimental e consultado o Plen\u00e1rio, requer a Vossa Excel\u00eancia que se envie of\u00edcio ao Chefe do Poder Executivo Municipal  encaminhando o presente Requerimento, que solicita ao Secret\u00e1rio de Administra\u00e7\u00e3o e Governo, Lucas Rafael Gontijo de Melo e \u00e0 Secret\u00e1ria de Sa\u00fade, Margarete Borges de Lacerda Dias, que informem a esta Casa, se h\u00e1 possibilidade do pagamento do Adicional de Insalubridade aos servidores p\u00fablicos da Farm\u00e1cia de Minas, lotados na Farmacinha Municipal."}, {"id": "6497", "ano": "2021", "numero": "30", "tipo__sigla": "REQ", "tipo__descricao": "Requerimento", "autoria": "Toninho da Laje", "texto_original": "http://sapl.lagoadaprata.mg.leg.br/media/sapl/public/materialegislativa/2021/6497/requerimento_030-2021_-_toninho_da_laje_-_instalacao_de_guarita__08-02.pdf", "ementa": "O Vereador infra-assinado, na forma regimental e consultado o Plen\u00e1rio, requer a Vossa Excel\u00eancia que seja enviado ao Chefe do Poder Executivo Municipal of\u00edcio             encaminhando o presente Requerimento, solicitando ao Secret\u00e1rio de Administra\u00e7\u00e3o e         Governo, Lucas Rafael Gontijo de Melo, bem como ao Secret\u00e1rio de Obras e Urbanismo,    Reginaldo Henrique Santos, que informem a esta Casa se h\u00e1 possibilidade de se instalar uma Guarita pr\u00f3ximo ao trevo principal de entrada da cidade, em frente ao Posto de Combust\u00edvel, para abrigar os trabalhadores aut\u00f4nomos, \u201cChapas\u201d."}, {"id": "6498", "ano": "2021", "numero": "31", "tipo__sigla": "REQ", "tipo__descricao": "Requerimento", "autoria": "Soninha", "texto_original": "http://sapl.lagoadaprata.mg.leg.br/media/sapl/public/materialegislativa/2021/6498/requerimento_031-2021_-_soninha_-_cemae_08-02.pdf", "ementa": "A Vereadora infra-assinada, na forma regimental e consultado o Plen\u00e1rio, requer a Vossa Excel\u00eancia que se envie of\u00edcio ao Chefe do Poder Executivo Municipal encaminhando o presente Requerimento, que solicita \u00e0 Secret\u00e1ria Municipal de Sa\u00fade, Margarete Borges de Lacerda Dias, bem como \u00e0 Secret\u00e1ria Municipal de Educa\u00e7\u00e3o, Adriana Aparecida Ferreira, que informem  aos Vereadores e \u00e0 popula\u00e7\u00e3o de Lagoa da Prata, o que abaixo se discrimina:\r\n\r\n               \t\t1 - Quais os servi\u00e7os oferecidos pelo Centro Municipal de Atendimento ao Educando \u2013 CEMAE? Quantos profissionais atendem pelo referido centro, quais suas especialidades?\r\n\t\t2 - De que forma \u00e9 feito o agendamento para atendimento? Quantos casos s\u00e3o      atendidos por dia?\r\n\t\t3 \u2013 Face \u00e0 situa\u00e7\u00e3o de nosso Munic\u00edpio em virtude da Pandemia, como est\u00e1 sendo o atendimento e encaminhamento dos casos de urg\u00eancia?"}, {"id": "6499", "ano": "2021", "numero": "32", "tipo__sigla": "REQ", "tipo__descricao": "Requerimento", "autoria": "Leandro Bibiano", "texto_original": "http://sapl.lagoadaprata.mg.leg.br/media/sapl/public/materialegislativa/2021/6499/requerimento_032-2021_-_leandro_bibiano_-_pavimentacao_asfaltica_08-02_2.pdf", "ementa": "O Vereador infra-assinado, na forma regimental, requer a Vossa Excel\u00eancia, consultado o Plen\u00e1rio, que seja enviado of\u00edcio ao Chefe do Poder Executivo Municipal, encaminhando o presente Requerimento que solicita ao Ilustre Secret\u00e1rio de Administra\u00e7\u00e3o e Governo, Lucas Rafael Gontijo de Melo, bem como ao Ilustre Secret\u00e1rio de Obras e Urbanismo, Reginaldo Henrique Santos, que informem a esta Casa se h\u00e1 possibilidade de realizar a pavimenta\u00e7\u00e3o asf\u00e1ltica nas Ruas Maria da Gl\u00f3ria Maciel, Jos\u00e9 Vital, Daniel Ferreira da Rocha, Geraldo Domingos Pereira, parte da Rua Almirante Tamandar\u00e9 at\u00e9 a Rua Duque de Caxias e pate da Rua Homero de Castro, no bairro Gomes, nesta cidade."}, {"id": "6500", "ano": "2021", "numero": "33", "tipo__sigla": "REQ", "tipo__descricao": "Requerimento", "autoria": "Sargento Washington", "texto_original": "http://sapl.lagoadaprata.mg.leg.br/media/sapl/public/materialegislativa/2021/6500/requerimento_033-2021_-_sargento_washington_-_desvio_de_funcao_08-02.pdf", "ementa": "O Vereador infra-assinado, na forma regimental e consultado o Plen\u00e1rio, requer a Vossa Excel\u00eancia que seja enviado ao Chefe do Poder Executivo Municipal of\u00edcio encaminhando o presente Requerimento que solicita ao Chefe do Setor de Pessoal, Ronan Ferreira dos Santos, que informe a esta Casa, o seguinte:\r\n\t\r\n\t\t01- Quais servidores est\u00e3o, atualmente, lotados em cargos diferentes daquele quando adentraram o servi\u00e7o p\u00fablico municipal;\r\n\r\n\t\t02 - Especificar, em forma de quadro demonstrativo, todo o hist\u00f3rico dos cargos ocupados, com o n\u00famero e ano do ato que o designou, bem como o motivo da mudan\u00e7a do cargo de lota\u00e7\u00e3o, enfatizando os casos decorrentes de ajustamento funcional, com ou sem embasamento em parecer de per\u00edcia m\u00e9dica."}, {"id": "6501", "ano": "2021", "numero": "34", "tipo__sigla": "REQ", "tipo__descricao": "Requerimento", "autoria": "Lisa Miranda", "texto_original": "http://sapl.lagoadaprata.mg.leg.br/media/sapl/public/materialegislativa/2021/6501/requerimento_034-2021_-_lisa_-_hortas_comunitarias_08-02.pdf", "ementa": "A Vereadora infra-assinada, na forma regimental e consultado o Plen\u00e1rio, requer a Vossa Excel\u00eancia que seja enviado ao Chefe do Poder Executivo Municipal of\u00edcio encaminhando o presente Requerimento, que solicita \u00e0 Secret\u00e1ria de Assist\u00eancia Social, que informe a esta Casa, se h\u00e1 possibilidade de se realizar uma divulga\u00e7\u00e3o ampla esclarecendo e informando detalhadamente sobre como d\u00e1-se o funcionamento das Hortas Comunit\u00e1rias, bem como a forma de cadastramento que os mun\u00edcipes precisam realizar para conseguir cultivar no local, utilizando os recursos           destinados para esse fim."}, {"id": "6502", "ano": "2021", "numero": "35", "tipo__sigla": "REQ", "tipo__descricao": "Requerimento", "autoria": "Carol Castro", "texto_original": "http://sapl.lagoadaprata.mg.leg.br/media/sapl/public/materialegislativa/2021/6502/requerimento_035-2021_-_carol_-_vacina_assistentes_sociais_08-02.pdf", "ementa": "A Vereadora infra-assinada, na forma regimental e consultado o Plen\u00e1rio, requer a Vossa Excel\u00eancia que seja enviado ao Chefe do Poder Executivo Municipal of\u00edcio                 encaminhando o presente Requerimento, que solicita \u00e0 Secret\u00e1ria Municipal de Sa\u00fade, que      informe a esta Casa, se h\u00e1 a possibilidade da inclus\u00e3o dos Assistentes Sociais, bem como de   todos os trabalhadores que atuam no Sistema \u00danico de Assist\u00eancia Social \u2013 SUAS - no plano           priorit\u00e1rio de imuniza\u00e7\u00e3o contra o Coronav\u00edrus, tendo em vista que estes atuam na linha de frente no combate \u00e0 Pandemia."}, {"id": "6522", "ano": "2021", "numero": "36", "tipo__sigla": "REQ", "tipo__descricao": "Requerimento", "autoria": "Lisa Miranda", "texto_original": "http://sapl.lagoadaprata.mg.leg.br/media/sapl/public/materialegislativa/2021/6522/requerimento_036-2021_-_lisa_-_ubs_do_sol_nascente_15-02.pdf", "ementa": "A Vereadora infra-assinada, na forma regimental, requer a Vossa Excel\u00eancia, consultado o Plen\u00e1rio, que seja enviado of\u00edcio ao Chefe do Poder Executivo Municipal, encaminhando o presente Requerimento, que solicita \u00e0 Secret\u00e1ria Municipal de Sa\u00fade, que informe aos Vereadores e \u00e0 popula\u00e7\u00e3o de Lagoa da Prata, sobre a possibilidade de melhoramento estrutural, ou ainda, da constru\u00e7\u00e3o de uma sede pr\u00f3pria para a Unidade B\u00e1sica de Sa\u00fade do bairro Sol Nascente."}, {"id": "6523", "ano": "2021", "numero": "37", "tipo__sigla": "REQ", "tipo__descricao": "Requerimento", "autoria": "Leandro Bibiano", "texto_original": "http://sapl.lagoadaprata.mg.leg.br/media/sapl/public/materialegislativa/2021/6523/requerimento_037-2021_-_leandro_bibiano_-_estrada_e_ponte_das_grotadas_15-02.pdf", "ementa": "O Vereador infra-assinado, na forma regimental, requer a Vossa Excel\u00eancia, consultado o Plen\u00e1rio, seja enviado of\u00edcio ao Chefe do Poder Executivo Municipal encaminhando o presente Requerimento, que solicita ao Secret\u00e1rio de Obras e Urbanismo, Sr. Reginaldo Henrique Santos, que informe a esta Casa se h\u00e1 possibilidade de se realizar interven\u00e7\u00f5es ou passar a m\u00e1quina patrol visando melhorar as condi\u00e7\u00f5es do piso da estrada vicinal que d\u00e1 acesso \u00e0 localidade denominada \u201cGrotadas\u201d, bem como o levantamento da altura do aterro que fica pr\u00f3ximo \u00e0 sede da FARASVEC, na regi\u00e3o das \u201cGrotadas.\u201d"}, {"id": "6524", "ano": "2021", "numero": "38", "tipo__sigla": "REQ", "tipo__descricao": "Requerimento", "autoria": "Pavio", "texto_original": "http://sapl.lagoadaprata.mg.leg.br/media/sapl/public/materialegislativa/2021/6524/requerimento_038-2021_-_pavio_-_academias_ao_ar_livre_15-02.pdf", "ementa": "O Vereador infra-assinado, na forma regimental e consultado o Plen\u00e1rio, requer a Vossa Excel\u00eancia que se envie of\u00edcio ao Chefe do Poder Executivo Municipal  encaminhando o presente Requerimento, que solicita ao Secret\u00e1rio de Administra\u00e7\u00e3o e Governo, Lucas Rafael Gontijo de Melo e ao Secret\u00e1rio de Desportos, Carlos Henrique Xavier, que informem a esta Casa, se h\u00e1 possibilidade da aquisi\u00e7\u00e3o de Academias ao Ar Livre para serem instaladas na Pra\u00e7a \u201cDona Zaz\u00e1\u201d e na Pra\u00e7a \u201cGeraldo de Sousa - Baiano\u201d, que est\u00e1  localizada entre as Ruas Alexandre Bernardes Primo, Cassimiro de Abreu, Direita e Belo Horizonte, no Bairro Am\u00e9rico Silva."}, {"id": "6525", "ano": "2021", "numero": "39", "tipo__sigla": "REQ", "tipo__descricao": "Requerimento", "autoria": "Cici", "texto_original": "http://sapl.lagoadaprata.mg.leg.br/media/sapl/public/materialegislativa/2021/6525/requerimento_039-2021_-_cici_-_sinal_da_vivo_15-02.pdf", "ementa": "O Vereador infra-assinado, na forma regimental, requer a Vossa Excel\u00eancia, consultado o Plen\u00e1rio, que seja enviado of\u00edcio \u00e0 empresa Telef\u00f4nica Brasil S/A \u2013 VIVO, representada pelo seu Gerente Rodrigo Rocha Ribeiro, solicitando que, em especial favor, informe se existe plano de expans\u00e3o e melhorias a serem implantadas na rede existente, bem como, uma poss\u00edvel amplia\u00e7\u00e3o da cobertura do sinal de telefonia m\u00f3vel e acesso \u00e0 internet, no bairro Chico Miranda, em Lagoa da Prata-MG."}, {"id": "6526", "ano": "2021", "numero": "40", "tipo__sigla": "REQ", "tipo__descricao": "Requerimento", "autoria": "Carol Castro", "texto_original": "http://sapl.lagoadaprata.mg.leg.br/media/sapl/public/materialegislativa/2021/6526/requerimento_040-2021_-_carol_-_delegacia_mulher_15-02_1.pdf", "ementa": "A Vereadora infra-assinada, na forma regimental e consultado o Plen\u00e1rio, requer a Vossa Excel\u00eancia que seja enviado of\u00edcio ao Exmo. Senhor Rog\u00e9rio Greco, Secret\u00e1rio         Estadual de Justi\u00e7a e Seguran\u00e7a P\u00fablica, ao Exmo. Senhor Joaquim Francisco Neto e Silva,   Delegado Geral e Chefe da Pol\u00edcia Civil/MG, ao Exmo. Senhor Irineu Jos\u00e9 Coelho Neto,       Delegado de Pol\u00edcia Civil deste munic\u00edpio, com c\u00f3pias ao Exmo. Senhor Di-Gianne de Oliveira Nunes, Prefeito Municipal, e \u00e0 Senhora Amanda Talita Luiz Lopes, Secret\u00e1ria Municipal de   Assist\u00eancia Social, requerendo que informem a esta Casa, sobre a possibilidade da implanta\u00e7\u00e3o da Delegacia Especializada de Atendimento \u00e0 Mulher no munic\u00edpio de Lagoa da Prata-MG."}, {"id": "6534", "ano": "2021", "numero": "41", "tipo__sigla": "REQ", "tipo__descricao": "Requerimento", "autoria": "Sargento Washington", "texto_original": "http://sapl.lagoadaprata.mg.leg.br/media/sapl/public/materialegislativa/2021/6534/requerimento_041-2021_-_sargento_washington_-_obras_pluviais_saae_-_22-02.pdf", "ementa": "O Vereador infra-assinado, na forma regimental, requer \u00e0 Vossa Excel\u00eancia, consultado o Plen\u00e1rio, que seja enviado of\u00edcio ao Diretor Administrativo do Servi\u00e7o Aut\u00f4nomo de \u00c1gua e Esgoto \u2013 SAAE de Lagoa da Prata, Sr. Edmilson Jos\u00e9 da Lage, encaminhando o presente Requerimento solicitando que informe a esta Casa quais as obras e o valor investido pelo SAAE em Drenagem Pluvial nos anos de 2017 a 2020, al\u00e9m de informar as obras e valores investidos em expans\u00e3o e melhoria da rede de distribui\u00e7\u00e3o de \u00e1gua port\u00e1vel e capta\u00e7\u00e3o e tratamento de esgoto no mesmo per\u00edodo."}, {"id": "6535", "ano": "2021", "numero": "42", "tipo__sigla": "REQ", "tipo__descricao": "Requerimento", "autoria": "Cici", "texto_original": "http://sapl.lagoadaprata.mg.leg.br/media/sapl/public/materialegislativa/2021/6535/requerimento_042-2021_-_cici_-_depressao_rua_pernambuco_22-02.pdf", "ementa": "O Vereador infra-assinado, na forma regimental, requer a Vossa Excel\u00eancia, consultado o Plen\u00e1rio, que seja enviado of\u00edcio ao Chefe do Poder Executivo Municipal, encaminhando o presente Requerimento que solicita ao Secret\u00e1rio de Obras e Urbanismo, Reginaldo Henrique Santos, que informe a esta Casa se h\u00e1 possibilidade de se realizar interven\u00e7\u00e3o, formando uma \u201cdepress\u00e3o\u201d, no piso da Rua Pernambuco, em seu cruzamento com a Rua Rio Grande do Sul, no Bairro Santa Eug\u00eania I, nesta cidade."}, {"id": "6536", "ano": "2021", "numero": "43", "tipo__sigla": "REQ", "tipo__descricao": "Requerimento", "autoria": "Lisa Miranda", "texto_original": "http://sapl.lagoadaprata.mg.leg.br/media/sapl/public/materialegislativa/2021/6536/requerimento_043-2021_-_lisa_-_caixa_de_som_caminhao_lixo_22-02_1.pdf", "ementa": "A Vereadora infra-assinada, na forma regimental, requer a Vossa Excel\u00eancia, consultado o Plen\u00e1rio, que seja enviado of\u00edcio ao Chefe do Poder Executivo Municipal, encaminhando o presente Requerimento, que solicita ao Secret\u00e1rio de Administra\u00e7\u00e3o e Governo, Lucas Rafael Gontijo de Melo, bem como ao  Secret\u00e1rio Municipal de Transportes e Limpeza P\u00fablica, Anderson Rodrigues Andrade, que informem aos Vereadores e \u00e0 popula\u00e7\u00e3o de Lagoa da Prata, sobre a possibilidade de se colocar sistema de som nos caminh\u00f5es que fazem a coleta do lixo em nossa cidade, visando orientar a popula\u00e7\u00e3o quanto aos dias e hor\u00e1rios em que a coleta \u00e9 feita, bem como, outras informa\u00e7\u00f5es de interesse da comunidade, e at\u00e9 mesmo publicidade institucional."}, {"id": "6537", "ano": "2021", "numero": "44", "tipo__sigla": "REQ", "tipo__descricao": "Requerimento", "autoria": "Soninha", "texto_original": "http://sapl.lagoadaprata.mg.leg.br/media/sapl/public/materialegislativa/2021/6537/requerimento_044-2021_-_soninha_-_rotatoria_-_22-02.pdf", "ementa": "A Vereadora infra-assinado, na forma regimental, requer a Vossa Excel\u00eancia, consultado o Plen\u00e1rio, que seja enviado of\u00edcio ao Chefe do Poder Executivo Municipal, encaminhando o presente Requerimento que solicita ao Ilustre Secret\u00e1rio de Administra\u00e7\u00e3o e Governo, Sr. Lucas Rafael Gontijo de Melo, bem como, ao Secret\u00e1rio de Obras e Urbanismo, Sr. Reginaldo Henrique dos Santos, que informem a esta Casa se h\u00e1 possibilidade de se colocar uma rotat\u00f3ria no cruzamento da Rua Francisco Bernardes Primo com a Rua Jos\u00e9 Bernardes Lobato, no Bairro S\u00e3o Jos\u00e9, nesta cidade."}, {"id": "6538", "ano": "2021", "numero": "45", "tipo__sigla": "REQ", "tipo__descricao": "Requerimento", "autoria": "Toninho da Laje", "texto_original": "http://sapl.lagoadaprata.mg.leg.br/media/sapl/public/materialegislativa/2021/6538/requerimento_045-2021_-_toninho_da_laje_-_rotatorias_22-02.pdf", "ementa": "O Vereador infra-assinado, na forma regimental e consultado o Plen\u00e1rio, requer a Vossa Excel\u00eancia que seja enviado ao Chefe do Poder Executivo Municipal of\u00edcio             encaminhando o presente Requerimento, solicitando ao Secret\u00e1rio de Obras e Urbanismo,  Reginaldo Henrique Santos, que informe a esta Casa se h\u00e1 possibilidade de se realizar estudo para implanta\u00e7\u00e3o de uma rotat\u00f3ria no cruzamento da Rua Divin\u00f3polis com a Rua Maria Rita Vidal e outra no cruzamento da Rua Bom Despacho com a Rua Maria Rita Vidal, no Bairro Am\u00e9rico Silva, nesta cidade."}, {"id": "6539", "ano": "2021", "numero": "46", "tipo__sigla": "REQ", "tipo__descricao": "Requerimento", "autoria": "Leandro Bibiano", "texto_original": "http://sapl.lagoadaprata.mg.leg.br/media/sapl/public/materialegislativa/2021/6539/requerimento_046-2021_-_leandro_-_pavimentacao_22-02_1.pdf", "ementa": "O Vereador infra-assinado, na forma regimental, requer a Vossa Excel\u00eancia, consultado o Plen\u00e1rio, que seja enviado of\u00edcio ao Chefe do Poder Executivo Municipal, encaminhando o presente Requerimento que solicita ao Secret\u00e1rio de Obras e Urbanismo, Reginaldo Henrique Santos, que informe a esta Casa se h\u00e1 possibilidade de se realizar pavimenta\u00e7\u00e3o asf\u00e1ltica na Rua Rio Grande do Sul, no trecho compreendido entre a Rua Bahia at\u00e9 a Rua Para\u00edba, no Bairro Santa Eugenia, nesta cidade."}, {"id": "6540", "ano": "2021", "numero": "47", "tipo__sigla": "REQ", "tipo__descricao": "Requerimento", "autoria": "Pavio", "texto_original": "http://sapl.lagoadaprata.mg.leg.br/media/sapl/public/materialegislativa/2021/6540/requerimento_047-2021_-_pavio_-_der_-_formiga_-_22-02.pdf", "ementa": "O Vereador infra-assinado, na forma regimental, requer a Vossa Excel\u00eancia, consultado o Plen\u00e1rio, seja enviado of\u00edcio ao Diretor-Geral do Departamento de Edifica\u00e7\u00f5es e Estradas de Rodagem de Minas Gerais e ao Coordenador da 20\u00aa Unidade Regional do DER-MG em Formiga, Jos\u00e9 Tadeu La Guardia, solicitando que informem a esta Casa e a toda popula\u00e7\u00e3o Lagopratense se h\u00e1 possibilidade da constru\u00e7\u00e3o de um novo trevo na entrada principal de acesso \u00e0 nossa cidade, e a revitaliza\u00e7\u00e3o do trevo secund\u00e1rio, melhorando a imagem daqueles, com capina, pintura, sinaliza\u00e7\u00e3o de solo, novas placas indicativas e de sinaliza\u00e7\u00e3o, aumento da qualidade da ilumina\u00e7\u00e3o, dentre outras melhorias de infraestrutura necess\u00e1rias."}, {"id": "6541", "ano": "2021", "numero": "48", "tipo__sigla": "REQ", "tipo__descricao": "Requerimento", "autoria": "Carol Castro", "texto_original": "http://sapl.lagoadaprata.mg.leg.br/media/sapl/public/materialegislativa/2021/6541/requerimento_048-2021_-_carol_-_viatura_guarda_civil_22-02.pdf", "ementa": "A Vereadora infra-assinada, na forma regimental e consultado o Plen\u00e1rio, requer a Vossa Excel\u00eancia que seja enviado of\u00edcio ao Exmo. Senhor Carlos Henrique, Deputado        Estadual, bem como ao Exmo. Senhor Di-Gianne de Oliveira Nunes, Prefeito deste Munic\u00edpio, com c\u00f3pia ao Exmo. Senhor Uilian Douglas Goulart, Comandante da Guarda Civil de Lagoa da Prata, requerendo que informem a esta Casa, sobre a possibilidade da destina\u00e7\u00e3o de viatura para a Guarda Civil Municipal de Lagoa da Prata."}, {"id": "6555", "ano": "2021", "numero": "49", "tipo__sigla": "REQ", "tipo__descricao": "Requerimento", "autoria": "Hermano Fof\u00e3o", "texto_original": "http://sapl.lagoadaprata.mg.leg.br/media/sapl/public/materialegislativa/2021/6555/requerimento_049-2021_-_hermano_-_pavimentacao_01-03.pdf", "ementa": "O Vereador infra-assinado, na forma regimental, requer a Vossa Excel\u00eancia, consultado o Plen\u00e1rio, que seja enviado of\u00edcio ao Chefe do Poder Executivo Municipal, encaminhando o presente Requerimento que solicita ao Secret\u00e1rio de Obras e Urbanismo, Reginaldo Henrique Santos, que informe a esta Casa se h\u00e1 previs\u00e3o para o recapeamento do piso da Av. Jos\u00e9 Bernardes Maciel, bem como da Avenida Fern\u00e3o Dias, em toda sua extens\u00e3o, e ainda, se h\u00e1 previs\u00e3o de se concluir a pavimenta\u00e7\u00e3o de pequenos trechos das seguintes vias p\u00fablicas:\r\n\t1 \u2013 Rua Alexandre Mendes Maciel, no trecho compreendido entre a rua Rio de Janeiro at\u00e9 a rua Alagoas, no Bairro Santa Eug\u00eania II;\r\n\t2 \u2013 Rua Bom Despacho, no trecho compreendido entre a Av. Isabel de Castro e rua Joaquim Gomes Pereira, Bairro Am\u00e9rico Silva;\r\n\t3 - Rua Bahia, no trecho compreendido entre seu cruzamento com a rua Goias at\u00e9 o seu final, no Bairro Santa Alexandrina;\r\n\t4 - Rua Goias, no trecho compreendido entre a rua Vinte e Sete de Dezembro e a rua Alagoas."}, {"id": "6556", "ano": "2021", "numero": "50", "tipo__sigla": "REQ", "tipo__descricao": "Requerimento", "autoria": "Carol Castro", "texto_original": "http://sapl.lagoadaprata.mg.leg.br/media/sapl/public/materialegislativa/2021/6556/requerimento_050-2021_-_carol_-_semana_autismo_01-03.pdf", "ementa": "Sra. Presidente,\r\n\r\n\t\tA Vereadora infra-assinada, na forma regimental e consultado o Plen\u00e1rio, requer a Vossa Excel\u00eancia que seja enviado of\u00edcio ao Chefe do Poder Executivo encaminhando o     presente Requerimento solicitando \u00e0s Secret\u00e1rias de Assist\u00eancia Social, Educa\u00e7\u00e3o e Sa\u00fade, que informem a esta Casa Legislativa se h\u00e1 possibilidade de um planejamento conjunto com os     representantes da APAE-LP e da ASAP para a realiza\u00e7\u00e3o da programa\u00e7\u00e3o oficial alusiva \u00e0      Semana da Conscientiza\u00e7\u00e3o do Espectro Autista, a ser comemorada na primeira semana do m\u00eas de abril.\r\n\r\n\t\tQue seja enviado of\u00edcio tamb\u00e9m ao Presidente da Associa\u00e7\u00e3o de Pais e Amigos dos Excepcionais de Lagoa da Prata - APAE-LP, Sr. Edilson Ant\u00f4nio dos Santos e \u00e0 Presidente da Associa\u00e7\u00e3o de Autismo e Possibilidades \u2013 ASAP, Sra. Ana Cl\u00e1udia Celestino de Miranda, neste mesmo sentido."}, {"id": "6557", "ano": "2021", "numero": "51", "tipo__sigla": "REQ", "tipo__descricao": "Requerimento", "autoria": "Lisa Miranda", "texto_original": "http://sapl.lagoadaprata.mg.leg.br/media/sapl/public/materialegislativa/2021/6557/requerimento_051-2021_-_lisa_-_lotes_municipio_01-03.pdf", "ementa": "Senhora Presidente,\r\n\r\n       \t\tA Vereadora infra-assinada, na forma regimental, requer a Vossa Excel\u00eancia, consultado o Plen\u00e1rio, que seja enviado of\u00edcio ao Chefe do Poder Executivo Municipal, encaminhando o presente Requerimento, que solicita ao Secret\u00e1rio de Administra\u00e7\u00e3o e Governo, Lucas Rafael Gontijo de Melo, bem como ao Secret\u00e1rio Municipal de Transportes e Limpeza P\u00fablica, Anderson Rodrigues Andrade, que informem aos Vereadores e \u00e0 popula\u00e7\u00e3o de Lagoa da Prata, sobre a possibilidade de se realizar um cronograma para a limpeza e o fechamento, com muro ou cerca, nos lotes vagos de propriedade do Munic\u00edpio, em cumprimento \u00e0 Lei Complementar Municipal n\u00ba 87/2010. Se for positiva a resposta, que seja enviado referido cronograma."}, {"id": "6558", "ano": "2021", "numero": "52", "tipo__sigla": "REQ", "tipo__descricao": "Requerimento", "autoria": "Toninho da Laje", "texto_original": "http://sapl.lagoadaprata.mg.leg.br/media/sapl/public/materialegislativa/2021/6558/requerimento_052-2021_-_toninho_-_mao_unica_01-03.pdf", "ementa": "Sra. Presidente,\r\n\r\n\t\tO Vereador infra-assinado, na forma regimental, requer a Vossa Excel\u00eancia, consultado o Plen\u00e1rio, seja enviado of\u00edcio ao Chefe do Poder Executivo Municipal encaminhando o presente Requerimento, que solicita ao Secret\u00e1rio de Administra\u00e7\u00e3o e Governo, Lucas Rafael Gontijo de Melo, bem como ao Secret\u00e1rio de Obras e Urbanismo, Reginaldo Henrique Santos, que informem a esta Casa quanto \u00e0 viabilidade para mudan\u00e7a de sentido do tr\u00e1fego, convertendo em m\u00e3o \u00fanica a Rua Pedro Roberto Amorim, no trecho compreendido entre a Av. Benedito Valadares e a Rua Joaquim Gomes Pereira / bairro Gomes, bem como implantar estacionamento 45\u00ba (quarenta e cinco graus) do lado direito da referida via p\u00fablica."}, {"id": "6559", "ano": "2021", "numero": "53", "tipo__sigla": "REQ", "tipo__descricao": "Requerimento", "autoria": "Soninha", "texto_original": "http://sapl.lagoadaprata.mg.leg.br/media/sapl/public/materialegislativa/2021/6559/requerimento_053-2021_-_soninha_-_projetos_habitacionais.pdf", "ementa": "Sra. Presidente,\r\n\r\n\t\tA Vereadora infra-assinada, na forma regimental e consultado o Plen\u00e1rio, requer a Vossa Excel\u00eancia que seja enviado ao Executivo Municipal of\u00edcio encaminhando o presente Requerimento, que solicita ao Chefe do Setor de Habita\u00e7\u00e3o, bem como ao Secret\u00e1rio de Obras e Urbanismo, que informem a esta Casa, se h\u00e1 possibilidade de cria\u00e7\u00e3o de um Projeto Habitacional a fim de solucionar a problem\u00e1tica da falta de moradia, t\u00e3o questionada pelos mun\u00edcipes Lagopratenses, bem como a viabilidade de se agilizar projetos j\u00e1 existentes que tratam sobre este assunto abordado.\r\n\r\n\t\tQue nos informem ainda, se h\u00e1 previs\u00e3o para idealiza\u00e7\u00e3o e efetiva\u00e7\u00e3o do projeto apresentado pelo Deputado Estadual Professor Cleiton Oliveira, em reuni\u00e3o nesta Casa, com a presen\u00e7a do Prefeito, uma vez que os Programas de Habita\u00e7\u00e3o para os mun\u00edcipes s\u00e3o elementos indispens\u00e1veis para o desenvolvimento da popula\u00e7\u00e3o municipal."}, {"id": "6563", "ano": "2021", "numero": "54", "tipo__sigla": "REQ", "tipo__descricao": "Requerimento", "autoria": "Pavio", "texto_original": "http://sapl.lagoadaprata.mg.leg.br/media/sapl/public/materialegislativa/2021/6563/requerimento_054-2021_-_pavio_-_avaliacao_empregados_publicos_08-03.pdf", "ementa": "O Vereador infra-assinado, na forma regimental, requer a Vossa Excel\u00eancia, consultado o Plen\u00e1rio, que seja enviado of\u00edcio ao Chefe do Poder Executivo Municipal, encaminhando o presente Requerimento que solicita ao Secret\u00e1rio de Administra\u00e7\u00e3o e Governo, Lucas Rafael Gontijo de Melo, bem como \u00e0 Procuradoria-Geral Municipal, que informem a esta Casa, se h\u00e1 possibilidade de se cumprir, ainda no corrente ano, as disposi\u00e7\u00f5es da Lei Complementar Municipal n\u00ba 03/1991, em rela\u00e7\u00e3o \u00e0s devidas progress\u00f5es horizontais, acompanhadas das respectivas avalia\u00e7\u00f5es de desempenho dos Empregados P\u00fablicos Municipais."}, {"id": "6564", "ano": "2021", "numero": "55", "tipo__sigla": "REQ", "tipo__descricao": "Requerimento", "autoria": "Sargento Washington", "texto_original": "http://sapl.lagoadaprata.mg.leg.br/media/sapl/public/materialegislativa/2021/6564/requerimento_055-2021_-_sargento_washington_-_estrategia_para_manutencao_das_estradas_rurais_08-03_jr.pdf", "ementa": "O Vereador infra-assinado, na forma regimental e consultado o Plen\u00e1rio, requer a Vossa Excel\u00eancia que seja enviado ao Chefe do Poder Executivo Municipal of\u00edcio encaminhando o presente Requerimento que solicita ao Secret\u00e1rio de Transportes e Limpeza P\u00fablica, Sr. Anderson Rodrigues Andrade e ao Secret\u00e1rio de Obras e Urbanismo, Sr. Reginaldo Henrique Santos, que informem a esta Casa o seguinte:\r\n       \r\n        \u25e6  O mapeamento das estradas rurais que possuem manuten\u00e7\u00e3o sob responsabilidade do munic\u00edpio;\r\n\r\n        \u25e6  As obras estruturais que s\u00e3o necess\u00e1rias para repara\u00e7\u00e3o de tais estradas (pontes, manilhamento, drenagens, mata-burros e outras);\r\n\r\n        \u25e6  Qual a estrat\u00e9gia que ser\u00e1 adotada pela atual Administra\u00e7\u00e3o para repara\u00e7\u00e3o e conserva\u00e7\u00e3o das estradas rurais do munic\u00edpio?\r\n\r\n        \u25e6  Qual o valor estimado para ado\u00e7\u00e3o de tais medidas?"}, {"id": "6565", "ano": "2021", "numero": "56", "tipo__sigla": "REQ", "tipo__descricao": "Requerimento", "autoria": "Hermano Fof\u00e3o", "texto_original": "http://sapl.lagoadaprata.mg.leg.br/media/sapl/public/materialegislativa/2021/6565/requerimento_056-2021_-_hermano_-_focinheira_caes_08-03.pdf", "ementa": "O Vereador infra-assinado, na forma regimental e consultado o Plen\u00e1rio, requer a Vossa Excel\u00eancia que seja enviado ao Chefe do Poder Executivo Municipal of\u00edcio encaminhando o presente Requerimento, solicitando ao Secret\u00e1rio de Administra\u00e7\u00e3o e Governo, Lucas Rafael Gontijo de Melo, bem como ao Chefe do Setor de Tributa\u00e7\u00e3o, Fiscaliza\u00e7\u00e3o e Cadastro, que informem quais medidas v\u00eam sendo adotadas para o cumprimento das disposi\u00e7\u00f5es da Lei Municipal n\u00ba 1.067/2003, que pro\u00edbe      qualquer cidad\u00e3o transitar com c\u00e3es da ra\u00e7a pitbull, rotweiller, similares ou resultante dos cruzamentos destas, sem o uso preventivo de focinheira, na \u00e1rea urbana do munic\u00edpio."}, {"id": "6566", "ano": "2021", "numero": "57", "tipo__sigla": "REQ", "tipo__descricao": "Requerimento", "autoria": "Soninha", "texto_original": "http://sapl.lagoadaprata.mg.leg.br/media/sapl/public/materialegislativa/2021/6566/requerimento_057-2021_-_soninha_-_estacionamento_45_graus_08-03.pdf", "ementa": "A Vereadora infra-assinada, na forma regimental, requer a Vossa Excel\u00eancia, consultado o Plen\u00e1rio, que seja enviado of\u00edcio ao Chefe do Poder Executivo Municipal, encaminhando o presente Requerimento que solicita ao Secret\u00e1rio de Administra\u00e7\u00e3o e Governo, Lucas Rafael Gontijo de Melo, bem como ao Secret\u00e1rio de Obras e Urbanismo, Reginaldo Henrique Santos, que informem a esta Casa se h\u00e1 possibilidade de se implantar o estacionamento em 45\u00b0 na rua Pernambuco, ap\u00f3s seu cruzamento com a rua Rio Grande do Sul, sentido \u00e0 Praia Municipal, a partir do n\u00famero 1.095 e seguir at\u00e9 seu cruzamento com a rua Mato Grosso, n\u00famero 1.191, no bairro Santa Eug\u00eania, nesta cidade."}, {"id": "6567", "ano": "2021", "numero": "58", "tipo__sigla": "REQ", "tipo__descricao": "Requerimento", "autoria": "Leandro Bibiano", "texto_original": "http://sapl.lagoadaprata.mg.leg.br/media/sapl/public/materialegislativa/2021/6567/requerimento_058-2021_-_sr_leandro_-_escoamento_aguas_pluviais_08-03.pdf", "ementa": "O Vereador infra-assinado, na forma regimental e consultado o Plen\u00e1rio, requer a Vossa Excel\u00eancia que se envie of\u00edcio ao Chefe do Poder Executivo Municipal encaminhando o presente Requerimento, que solicita ao Secret\u00e1rio de Obras e Urbanismo, Sr. Reginaldo Henrique Santos, que informe a esta Casa se h\u00e1 possibilidade de se executar um projeto de drenagem visando solucionar o grave problema de escoamento das \u00e1guas pluviais nas Ruas Joaquim Gomes Pereira, Moema, Japara\u00edba, at\u00e9 o entroncamento com a Av. Benedito Valadares, nesta cidade."}, {"id": "6568", "ano": "2021", "numero": "59", "tipo__sigla": "REQ", "tipo__descricao": "Requerimento", "autoria": "Lisa Miranda", "texto_original": "http://sapl.lagoadaprata.mg.leg.br/media/sapl/public/materialegislativa/2021/6568/requerimento_059-2021_-_lisa_-_jovem_aprendiz_08-03.pdf", "ementa": "A Vereadora infra-assinada, na forma regimental, requer a Vossa Excel\u00eancia, consultado o Plen\u00e1rio, que seja enviado of\u00edcio ao Chefe do Poder Executivo Municipal, encaminhando o presente Requerimento que solicita ao Secret\u00e1rio de Administra\u00e7\u00e3o e Governo, Lucas Rafael Gontijo de Melo, que informe aos Vereadores e \u00e0 popula\u00e7\u00e3o de Lagoa da Prata, se h\u00e1 inten\u00e7\u00e3o do munic\u00edpio de colocar em pr\u00e1tica as disposi\u00e7\u00f5es da Lei Complementar Municipal n\u00ba 184/2017, que autoriza o Munic\u00edpio de Lagoa da Prata a contratar Aprendiz."}, {"id": "6569", "ano": "2021", "numero": "60", "tipo__sigla": "REQ", "tipo__descricao": "Requerimento", "autoria": "Carol Castro", "texto_original": "http://sapl.lagoadaprata.mg.leg.br/media/sapl/public/materialegislativa/2021/6569/requerimento_060-2021_-_carol_-_mutirao_de_limpeza_08-03.pdf", "ementa": "A Vereadora infra-assinada, na forma regimental e consultado o Plen\u00e1rio, requer a Vossa Excel\u00eancia que se envie of\u00edcio ao Chefe do Poder Executivo Municipal encaminhando o presente Requerimento, que solicita ao Secret\u00e1rio Municipal de Administra\u00e7\u00e3o e Governo, Lucas Rafael Gontijo de Melo, bem como ao Secret\u00e1rio Municipal de Transportes e Limpeza P\u00fablica, Anderson Rodrigues de Andrade, que informem a esta Casa, a possibilidade de se desenvolver estudo de viabilidade financeira para a contrata\u00e7\u00e3o de empresa de presta\u00e7\u00e3o de servi\u00e7os de limpeza urbana, para realiza\u00e7\u00e3o de mutir\u00e3o de limpeza no per\u00edmetro urbano do munic\u00edpio de Lagoa da Prata."}, {"id": "6576", "ano": "2021", "numero": "61", "tipo__sigla": "REQ", "tipo__descricao": "Requerimento", "autoria": "Pavio", "texto_original": "http://sapl.lagoadaprata.mg.leg.br/media/sapl/public/materialegislativa/2021/6576/requerimento_061-2021_-_pavio_-_pontilhao_-_15-03.pdf", "ementa": "O Vereador infra-assinado, na forma regimental, requer a Vossa Excel\u00eancia, consultado o Plen\u00e1rio, que seja enviado of\u00edcio ao Chefe do Poder Executivo Municipal, encaminhando o presente Requerimento que solicita ao Secret\u00e1rio de Obras e Urbanismo, Reginaldo Henrique Santos, que informe a esta Casa se h\u00e1 possibilidade da constru\u00e7\u00e3o de um pontilh\u00e3o de madeira roli\u00e7a e r\u00fastica na Avenida do Contorno, na cabeceira da Lagoa, onde a avenida foi interrompida."}, {"id": "6577", "ano": "2021", "numero": "62", "tipo__sigla": "REQ", "tipo__descricao": "Requerimento", "autoria": "Toninho da Laje", "texto_original": "http://sapl.lagoadaprata.mg.leg.br/media/sapl/public/materialegislativa/2021/6577/requerimento_062-2021_-_toninho_da_laje_-_instalacao_cameras_em_onibus_e_vans__15-03.pdf", "ementa": "O Vereador infra-assinado, na forma regimental e consultado o Plen\u00e1rio, requer a Vossa Excel\u00eancia que seja enviado ao Chefe do Poder Executivo Municipal of\u00edcio             encaminhando o presente Requerimento, solicitando ao Secret\u00e1rio de Administra\u00e7\u00e3o e         Governo, Lucas Rafael Gontijo de Melo, que informe a esta Casa se h\u00e1 possibilidade de se instalar c\u00e2mera de monitoramento em \u00f4nibus e vans que prestam servi\u00e7os de transporte aos pacientes atendidos pela Secretaria Municipal de Sa\u00fade."}, {"id": "6578", "ano": "2021", "numero": "63", "tipo__sigla": "REQ", "tipo__descricao": "Requerimento", "autoria": "Leandro Bibiano", "texto_original": "http://sapl.lagoadaprata.mg.leg.br/media/sapl/public/materialegislativa/2021/6578/requerimento_063-2021_-_leandro_-_troca_de_lampadas_15-03.pdf", "ementa": "O Vereador infra-assinado, na forma regimental, requer a Vossa Excel\u00eancia, consultado o Plen\u00e1rio, que seja enviado of\u00edcio ao Chefe do Poder Executivo Municipal,  encaminhando o presente Requerimento que solicita ao Secret\u00e1rio de Administra\u00e7\u00e3o e Governo, Lucas Rafael Gontijo de Melo, que informe a esta Casa se h\u00e1 possibilidade de se fazer um mutir\u00e3o para a manuten\u00e7\u00e3o e troca das l\u00e2mpadas dos postes de energia el\u00e9trica das vias p\u00fablicas do nosso munic\u00edpio."}, {"id": "6579", "ano": "2021", "numero": "64", "tipo__sigla": "REQ", "tipo__descricao": "Requerimento", "autoria": "Soninha", "texto_original": "http://sapl.lagoadaprata.mg.leg.br/media/sapl/public/materialegislativa/2021/6579/requerimento_064-2021_-_soninha_-_sinalizacao_de_transito_-_15-03.pdf", "ementa": "A Vereadora infra-assinada, na forma regimental e consultado o Plen\u00e1rio,        requer a Vossa Excel\u00eancia que seja enviado ao Chefe do Poder Executivo Municipal of\u00edcio             encaminhando o presente Requerimento, solicitando ao Secret\u00e1rio de Administra\u00e7\u00e3o e        Governo, Lucas Rafael Gontijo de Melo e ao Secret\u00e1rio de Obras e Urbanismo, Reginaldo Henrique Santos, que informem se h\u00e1 possibilidade de se efetuar sinaliza\u00e7\u00e3o vertical e        horizontal em frente \u00e0 Policl\u00ednica I, na Rua Jos\u00e9 Bernardes Lobato, n\u00ba 366, Centro e em frente \u00e0 Secretaria de Sa\u00fade, na Rua Professor Jacinto Ribeiro, n\u00ba 434, Centro, para evitar que        ve\u00edculos particulares sejam estacionados nestes locais, ficando as vagas livres para os ve\u00edculos da sa\u00fade, ambul\u00e2ncia e \u00e0s vezes, ve\u00edculos com pessoas portadoras de necessidades especiais e cadeirantes."}, {"id": "6580", "ano": "2021", "numero": "65", "tipo__sigla": "REQ", "tipo__descricao": "Requerimento", "autoria": "Cici", "texto_original": "http://sapl.lagoadaprata.mg.leg.br/media/sapl/public/materialegislativa/2021/6580/requerimento_065-2021_-_cici_-_redutor_de_velocidade_15-03.pdf", "ementa": "O Vereador infra-assinado, na forma regimental, requer a Vossa Excel\u00eancia, consultado o Plen\u00e1rio, que seja enviado of\u00edcio ao Chefe do Poder Executivo Municipal encaminhando o presente Requerimento, que solicita ao Secret\u00e1rio de Obras e Urbanismo, Reginaldo Henrique Santos, que informe a esta Casa se h\u00e1 possibilidade de se colocar um redutor de velocidade na Rua Norald\u00edno Geraldo Rodrigues, no Bairro Chico Miranda, nesta cidade, bem como a correta sinaliza\u00e7\u00e3o."}, {"id": "6581", "ano": "2021", "numero": "66", "tipo__sigla": "REQ", "tipo__descricao": "Requerimento", "autoria": "Lisa Miranda", "texto_original": "http://sapl.lagoadaprata.mg.leg.br/media/sapl/public/materialegislativa/2021/6581/requerimento_066-2021_-_lisa_-_defesa_civil_15-03.pdf", "ementa": "A Vereadora infra-assinada, na forma regimental, requer a Vossa Excel\u00eancia, consultado o Plen\u00e1rio, que seja enviado of\u00edcio ao Chefe do Poder Executivo Municipal, encaminhando o presente Requerimento, solicitando ao Secret\u00e1rio de Administra\u00e7\u00e3o e        Governo, Lucas Rafael Gontijo de Melo, que informe a esta Casa se h\u00e1 possibilidade de se reativar a COMPDEC (Coordenadoria Municipal de Prote\u00e7\u00e3o e Defesa Civil) e o Conselho Municipal de Prote\u00e7\u00e3o e Defesa Civil no Munic\u00edpio de Lagoa da Prata, criados pela Lei Municipal de n\u00ba 1.062/2003, regulamentada pelo Decreto de n\u00ba 302/2010."}, {"id": "6593", "ano": "2021", "numero": "67", "tipo__sigla": "REQ", "tipo__descricao": "Requerimento", "autoria": "Cici", "texto_original": "http://sapl.lagoadaprata.mg.leg.br/media/sapl/public/materialegislativa/2021/6593/requerimento_067-2021_-_cici_-_recursos_-_pandemia_05-04.pdf", "ementa": "O Vereador infra-assinado, na forma regimental e consultado o Plen\u00e1rio, requer a Vossa Excel\u00eancia que se envie of\u00edcio ao Chefe do Poder Executivo Municipal encaminhando o presente Requerimento, que solicita \u00e0 Secret\u00e1ria Municipal de Sa\u00fade, Margarete Borges de Lacerda Dias e \u00e0 Secret\u00e1ria Municipal de Fazenda, N\u00edvia Maria de Melo, que informem aos Vereadores e \u00e0 popula\u00e7\u00e3o de Lagoa da Prata, o que abaixo se discrimina: Quais os recursos financeiros recebidos do Governo Federal e do Governo Estadual pelo Munic\u00edpio de Lagoa da Prata para o combate \u00e0 Pandemia do Coronav\u00edrus, desde o in\u00edcio da Pandemia, at\u00e9 o momento? Quais os valores j\u00e1 investidos tanto com os recursos recebidos, quanto com recursos pr\u00f3prios? Onde e em que foram investidos? Favor responder ambos questionamentos de forma detalhada, com o m\u00e1ximo de informa\u00e7\u00f5es."}, {"id": "6594", "ano": "2021", "numero": "68", "tipo__sigla": "REQ", "tipo__descricao": "Requerimento", "autoria": "Lisa Miranda", "texto_original": "http://sapl.lagoadaprata.mg.leg.br/media/sapl/public/materialegislativa/2021/6594/requerimento_068-2021_-_lisa_-_kit_e_cesta_05-04.pdf", "ementa": "A Vereadora infra-assinada, na forma regimental, requer a Vossa Excel\u00eancia, consultado o Plen\u00e1rio, que seja enviado of\u00edcio ao Chefe do Poder Executivo Municipal, encaminhando o presente Requerimento que solicita \u00e0 Secret\u00e1ria de Assist\u00eancia Social, Amanda Talita Luiz Lopes, bem como \u00e0 Secret\u00e1ria de Educa\u00e7\u00e3o, Adriana Aparecida Ferreira, que informem aos Vereadores e \u00e0 popula\u00e7\u00e3o de Lagoa da Prata: 1 - A possibilidade de se conceder, temporariamente, cestas b\u00e1sicas al\u00e9m das que j\u00e1 s\u00e3o fornecidas mensalmente, em car\u00e1ter emergencial, \u00e0s fam\u00edlias em situa\u00e7\u00e3o de car\u00eancia, afetadas pelos impactos financeiros das medidas de combate \u00e0 Pandemia do Novo Coronav\u00edrus; 2 \u2013 Se h\u00e1 possibilidade de se remanejar recursos da merenda escolar, para a compra de kits de alimentos a serem distribu\u00eddos para alunos da Rede Municipal, cujas fam\u00edlias estejam em vulnerabilidade econ\u00f4mica e social, em fun\u00e7\u00e3o da Pandemia."}, {"id": "6595", "ano": "2021", "numero": "69", "tipo__sigla": "REQ", "tipo__descricao": "Requerimento", "autoria": "Soninha", "texto_original": "http://sapl.lagoadaprata.mg.leg.br/media/sapl/public/materialegislativa/2021/6595/requerimento_069-2021_-_soninha_-_extencao_de_eletrificacao_nos_mirandas_05-04.pdf", "ementa": "A Vereadora infra-assinada, na forma regimental, requer a Vossa Excel\u00eancia, consultado o Plen\u00e1rio, que seja enviado of\u00edcio ao Chefe do Poder Executivo Municipal, encaminhando este Requerimento que solicita ao Secret\u00e1rio de Obras e Urbanismo, Sr. Reginaldo Henrique Santos, que informe a esta Casa a possibilidade da extens\u00e3o da rede de eletrifica\u00e7\u00e3o ao prolongamento da Comunidade \u201cdos Mirandas\u201d."}, {"id": "6596", "ano": "2021", "numero": "70", "tipo__sigla": "REQ", "tipo__descricao": "Requerimento", "autoria": "Carol Castro", "texto_original": "http://sapl.lagoadaprata.mg.leg.br/media/sapl/public/materialegislativa/2021/6596/requerimento_070-2021_-_carol_-_saude_05-04.pdf", "ementa": "A Vereadora infra-assinada, na forma regimental, requer a Vossa Excel\u00eancia, consultado o Plen\u00e1rio, que seja enviado of\u00edcio ao Chefe do Poder Executivo Municipal, encaminhando o presente Requerimento, que solicita \u00e0 Secret\u00e1ria Municipal de Sa\u00fade, que informe  a esta Casa, se h\u00e1 possibilidade de atendimento m\u00e9dico a domic\u00edlio para idosos ou pessoas que n\u00e3o possuem condi\u00e7\u00f5es de se locomover, que residam no centro de nossa cidade (este atendimento seria da mesma forma do que \u00e9 feito nos bairros, pelas Unidades B\u00e1sicas de Sa\u00fade \u2013 UBS)."}, {"id": "6602", "ano": "2021", "numero": "71", "tipo__sigla": "REQ", "tipo__descricao": "Requerimento", "autoria": "Soninha", "texto_original": "http://sapl.lagoadaprata.mg.leg.br/media/sapl/public/materialegislativa/2021/6602/requerimento_071-2021_-_soninha_-_veiculo_para_policinica_-_12-04-2021.pdf", "ementa": "\"A Vereadora infra-assinada, na forma regimental e consultado o Plen\u00e1rio, requer a Vossa Excel\u00eancia que seja enviado of\u00edcio ao Chefe do Poder Executivo Municipal  encaminhando o presente Requerimento, que solicita ao Secret\u00e1rio Municipal de Administra\u00e7\u00e3o e Governo, Lucas Rafael Gontijo de Melo e \u00e0 Secret\u00e1ria Municipal de Sa\u00fade, Margarete Borges de Lacerda Dias, que informem a esta Casa se h\u00e1 possibilidade de se adquirir um ve\u00edculo para uso nos servi\u00e7os prestados pela Policl\u00ednica do Munic\u00edpio\""}, {"id": "6603", "ano": "2021", "numero": "72", "tipo__sigla": "REQ", "tipo__descricao": "Requerimento", "autoria": "Hermano Fof\u00e3o", "texto_original": "http://sapl.lagoadaprata.mg.leg.br/media/sapl/public/materialegislativa/2021/6603/requerimento_072-2021_-_hermano_-_microfinancas_1_12-04.pdf", "ementa": "\" O Vereador infra-assinado, na forma regimental e consultado o Plen\u00e1rio, requer a Vossa Excel\u00eancia que seja enviado ao Chefe do Poder Executivo Municipal of\u00edcio encaminhando o presente Requerimento, solicitando ao Secret\u00e1rio de Administra\u00e7\u00e3o e Governo, Lucas Rafael Gontijo de Melo, bem como ao Secret\u00e1rio de Desenvolvimento Econ\u00f4mico, Rog\u00e9rio C\u00e9sar Corgosinho, que informem se h\u00e1 possibilidade de viabilizar a implanta\u00e7\u00e3o e implementa\u00e7\u00e3o da pol\u00edtica de microcr\u00e9dito, para apoiar, especialmente, aqueles empreendedores cujo faturamento foi afetado pelas restri\u00e7\u00f5es impostas pela   Pandemia do Novo Coronav\u00edrus\""}, {"id": "6604", "ano": "2021", "numero": "73", "tipo__sigla": "REQ", "tipo__descricao": "Requerimento", "autoria": "Lisa Miranda", "texto_original": "http://sapl.lagoadaprata.mg.leg.br/media/sapl/public/materialegislativa/2021/6604/requerimento_073-2021_-_lisa_-_limpeza_do_corrego_chico_silveira_12-04.pdf", "ementa": "A Vereadora infra-assinada, na forma regimental, requer a Vossa Excel\u00eancia, consultado o Plen\u00e1rio, que seja enviado of\u00edcio ao Chefe do Poder Executivo Municipal, encaminhando o presente Requerimento, solicitando ao Secret\u00e1rio de Transportes e Limpeza P\u00fablica, Anderson Rodrigues Andrade, que informe a esta Casa se h\u00e1 possibilidade de se realizar limpeza no leito e \u00e0s margens do C\u00f3rrego Chico Silveira, em sua extens\u00e3o que ainda se encontra \u201ca c\u00e9u aberto\u201d, bem como em toda extens\u00e3o da Av. Isabel de Castro, no trecho compreendido entre o in\u00edcio da canaliza\u00e7\u00e3o do referido c\u00f3rrego na regi\u00e3o central, at\u00e9 seu cruzamento com a Rua Cassimiro de Abreu, na divisa dos Bairros Am\u00e9rico Silva e Gomes."}, {"id": "6605", "ano": "2021", "numero": "74", "tipo__sigla": "REQ", "tipo__descricao": "Requerimento", "autoria": "Pavio", "texto_original": "http://sapl.lagoadaprata.mg.leg.br/media/sapl/public/materialegislativa/2021/6605/requerimento_074-2021_-_pavio_-reforma_da_quadra_12-04_1.pdf", "ementa": "\"O Vereador infra-assinado, na forma regimental, requer a Vossa Excel\u00eancia, consultado o Plen\u00e1rio, que seja enviado of\u00edcio ao Chefe do Poder Executivo Municipal, encaminhando o presente Requerimento que solicita ao Secret\u00e1rio de Desportos, Carlos Henrique Xavier, bem como ao Secret\u00e1rio de Obras e Urbanismo, Reginaldo Henrique Santos, que informem a esta Casa se h\u00e1 possibilidade se realizar estudo para a execu\u00e7\u00e3o de obra para a cobertura e reforma da quadra de esportes do Bairro Am\u00e9rico Silva, localizada na Rua Divin\u00f3polis, no Bairro Am\u00e9rico Silva, nesta cidade.\""}, {"id": "6606", "ano": "2021", "numero": "75", "tipo__sigla": "REQ", "tipo__descricao": "Requerimento", "autoria": "Leandro Bibiano", "texto_original": "http://sapl.lagoadaprata.mg.leg.br/media/sapl/public/materialegislativa/2021/6606/requerimento_075-2021_-_leandro_bibiano_-_colocar_poste_rua_jose_lucas_bairromangabeiras_12-04-2021.pdf", "ementa": "\"O Vereador infra-assinado, na forma regimental, requer a Vossa Excel\u00eancia, consultado o Plen\u00e1rio, que seja enviado of\u00edcio ao Chefe do Poder Executivo Municipal encaminhando o presente Requerimento que solicita ao Secret\u00e1rio de Administra\u00e7\u00e3o e Governo Sr. Lucas Rafael Gontijo de Melo, junto a Cemig que informe a esta Casa,se h\u00e1 possibilidade de se fazer a mudan\u00e7a de um poste de energia el\u00e9trica, que encontra-se no terreno urbano no final da Rua Jos\u00e9 Lucas, colocando-o com a respectiva lumin\u00e1ria na rua supracitada, pr\u00f3ximo ao n\u00ba 200, Bairro Mangabeiras, nesta cidade\""}, {"id": "6607", "ano": "2021", "numero": "76", "tipo__sigla": "REQ", "tipo__descricao": "Requerimento", "autoria": "Carol Castro", "texto_original": "http://sapl.lagoadaprata.mg.leg.br/media/sapl/public/materialegislativa/2021/6607/requerimento_076-2021_-_carol_-_protocolo_autismo__12-04.pdf", "ementa": "\"A Vereadora infra-assinada, na forma regimental e consultado o Plen\u00e1rio, requer a Vossa Excel\u00eancia que seja enviado of\u00edcio ao Chefe do Poder Executivo Municipal, encaminhando o presente Requerimento, que solicita \u00e0 Secret\u00e1ria Municipal de Sa\u00fade, Margarete Borges de Lacerda Dias, que informe a esta Casa Legislativa a possibilidade de      regularizar no munic\u00edpio de Lagoa da Prata a aplicabilidade do disposto no Par\u00e1grafo Quinto do Artigo 14 do Estatuto da Crian\u00e7a e Adolescente, Lei Nacional 8.069/1990, alterado pela Lei   Nacional n\u00ba 13.438/2017, que disp\u00f5e sobre a obrigatoriedade do Sistema \u00danico de Sa\u00fade (SUS) adotar protocolos padronizados de avalia\u00e7\u00e3o de riscos ao desenvolvimento ps\u00edquico de crian\u00e7as de at\u00e9 18 meses de idade. \""}, {"id": "6618", "ano": "2021", "numero": "77", "tipo__sigla": "REQ", "tipo__descricao": "Requerimento", "autoria": "Lisa Miranda", "texto_original": "http://sapl.lagoadaprata.mg.leg.br/media/sapl/public/materialegislativa/2021/6618/requerimento_077-2021_-_lisa_-_placa_nome_ubs_19-04.pdf", "ementa": "A Vereadora infra-assinada, na forma regimental, requer a Vossa Excel\u00eancia, consultado o Plen\u00e1rio, que seja enviado of\u00edcio ao Chefe do Poder Executivo Municipal, encaminhando o presente Requerimento, que solicita ao Secret\u00e1rio de Administra\u00e7\u00e3o e Governo, Lucas Rafael Gontijo de Melo, que informe aos Vereadores e \u00e0 popula\u00e7\u00e3o de Lagoa da Prata, qual data ser\u00e1 feita a instala\u00e7\u00e3o da placa que d\u00e1 nome \u00e0 Unidade B\u00e1sica de Sa\u00fade I \u2013 UBS I \u2013 do Bairro Am\u00e9rico Silva, do Munic\u00edpio de Lagoa da Prata, que passou a se denominar Unidade B\u00e1sica de Sa\u00fade Baldu\u00edno Bernardes Amorim \u2013 Sr. Dudu, em cumprimento \u00e0 Lei Municipal n\u00ba 3.402, de 18 de fevereiro de 2021."}, {"id": "6619", "ano": "2021", "numero": "78", "tipo__sigla": "REQ", "tipo__descricao": "Requerimento", "autoria": "Carol Castro", "texto_original": "http://sapl.lagoadaprata.mg.leg.br/media/sapl/public/materialegislativa/2021/6619/requerimento_078-2021_-_carol_-_olho_vivo_19-04.pdf", "ementa": "A Vereadora infra-assinada, na forma regimental e consultado o Plen\u00e1rio, requer a Vossa Excel\u00eancia que seja enviado of\u00edcio ao Chefe do Poder Executivo Municipal, encaminhando o presente Requerimento, que solicita ao Secret\u00e1rio Municipal de Obras e       Urbanismo, Reginaldo Henrique Santos, com c\u00f3pia ao Secret\u00e1rio de Municipal de Transportes e Limpeza P\u00fablica, Anderson Rodrigues Andrade, que informe a esta Casa se h\u00e1 possibilidade de instalar c\u00e2meras de videomonitoramento (Olho Vivo) e placas de advert\u00eancia \u201cProibido Jogar Lixo \u2013 Sujeito \u00e0 Multa\u201d em pontos estrat\u00e9gicos da cidade, dentre eles o trevo principal, trevo secund\u00e1rio e na sa\u00edda para o munic\u00edpio de Luz."}, {"id": "6620", "ano": "2021", "numero": "79", "tipo__sigla": "REQ", "tipo__descricao": "Requerimento", "autoria": "Pavio", "texto_original": "http://sapl.lagoadaprata.mg.leg.br/media/sapl/public/materialegislativa/2021/6620/requerimento_079-2021_pavio_-_van_para_hemodialise_19-04.pdf", "ementa": "O Vereador infra-assinado, na forma regimental, requerer a Vossa Excel\u00eancia,         consultado o Plen\u00e1rio, que seja enviado of\u00edcio ao Chefe do Poder Executivo Municipal,       encaminhando o presente Requerimento, que solicita \u00e0 Secret\u00e1ria Municipal de Sa\u00fade, Sra. Margarete Borges de Lacerda Dias, que informe a esta Casa Legislativa se h\u00e1 possibilidade do Munic\u00edpio adquirir uma VAN, de 18 lugares, para o fim espec\u00edfico de transportar os pacientes locais que fazem tratamento de hemodi\u00e1lise na cidade de Formiga-MG."}, {"id": "6621", "ano": "2021", "numero": "80", "tipo__sigla": "REQ", "tipo__descricao": "Requerimento", "autoria": "Cici", "texto_original": "http://sapl.lagoadaprata.mg.leg.br/media/sapl/public/materialegislativa/2021/6621/requerimento_080-2021_-_cici_-_atividades_religiosas_como_essenciais_19-04.pdf", "ementa": "O Vereador infra-assinado, na forma regimental e consultado o Plen\u00e1rio, requer a Vossa Excel\u00eancia que seja enviado of\u00edcio ao Chefe do Poder Executivo Municipal encaminhando o presente Requerimento, solicitando ao Secret\u00e1rio de Administra\u00e7\u00e3o e        Governo, Lucas Rafael Gontijo de Melo, que informe a esta Casa se h\u00e1 possibilidade de se analisar com o Prefeito a viabilidade para o envio de proposta legislativa no sentido de estabelecer como essencial a atividade prestada pelas Igrejas e Templos Religiosos de qualquer culto, no \u00e2mbito do Munic\u00edpio de Lagoa da Prata."}, {"id": "6625", "ano": "2021", "numero": "81", "tipo__sigla": "REQ", "tipo__descricao": "Requerimento", "autoria": "Hermano Fof\u00e3o", "texto_original": "http://sapl.lagoadaprata.mg.leg.br/media/sapl/public/materialegislativa/2021/6625/requerimento_081-2021_-_hermano_-_beneficios_fiscais_26-04.pdf", "ementa": "O Vereador infra-assinado, na forma regimental e consultado o Plen\u00e1rio, requer a Vossa Excel\u00eancia que seja enviado ao Chefe do Poder Executivo Municipal of\u00edcio encaminhando o presente Requerimento, que solicita ao Secret\u00e1rio de Administra\u00e7\u00e3o e Governo, Lucas Rafael Gontijo de Melo, bem como ao Secret\u00e1rio de Desenvolvimento Econ\u00f4mico, Rog\u00e9rio C\u00e9sar Corgosinho, que informem a esta Casa, se h\u00e1 possibilidade de se enviar ao Poder Legislativo Projeto de Lei concedendo \u00e0s             Microempresas - ME, Empresas de Pequeno Porte - EPP e Microempreendedores Individuais \u2013 MEI,    situados no Munic\u00edpio, os seguintes benef\u00edcios:\r\n1 - A prorroga\u00e7\u00e3o do prazo de vencimento dos tributos municipais incidentes sobre eles, ou sobre seus bens, sem a cobran\u00e7a de qualquer encargo financeiro, bem como o parcelamento do valor nos casos a serem estabelecidos pela Administra\u00e7\u00e3o P\u00fablica Municipal, tamb\u00e9m sem a cobran\u00e7a de      encargo financeiro;\r\n\t\t2 \u2013 A intercess\u00e3o junto ao SAAE"}, {"id": "6626", "ano": "2021", "numero": "82", "tipo__sigla": "REQ", "tipo__descricao": "Requerimento", "autoria": "Sargento Washington", "texto_original": "http://sapl.lagoadaprata.mg.leg.br/media/sapl/public/materialegislativa/2021/6626/requerimento_082-2021_-_sargento_-_agente_viagem_26-04.pdf", "ementa": "O Vereador infra-assinado, na forma regimental, requer a Vossa Excel\u00eancia, consultado o Plen\u00e1rio, que envie of\u00edcio ao Chefe do Poder Executivo Municipal encaminhando o presente Requerimento, que solicita ao Secret\u00e1rio de Administra\u00e7\u00e3o e Governo, Lucas Rafael Gontijo de Melo e \u00e0 Secret\u00e1ria de Sa\u00fade, Margarete Borges de Lacerda Dias, que informem a esta Casa, aos Vereadores e \u00e0 popula\u00e7\u00e3o de Lagoa da Prata, sobre a possibilidade de se realizar estudos para o Munic\u00edpio aderir ao Sistema Estadual de Transporte em Sa\u00fade (SETS), que \u00e9 uma a\u00e7\u00e3o criada pelo Governo do Estado de Minas Gerais; ou de se disponibilizar um Agente de Viagem para acompanhar os pacientes do munic\u00edpio que fazem tratamento na ACCCOM - Associa\u00e7\u00e3o de Combate ao C\u00e2ncer Centro Oeste Minas, em Divin\u00f3polis \u2013 MG, durante o transporte daqueles pelos ve\u00edculos municipais."}, {"id": "6627", "ano": "2021", "numero": "83", "tipo__sigla": "REQ", "tipo__descricao": "Requerimento", "autoria": "Soninha", "texto_original": "http://sapl.lagoadaprata.mg.leg.br/media/sapl/public/materialegislativa/2021/6627/requerimento_083-2021_-_soninha_-_marcacao_de_exames_26-04.pdf", "ementa": "A Vereadora infra-assinada, na forma regimental e consultado o Plen\u00e1rio, requer a    Vossa Excel\u00eancia que seja enviado of\u00edcio ao Chefe do Poder Executivo Municipal               encaminhando o presente Requerimento, que solicita \u00e0 Secret\u00e1ria Municipal de Sa\u00fade,      Margarete Borges de Lacerda Dias, que informe a esta Casa se durante o per\u00edodo de Situa\u00e7\u00e3o de Emerg\u00eancia em Sa\u00fade P\u00fablica no Munic\u00edpio de Lagoa da Prata, em raz\u00e3o da Pandemia causada pelo Coronav\u00edrus (COVID-19), h\u00e1 possibilidade de se centralizar a marca\u00e7\u00e3o de    exames cl\u00ednicos dos usu\u00e1rios nas ESFs (PSFs) de refer\u00eancia."}, {"id": "6628", "ano": "2021", "numero": "84", "tipo__sigla": "REQ", "tipo__descricao": "Requerimento", "autoria": "Leandro Bibiano", "texto_original": "http://sapl.lagoadaprata.mg.leg.br/media/sapl/public/materialegislativa/2021/6628/requerimento_084-2021_-_leandro_bibiano_-_rotatoria_26-04.pdf", "ementa": "O Vereador infra-assinado, na forma regimental, requer a Vossa Excel\u00eancia, consultado o Plen\u00e1rio, que seja enviado of\u00edcio ao Chefe do Poder Executivo Municipal encaminhando o presente Requerimento, que solicita ao Secret\u00e1rio de Administra\u00e7\u00e3o e Governo, Lucas Rafael Gontijo de Melo e ao Secret\u00e1rio de Obras e Urbanismo, Reginaldo Henrique Santos, que informem a esta Casa, se h\u00e1 possibilidade de se colocar uma rotat\u00f3ria no cruzamento da Rua Rio Grande do Norte com Rua Josaf\u00e1 Bernardes, no Bairro Gomes, nesta cidade."}, {"id": "6629", "ano": "2021", "numero": "85", "tipo__sigla": "REQ", "tipo__descricao": "Requerimento", "autoria": "", "texto_original": "http://sapl.lagoadaprata.mg.leg.br/media/sapl/public/materialegislativa/2021/6629/requerimento_085-2021_-_lisa_-_centro_de_hemodialise_26-04.pdf", "ementa": "A Vereadora infra-assinada, na forma regimental, requer a Vossa Excel\u00eancia, consultado o Plen\u00e1rio, que envie of\u00edcio ao Chefe do Poder Executivo Municipal encaminhando o presente Requerimento, que solicita ao Secret\u00e1rio de Administra\u00e7\u00e3o e Governo, Lucas Rafael Gontijo de Melo e \u00e0 Secret\u00e1ria de Sa\u00fade, Margarete Borges de Lacerda Dias, que informem a esta Casa, aos Vereadores e \u00e0 popula\u00e7\u00e3o de Lagoa da Prata, sobre a possibilidade de se realizar estudos para implanta\u00e7\u00e3o de um Centro de Hemodi\u00e1lise no munic\u00edpio."}, {"id": "6635", "ano": "2021", "numero": "86", "tipo__sigla": "REQ", "tipo__descricao": "Requerimento", "autoria": "Cici", "texto_original": "http://sapl.lagoadaprata.mg.leg.br/media/sapl/public/materialegislativa/2021/6635/requerimento_086-2021_-_cici-_reforma_do_museu_-_03-05.pdf", "ementa": "O Vereador infra-assinado, na forma regimental e consultado o Plen\u00e1rio, requer a Vossa Excel\u00eancia que seja enviado Of\u00edcio ao Chefe do Poder Executivo Municipal              encaminhando o presente Requerimento, que solicita ao Secret\u00e1rio Municipal de                  Administra\u00e7\u00e3o e Governo, bem como ao Secret\u00e1rio Municipal de Cultura e Turismo, que     informem a esta Casa sobre o in\u00edcio das obras de reforma do Museu Dona Alexandrina e da pra\u00e7a ao seu redor."}, {"id": "6636", "ano": "2021", "numero": "87", "tipo__sigla": "REQ", "tipo__descricao": "Requerimento", "autoria": "Leandro Bibiano", "texto_original": "http://sapl.lagoadaprata.mg.leg.br/media/", "ementa": "O Vereador infra-assinado, na forma regimental, requer a Vossa Excel\u00eancia, consultado o Plen\u00e1rio, que seja enviado of\u00edcio ao Chefe do Poder Executivo Municipal encaminhando o presente Requerimento, que solicita ao Secret\u00e1rio de Administra\u00e7\u00e3o e Governo, Lucas Rafael Gontijo de Melo e ao Secret\u00e1rio de Obras e Urbanismo, Reginaldo Henrique Santos, que informem a esta Casa, se h\u00e1 possibilidade de se colocar uma rotat\u00f3ria no cruzamento da Rua Alagoas com a Rua Josaf\u00e1 Bernardes, no Bairro Gomes, nesta cidade."}, {"id": "6637", "ano": "2021", "numero": "88", "tipo__sigla": "REQ", "tipo__descricao": "Requerimento", "autoria": "Toninho da Laje", "texto_original": "http://sapl.lagoadaprata.mg.leg.br/media/sapl/public/materialegislativa/2021/6637/requerimento_088-2021_-_toninho_da_laje_-_redutor_de_velocidade_03-05.pdf", "ementa": "O Vereador infra-assinado, na forma regimental, requer a Vossa Excel\u00eancia, consultado o Plen\u00e1rio, que seja enviado of\u00edcio ao Chefe do Poder Executivo Municipal, encaminhando o presente Requerimento que solicita ao Secret\u00e1rio de Administra\u00e7\u00e3o e Governo, Sr. Lucas Rafael Gontijo de Melo, bem como ao Secret\u00e1rio de Obras e Urbanismo, Sr. Reginaldo Henrique Santos, que informem a esta Casa se h\u00e1 possibilidade de se colocar um redutor de velocidade na Rua Secundino Rodrigues, em frente ao n\u00famero 740, no Bairro Chico Miranda."}, {"id": "6638", "ano": "2021", "numero": "89", "tipo__sigla": "REQ", "tipo__descricao": "Requerimento", "autoria": "Sargento Washington", "texto_original": "http://sapl.lagoadaprata.mg.leg.br/media/sapl/public/materialegislativa/2021/6638/requerimento_089-2021_-_sargento_washington_-_iluminacao_praca_dona_zaza_03-05.pdf", "ementa": "O Vereador infra-assinado, na forma regimental e consultado o Plen\u00e1rio, requer a Vossa Excel\u00eancia que seja enviado of\u00edcio ao Chefe do Poder Executivo Municipal, encaminhando o presente Requerimento, que solicita ao Secret\u00e1rio de Obras e Urbanismo que informe a esta Casa se h\u00e1 possibilidade de se executar obra para a instala\u00e7\u00e3o de C\u00e2meras do Sistema Olho Vivo, bem como para melhorias da ilumina\u00e7\u00e3o na Pra\u00e7a Dona Zaz\u00e1 e no seu entorno, no Bairro Am\u00e9rico Silva, pr\u00f3ximo a uma ind\u00fastria farmac\u00eautica l\u00e1 situada."}, {"id": "6639", "ano": "2021", "numero": "90", "tipo__sigla": "REQ", "tipo__descricao": "Requerimento", "autoria": "Lisa Miranda", "texto_original": "http://sapl.lagoadaprata.mg.leg.br/media/sapl/public/materialegislativa/2021/6639/requerimento_090-2021_-_lisa_-_construcao_ubs_martins_03-05.pdf", "ementa": "A Vereadora infra-assinada, na forma regimental, requer a Vossa Excel\u00eancia, consultado o Plen\u00e1rio, que seja enviado of\u00edcio ao Chefe do Poder Executivo Municipal, encaminhando o presente Requerimento, que solicita \u00e0 Secret\u00e1ria Municipal de Sa\u00fade que informe aos Vereadores e \u00e0 popula\u00e7\u00e3o de Lagoa da Prata, sobre a possibilidade de se fazer um estudo para a constru\u00e7\u00e3o de uma UBS - Unidade B\u00e1sica de Sa\u00fade, no Distrito de Martins Guimar\u00e3es."}, {"id": "6640", "ano": "2021", "numero": "91", "tipo__sigla": "REQ", "tipo__descricao": "Requerimento", "autoria": "Carol Castro", "texto_original": "http://sapl.lagoadaprata.mg.leg.br/media/sapl/public/materialegislativa/2021/6640/requerimento_091-2021_-_carol_-_pos_covid_03-05.pdf", "ementa": "A Vereadora infra-assinada, na forma regimental e consultado o Plen\u00e1rio, requer a Vossa Excel\u00eancia que seja enviado of\u00edcio ao Chefe do Poder Executivo Municipal,               encaminhando o presente Requerimento, que solicita \u00e0 Secret\u00e1ria Municipal de Sa\u00fade,         Margarete Borges de Lacerda Dias, que informe a esta Casa Legislativa se h\u00e1 possibilidade da implanta\u00e7\u00e3o de Programa para Reabilita\u00e7\u00e3o de Paciente P\u00f3s-alta de Covid-19, no munic\u00edpio."}, {"id": "6641", "ano": "2021", "numero": "92", "tipo__sigla": "REQ", "tipo__descricao": "Requerimento", "autoria": "Soninha", "texto_original": "http://sapl.lagoadaprata.mg.leg.br/media/sapl/public/materialegislativa/2021/6641/requerimento_092-2021_-_soninha_-_informacao_centro_especialidades_03-05.pdf", "ementa": "A Vereadora infra-assinada, na forma regimental, requerer a Vossa Excel\u00eancia,       consultado o Plen\u00e1rio, que seja enviado of\u00edcio ao Chefe do Poder Executivo Municipal,        encaminhando o presente Requerimento, que solicita \u00e0 Secret\u00e1ria Municipal de Sa\u00fade,      Margarete Borges de Lacerda Dias, que informe a esta Casa se h\u00e1 possibilidade de se enviar uma tabela formal com o objetivo de comparar os n\u00fameros de pequenas cirurgias, ultrassom e consultas realizadas durante este mesmo per\u00edodo no ano de 2020, no Centro de                    Especialidades M\u00e9dicas. Esta tabela detalhada comparativa deve conter explica\u00e7\u00f5es perante a quantidade dos procedimentos supracitados."}, {"id": "6653", "ano": "2021", "numero": "93", "tipo__sigla": "REQ", "tipo__descricao": "Requerimento", "autoria": "Pavio", "texto_original": "http://sapl.lagoadaprata.mg.leg.br/media/sapl/public/materialegislativa/2021/6653/requerimento_093-2021_-_pavio_-_escoamento_aguas_10-05.pdf", "ementa": "O Vereador infra-assinado, na forma regimental, requer a Vossa Excel\u00eancia, consultado o Plen\u00e1rio, que seja enviado of\u00edcio ao Chefe do Poder Executivo Municipal, encaminhando o presente Requerimento que solicita ao Ilustre Secret\u00e1rio de Administra\u00e7\u00e3o e Governo, Sr. Lucas Rafael Gontijo de Melo, bem como ao Ilustre Secret\u00e1rio de Obras e Urbanismo, Sr. Reginaldo Henrique Santos, que informem a esta Casa se h\u00e1 previs\u00e3o parar a execu\u00e7\u00e3o de obras visando solucionar o problema de escoamento das \u00e1guas pluviais que descem na Rua Arcos, entre a Av. Benedito Valadares e a Rua Joaquim Gomes Pereira, at\u00e9 a Avenida Izabel de Castro, neste Munic\u00edpio."}, {"id": "6654", "ano": "2021", "numero": "94", "tipo__sigla": "REQ", "tipo__descricao": "Requerimento", "autoria": "Hermano Fof\u00e3o", "texto_original": "http://sapl.lagoadaprata.mg.leg.br/media/sapl/public/materialegislativa/2021/6654/requerimento_094-2021_-_hermano_-_lagoa_para_crescer_10-05.pdf", "ementa": "O Vereador infra-assinado, na forma regimental e consultado o Plen\u00e1rio, requer a Vossa Excel\u00eancia que seja enviado ao Chefe do Poder Executivo Municipal of\u00edcio encaminhando o presente Requerimento, solicitando ao Secret\u00e1rio de Desenvolvimento Econ\u00f4mico, Rog\u00e9rio   C\u00e9sar Corgosinho, que informe a esta Casa se h\u00e1 possibilidade de se realizar uma reuni\u00e3o com todos os profissionais da \u00e1rea de Contabilidade do Munic\u00edpio, no intuito de engajar sua          participa\u00e7\u00e3o nas a\u00e7\u00f5es que norteiam o Programa Municipal \u201cLagoa Livre para Crescer\u201d, cujo objetivo \u00e9 promover o desenvolvimento econ\u00f4mico e sustent\u00e1vel em Lagoa da Prata."}, {"id": "6655", "ano": "2021", "numero": "95", "tipo__sigla": "REQ", "tipo__descricao": "Requerimento", "autoria": "Leandro Bibiano", "texto_original": "http://sapl.lagoadaprata.mg.leg.br/media/sapl/public/materialegislativa/2021/6655/requerimento_095-2021_-_leandro_bibiano_-_reforma_da_praca_n._senhora_do_rosario_10-05.pdf", "ementa": "O Vereador infra-assinado, na forma regimental e consultado o Plen\u00e1rio, requer a     Vossa Excel\u00eancia que seja enviado Of\u00edcio ao Chefe do Poder Executivo Municipal               encaminhando o presente Requerimento, que solicita ao Secret\u00e1rio Municipal de                  Administra\u00e7\u00e3o e Governo, Sr Lucas Rafael Gontijo de Melo, bem como ao Secret\u00e1rio         Municipal de Obras e Urbanismo, Sr Reginaldo Henrique Santos, que informem a esta Casa quando ter\u00e3o in\u00edcio as obras de reforma das Pra\u00e7as Nossa Senhora do Ros\u00e1rio e Capit\u00e3o Jos\u00e9 Baia."}, {"id": "6656", "ano": "2021", "numero": "96", "tipo__sigla": "REQ", "tipo__descricao": "Requerimento", "autoria": "Cici", "texto_original": "http://sapl.lagoadaprata.mg.leg.br/media/sapl/public/materialegislativa/2021/6656/requerimento_096-2021_-_cici_-_kit_lanche_10-05.pdf", "ementa": "O Vereador infra-assinado, na forma regimental e consultado o Plen\u00e1rio, requer a Vossa Excel\u00eancia que seja enviado of\u00edcio ao Chefe do Poder Executivo Municipal encaminhando o presente Requerimento, solicitando ao Secret\u00e1rio de Administra\u00e7\u00e3o e        Governo, Lucas Rafael Gontijo de Melo, e \u00e0 Secret\u00e1ria Municipal de Sa\u00fade, Margarete Borges de Lacerda Dias, que informem a esta Casa se h\u00e1 possibilidade de se implantar o Programa Kit Lanche, para os pacientes que fazem tratamento m\u00e9dico pelo Sistema \u00danico de Sa\u00fade (SUS) fora do munic\u00edpio."}, {"id": "6657", "ano": "2021", "numero": "97", "tipo__sigla": "REQ", "tipo__descricao": "Requerimento", "autoria": "Carol Castro", "texto_original": "http://sapl.lagoadaprata.mg.leg.br/media/sapl/public/materialegislativa/2021/6657/requerimento_097-2021_-_carol_-_educacao_10-05.pdf", "ementa": "A Vereadora infra-assinada, na forma regimental e consultado o Plen\u00e1rio, requer a Vossa Excel\u00eancia que seja enviado of\u00edcio ao Chefe do Poder Executivo Municipal, encaminhando o presente Requerimento, que solicita \u00e0 Secret\u00e1ria Municipal de Educa\u00e7\u00e3o, Adriana Aparecida Ferreira, que informe e envie a esta Casa Legislativa o seguinte:\r\n\r\n\t1 - Listagem de todos os Professores em exerc\u00edcio na Rede Municipal de Ensino;\r\n\t2 - Listagem dos Professores que realizam \u201cdobras\u201d no exerc\u00edcio de suas atribui\u00e7\u00f5es e locais em que exercem a \u201cdobra\u201d;\r\n\t3 - Listagem atualizada dos(as) candidatos(as) nomeados(as) para o Emprego P\u00fablico de        Professor, pelo Concurso P\u00fablico 01/2018, bem como dos candidatos em lista de espera para nomea\u00e7\u00e3o;\r\n\t4 \u2013 Quantidade de vagas existentes no Quadro de Empregos P\u00fablicos da Rede           Municipal de Ensino."}, {"id": "6658", "ano": "2021", "numero": "98", "tipo__sigla": "REQ", "tipo__descricao": "Requerimento", "autoria": "Lisa Miranda", "texto_original": "http://sapl.lagoadaprata.mg.leg.br/media/sapl/public/materialegislativa/2021/6658/requerimento_098-2021_-_lisa_miranda_-_emendas_impositivas_10-05.pdf", "ementa": "A Vereadora infra-assinada, na forma regimental, requer a Vossa Excel\u00eancia, consultado o Plen\u00e1rio, que seja enviado of\u00edcio ao Chefe do Poder Executivo Municipal, encaminhando o presente Requerimento que solicita \u00e0 Secret\u00e1ria de Fazenda, N\u00edvia Maria de  Melo, que informe esta Casa Legislativa a situa\u00e7\u00e3o das Emendas Impositivas aprovadas pelos Vereadores em 2020, para serem executadas em 2021, as quais totalizaram o valor de           R$ 1.412.000,00 (um milh\u00e3o, quatrocentos e doze mil reais), mencionando aquelas que j\u00e1 foram concretizadas, bem como a previs\u00e3o para o cumprimento daquelas ainda pendentes de execu\u00e7\u00e3o."}, {"id": "6659", "ano": "2021", "numero": "99", "tipo__sigla": "REQ", "tipo__descricao": "Requerimento", "autoria": "Soninha", "texto_original": "http://sapl.lagoadaprata.mg.leg.br/media/sapl/public/materialegislativa/2021/6659/requerimento_099-2021_-_soninha_-_interprete_de_libras_10-05.pdf", "ementa": "A Vereadora infra-assinada, na forma regimental e consultado o Plen\u00e1rio, requer a Vossa Excel\u00eancia que se envie of\u00edcio ao Chefe do Poder Executivo Municipal encaminhando o presente Requerimento, que solicita ao Secret\u00e1rio de Administra\u00e7\u00e3o e Governo, Lucas Rafael Gontijo de Melo, que informe a esta Casa, se h\u00e1 possibilidade de se promover a contrata\u00e7\u00e3o de um profissional \u201cInt\u00e9rprete de Libras\u201d e servi\u00e7o de legendas ao vivo, para cobrir os eventos p\u00fablicos oficiais do Munic\u00edpio, pronunciamentos oficiais, entrevistas, bem como promover a interpreta\u00e7\u00e3o e legendagem em v\u00eddeos e campanhas educativas promovidas pelo Executivo, visando que a informa\u00e7\u00e3o chegue para o p\u00fablico que possui defici\u00eancias auditivas."}, {"id": "6660", "ano": "2021", "numero": "100", "tipo__sigla": "REQ", "tipo__descricao": "Requerimento", "autoria": "Sargento Washington", "texto_original": "http://sapl.lagoadaprata.mg.leg.br/media/sapl/public/materialegislativa/2021/6660/requerimento_100-2021_-_sargentto_washington_-_auxilio_estudantes_10-05.pdf", "ementa": "O Vereador infra-assinado, na forma regimental e consultado o Plen\u00e1rio, requer a Vossa Excel\u00eancia que seja enviado of\u00edcio ao Chefe do Poder Executivo Municipal encaminhando o presente Requerimento, que solicita \u00e0 Secret\u00e1ria de Assist\u00eancia Social, Amanda Talita Luiz Lopes, que informe a esta Casa, quais provid\u00eancias est\u00e3o sendo tomadas para o efetivo repasse dos recursos para o Aux\u00edlio-transporte aos estudantes universit\u00e1rios de Lagoa da Prata, conforme estabelecido em Lei."}, {"id": "6670", "ano": "2021", "numero": "101", "tipo__sigla": "REQ", "tipo__descricao": "Requerimento", "autoria": "Toninho da Laje", "texto_original": "http://sapl.lagoadaprata.mg.leg.br/media/sapl/public/materialegislativa/2021/6670/requerimento_101-2021_-_toninho_da_laje_-_medicamentos_17-05.pdf", "ementa": "O Vereador infra-assinado, na forma regimental e consultado o Plen\u00e1rio, requer a    Vossa Excel\u00eancia que seja enviado ao Chefe do Poder Executivo Municipal of\u00edcio encaminhando o presente Requerimento, solicitando \u00e0 Secret\u00e1ria Municipal de Sa\u00fade, as seguintes informa\u00e7\u00f5es:\r\n1 - Quais os crit\u00e9rios adotados para a defini\u00e7\u00e3o dos medicamentos considerados de alto custo, a serem fornecidos \u00e0 popula\u00e7\u00e3o?\r\n2 - Qual o ato normativo que definiu os medicamentos de alto custo?\r\n3 - Houve interrup\u00e7\u00e3o do recebimento de algum medicamento de alto custo? Se positiva a resposta, favor enviar a lista contendo o nome.\r\n4 - Quais as atitudes ou medidas tomadas pelo Munic\u00edpio para que os pacientes n\u00e3o tenham seus tratamentos interrompidos pela paralisa\u00e7\u00e3o da concess\u00e3o dos medicamentos de alto custo?\r\n5 - Como est\u00e1 o abastecimento de rem\u00e9dios, principalmente os de uso cont\u00ednuo?\r\n6 \u2013 Quais medicamentos est\u00e3o em falta, quais os motivos para tanto e qual a data     prevista para que o estoque seja reabastecido?"}, {"id": "6671", "ano": "2021", "numero": "102", "tipo__sigla": "REQ", "tipo__descricao": "Requerimento", "autoria": "Leandro Bibiano", "texto_original": "http://sapl.lagoadaprata.mg.leg.br/media/sapl/public/materialegislativa/2021/6671/requerimento_102-2021_-_leandro_bibiano_-_postes_rua_francisco_b_primo_17-05.pdf", "ementa": "O Vereador infra-assinado, na forma regimental, requer a Vossa Excel\u00eancia, consultado o Plen\u00e1rio, que seja enviado of\u00edcio ao Chefe do Poder Executivo Municipal encaminhando o presente Requerimento que solicita ao Secret\u00e1rio de Administra\u00e7\u00e3o e Governo, Sr Lucas Rafael Gontijo de Melo, bem como ao Secret\u00e1rio de Obras e Urbanismo, Sr. Reginaldo Henrique Santos, que informem a esta Casa se h\u00e1 possibilidade de se instalar postes de energia el\u00e9trica, com as respectivas lumin\u00e1rias na Rua Francisco Bernardes Primo, pr\u00f3ximo aos n\u00fameros 11, 12 e 21, no Bairro Am\u00e9rico Silva, nesta cidade."}, {"id": "6672", "ano": "2021", "numero": "103", "tipo__sigla": "REQ", "tipo__descricao": "Requerimento", "autoria": "Hermano Fof\u00e3o", "texto_original": "http://sapl.lagoadaprata.mg.leg.br/media/sapl/public/materialegislativa/2021/6672/requerimento_103-2021_-_hermano_-_melhoria_de_vias_17-05.pdf", "ementa": "O Vereador infra-assinado, na forma regimental, requer a Vossa Excel\u00eancia, consultado o Plen\u00e1rio, que seja enviado of\u00edcio ao Chefe do Poder Executivo Municipal, encaminhando o presente Requerimento que solicita ao Secret\u00e1rio de Obras e Urbanismo, Reginaldo Henrique Santos, que informe a esta Casa se h\u00e1 possibilidade de estudo para a viabilidade da realiza\u00e7\u00e3o das seguintes mudan\u00e7as e melhoria de v\u00e1rios pontos das seguintes vias p\u00fablicas no munic\u00edpio: 1 - Implanta\u00e7\u00e3o de \u201cM\u00e3o \u00danica\u201d no quarteir\u00e3o da Rua 27 de Dezembro, compreendido entre a Pra\u00e7a da Matriz em dire\u00e7\u00e3o \u00e0 Rua \u00c2ngelo Perilo (Centro/bairro), com estacionamento a 45\u00ba \u00e0 esquerda e paralelo \u00e0 direita; 2 - Implanta\u00e7\u00e3o de \u201cM\u00e3o \u00danica\u201d no quarteir\u00e3o da Rua Professor Jacinto Ribeiro, compreendido entre a Rua \u00c2ngelo Perilo em dire\u00e7\u00e3o \u00e0 Pra\u00e7a da Matriz (Bairro/Centro), com estacionamento a 45\u00ba \u00e0 esquerda e paralelo \u00e0 direita; 3 - Implanta\u00e7\u00e3o de \u201cM\u00e3o \u00danica\u201d no quarteir\u00e3o compreendido da Rua Jos\u00e9 Bernardes Lobato, entre a Rua Joaquim Gomes"}, {"id": "6673", "ano": "2021", "numero": "104", "tipo__sigla": "REQ", "tipo__descricao": "Requerimento", "autoria": "Sargento Washington", "texto_original": "http://sapl.lagoadaprata.mg.leg.br/media/sapl/public/materialegislativa/2021/6673/requerimento_104-2021_-_sargento_washington_-_adesao_ao_minas_conciente_17-05.pdf", "ementa": "O Vereador infra-assinado, na forma regimental e consultado o Plen\u00e1rio, requer a Vossa Excel\u00eancia que seja enviado of\u00edcio ao Chefe do Poder Executivo Municipal encaminhando o presente Requerimento, que solicita ao Secret\u00e1rio de Administra\u00e7\u00e3o e Governo, que informe a esta Casa, ap\u00f3s consulta ao Prefeito, se o munic\u00edpio aderir\u00e1, novamente, ao Programa Minas Consciente."}, {"id": "6674", "ano": "2021", "numero": "105", "tipo__sigla": "REQ", "tipo__descricao": "Requerimento", "autoria": "Carol Castro", "texto_original": "http://sapl.lagoadaprata.mg.leg.br/media/sapl/public/materialegislativa/2021/6674/requerimento_105-2021_-_carol_-_audiencia_publica_17-05.pdf", "ementa": "A Vereadora infra-assinada, na forma regimental, requer a Vossa Excel\u00eancia, ouvido o Plen\u00e1rio, que seja determinada a realiza\u00e7\u00e3o de AUDI\u00caNCIA P\u00daBLICA, em 21/05/2021, sobre o tema \u201cCrimes de Pedofilia: Preven\u00e7\u00e3o e Enfrentamento\u201d, alusivo \u00e0 data de 18 de Maio - Dia Nacional de Combate ao Abuso e \u00e0 Explora\u00e7\u00e3o Sexual contra Crian\u00e7as e Adolescentes\u201d, institu\u00eddo pela Lei Federal n\u00ba 9.970/00, com a confec\u00e7\u00e3o de um banner que ser\u00e1 colocado na frente da mesa do Plen\u00e1rio, visando a identifica\u00e7\u00e3o e divulga\u00e7\u00e3o do evento.\tProponho que sejam convidados para a Audi\u00eancia P\u00fablica o representante da Promotoria P\u00fablica de Divin\u00f3polis, Dr. Cas\u00e9 Fortes, o Juiz de Direito desta Comarca, Dr. Islon C\u00e9sar Damasceno, a Curadora da Inf\u00e2ncia e Adolesc\u00eancia, a Promotora de Justi\u00e7a Dra. Carla Priscilla Pereira Viana, o Delegado de Pol\u00edcia Civil, Dr. Irineu Jos\u00e9 Coelho Neto, o Prefeito Di-Gianne de Oliveira Nunes,  o Comandante da Guarda Civil Municipal, Uilian Douglas Goulart..."}, {"id": "6675", "ano": "2021", "numero": "106", "tipo__sigla": "REQ", "tipo__descricao": "Requerimento", "autoria": "Cici", "texto_original": "http://sapl.lagoadaprata.mg.leg.br/media/sapl/public/materialegislativa/2021/6675/requerimento_106-2021_-_cici_17-05.pdf", "ementa": "O Vereador infra-assinado, na forma regimental, requer a Vossa Excel\u00eancia, consultado o Plen\u00e1rio, seja enviado of\u00edcio ao Chefe do Poder Executivo Municipal encaminhando o presente Requerimento que solicita ao Secret\u00e1rio de Administra\u00e7\u00e3o e Governo, Lucas Rafael Gontijo de Melo, que envie a esta Casa as seguintes informa\u00e7\u00f5es:\r\n\r\n\t1 \u2013 Rela\u00e7\u00e3o nominal dos Secret\u00e1rios Municipais, indicando a respectiva pasta e sua remunera\u00e7\u00e3o;\r\n\t2 \u2013 Rela\u00e7\u00e3o completa com os nomes de todos os ocupantes dos empregos p\u00fablicos comissionados, sejam efetivos ou n\u00e3o (de recrutamento amplo), com a respectiva remunera\u00e7\u00e3o e local onde est\u00e3o lotados e prestam servi\u00e7os;\r\n\t3 \u2013 Rela\u00e7\u00e3o completa com os nomes de todos empregados p\u00fablicos municipais que exercem as fun\u00e7\u00f5es gratificadas existentes na Administra\u00e7\u00e3o Municipal, com a respectiva remunera\u00e7\u00e3o, local onde est\u00e3o lotados e prestam servi\u00e7os."}, {"id": "6676", "ano": "2021", "numero": "107", "tipo__sigla": "REQ", "tipo__descricao": "Requerimento", "autoria": "Lisa Miranda, Soninha", "texto_original": "http://sapl.lagoadaprata.mg.leg.br/media/sapl/public/materialegislativa/2021/6676/requerimento_107-2021_-_lisa_-_soninha_-_convoca_sec_saude_17-05.pdf", "ementa": "As Vereadoras infra-assinadas, na forma regimental, requerem a Vossa Excel\u00eancia, consultado o Plen\u00e1rio, que seja enviado of\u00edcio ao Chefe do Poder Executivo Municipal, encaminhando o presente Requerimento, que convoca a Secret\u00e1ria Municipal de Sa\u00fade, Margarete Borges de Lacerda Dias, a comparecer a esta Casa, no prazo regimental e nos termos da Lei Org\u00e2nica do Munic\u00edpio, para falar a respeito dos seguintes assuntos:\r\n\r\n\t1 \u2013 O trabalho que vem sendo realizado pela Secretaria Municipal de Sa\u00fade;\r\n\r\n\t2 \u2013 Reclama\u00e7\u00f5es feitas pela popula\u00e7\u00e3o em rela\u00e7\u00e3o ao atendimento da Secretaria de Sa\u00fade;\r\n\r\n\t3 - Assuntos relacionados \u00e0 Covid-19, ao funcionamento das Unidades B\u00e1sicas de Sa\u00fade (UBS), ao funcionamento do Centro de Especialidades M\u00e9dicas, da UPA, ao atendimento na Policl\u00ednica I, \u00e0 regula\u00e7\u00e3o de pacientes e ao Tratamento Fora do Domic\u00edlio (TFD), receitu\u00e1rios de pacientes acamados."}, {"id": "6686", "ano": "2021", "numero": "108", "tipo__sigla": "REQ", "tipo__descricao": "Requerimento", "autoria": "Toninho da Laje", "texto_original": "http://sapl.lagoadaprata.mg.leg.br/media/sapl/public/materialegislativa/2021/6686/requerimento_108-2021_-_toninho_da_laje_-_redutor_de_velocidade_24-05.pdf", "ementa": "O Vereador infra-assinado, na forma regimental, requer a Vossa Excel\u00eancia, consultado o Plen\u00e1rio, que seja enviado of\u00edcio ao Chefe do Poder Executivo Municipal encaminhando o presente Requerimento, que solicita ao Secret\u00e1rio de Obras e Urbanismo, Sr. Reginaldo Henrique Santos, que informe a esta Casa se h\u00e1 possibilidade de se colocar um redutor de velocidade na Rua Maria Rita Vidal, em frente ao Col\u00e9gio Malta, no Bairro Am\u00e9rico Silva, nesta cidade, bem como a correta sinaliza\u00e7\u00e3o."}, {"id": "6687", "ano": "2021", "numero": "109", "tipo__sigla": "REQ", "tipo__descricao": "Requerimento", "autoria": "Leandro Bibiano", "texto_original": "http://sapl.lagoadaprata.mg.leg.br/media/sapl/public/materialegislativa/2021/6687/requerimento_109-2021_-_leandro_bibiano_-_recuperacao_do_calcamento_24-05.pdf", "ementa": "O Vereador infra-assinado, na forma regimental, requer a Vossa Excel\u00eancia, consultado o Plen\u00e1rio, que seja enviado of\u00edcio ao Chefe do Poder Executivo Municipal, encaminhando o presente Requerimento que solicita ao Ilustre Secret\u00e1rio de Administra\u00e7\u00e3o e Governo, Lucas Rafael Gontijo de Melo, bem como ao Ilustre Secret\u00e1rio de Obras e Urbanismo, Reginaldo Henrique Santos, que informem a esta Casa se h\u00e1 possibilidade de se realizar a recupera\u00e7\u00e3o do cal\u00e7amento da Rua S\u00e3o Carlos, at\u00e9 seu cruzamento com a Rua Divin\u00f3polis, no bairro Am\u00e9rico Silva, nesta cidade."}, {"id": "6688", "ano": "2021", "numero": "110", "tipo__sigla": "REQ", "tipo__descricao": "Requerimento", "autoria": "Lisa Miranda, Soninha", "texto_original": "http://sapl.lagoadaprata.mg.leg.br/media/sapl/public/materialegislativa/2021/6688/requerimento_110-2021_-_lisa_-_contratacao_de_medicos_24-05.pdf", "ementa": "As Vereadoras infra-assinadas, na forma regimental, requerem a Vossa Excel\u00eancia, consultado o Plen\u00e1rio, que seja enviado of\u00edcio ao Chefe do Poder Executivo Municipal, encaminhando o presente Requerimento que solicita ao Secret\u00e1rio de Administra\u00e7\u00e3o e Governo, bem como \u00e0 Secret\u00e1ria Municipal de Sa\u00fade, que informem a esta Casa, se est\u00e3o sendo contratados m\u00e9dicos para as Unidades B\u00e1sicas de Sa\u00fade e para a Policl\u00ednica de nosso Munic\u00edpio. Se a resposta for negativa, que informem qual a previs\u00e3o para a referida contrata\u00e7\u00e3o.\r\n       \r\n       \tCaso j\u00e1 tenham sido contratados, que enviem rela\u00e7\u00e3o com o nome dos m\u00e9dicos e o local em que atender\u00e3o, para que os membros desta Casa tomem conhecimento."}, {"id": "6689", "ano": "2021", "numero": "111", "tipo__sigla": "REQ", "tipo__descricao": "Requerimento", "autoria": "Sargento Washington", "texto_original": "http://sapl.lagoadaprata.mg.leg.br/media/sapl/public/materialegislativa/2021/6689/requerimento_111-2021_-_sargento_washington_-_informacoes_sobre_sine_24-05.pdf", "ementa": "O Vereador infra-assinado, na forma regimental, requer a Vossa Excel\u00eancia, consultado o Plen\u00e1rio, seja enviado of\u00edcio ao Chefe do Poder Executivo Municipal encaminhando o presente Requerimento que solicita ao Secret\u00e1rio de Desenvolvimento Econ\u00f4mico, Rog\u00e9rio C\u00e9sar Corgosinho, que envie a esta Casa as seguintes informa\u00e7\u00f5es:\r\n\r\n\t1 \u2013 Como est\u00e1 a situa\u00e7\u00e3o do SINE de Lagoa da Prata, na atualidade;\r\n\t2 \u2013 Como est\u00e1 o atendimento ao usu\u00e1rio;\r\n\t3 \u2013 Como est\u00e1 o oferecimento de vagas e sua divulga\u00e7\u00e3o;\r\n\t4 \u2013 Quais os servi\u00e7os oferecidos pele SINE, atualmente."}, {"id": "6700", "ano": "2021", "numero": "112", "tipo__sigla": "REQ", "tipo__descricao": "Requerimento", "autoria": "Carol Castro", "texto_original": "http://sapl.lagoadaprata.mg.leg.br/media/sapl/public/materialegislativa/2021/6700/requerimento_112-2021_-_carol_-_aduelas_na_av._isabel_de_castro_31-05.pdf", "ementa": "A Vereadora infra-assinada, na forma regimental e consultado o Plen\u00e1rio, requer a Vossa Excel\u00eancia que seja enviado of\u00edcio ao Diretor Administrativo do Servi\u00e7o Aut\u00f4nomo de \u00c1gua e Esgoto de Lagoa da Prata - SAAE-LP, Sr. Edmilson Jos\u00e9 da Lage, solicitando que informe a esta Casa o seguinte:\r\n\r\n\t1 \u2013 O valor de cada uma das Aduelas adquiridas para execu\u00e7\u00e3o das obras de drenagem pluvial e canaliza\u00e7\u00e3o do C\u00f3rrego Chico Silveira, na Avenida Isabel de Castro;\r\n\r\n\t2 \u2013 Quantas aduelas foram utilizadas na obra j\u00e1 realizada at\u00e9 o momento?\r\n\r\n\t3 \u2013 Quando ser\u00e3o utilizadas ou retiradas as aduelas que se encontram no lote vago situado na Rua Jos\u00e9 Maria Rezende, esquina com Av. Isabel de Castro, no bairro Am\u00e9rico Silva."}, {"id": "6701", "ano": "2021", "numero": "113", "tipo__sigla": "REQ", "tipo__descricao": "Requerimento", "autoria": "Toninho da Laje", "texto_original": "http://sapl.lagoadaprata.mg.leg.br/media/sapl/public/materialegislativa/2021/6701/requerimento_113-2021_-_toninho_da_laje_-_relacao_de_imoveis_31-05.pdf", "ementa": "O Vereador infra-assinado, na forma regimental e consultado o Plen\u00e1rio, requer a    Vossa Excel\u00eancia que seja enviado ao Chefe do Poder Executivo Municipal of\u00edcio               encaminhando o presente Requerimento, que solicita \u00e0(ao) respons\u00e1vel pelo controle do       Patrim\u00f4nio P\u00fablico Municipal que envie a esta Casa a rela\u00e7\u00e3o dos im\u00f3veis de propriedade do Munic\u00edpio, com a devida localiza\u00e7\u00e3o."}, {"id": "6702", "ano": "2021", "numero": "114", "tipo__sigla": "REQ", "tipo__descricao": "Requerimento", "autoria": "Soninha", "texto_original": "http://sapl.lagoadaprata.mg.leg.br/media/sapl/public/materialegislativa/2021/6702/requerimento_114-2021_-_soninha_-_convoca_reinaldo_31-05.pdf", "ementa": "A Vereadora infra-assinada, na forma regimental, requer a Vossa Excel\u00eancia, consultado o Plen\u00e1rio, que seja enviado of\u00edcio ao Chefe do Poder Executivo Municipal, encaminhando o presente Requerimento, convocando o empregado p\u00fablico municipal que ocupa o emprego p\u00fablico de Odont\u00f3logo, respons\u00e1vel por estes profissionais, Sr. Reinaldo Ara\u00fajo da Cruz, a comparecer a esta Casa, no prazo regimental e nos termos da Lei Org\u00e2nica do Munic\u00edpio, para tratar a respeito de assuntos ligados \u00e0 sua \u00e1rea de atua\u00e7\u00e3o, em especial do atendimento realizado \u00e0 popula\u00e7\u00e3o lagopratense."}, {"id": "6703", "ano": "2021", "numero": "115", "tipo__sigla": "REQ", "tipo__descricao": "Requerimento", "autoria": "Pavio", "texto_original": "http://sapl.lagoadaprata.mg.leg.br/media/sapl/public/materialegislativa/2021/6703/requerimento_115-2021_-_pavio_-_cesta_de_natal_31-05_1.pdf", "ementa": "O Vereador infra-assinado, na forma regimental, requer a Vossa Excel\u00eancia, consultado o Plen\u00e1rio, seja enviado of\u00edcio ao Chefe do Poder Executivo Municipal encaminhando o presente Requerimento que solicita ao Ilustre Secret\u00e1rio de Administra\u00e7\u00e3o e Governo, Sr. Lucas Rafael Gontijo de Melo, que informe a esta Casa se h\u00e1 possibilidade de conceder aos empregados p\u00fablicos municipais, ao final do ano, a Gratifica\u00e7\u00e3o Natalina Extra \u201cin natura\u201d (as conhecidas Cestas de Natal), tendo em vista o posicionamento do Tribunal de Contas do Estado de Minas Gerais a respeito da legalidade da concess\u00e3o deste benef\u00edcio aos empregados p\u00fablicos."}, {"id": "6704", "ano": "2021", "numero": "116", "tipo__sigla": "REQ", "tipo__descricao": "Requerimento", "autoria": "Cici", "texto_original": "http://sapl.lagoadaprata.mg.leg.br/media/sapl/public/materialegislativa/2021/6704/requerimento_116-2021_-_cici_-_passagem_elevada_de_pedestres_31-05.pdf", "ementa": "O Vereador infra-assinado, na forma regimental e consultado o Plen\u00e1rio, requer a Vossa Excel\u00eancia que seja enviado of\u00edcio ao Chefe do Poder Executivo Municipal encaminhando o presente Requerimento, solicitando ao Secret\u00e1rio Municipal de Administra\u00e7\u00e3o e Governo, Lucas Rafael Gontijo de Melo, e ao Secret\u00e1rio Municipal de Obras e Urbanismo, Reginaldo Henrique Santos, que informem a esta Casa se h\u00e1 possibilidade de se instalar passagem elevada para pedestres, com ondula\u00e7\u00e3o, na Rua Jo\u00e3o Jafar, em frente \u00e0 entrada principal da Igreja de S\u00e3o Sebasti\u00e3o, no bairro Chico Miranda."}, {"id": "6705", "ano": "2021", "numero": "117", "tipo__sigla": "REQ", "tipo__descricao": "Requerimento", "autoria": "Lisa Miranda", "texto_original": "http://sapl.lagoadaprata.mg.leg.br/media/sapl/public/materialegislativa/2021/6705/requerimento_117-2021_-_lisa_-_informacao_sobre_ubs_31-05.pdf", "ementa": "A Vereadora infra-assinada, na forma regimental, requer a Vossa Excel\u00eancia, consultado o Plen\u00e1rio, que seja enviado of\u00edcio ao Chefe do Poder Executivo Municipal, encaminhando o presente Requerimento que solicita \u00e0 Secret\u00e1ria Municipal de Sa\u00fade, que informe a esta Casa as seguintes informa\u00e7\u00f5es de cada Unidade B\u00e1sica de Sa\u00fade e Policl\u00ednica do munic\u00edpio:\r\na) Nome do M\u00e9dico, Dentista (quando existir) e hor\u00e1rios de atendimento;\r\nb) N\u00famero de consultas realizadas diariamente;\r\nc) N\u00famero de fam\u00edlias de cada regi\u00e3o de atendimento;\r\nd) N\u00famero de consultas disponibilizadas por dia de agendamento;\r\ne) Forma, dias da semana e hor\u00e1rios de agendamentos."}, {"id": "6715", "ano": "2021", "numero": "118", "tipo__sigla": "REQ", "tipo__descricao": "Requerimento", "autoria": "Pavio", "texto_original": "http://sapl.lagoadaprata.mg.leg.br/media/sapl/public/materialegislativa/2021/6715/requerimento_118-2021-_pavio_-_posto__policial_em_martins_07-06.pdf", "ementa": "O Vereador infra-assinado, na forma regimental, requer a Vossa Excel\u00eancia, consultado o Plen\u00e1rio, que seja enviado of\u00edcio ao Chefe do Poder Executivo Municipal encaminhando o presente Requerimento, solicitando ao Secret\u00e1rio de Administra\u00e7\u00e3o e Governo, Sr. Lucas Rafael Gontijo de Melo, bem como ao Comandante da Guarda Civil Municipal, que informem a esta Casa, se h\u00e1 possibilidade da constru\u00e7\u00e3o e implanta\u00e7\u00e3o de um Posto Policial na comunidade de Martins Guimar\u00e3es, para abrigar Guardas Civis Municipais e Policiais Militares que fazem o policiamento ostensivo naquele distrito.\r\n\r\nQue seja enviado of\u00edcio ao Comandante da 107\u00aa Companhia da Pol\u00edcia Militar local, solicitando que informe a esta Casa, se h\u00e1 possibilidade de se disponibilizar agentes para um policiamento mais ostensivo no Distrito de Martins Guimar\u00e3es."}, {"id": "6716", "ano": "2021", "numero": "119", "tipo__sigla": "REQ", "tipo__descricao": "Requerimento", "autoria": "Leandro Bibiano", "texto_original": "http://sapl.lagoadaprata.mg.leg.br/media/sapl/public/materialegislativa/2021/6716/requerimento_119-2021_-_leandro_bibiano_-_tapa-buracos_07-06.pdf", "ementa": "O Vereador infra-assinado, na forma regimental, requer a Vossa Excel\u00eancia, consultado o Plen\u00e1rio, que seja enviado of\u00edcio ao Chefe do Poder Executivo Municipal, encaminhando o presente Requerimento que solicita ao Secret\u00e1rio de Administra\u00e7\u00e3o e Governo, Lucas Rafael Gontijo de Melo, bem como ao Secret\u00e1rio de Obras e Urbanismo, Reginaldo Henrique Santos, que informem a esta Casa se h\u00e1 possibilidade de se realizar servi\u00e7o de tapa-buracos na Rua Homero de Castro, em frente \u00e0 resid\u00eancia de n\u00ba 127, no Bairro Gomes, nesta cidade."}, {"id": "6717", "ano": "2021", "numero": "120", "tipo__sigla": "REQ", "tipo__descricao": "Requerimento", "autoria": "Toninho da Laje", "texto_original": "http://sapl.lagoadaprata.mg.leg.br/media/sapl/public/materialegislativa/2021/6717/requerimento_120-2021_-_toninho_da_laje_-_adesao_ao_paa_-_07-06.pdf", "ementa": "O Vereador infra-assinado, na forma regimental e consultado o Plen\u00e1rio, requer a   Vossa Excel\u00eancia que seja enviado ao Chefe do Poder Executivo Municipal of\u00edcio               encaminhando o presente Requerimento, solicitando ao Secret\u00e1rio de Administra\u00e7\u00e3o e         Governo, Lucas Rafael Gontijo de Melo, que informe a esta Casa se h\u00e1 possibilidade do     Munic\u00edpio aderir ao Programa de Aquisi\u00e7\u00e3o de Alimentos \u2013 PAA - do Governo Federal."}, {"id": "6718", "ano": "2021", "numero": "121", "tipo__sigla": "REQ", "tipo__descricao": "Requerimento", "autoria": "Sargento Washington", "texto_original": "http://sapl.lagoadaprata.mg.leg.br/media/sapl/public/materialegislativa/2021/6718/requerimento_121-2021_-_sargento_washington_-_convoca_diretor_do_saae_-_07-06.pdf", "ementa": "O Vereador infra-assinado, na forma regimental, requer a Vossa Excel\u00eancia, consultado o Plen\u00e1rio, que seja enviado of\u00edcio ao Diretor do Servi\u00e7o Aut\u00f4nomo de \u00c1gua e Esgoto de Lagoa da Prata - SAAE-LP, Sr. Edm\u00edlson Jos\u00e9 da Lage, convocando-o, bem como o Diretor Adjunto e o respons\u00e1vel pelo Departamento Financeiro da Autarquia Municipal, a comparecerem a esta Casa, no prazo regimental e nos termos da Lei Org\u00e2nica do Munic\u00edpio, para falar a respeito da real situa\u00e7\u00e3o financeira do SAAE-LP, e ainda:\r\n    \u200b \r\n    \u200b \t- informarem o valor atual da folha de pagamento dos empregados p\u00fablicos da Autarquia; \r\n    \u200b \t- quanto se paga em horas extras atualmente, apresentando em gr\u00e1ficos comparativos com os \u00faltimos anos; e por fim\r\n    \u200b \t- que apresentem a esta Casa, gr\u00e1ficos demonstrando a movimenta\u00e7\u00e3o de receitas e despesas do SAAE-LP nos \u00faltimos 10 anos."}, {"id": "6719", "ano": "2021", "numero": "122", "tipo__sigla": "REQ", "tipo__descricao": "Requerimento", "autoria": "Soninha", "texto_original": "http://sapl.lagoadaprata.mg.leg.br/media/sapl/public/materialegislativa/2021/6719/requerimento_122-2021_-_soninha_-_multas_limpeza_lotes_07-06.pdf", "ementa": "A Vereadora infra-assinada, na forma regimental, requerer a Vossa Excel\u00eancia,        consultado o Plen\u00e1rio, que seja enviado of\u00edcio ao Chefe do Poder Executivo Municipal,       encaminhando o presente Requerimento, que solicita ao Secret\u00e1rio de Administra\u00e7\u00e3o e       Governo, Lucas Rafael Gontijo de Melo, que preste as seguintes informa\u00e7\u00f5es acerca das     notifica\u00e7\u00f5es de propriet\u00e1rios de lotes ou terrenos situados no munic\u00edpio, para a realiza\u00e7\u00e3o de limpeza de seus im\u00f3veis, durante o per\u00edodo de janeiro de 2021 at\u00e9 a presente data:\r\n\r\n\t1 - Quantas notifica\u00e7\u00f5es foram expedidas pelo Munic\u00edpio para que os propriet\u00e1rios   realizem a limpeza de seus im\u00f3veis?\r\n\r\n\t2 - Quantos im\u00f3veis foram devidamente limpos ap\u00f3s a expedi\u00e7\u00e3o das notifica\u00e7\u00f5es?\r\n\r\n\t3 - Quantos propriet\u00e1rios descumpriram a notifica\u00e7\u00e3o?\r\n\r\n\t4 - Quantas multas foram aplicadas para aqueles que descumpriram a notifica\u00e7\u00e3o?\r\n\r\n\t5 - Qual o valor proveniente de multas que j\u00e1 foi arrecado pelo Munic\u00edpio?"}, {"id": "6720", "ano": "2021", "numero": "123", "tipo__sigla": "REQ", "tipo__descricao": "Requerimento", "autoria": "Lisa Miranda", "texto_original": "http://sapl.lagoadaprata.mg.leg.br/media/sapl/public/materialegislativa/2021/6720/requerimento_123-2021_-_lisa_-_reativacao_do_conselho_deficiencia_07-06.pdf", "ementa": "A Vereadora infra-assinada, na forma regimental, requer a Vossa Excel\u00eancia, consultado o Plen\u00e1rio, que seja enviado of\u00edcio ao Chefe do Poder Executivo Municipal, encaminhando o presente Requerimento, que solicita \u00e0 Secret\u00e1ria Municipal de Assist\u00eancia Social, que informe aos Vereadores e \u00e0 popula\u00e7\u00e3o de Lagoa da Prata sobre a possibilidade de se reativar o Conselho Municipal dos Direitos da Pessoa com Defici\u00eancia (COMPED) de Lagoa da Prata."}, {"id": "6721", "ano": "2021", "numero": "124", "tipo__sigla": "REQ", "tipo__descricao": "Requerimento", "autoria": "Carol Castro", "texto_original": "http://sapl.lagoadaprata.mg.leg.br/media/sapl/public/materialegislativa/2021/6721/requerimento_124-2021_-_carol_-_audiencia_publica_pec_32_-_07-06.pdf", "ementa": "A Vereadora infra-assinada, na forma regimental, requer a Vossa Excel\u00eancia, ouvido o Plen\u00e1rio, que seja determinada a realiza\u00e7\u00e3o de AUDI\u00caNCIA P\u00daBLICA, no dia 23/06/2021, com a finalidade de debater com as autoridades, representantes de entidades, servidores e empregados p\u00fablicos indicados, os aspectos de admissibilidade da Proposta de Emenda \u00e0 Constitui\u00e7\u00e3o n\u00b0 32 de 2020, do Poder Executivo Federal, que \u201caltera disposi\u00e7\u00f5es sobre servidores, empregados p\u00fablicos e organiza\u00e7\u00e3o administrativa.\u201d\r\n\tProponho que sejam convidados para a Audi\u00eancia P\u00fablica, representantes do Gabinete do Deputado Estadual Professor Cleiton, a Promotora de Justi\u00e7a desta Comarca, Dra. Carla Priscilla Pereira Viana, o Procurador-Geral do Munic\u00edpio, Dr. Laelson Lima, o Presidente da 90\u00aa Subse\u00e7\u00e3o da OAB, Dr. Francisco Cabral Silva, um representante do Sindicato \u00danico dos Trabalhadores em Educa\u00e7\u00e3o (Sind-Ute/MG), um representante dos empregados p\u00fablicos efetivos do Poder Executivo, do Poder Legislativo e da Autarquia Mun."}, {"id": "6735", "ano": "2021", "numero": "125", "tipo__sigla": "REQ", "tipo__descricao": "Requerimento", "autoria": "Sargento Washington", "texto_original": "http://sapl.lagoadaprata.mg.leg.br/media/sapl/public/materialegislativa/2021/6735/requerimento_125-2021_-_sargento_-_adiamento_discussao_e_votacao_14-06.pdf", "ementa": "Sirvo-me do presente, com fulcro no Artigo 164 do Regimento Interno desta Casa, para requerer o adiamento da discuss\u00e3o e vota\u00e7\u00e3o do Projeto de Lei CM n\u00ba 5/2021, que  Regulamenta a Capina Qu\u00edmica, El\u00e9trica e de outras formas, nas \u00e1reas que menciona, no \u00e2mbito do Munic\u00edpio de Lagoa da Prata \u2013 MG, que se daria na Reuni\u00e3o Ordin\u00e1ria de hoje."}, {"id": "6736", "ano": "2021", "numero": "126", "tipo__sigla": "REQ", "tipo__descricao": "Requerimento", "autoria": "Pavio", "texto_original": "http://sapl.lagoadaprata.mg.leg.br/media/sapl/public/materialegislativa/2021/6736/requerimento_126-2021_-_pavio_-_vestiario_14-06.pdf", "ementa": "O Vereador infra-assinado, na forma regimental e consultado o Plen\u00e1rio, requer a Vossa Excel\u00eancia que se envie of\u00edcio ao Chefe do Poder Executivo Municipal encaminhando o presente Requerimento, que solicita ao Secret\u00e1rio de Obras e Urbanismo que informe a esta Casa, se h\u00e1 possibilidade de se construir um vesti\u00e1rio com arm\u00e1rios, chuveiros, bem como uma \u00e1rea de conviv\u00eancia com mesa e TV, no p\u00e1tio da garagem da Administra\u00e7\u00e3o P\u00fablica Municipal, tamb\u00e9m conhecida como \u201cGaragem da Prefeitura.\u201d"}, {"id": "6737", "ano": "2021", "numero": "127", "tipo__sigla": "REQ", "tipo__descricao": "Requerimento", "autoria": "Carol Castro", "texto_original": "http://sapl.lagoadaprata.mg.leg.br/media/sapl/public/materialegislativa/2021/6737/requerimento_127-2021_-_carol_-_diagnostico_infancia_e_juventude_14-06.pdf", "ementa": "A Vereadora infra-assinada, na forma regimental, requer a Vossa Excel\u00eancia, consultado o Plen\u00e1rio, que seja enviado of\u00edcio ao Chefe do Poder Executivo Municipal, encaminhando o presente Requerimento que solicita ao Secret\u00e1rio de Administra\u00e7\u00e3o e Governo, Sr. Lucas Rafael Gontijo de Melo, bem como aos Secret\u00e1rios Municipais de Assist\u00eancia Social, Sa\u00fade, Educa\u00e7\u00e3o, Desportos, e Cultura e Turismo, que respondam a esta Casa Legislativa os questionamentos abaixo descritos, referentes ao Diagn\u00f3stico da Situa\u00e7\u00e3o da Inf\u00e2ncia e Adolesc\u00eancia de Lagoa da Prata, contratado pelo Munic\u00edpio \u00e0 Funda\u00e7\u00e3o Jo\u00e3o Pinheiro, no ano de 2020, cujo investimento realizado pelos cofres p\u00fablicos municipais foi de R$ 103.302,28\r\n\tI - As Secretarias Municipais supracitadas t\u00eam conhecimento do Diagn\u00f3stico da Situa\u00e7\u00e3o da Inf\u00e2ncia e Adolesc\u00eancia de Lagoa da Prata?\r\n\tII \u2013 Caso tenham ci\u00eancia dos dados evidenciados no Diagn\u00f3stico, existe algum planejamento de execu\u00e7\u00e3o..."}, {"id": "6738", "ano": "2021", "numero": "128", "tipo__sigla": "REQ", "tipo__descricao": "Requerimento", "autoria": "Leandro Bibiano", "texto_original": "http://sapl.lagoadaprata.mg.leg.br/media/sapl/public/materialegislativa/2021/6738/requerimento_128-2021_-_leandro_bibiano_-_postes_rua_n_-_rua_direita_14-06.pdf", "ementa": "O Vereador infra-assinado, na forma regimental, requer a Vossa Excel\u00eancia, consultado o Plen\u00e1rio, que seja enviado of\u00edcio ao Chefe do Poder Executivo Municipal encaminhando o presente Requerimento que solicita ao Secret\u00e1rio de Administra\u00e7\u00e3o e Governo, Sr Lucas Rafael Gontijo de Melo, bem como ao Secret\u00e1rio de Obras e Urbanismo, Sr. Reginaldo Henrique Santos, que informem a esta Casa se h\u00e1 possibilidade de se instalar postes de energia el\u00e9trica, com as respectivas lumin\u00e1rias, no cruzamento da Rua N com Rua Direita, pr\u00f3ximo \u00e0 Associa\u00e7\u00e3o dos Carroceiros, no Bairro Am\u00e9rico Silva, nesta cidade."}, {"id": "6739", "ano": "2021", "numero": "129", "tipo__sigla": "REQ", "tipo__descricao": "Requerimento", "autoria": "Soninha", "texto_original": "http://sapl.lagoadaprata.mg.leg.br/media/", "ementa": "A Vereadora infra-assinada, na forma regimental, requerer a Vossa Excel\u00eancia,        consultado o Plen\u00e1rio, que seja enviado of\u00edcio ao Chefe do Poder Executivo Municipal,       encaminhando o presente Requerimento, que solicita \u00e0 Secret\u00e1ria de Meio Ambiente, Talita da Silva Borges, que informe a esta Casa, se h\u00e1 planejamento para provid\u00eancias imediatas no sentido de se realizar a revitaliza\u00e7\u00e3o da Pra\u00e7a da Matriz de S\u00e3o Carlos Borromeu e da Pra\u00e7a Olinto Pinto Ribeiro, tamb\u00e9m conhecida como Pra\u00e7a do Cruzeiro, com obras e servi\u00e7os que se fizerem necess\u00e1rios."}, {"id": "6740", "ano": "2021", "numero": "130", "tipo__sigla": "REQ", "tipo__descricao": "Requerimento", "autoria": "Toninho da Laje", "texto_original": "http://sapl.lagoadaprata.mg.leg.br/media/sapl/public/materialegislativa/2021/6740/requerimento_130-2021_-_toninho_da_laje_-_cobertura_da_upa_14-06.pdf", "ementa": "O Vereador infra-assinado, na forma regimental e consultado o Plen\u00e1rio, requer a    Vossa Excel\u00eancia que seja enviado ao Chefe do Poder Executivo Municipal of\u00edcio               encaminhando o presente Requerimento, solicitando ao Secret\u00e1rio de Obras e Urbanismo,  Reginaldo Henrique Santos, que informe a esta Casa se h\u00e1 possibilidade de se contemplar no projeto de reforma da Unidade de Pronto Atendimento \u2013 UPA, a cobertura da \u00e1rea onde hoje \u00e9 usada para atendimentos de COVID-19."}, {"id": "6741", "ano": "2021", "numero": "131", "tipo__sigla": "REQ", "tipo__descricao": "Requerimento", "autoria": "Cici", "texto_original": "http://sapl.lagoadaprata.mg.leg.br/media/sapl/public/materialegislativa/2021/6741/requerimento_131-2021_-_cici_-_redutor_de_velocidade_14-06.pdf", "ementa": "O Vereador infra-assinado, na forma regimental, requer a Vossa Excel\u00eancia, consultado o Plen\u00e1rio, que seja enviado of\u00edcio ao Chefe do Poder Executivo Municipal encaminhando o presente Requerimento, que solicita ao Secret\u00e1rio de Obras e Urbanismo, Sr. Reginaldo Henrique Santos, que informe a esta Casa se h\u00e1 possibilidade de se colocar um redutor de velocidade, bem como a correta sinaliza\u00e7\u00e3o, na Rua Santa Catarina, pr\u00f3ximo ao n\u00famero 794, entre a Rua Pernambuco e a Rua Para\u00edba, no Bairro Santa Eug\u00eania, nesta cidade."}, {"id": "6746", "ano": "2021", "numero": "132", "tipo__sigla": "REQ", "tipo__descricao": "Requerimento", "autoria": "Leandro Bibiano", "texto_original": "http://sapl.lagoadaprata.mg.leg.br/media/sapl/public/materialegislativa/2021/6746/requerimento_132-2021_-_leandro_bibiano_-_sec_adm_gov_-_cemig_21-06.pdf", "ementa": "O Vereador infra-assinado, na forma regimental, requer a Vossa Excel\u00eancia, consultado o Plen\u00e1rio, que seja enviado of\u00edcio ao Chefe do Poder Executivo Municipal encaminhando o presente Requerimento que solicita ao Secret\u00e1rio de Administra\u00e7\u00e3o e Governo, que informe a esta Casa se h\u00e1 a possibilidade de se solicitar ao Prefeito Di-Gianne de Oliveira Nunes, que interceda e solicite a um representante da CEMIG que fa\u00e7a uma an\u00e1lise e, consequentemente, a libera\u00e7\u00e3o de carga para o endere\u00e7o: Estiva, 9999, casas, \u00c1rea Rural, Lagoa da Prata."}, {"id": "6747", "ano": "2021", "numero": "133", "tipo__sigla": "REQ", "tipo__descricao": "Requerimento", "autoria": "Carol Castro", "texto_original": "http://sapl.lagoadaprata.mg.leg.br/media/sapl/public/materialegislativa/2021/6747/requerimento_133-2021_-_carol_-_reativacao_do_comad_21-06.pdf", "ementa": "A Vereadora infra-assinada, na forma regimental, requer a Vossa Excel\u00eancia, consultado o Plen\u00e1rio, que seja enviado of\u00edcio ao Chefe do Poder Executivo Municipal, encaminhando o presente Requerimento, que solicita \u00e0 Secret\u00e1ria Municipal de Sa\u00fade, Margarete Borges de Lacerda Dias,  que informe aos Vereadores e \u00e0 popula\u00e7\u00e3o de Lagoa da Prata sobre a possibilidade de se reativar o   Conselho Municipal de Pol\u00edticas sobre Drogas \u2013 COMAD, cujas atividades est\u00e3o suspensas desde setembro/2020."}, {"id": "6748", "ano": "2021", "numero": "134", "tipo__sigla": "REQ", "tipo__descricao": "Requerimento", "autoria": "Toninho da Laje", "texto_original": "http://sapl.lagoadaprata.mg.leg.br/media/sapl/public/materialegislativa/2021/6748/requerimento_134-2021_-_toninho_da_laje_-_cursos_para_costura_21-06.pdf", "ementa": "O Vereador infra-assinado, na forma regimental e consultado o Plen\u00e1rio, requer a    Vossa Excel\u00eancia que seja enviado ao Chefe do Poder Executivo Municipal of\u00edcio encaminhando o presente Requerimento, solicitando ao Secret\u00e1rio de Desenvolvimento     Econ\u00f4mico, Rog\u00e9rio C\u00e9sar Corgosinho, que informe a esta Casa se h\u00e1 possibilidade de disponibilizar cursos profissionalizantes e treinamentos por meio de a\u00e7\u00f5es/programas de      capacita\u00e7\u00e3o, pelos \u00f3rg\u00e3os pertinentes, com a finalidade de capacitar os mun\u00edcipes que queiram trabalhar nas f\u00e1bricas, voltadas para Baby Dol em geral, pe\u00e7as \u00edntimas, camisola, que s\u00e3o \u00e1reas que est\u00e3o crescendo e est\u00e1 faltando costureira para overloque e galoneira no munic\u00edpio."}, {"id": "6749", "ano": "2021", "numero": "135", "tipo__sigla": "REQ", "tipo__descricao": "Requerimento", "autoria": "Cici", "texto_original": "http://sapl.lagoadaprata.mg.leg.br/media/", "ementa": "O Vereador infra-assinado, na forma regimental e consultado o Plen\u00e1rio, requer a Vossa Excel\u00eancia que se envie of\u00edcio ao Chefe do Poder Executivo Municipal encaminhando o presente Requerimento, que solicita \u00e0 Secret\u00e1ria Municipal de Fazenda, Nivia Maria de Melo, bem como ao Secret\u00e1rio de Administra\u00e7\u00e3o, Sr. Lucas Rafael Gontijo de Melo, que informem a esta Casa se h\u00e1 possibilidade de se fazer um estudo para o envio de um Projeto de Lei que garanta isen\u00e7\u00e3o das taxas e impostos municipais aos prestadores de servi\u00e7o de transporte escolar, devidamente inscritos no cadastro do munic\u00edpio, enquanto perdurar a Pandemia do Coronav\u00edrus."}, {"id": "6750", "ano": "2021", "numero": "136", "tipo__sigla": "REQ", "tipo__descricao": "Requerimento", "autoria": "Soninha", "texto_original": "http://sapl.lagoadaprata.mg.leg.br/media/", "ementa": "A Vereadora infra-assinada, na forma regimental, requerer a Vossa Excel\u00eancia, consultado o Plen\u00e1rio, que seja enviado of\u00edcio ao Chefe do Poder Executivo Municipal, encaminhando o presente Requerimento, que solicita \u00e0 Secret\u00e1ria Municipal de Sa\u00fade, Margarete Borges de Lacerda Dias, que informe a esta Casa se h\u00e1 possibilidade de se realizar um estudo para aumentar a quantidade estimada de Consultas M\u00e9dicas a serem contratadas via Credenciamento, de forma que mais m\u00e9dicos se interessem pela presta\u00e7\u00e3o do servi\u00e7o, bem como se aumente o n\u00famero de consultas oferecidas \u00e0 popula\u00e7\u00e3o, mesmo mantendo a quantidade de m\u00e9dicos credenciados."}, {"id": "6751", "ano": "2021", "numero": "137", "tipo__sigla": "REQ", "tipo__descricao": "Requerimento", "autoria": "Toninho da Laje, Cici, Sargento Washington", "texto_original": "http://sapl.lagoadaprata.mg.leg.br/media/sapl/public/materialegislativa/2021/6751/requerimento_137-2021_-_toninho-cici-washington_-_retirada_do_projeto_cm_5.pdf", "ementa": "Senhora Presidente, Servimo-nos do presente, com fulcro no \u00a7 4\u00ba do Art. 88 do Regimento Interno desta Casa, para requerer a retirada de tramita\u00e7\u00e3o do Projeto de Lei CM n\u00ba 5/2021 que \u201cRegulamenta a Capina Qu\u00edmica, El\u00e9trica e de outras formas, nas \u00e1reas que menciona, no \u00e2mbito do Munic\u00edpio de Lagoa da Prata.\u201d Deferido o Requerimento, que seja o referido Projeto de Lei encaminhado ao arquivo"}, {"id": "6752", "ano": "2021", "numero": "138", "tipo__sigla": "REQ", "tipo__descricao": "Requerimento", "autoria": "Pavio", "texto_original": "http://sapl.lagoadaprata.mg.leg.br/media/sapl/public/materialegislativa/2021/6752/requerimento_138-2021_-_pavio_-_fiscalizacao_limpeza_lotes_28-06.pdf", "ementa": "Senhora Presidente, O Vereador infra-assinado, na forma regimental, requer a Vossa Excel\u00eancia, consultado o Plen\u00e1rio, que seja enviado of\u00edcio ao Chefe do Poder Executivo Municipal, encaminhando o presente Requerimento que solicita ao Secret\u00e1rio de Administra\u00e7\u00e3o e Governo, Sr. Lucas Rafael Gontijo de Melo, que informe a esta Casa se h\u00e1 possibilidade de se realizar a fiscaliza\u00e7\u00e3o, notifica\u00e7\u00e3o dos particulares respons\u00e1veis pelos im\u00f3veis vagos, localizados no Bairro Rodolfo Pio, para a devida limpeza, em cumprimento ao disposto na Lei Complementar Municipal n\u00ba 87/2010, que obriga propriet\u00e1rio de lote, inclusive o Munic\u00edpio, a fechar, limpar e de construir cal\u00e7ada \u00e0 sua frente, bem como se h\u00e1 possibilidade de se executar a limpeza dos lotes e cobrar dos particulares."}, {"id": "6753", "ano": "2021", "numero": "139", "tipo__sigla": "REQ", "tipo__descricao": "Requerimento", "autoria": "Leandro Bibiano", "texto_original": "http://sapl.lagoadaprata.mg.leg.br/media/sapl/public/materialegislativa/2021/6753/requerimento_139-2021_-_leandro_-_recapeamento_almirante_t_-_28-06.pdf", "ementa": "Sra. Presidente, O Vereador infra-assinado, na forma regimental, requer a Vossa Excel\u00eancia, consultado o Plen\u00e1rio, que seja enviado of\u00edcio ao Chefe do Poder Executivo Municipal, encaminhando o presente Requerimento que solicita ao Secret\u00e1rio de Administra\u00e7\u00e3o e Governo, Lucas Rafael Gontijo de Melo, bem como ao Secret\u00e1rio de Obras e Urbanismo, Reginaldo Henrique Santos, que informem a esta Casa se h\u00e1 possibilidade de se recapear o piso da Rua Almirante Tamandar\u00e9, no trecho compreendido entre a Rua Joaquim Gomes Pereira at\u00e9 o final de sua extens\u00e3o, pr\u00f3ximo a uma associa\u00e7\u00e3o \r\n recreativa, no bairro Mangabeiras, nesta cidade."}, {"id": "6754", "ano": "2021", "numero": "140", "tipo__sigla": "REQ", "tipo__descricao": "Requerimento", "autoria": "Carol Castro", "texto_original": "http://sapl.lagoadaprata.mg.leg.br/media/sapl/public/materialegislativa/2021/6754/requerimento_140-2021_-_carol_-_ponto_de_apoio_aos_carroceiros_28-06.pdf", "ementa": "Sra. Presidente, A Vereadora infra-assinada, na forma regimental, requer a Vossa Excel\u00eancia, consultado o Plen\u00e1rio, que seja enviado of\u00edcio ao Chefe do Poder Executivo Municipal, encaminhando o presente Requerimento que solicita ao Ilustre Secret\u00e1rio de Administra\u00e7\u00e3o e Governo, Lucas Rafael Gontijo\r\nde Melo, bem como ao Secret\u00e1rio de Transporte e Limpeza P\u00fablica, Anderson Rodrigues Andrade, que informem a esta Casa, se h\u00e1 possibilidade de se transferir o Ponto de Apoio aos Carroceiros, situado na Rua Alagoas, para uma regi\u00e3o fora da \u00e1rea central da cidade, devido aos problemas que v\u00eam sendo causados aos moradores do local, colocando em risco \u00e0 sa\u00fade e \u00e0 seguran\u00e7a da comunidade."}, {"id": "6755", "ano": "2021", "numero": "141", "tipo__sigla": "REQ", "tipo__descricao": "Requerimento", "autoria": "Sargento Washington", "texto_original": "http://sapl.lagoadaprata.mg.leg.br/media/sapl/public/materialegislativa/2021/6755/requerimento_141-2021_-_sargento_washington_-_convida_comandante_da_pm_-_28-06.pdf", "ementa": "Senhora Presidente, O Vereador infra-assinado, na forma regimental, requer a Vossa Excel\u00eancia, consultado o Plen\u00e1rio, que seja enviado of\u00edcio ao Comandante da 107\u00aa Companhia de Pol\u00edcia Militar de Lagoa da Prata, Capit\u00e3o Harley Costa Barbosa, convidando-o a comparecer a esta Casa Legislativa, no dia 08 de julho de 2021, quinta-feira, em hor\u00e1rio a ser combinado, reuni\u00e3o que dever\u00e1 ser transmitida pelas Redes Sociais da C\u00e2mara, para falar sobre os trabalhos e as a\u00e7\u00f5es da Pol\u00edcia Militar no Munic\u00edpio de Lagoa da Prata, tais como: Apresenta\u00e7\u00e3o da evolu\u00e7\u00e3o do \u00edndices criminais em nosso munic\u00edpio;; Apresenta\u00e7\u00e3o dos Servi\u00e7os que a Pol\u00edcia Militar coloca a disposi\u00e7\u00e3o da nossacomunidade; e A participa\u00e7\u00e3o da popula\u00e7\u00e3o como forma de colaborar na diminui\u00e7\u00e3o da criminalidade."}, {"id": "6756", "ano": "2021", "numero": "142", "tipo__sigla": "REQ", "tipo__descricao": "Requerimento", "autoria": "Lisa Miranda", "texto_original": "http://sapl.lagoadaprata.mg.leg.br/media/sapl/public/materialegislativa/2021/6756/requerimento_142-2021_-_lisa_miranda_-_contratacao_de_ginecologista_28-06.pdf", "ementa": "Senhora Presidente, A Vereadora infra-assinada, na forma regimental, requer a Vossa Excel\u00eancia, consultado o Plen\u00e1rio, que seja enviado of\u00edcio ao Chefe do Poder Executivo Municipal, encaminhando o presente Requerimento que solicita \u00e0 Secret\u00e1ria Municipal de Sa\u00fade, que informe a esta Casa se h\u00e1 possibilidade de se fazer a contrata\u00e7\u00e3o de um m\u00e9dico ginecologista para atender no Centro de Especialidades M\u00e9dicas e na Policl\u00ednica I, ou implantar um Programa Integral \u00e0 Sa\u00fade da Mulher, visando a preven\u00e7\u00e3o de c\u00e2ncer uterino e de mama, com atendimento ginecol\u00f3gico constante no munic\u00edpio."}, {"id": "6757", "ano": "2021", "numero": "143", "tipo__sigla": "REQ", "tipo__descricao": "Requerimento", "autoria": "Soninha", "texto_original": "http://sapl.lagoadaprata.mg.leg.br/media/sapl/public/materialegislativa/2021/6757/requerimento_143-2021_-_soninha_-_obras_de_revitalizacao_praia_28-06.pdf", "ementa": "Sra. Presidente, A Vereadora infra-assinada, na forma regimental e consultado o Plen\u00e1rio, requer a Vossa Excel\u00eancia que seja enviado Of\u00edcio ao Chefe do Poder Executivo Municipal encaminhando o presente Requerimento, que solicita ao Secret\u00e1rio de Administra\u00e7\u00e3o e Governo, Sr. Lucas Rafael Gontijo de Melo, bem como ao Secret\u00e1rio de Obras e Urbanismo, Sr. Reginaldo Henrique Santos, que informem a esta Casa quando ter\u00e3o in\u00edcio as obras do Projeto de Revitaliza\u00e7\u00e3o do Complexo da Praia Municipal."}, {"id": "6758", "ano": "2021", "numero": "144", "tipo__sigla": "REQ", "tipo__descricao": "Requerimento", "autoria": "Hermano Fof\u00e3o", "texto_original": "http://sapl.lagoadaprata.mg.leg.br/media/sapl/public/materialegislativa/2021/6758/requerimento_144-2021_-_hermano_-_areas_verdes_28-06.pdf", "ementa": "Sra. Presidente, O Vereador infra-assinado, na forma regimental e consultado o Plen\u00e1rio, requer a Vossa Excel\u00eancia que seja enviado ao Chefe do Poder Executivo Municipal of\u00edcio encaminhando o presente Requerimento, solicitando ao Secret\u00e1rio de Administra\u00e7\u00e3o e Governo, Lucas Rafael Gontijo de Melo, bem como \u00e0 Secret\u00e1ria de Meio Ambiente, Talita da Silva Borges, que informem se h\u00e1 possibilidade de se realizar estudos visando instalar alambrados e cal\u00e7adas nas \u00e1reas verdes e \u00c1reas de Prote\u00e7\u00e3o Ambiental (APPs), localizadas no per\u00edmetro urbano do munic\u00edpio."}, {"id": "6776", "ano": "2021", "numero": "145", "tipo__sigla": "REQ", "tipo__descricao": "Requerimento", "autoria": "Leandro Bibiano", "texto_original": "http://sapl.lagoadaprata.mg.leg.br/media/sapl/public/materialegislativa/2021/6776/requerimento_145-2021_-_leandro_-_reforma_ubs_gomes_05-07.pdf", "ementa": "Senhora Presidente,\r\n\r\n    \u200b \tO Vereador infra-assinado, na forma regimental, requer a Vossa Excel\u00eancia, consultado o Plen\u00e1rio, que seja enviado of\u00edcio ao Chefe do Poder Executivo Municipal, encaminhando o presente Requerimento, que solicita \u00e0 Secret\u00e1ria Municipal de Sa\u00fade, bem como ao Ilustre Secret\u00e1rio de Obras e Urbanismo, Reginaldo Henrique Santos, que informem aos Vereadores e \u00e0 popula\u00e7\u00e3o de Lagoa da Prata, sobre a possibilidade de melhoramento estrutural e pequenas reformas na sede da Unidade B\u00e1sica de Sa\u00fade do bairro Gomes."}, {"id": "6777", "ano": "2021", "numero": "146", "tipo__sigla": "REQ", "tipo__descricao": "Requerimento", "autoria": "Carol Castro", "texto_original": "http://sapl.lagoadaprata.mg.leg.br/media/sapl/public/materialegislativa/2021/6777/requerimento_146-2021_-_carol_-_sinalizacao_area_exame_05-07.pdf", "ementa": "Sra. Presidente,\r\n\r\n\tA Vereadora infra-assinada, na forma regimental, requer a Vossa Excel\u00eancia, consultado o Plen\u00e1rio, que seja enviado of\u00edcio ao Chefe do Poder Executivo Municipal, encaminhando o presente Requerimento que solicita ao Secret\u00e1rio de Administra\u00e7\u00e3o e Governo, Lucas Rafael Gontijo de Melo, bem como ao Secret\u00e1rio de Obras e Urbanismo, Reginaldo Henrique Santos, que informem a esta Casa, se h\u00e1 possibilidade de se realizar obras de melhorias na sinaliza\u00e7\u00e3o de tr\u00e2nsito das vias p\u00fablicas na \u00e1rea em que se realizam aulas e exames de pr\u00e1tica de dire\u00e7\u00e3o veicular para obten\u00e7\u00e3o da Carteira Nacional de Habilita\u00e7\u00e3o (CNH), nas imedia\u00e7\u00f5es da Pra\u00e7a de Eventos, em Lagoa da Prata."}, {"id": "6778", "ano": "2021", "numero": "147", "tipo__sigla": "REQ", "tipo__descricao": "Requerimento", "autoria": "Cici", "texto_original": "http://sapl.lagoadaprata.mg.leg.br/media/sapl/public/materialegislativa/2021/6778/requerimento_147-2021_-_cici_-_gratificacao_extraordinaria_05-07.pdf", "ementa": "Sra. Presidente,\r\n\tO Vereador infra-assinado, na forma regimental e consultado o Plen\u00e1rio, requer a Vossa Excel\u00eancia que se envie of\u00edcio ao Chefe do Poder Executivo Municipal encaminhando o presente Requerimento, que solicita ao Secret\u00e1rio de Administra\u00e7\u00e3o e Governo, Lucas Rafael Gontijo de Melo, \u00e0 Secret\u00e1ria de Sa\u00fade, Margarete Borges de Lacerda Dias, bem como \u00e0 Secret\u00e1ria Municipal de Fazenda, Nivia Maria de Melo, que informem a esta Casa, se h\u00e1 possibilidade de se realizar estudo junto \u00e0 Procuradoria-Geral do Executivo Municipal, em busca de meios legais que possibilitem a extens\u00e3o a todos os profissionais, especificamente os que exercem de forma presencial as atividades de apoio, enfrentamento, preven\u00e7\u00e3o e combate ao Coronav\u00edrus/COVID-19, a Gratifica\u00e7\u00e3o prevista no Projeto de Lei EM n\u00ba 94/2021 que \u201cINSTITUI GRATIFICA\u00c7\u00c3O EXTRAORDIN\u00c1RIA E TEMPOR\u00c1RIA AOS GUARDAS CIVIS MUNICIPAIS QUE ATUEM EM A\u00c7\u00d5ES DE FISCALIZA\u00c7\u00c3O DE REGRAS SANIT\u00c1RIAS DE ENFRENTAMENTO AO NOVO CORONAV\u00cdRUS (COVID-19) ..."}, {"id": "6779", "ano": "2021", "numero": "148", "tipo__sigla": "REQ", "tipo__descricao": "Requerimento", "autoria": "Toninho da Laje", "texto_original": "http://sapl.lagoadaprata.mg.leg.br/media/sapl/public/materialegislativa/2021/6779/requerimento_148-2021_-_toninho_da_laje_-_instalacao_parquinho_na_praia_05-07.pdf", "ementa": "Sra. Presidente,\r\n\r\n    \u200b \tO Vereador infra-assinado, na forma regimental e consultado o Plen\u00e1rio, requer a    Vossa Excel\u00eancia que seja enviado ao Chefe do Poder Executivo Municipal of\u00edcio               encaminhando o presente Requerimento, que solicita ao Secret\u00e1rio de Administra\u00e7\u00e3o e       Governo, Sr. Lucas Rafael Gontijo de Melo, bem como ao Secret\u00e1rio de Obras e Urbanismo, Sr. Reginaldo Henrique Santos, que informem a esta Casa, se h\u00e1 possibilidade de se instalar um playground no interior da nossa Praia P\u00fablica Municipal."}, {"id": "6780", "ano": "2021", "numero": "149", "tipo__sigla": "REQ", "tipo__descricao": "Requerimento", "autoria": "Lisa Miranda", "texto_original": "http://sapl.lagoadaprata.mg.leg.br/media/sapl/public/materialegislativa/2021/6780/requerimento_149-2021_-_lisa_-_aumento_no_orcamento_da_sec_desportos_05-07.pdf", "ementa": "Senhora Presidente,\r\n    \u200b \r\n    \u200b \tA Vereadora infra-assinada, na forma regimental, requer a Vossa Excel\u00eancia, consultado o Plen\u00e1rio, que seja enviado of\u00edcio ao Chefe do Poder Executivo Municipal, encaminhando o presente Requerimento que solicita ao Secret\u00e1rio Municipal de Desportos, Carlos Henrique Xavier, bem como \u00e0 Secret\u00e1ria Municipal de Fazenda, Nivia Maria de Melo, solicitando que informem a esta Casa o seguinte:\r\n    \u200b \r\n1 \u2013 Quais projetos esportivos recebem apoio e recursos financeiros do munic\u00edpio e se h\u00e1 possibilidade de se aumentar o valor do Or\u00e7amento da Secretaria de Desportos;\r\n\r\n2 \u2013 Os recursos do ICMS Esportivo recebidos at\u00e9 o momento pelo Munic\u00edpio, est\u00e3o sendo aplicados no esporte municipal?"}, {"id": "6781", "ano": "2021", "numero": "150", "tipo__sigla": "REQ", "tipo__descricao": "Requerimento", "autoria": "Lisa Miranda", "texto_original": "http://sapl.lagoadaprata.mg.leg.br/media/sapl/public/materialegislativa/2021/6781/requerimento_150-2021_-_lisa_-_adiar_votacao_do_veto_12-07.pdf", "ementa": "Senhora Presidente,\r\n\r\n\t\tSirvo-me do presente, com fulcro no Artigo 164 do Regimento Interno desta Casa, para requerer o adiamento para a pr\u00f3xima Reuni\u00e3o Ordin\u00e1ria da discuss\u00e3o e vota\u00e7\u00e3o \u00fanicas do Veto Integral \u00e0 Proposi\u00e7\u00e3o de Lei n\u00ba 071/2021, referente ao Projeto de Lei CM n\u00ba 4/2021 que \u201cDISP\u00d5E SOBRE A OBRIGATORIEDADE DA PUBLICA\u00c7\u00c3O DI\u00c1RIA DA LISTAGEM DE TODOS OS VACINADOS CONTRA A COVID-19 NO MUNIC\u00cdPIO DE LAGOA DA PRATA, que se daria na Reuni\u00e3o Ordin\u00e1ria de hoje."}, {"id": "6782", "ano": "2021", "numero": "151", "tipo__sigla": "REQ", "tipo__descricao": "Requerimento", "autoria": "Pavio", "texto_original": "http://sapl.lagoadaprata.mg.leg.br/media/sapl/public/materialegislativa/2021/6782/requerimento_151-2021-_pavio_-_autorizacao_feira_nas_quartas-feiras_12-07.pdf", "ementa": "Sra. Presidente,\r\n\r\n\t\tO Vereador infra-assinado, na forma regimental, requer a Vossa Excel\u00eancia, consultado o Plen\u00e1rio, que seja enviado of\u00edcio ao Chefe do Poder Executivo Municipal encaminhando o presente Requerimento, que solicita ao Secret\u00e1rio de Desenvolvimento Econ\u00f4mico, Sr. Rog\u00e9rio C\u00e9sar Corgozinho, que informe a esta Casa se h\u00e1 possibilidade de se autorizar o funcionamento da Feira dos Pequenos Produtores e Produtores Dom\u00e9sticos locais, nas quartas-feiras, no hor\u00e1rio de 17 \u00e0s 21 horas."}, {"id": "6783", "ano": "2021", "numero": "152", "tipo__sigla": "REQ", "tipo__descricao": "Requerimento", "autoria": "Leandro Bibiano", "texto_original": "http://sapl.lagoadaprata.mg.leg.br/media/sapl/public/materialegislativa/2021/6783/requerimento_152-2021_-_leandro_-_banheiros_na_feira_livre_12-07.pdf", "ementa": "Sra. Presidente,\r\n\r\n\tO Vereador infra-assinado, na forma regimental, requer a Vossa Excel\u00eancia, consultado o Plen\u00e1rio, que seja enviado of\u00edcio ao Chefe do Poder Executivo Municipal, encaminhando o presente Requerimento que solicita ao Secret\u00e1rio de Administra\u00e7\u00e3o e Governo, Lucas Rafael Gontijo de Melo, bem como ao Secret\u00e1rio de Desenvolvimento     Econ\u00f4mico, Rog\u00e9rio C\u00e9sar Corgosinho, que informem a esta Casa se h\u00e1 possibilidade de se disponibilizar a instala\u00e7\u00e3o de banheiros qu\u00edmicos remov\u00edveis e com lavat\u00f3rios, na Pra\u00e7a de Eventos ou at\u00e9 mesmo liberar os banheiros existentes na Praia P\u00fablica Municipal, no hor\u00e1rio de funcionamento da feira livre."}, {"id": "6784", "ano": "2021", "numero": "153", "tipo__sigla": "REQ", "tipo__descricao": "Requerimento", "autoria": "Carol Castro", "texto_original": "http://sapl.lagoadaprata.mg.leg.br/media/", "ementa": "Sra. Presidente,\r\n\r\n\t\tA Vereadora infra-assinada, na forma regimental e consultado o Plen\u00e1rio, requer a Vossa Excel\u00eancia que se envie of\u00edcio ao Chefe do Poder Executivo Municipal encaminhando o presente Requerimento, que solicita ao Secret\u00e1rio de Administra\u00e7\u00e3o e Governo, Lucas Rafael Gontijo de Melo, bem como \u00e0s Secret\u00e1rias de Sa\u00fade, Educa\u00e7\u00e3o e ao Secret\u00e1rio de Desenvolvimento Econ\u00f4mico, que informem a esta Casa, sobre o cumprimento das medidas sanit\u00e1rias de preven\u00e7\u00e3o \u00e0 dissemina\u00e7\u00e3o do Coronav\u00edrus (Covid-19), nas reparti\u00e7\u00f5es p\u00fablicas do munic\u00edpio, sobretudo, nos servi\u00e7os de contato direto entre atendentes e usu\u00e1rios, e nos servi\u00e7os essenciais \u00e0 popula\u00e7\u00e3o como as Unidades de Sa\u00fade, os Centros de Refer\u00eancia de Assist\u00eancia Social, Unidades Escolares e Sine, onde h\u00e1 um grande fluxo de atendimento ao p\u00fablico."}, {"id": "6785", "ano": "2021", "numero": "154", "tipo__sigla": "REQ", "tipo__descricao": "Requerimento", "autoria": "Toninho da Laje", "texto_original": "http://sapl.lagoadaprata.mg.leg.br/media/sapl/public/materialegislativa/2021/6785/requerimento_154-2021_-_toninho_da_laje_-_iluminacao_publica_12-07.pdf", "ementa": "Sra. Presidente,\r\n\r\n\t\tO vereador infra-assinado, na forma regimental e ouvido o Plen\u00e1rio, requer a Vossa Excel\u00eancia que seja enviado of\u00edcio ao Chefe do Poder Executivo Municipal encaminhando o presente Requerimento, que solicita ao Secret\u00e1rio de Administra\u00e7\u00e3o e Governo, Sr. Lucas Rafael Gontijo de Melo, bem como ao Secret\u00e1rio de Obras e Urbanismo, Sr Reginaldo Henrique Santos, que informem a esta Casa, se h\u00e1 possibilidade de se ampliar a rede de ilumina\u00e7\u00e3o p\u00fablica, colocando um bra\u00e7o em a\u00e7o galvanizado curvo, com a respectiva lumin\u00e1ria, no poste de energia el\u00e9trica j\u00e1 existente \u00e0 Rua Tavinho Resende, pr\u00f3ximo \u00e0 casa de n\u00ba 253, no Bairro Sol Nascente, nesta cidade."}, {"id": "6786", "ano": "2021", "numero": "155", "tipo__sigla": "REQ", "tipo__descricao": "Requerimento", "autoria": "Hermano Fof\u00e3o", "texto_original": "http://sapl.lagoadaprata.mg.leg.br/media/sapl/public/materialegislativa/2021/6786/requerimento_155-2021_-_hermano_-_adiar_votacao_das_emendas_ldo_19-07.pdf", "ementa": "Senhora Presidente,\r\n\r\n\t\tSirvo-me do presente, com fulcro no Artigo 164 do Regimento Interno desta Casa, para requerer o adiamento para a pr\u00f3xima Reuni\u00e3o Ordin\u00e1ria da discuss\u00e3o e vota\u00e7\u00e3o \u00fanicas, de todas as Emendas apresentadas ao Projeto de Lei n\u00ba EM 75/2021 que DISP\u00d5E SOBRE AS DIRETRIZES PARA A ELABORA\u00c7\u00c3O DE LEI OR\u00c7AMENT\u00c1RIA DE 2022 DE D\u00c1 OUTRAS PROVID\u00caNCIAS, que se daria na Reuni\u00e3o Ordin\u00e1ria de hoje."}, {"id": "6787", "ano": "2021", "numero": "156", "tipo__sigla": "REQ", "tipo__descricao": "Requerimento", "autoria": "Carol Castro", "texto_original": "http://sapl.lagoadaprata.mg.leg.br/media/sapl/public/materialegislativa/2021/6787/requerimento_156-2021_-_carol_-_convoca_sec_assistencia_19-07.pdf", "ementa": "Senhora Presidente,\r\n\r\n\tA Vereadora infra-assinada, na forma regimental, requer a Vossa Excel\u00eancia, consultado o Plen\u00e1rio, que seja enviado of\u00edcio ao Chefe do Poder Executivo Municipal, encaminhando o presente Requerimento, que convoca a Secret\u00e1ria Municipal de Assist\u00eancia Social, Amanda Talita Borges, a comparecer a esta Casa, no prazo regimental e nos termos da Lei Org\u00e2nica do Munic\u00edpio, para falar a respeito do trabalho que vem sendo realizado pela Secretaria Municipal de Assist\u00eancia Social, em especial sobre as demandas do Aux\u00edlio Emergencial Municipal."}, {"id": "6788", "ano": "2021", "numero": "157", "tipo__sigla": "REQ", "tipo__descricao": "Requerimento", "autoria": "Leandro Bibiano", "texto_original": "http://sapl.lagoadaprata.mg.leg.br/media/sapl/public/materialegislativa/2021/6788/requerimento_157-2021_-_leandro_bibiano_-_pavimentacao_asfaltica_19-07.pdf", "ementa": "Sra. Presidente,\r\n\r\n\t\tO Vereador infra-assinado, na forma regimental, requer a Vossa Excel\u00eancia, consultado o Plen\u00e1rio, que seja enviado of\u00edcio ao Chefe do Poder Executivo Municipal, encaminhando o presente Requerimento que solicita ao Secret\u00e1rio de Administra\u00e7\u00e3o e Governo, Lucas Rafael Gontijo de Melo, bem como ao Secret\u00e1rio de Obras e Urbanismo, Reginaldo Henrique Santos, que informem a esta Casa se h\u00e1 possibilidade de se realizar a recupera\u00e7\u00e3o da pavimenta\u00e7\u00e3o asf\u00e1ltica na antiga Rua E, hoje Rua Mestre Euclides Silame Garcia, bem como a conclus\u00e3o da pavimenta\u00e7\u00e3o da mencionada via p\u00fablica."}, {"id": "6789", "ano": "2021", "numero": "158", "tipo__sigla": "REQ", "tipo__descricao": "Requerimento", "autoria": "Soninha", "texto_original": "http://sapl.lagoadaprata.mg.leg.br/media/sapl/public/materialegislativa/2021/6789/requerimento_158-2021_-_soninha_-_veiculos_para_transporte_saude_19-07.pdf", "ementa": "Sra. Presidente,\r\n\r\nA Vereadora infra-assinada, na forma regimental e consultado o Plen\u00e1rio, requer a Vossa Excel\u00eancia que envie of\u00edcio ao Chefe do Poder Executivo Municipal encaminhando o presente Requerimento, que solicita ao Secret\u00e1rio de Administra\u00e7\u00e3o e Governo, Lucas Rafael Gontijo de Melo, bem como \u00e0 Secret\u00e1ria de Sa\u00fade, Margarete Borges de Lacerda Dias, que informem a esta Casa se h\u00e1 possibilidade de se disponibilizar 02 (dois) ve\u00edculos (Vans/\u00f4nibus) para o transporte dos pacientes que fazem tratamento nas cidades de Betim e Belo Horizonte, no sentido de minimizar o sacrif\u00edcio por causa do hor\u00e1rio de sa\u00edda e o tempo de espera."}, {"id": "6790", "ano": "2021", "numero": "159", "tipo__sigla": "REQ", "tipo__descricao": "Requerimento", "autoria": "Lisa Miranda", "texto_original": "http://sapl.lagoadaprata.mg.leg.br/media/sapl/public/materialegislativa/2021/6790/requerimento_159-2021_-_lisa_miranda_-_inclusao_social_no_esporte_19-07.pdf", "ementa": "Senhora Presidente,\r\n    \u200b \r\n    \u200b \tA Vereadora infra-assinada, na forma regimental, requer a Vossa Excel\u00eancia, consultado o Plen\u00e1rio, que seja enviado of\u00edcio ao Chefe do Poder Executivo Municipal, encaminhando o presente Requerimento que solicita ao Secret\u00e1rio Municipal de Desportos, que informe a esta Casa se h\u00e1 possibilidade de se realizar estudo para a elabora\u00e7\u00e3o, execu\u00e7\u00e3o, monitoramento e avalia\u00e7\u00e3o de Pol\u00edticas P\u00fablicas da \u00e1rea de esportes, com base no preceito de inclus\u00e3o social, por meio de programas, bem como de se fazer uma reforma na pra\u00e7a de esportes e nas quadras do nosso munic\u00edpio para a concretiza\u00e7\u00e3o de medidas de acessibilidade, para assegurar a possibilidade de usufruir algo que \u00e9 direito de toda a sociedade, sem distin\u00e7\u00e3o."}, {"id": "6793", "ano": "2021", "numero": "160", "tipo__sigla": "REQ", "tipo__descricao": "Requerimento", "autoria": "Pavio", "texto_original": "http://sapl.lagoadaprata.mg.leg.br/media/sapl/public/materialegislativa/2021/6793/requerimento_160-2021_-_pavio_-_poste_energia_e_luminaria_26-07.pdf", "ementa": "O Vereador infra-assinado, na forma regimental, requer a Vossa Excel\u00eancia, consultado o Plen\u00e1rio, que seja enviado of\u00edcio ao Chefe do Poder Executivo Municipal encaminhando o presente Requerimento, solicitando ao Secret\u00e1rio de Administra\u00e7\u00e3o e Governo, Sr. Lucas Rafael Gontijo de Melo, que informe a esta Casa, se h\u00e1 possibilidade de se colocar um poste de energia el\u00e9trica com as respectivas lumin\u00e1rias, na esquina da Rua \u201cG\u201d, em seu cruzamento com a Rua \u201cF\u201d, no bairro Am\u00e9rico Silva."}, {"id": "6794", "ano": "2021", "numero": "161", "tipo__sigla": "REQ", "tipo__descricao": "Requerimento", "autoria": "Lisa Miranda", "texto_original": "http://sapl.lagoadaprata.mg.leg.br/media/sapl/public/materialegislativa/2021/6794/requerimento_161-2021_-_lisa_miranda_-_lixo_eletronico_26-07.pdf", "ementa": "Senhora Presidente,\r\n    \u200b \r\n    \u200b \tA Vereadora infra-assinada, na forma regimental, requer a Vossa Excel\u00eancia, consultado o Plen\u00e1rio, que seja enviado of\u00edcio ao Chefe do Poder Executivo Municipal, encaminhando o presente Requerimento que solicita \u00e0 Secret\u00e1ria Municipal de Meio Ambiente, que informe a esta Casa de Leis, se existe algum ponto de coleta de rejeitos eletr\u00f4nicos em Lagoa da Prata. Caso n\u00e3o exista local espec\u00edfico, se h\u00e1 possibilidade de se elaborar um projeto ou de se criar um programa educativo e volunt\u00e1rio, de arrecada\u00e7\u00e3o do denominado \u201cLixo Eletr\u00f4nico\u201d com vi\u00e9s socioambiental, para possibilitar o descarte correto e ecol\u00f3gico."}, {"id": "6795", "ano": "2021", "numero": "162", "tipo__sigla": "REQ", "tipo__descricao": "Requerimento", "autoria": "Leandro Bibiano", "texto_original": "http://sapl.lagoadaprata.mg.leg.br/media/sapl/public/materialegislativa/2021/6795/requerimento_162-2021_-_leandro_bibiano_-_pavimentacao_paroquia_sao_francisco_26-07.pdf", "ementa": "Sra. Presidente,\r\n\r\n\tO Vereador infra-assinado, na forma regimental, requer a Vossa Excel\u00eancia, consultado o Plen\u00e1rio, que seja enviado of\u00edcio ao Chefe do Poder Executivo Municipal, encaminhando o presente Requerimento que solicita ao Ilustre Secret\u00e1rio de Administra\u00e7\u00e3o e Governo, Sr. Lucas Rafael Gontijo de Melo, bem como ao Ilustre Secret\u00e1rio de Obras e Urbanismo, Sr. Reginaldo Henrique Santos, que informem a esta Casa se h\u00e1 possibilidade de se realizar a pavimenta\u00e7\u00e3o asf\u00e1ltica das vias no entorno da Par\u00f3quia S\u00e3o Francisco de Assis, entre as Ruas Maranh\u00e3o e Rua Francisco Sales, no bairro S\u00e3o Francisco, nesta cidade."}, {"id": "6796", "ano": "2021", "numero": "163", "tipo__sigla": "REQ", "tipo__descricao": "Requerimento", "autoria": "Carol Castro", "texto_original": "http://sapl.lagoadaprata.mg.leg.br/media/sapl/public/materialegislativa/2021/6796/requerimento_163-2021_-_carol_-_implementacao_lei_13935-2019_-_rede_mun_educacao_26-07.pdf", "ementa": "Sra. Presidente,\r\n\r\n\tA Vereadora infra-assinada, na forma regimental, requer a Vossa Excel\u00eancia, consultado o Plen\u00e1rio, que seja enviado of\u00edcio ao Chefe do Poder Executivo Municipal, encaminhando o presente Requerimento que solicita \u00e0 Secret\u00e1ria Municipal de Educa\u00e7\u00e3o, Adriana Aparecida Ferreira, e \u00e0 Secret\u00e1ria Municipal de Fazenda, N\u00edvia Maria de Melo, que informem se h\u00e1 possibilidade de se regularizar no Munic\u00edpio de Lagoa da Prata a implementa\u00e7\u00e3o da Lei Federal n\u00ba 13.935/2019, que obriga a oferta de servi\u00e7os de Psicologia e de Servi\u00e7o Social nas Redes P\u00fablicas de Educa\u00e7\u00e3o B\u00e1sica, bem como a possibilidade de se alocar recursos na Lei Or\u00e7ament\u00e1ria Anual (LOA) para o ano de 2022, e no Plano Plurianual, destinados aos gastos com pessoal, nos limites da Legisla\u00e7\u00e3o vigente, em montante suficiente para as contrata\u00e7\u00f5es dos profissionais exigidos pela Lei supracitada."}, {"id": "6807", "ano": "2021", "numero": "164", "tipo__sigla": "REQ", "tipo__descricao": "Requerimento", "autoria": "Lisa Miranda", "texto_original": "http://sapl.lagoadaprata.mg.leg.br/media/sapl/public/materialegislativa/2021/6807/requerimento_164-2021_-_lisa_miranda_-_a_camara_esta_aqui_02-08.pdf", "ementa": "A Vereadora infra-assinada, na forma regimental, consultado o Plen\u00e1rio, requer a Vossa Excel\u00eancia, na condi\u00e7\u00e3o de Presidente desta Casa de Leis, que informe se h\u00e1 possibilidade de se instituir o Programa \u201cA C\u00c2MARA EST\u00c1 AQUI\u201d, voltado para a intera\u00e7\u00e3o do Legislativo com a comunidade, buscando atingir objetivos pr\u00e9-definidos e autoriza\u00e7\u00e3o para confec\u00e7\u00e3o de banner alusivo ao programa."}, {"id": "6808", "ano": "2021", "numero": "165", "tipo__sigla": "REQ", "tipo__descricao": "Requerimento", "autoria": "Soninha", "texto_original": "http://sapl.lagoadaprata.mg.leg.br/media/sapl/public/materialegislativa/2021/6808/requerimento_165-2021_-_soninha_-_lixeiras_02-08.pdf", "ementa": "Senhora Presidente,\r\n    . \r\n    . \tA Vereadora infra-assinada, na forma regimental, requer a Vossa Excel\u00eancia, consultado o Plen\u00e1rio, que seja enviado of\u00edcio ao Chefe do Poder Executivo Municipal, encaminhando o presente Requerimento, que solicita \u00e0 Secret\u00e1ria Municipal de Meio Ambiente, que informe a esta Casa de Leis, se h\u00e1 possibilidade de se instalar lixeiras para coleta de material reciclado em nossas pra\u00e7as, centro e Avenida Brasil, em nossa cidade."}, {"id": "6809", "ano": "2021", "numero": "166", "tipo__sigla": "REQ", "tipo__descricao": "Requerimento", "autoria": "Leandro Bibiano", "texto_original": "http://sapl.lagoadaprata.mg.leg.br/media/sapl/public/materialegislativa/2021/6809/requerimento_166-2021_-_sr_leandro_-_escoamento_aguas_pluviais_02-08.pdf", "ementa": "Sra. Presidente,\r\n\r\n\tO Vereador infra-assinado, na forma regimental e consultado o Plen\u00e1rio, requer a Vossa Excel\u00eancia que se envie of\u00edcio ao Chefe do Poder Executivo Municipal, encaminhando o presente Requerimento, que solicita ao Secret\u00e1rio de Obras e Urbanismo, Sr. Reginaldo Henrique Santos, que informe a esta Casa se h\u00e1 possibilidade de se executar um projeto de drenagem pluvial visando solucionar o grave problema de escoamento das \u00e1guas pluviais na Rua Dona J\u00falia Nunes Bessas, no Loteamento Cidade Nova, nesta cidade."}, {"id": "6810", "ano": "2021", "numero": "167", "tipo__sigla": "REQ", "tipo__descricao": "Requerimento", "autoria": "Carol Castro", "texto_original": "http://sapl.lagoadaprata.mg.leg.br/media/sapl/public/materialegislativa/2021/6810/requerimento_167-2021_-_carol_-_castracao_animal_02-08.pdf", "ementa": "Sra. Presidente,\r\n\r\n\tA Vereadora infra-assinada, na forma regimental e consultado o Plen\u00e1rio, requer a Vossa Excel\u00eancia que seja enviado of\u00edcio ao Chefe do Poder Executivo Municipal, encaminhando o presente Requerimento, que solicita ao Secret\u00e1rio de Administra\u00e7\u00e3o e Governo, Lucas Rafael Gontijo de Melo, e \u00e0 Secret\u00e1ria Municipal de Sa\u00fade, Margarete Borges de Lacerda Dias, que   informem a esta Casa Legislativa a possibilidade de o Munic\u00edpio celebrar parceria com o     Centro Universit\u00e1rio UNA - Bom Despacho/MG, por meio do curso de Medicina Veterin\u00e1ria, para desenvolvimento de Projetos de Mutir\u00e3o de Castra\u00e7\u00e3o Animal, no intuito de controlar a   popula\u00e7\u00e3o de c\u00e3es e gatos no Munic\u00edpio de Lagoa da Prata."}, {"id": "6817", "ano": "2021", "numero": "168", "tipo__sigla": "REQ", "tipo__descricao": "Requerimento", "autoria": "Carol Castro", "texto_original": "http://sapl.lagoadaprata.mg.leg.br/media/", "ementa": "Vereadora e o Vereador infra-assinadas, na forma regimental, requerem a Vossa Excel\u00eancia, ouvido o Plen\u00e1rio, que seja determinada a realiza\u00e7\u00e3o de uma Audi\u00eancia P\u00fablica para discutir a\u00e7\u00f5es e projetos visando minimizar os problemas de escoamento das \u00e1guas pluviais no Munic\u00edpio, em especial\r\nos \u201cPontos de alagamentos\u201d, a se realizar no m\u00eas de agosto do corrente ano, com transmiss\u00e3o por meio do r\u00e1dio e da p\u00e1gina da C\u00e2mara Municipal no Facebook e no YouTube."}, {"id": "6818", "ano": "2021", "numero": "169", "tipo__sigla": "REQ", "tipo__descricao": "Requerimento", "autoria": "Soninha", "texto_original": "http://sapl.lagoadaprata.mg.leg.br/media/sapl/public/materialegislativa/2021/6818/requerimento_169-2021_-_soninha_-_contratacao_de_medicos_09-08.pdf", "ementa": "A Vereadora infra-assinada, na forma regimental, requer a Vossa Excel\u00eancia, consultado o Plen\u00e1rio, que seja enviado of\u00edcio ao Chefe do Poder Executivo Municipal, encaminhando o presente Requerimento que solicita ao Secret\u00e1rio de Administra\u00e7\u00e3o e Governo, bem como \u00e0 Secret\u00e1ria de Sa\u00fade, que informem a esta Casa, se h\u00e1 possibilidade de se contratar um m\u00e9dico especializado em Mastologia e outro especializado em Oncologia, para prestarem servi\u00e7os \u00e0 popula\u00e7\u00e3o do Munic\u00edpio de Lagoa da Prata."}, {"id": "6819", "ano": "2021", "numero": "170", "tipo__sigla": "REQ", "tipo__descricao": "Requerimento", "autoria": "Leandro Bibiano", "texto_original": "http://sapl.lagoadaprata.mg.leg.br/media/sapl/public/materialegislativa/2021/6819/requerimento_170-2021_-_leandro_bibiano_-_poste_travessa_joao_paulino_-_bairro_gomes_09-08.pdf", "ementa": "O Vereador infra-assinado, na forma regimental, requer a Vossa Excel\u00eancia, consultado o Plen\u00e1rio, que seja enviado of\u00edcio ao Chefe do Poder Executivo Municipal encaminhando o presente Requerimento que solicita ao Secret\u00e1rio de Administra\u00e7\u00e3o e Governo, Sr. Lucas Rafael Gontijo de Melo, que informe a esta Casa, se h\u00e1 possibilidade de se instalar um poste de energia, com suas respectivas lumin\u00e1rias na Travessa Jo\u00e3o Paulino, no Bairro Gomes, nesta cidade."}, {"id": "6820", "ano": "2021", "numero": "171", "tipo__sigla": "REQ", "tipo__descricao": "Requerimento", "autoria": "Sargento Washington", "texto_original": "http://sapl.lagoadaprata.mg.leg.br/media/sapl/public/materialegislativa/2021/6820/requerimento_171-2021_-_sargento_washington_-_bebedouro_entorno_da_praia_09-08.pdf", "ementa": "O Vereador infra-assinada, na forma regimental, requer a Vossa Excel\u00eancia, consultado o Plen\u00e1rio, que seja enviado of\u00edcio ao Chefe do Poder Executivo Municipal, encaminhando o presente Requerimento, que solicita Secret\u00e1rio de Administra\u00e7\u00e3o e Governo, Sr. Lucas Rafael Gontijo de Melo, bem como ao Secret\u00e1rio de Obras e Urbanismo, Sr. Reginaldo Henrique Santos, que informem a esta Casa de Leis, se h\u00e1 possibilidade de se instalar um bebedouro p\u00fablico na pista de caminhada, no cal\u00e7ad\u00e3o no entorno da Praia P\u00fablica Municipal, pr\u00f3ximo ao bar externo existente no local."}, {"id": "6821", "ano": "2021", "numero": "172", "tipo__sigla": "REQ", "tipo__descricao": "Requerimento", "autoria": "Lisa Miranda", "texto_original": "http://sapl.lagoadaprata.mg.leg.br/media/sapl/public/materialegislativa/2021/6821/requerimento_172-2021_-_lisa_-_progrma_farmacia_solidaria_09-08.pdf", "ementa": "A Vereadora infra-assinada, na forma regimental, requer a Vossa Excel\u00eancia, consultado o Plen\u00e1rio, que seja enviado of\u00edcio ao Chefe do Poder Executivo Municipal, encaminhando o presente Requerimento que solicita ao Secret\u00e1rio de Administra\u00e7\u00e3o e Governo, bem como \u00e0 Secret\u00e1ria de Sa\u00fade, que informem a esta Casa, se h\u00e1 possibilidade de se criar o Programa \u201cFarm\u00e1cia Solid\u00e1ria\u201d em nosso munic\u00edpio."}, {"id": "6827", "ano": "2021", "numero": "173", "tipo__sigla": "REQ", "tipo__descricao": "Requerimento", "autoria": "Soninha", "texto_original": "http://sapl.lagoadaprata.mg.leg.br/media/sapl/public/materialegislativa/2021/6827/requerimento_173-2021_-_soninha_16-08.pdf", "ementa": "Senhora Presidente,\r\n\r\n    \u200b \tA Vereadora infra-assinada, na forma regimental, requerer a Vossa Excel\u00eancia,        consultado o Plen\u00e1rio, que seja enviado of\u00edcio ao Chefe do Poder Executivo Municipal,        encaminhando o presente Requerimento, que solicita ao Secret\u00e1rio Municipal de Meio       Ambiente, Anderson Rodrigues Andrade, e ao Secret\u00e1rio de Obras e Urbanismo,                   Sr. Reginaldo Henrique Santos, que informem a esta Casa se h\u00e1 possibilidade de imediatas provid\u00eancias no sentido de que sejam realizadas as trocas das l\u00e2mpadas que est\u00e3o queimadas nos postes de ilumina\u00e7\u00e3o da Pra\u00e7a Coronel Carlos Bernardes - \u201cPra\u00e7a da Matriz\u201d - situada no Centro, nesta cidade."}, {"id": "6828", "ano": "2021", "numero": "174", "tipo__sigla": "REQ", "tipo__descricao": "Requerimento", "autoria": "Lisa Miranda", "texto_original": "http://sapl.lagoadaprata.mg.leg.br/media/sapl/public/materialegislativa/2021/6828/requerimento_174-2021_-_lisa_-_aparelho_de_raio_x_16-08.pdf", "ementa": "Sra. Presidente,\r\n\r\nA Vereadora infra-assinada, na forma regimental e consultado o Plen\u00e1rio, requer a Vossa Excel\u00eancia que envie of\u00edcio ao Chefe do Poder Executivo Municipal encaminhando o presente Requerimento, que solicita ao Secret\u00e1rio de Administra\u00e7\u00e3o e Governo, Lucas Rafael Gontijo de Melo, bem como \u00e0 Secret\u00e1ria de Sa\u00fade, Margarete Borges de Lacerda Dias, que informem a esta Casa se h\u00e1 possibilidade do Poder Executivo realizar a compra de um aparelho de Raio-X Odontol\u00f3gico Digital para ser instalado no CEO \u2013 Centro de Especialidades Odontol\u00f3gicas, para bem prestar os servi\u00e7os e atendimento aos que necessitam dos servi\u00e7os."}, {"id": "6829", "ano": "2021", "numero": "175", "tipo__sigla": "REQ", "tipo__descricao": "Requerimento", "autoria": "Leandro Bibiano", "texto_original": "http://sapl.lagoadaprata.mg.leg.br/media/", "ementa": "Sra. Presidente,\r\n\r\n\tO Vereador infra-assinado, na forma regimental, requer a Vossa Excel\u00eancia, consultado o Plen\u00e1rio, seja enviado of\u00edcio ao Chefe do Poder Executivo Municipal,  encaminhando o presente Requerimento que solicita ao Secret\u00e1rio de Administra\u00e7\u00e3o e Governo, Lucas Rafael Gontijo de Melo, que informe a esta Casa se h\u00e1 possibilidade de se colocar ca\u00e7amba para coleta de lixo na Av. Vereador Milton Lacerda, esquina com a Rua L, no Distrito Industrial."}, {"id": "6830", "ano": "2021", "numero": "176", "tipo__sigla": "REQ", "tipo__descricao": "Requerimento", "autoria": "Cici", "texto_original": "http://sapl.lagoadaprata.mg.leg.br/media/sapl/public/materialegislativa/2021/6830/requerimento_176-2021_-_cici_-_solicita_informacoes_sobre_acs_16-08.pdf", "ementa": "Sra. Presidente,\r\n\r\n\tO Vereador infra-assinado, na forma regimental e consultado o Plen\u00e1rio, requer a Vossa Excel\u00eancia que se envie of\u00edcio ao Chefe do Poder Executivo Municipal encaminhando o presente Requerimento, que solicita \u00e0 Secret\u00e1ria Municipal de Sa\u00fade, Margarete Borges de Lacerda Dias, bem como ao Secret\u00e1rio de Administra\u00e7\u00e3o e Governo, Lucas Rafael Gontijo de Melo, que  informem aos Vereadores e \u00e0 popula\u00e7\u00e3o de Lagoa da Prata, as seguintes informa\u00e7\u00f5es:\r\n\tQual o n\u00famero de Agentes Comunit\u00e1rias de Sa\u00fade (ACS) em cada Unidade de Sa\u00fade no munic\u00edpio, nos dias atuais, e quantas est\u00e3o afastadas do servi\u00e7o?\r\n\tFavor nos enviar rela\u00e7\u00e3o com nomes e data da contrata\u00e7\u00e3o de cada uma, inclusive as afastadas e quanto tempo de afastamento;\r\n\tSe foram convocadas as classificadas decorrente do Processo Seletivo P\u00fablico, Edital 01/2019, para contrata\u00e7\u00e3o."}, {"id": "6831", "ano": "2021", "numero": "177", "tipo__sigla": "REQ", "tipo__descricao": "Requerimento", "autoria": "Sargento Washington", "texto_original": "http://sapl.lagoadaprata.mg.leg.br/media/", "ementa": "Sra. Presidente,\r\n\r\n\tO Vereador e a Vereadora infra-assinados, na forma regimental, requerem a Vossa Excel\u00eancia, ouvido o Plen\u00e1rio, que seja determinada a realiza\u00e7\u00e3o de uma Audi\u00eancia P\u00fablica para discutir a\u00e7\u00f5es e projetos visando minimizar os problemas ocasionados pela falta do Transporte P\u00fablico e buscar parcerias, a se realizar no in\u00edcio do m\u00eas de setembro do corrente ano, com ampla divulga\u00e7\u00e3o, com transmiss\u00e3o por meio do r\u00e1dio e da p\u00e1gina da C\u00e2mara Municipal no Facebook e no YouTube.\r\n\r\n\tProponho que sejam convidados o Prefeito, Secret\u00e1rio de Administra\u00e7\u00e3o e Governo, Secret\u00e1rio de Desenvolvimento Econ\u00f4mico, Procurador-Geral do Munic\u00edpio, Presidente da  ACE/CDL, representante de ind\u00fastrias, comerciantes de v\u00e1rios seguimentos, representante de empresa de transporte p\u00fablico urbano, bancos privados, cooperativas e outros que demais colegas indicarem."}, {"id": "6832", "ano": "2021", "numero": "178", "tipo__sigla": "REQ", "tipo__descricao": "Requerimento", "autoria": "Pavio", "texto_original": "http://sapl.lagoadaprata.mg.leg.br/media/sapl/public/materialegislativa/2021/6832/requerimento_178-2021_-_pavio_-_permuta_quadra_bairro_americo_silva_16-08.pdf", "ementa": "Senhora Presidente,\r\n\r\n\tO Vereador infra-assinado, na forma regimental, requer a Vossa Excel\u00eancia, consultado o Plen\u00e1rio, que seja enviado of\u00edcio ao Chefe do Poder Executivo Municipal, encaminhando o presente Requerimento que solicita ao Secret\u00e1rio de Administra\u00e7\u00e3o e Governo, que informe a esta Casa, se h\u00e1 possibilidade de se estudar a proposta de um particular que pretende uma permuta de im\u00f3veis com o Munic\u00edpio, nos seguintes termos: o cidad\u00e3o interessado passaria para a propriedade do Munic\u00edpio um ou dois lotes de terreno situado(s) no Bairro Am\u00e9rico Silva, nesta cidade e al\u00e9m dos lotes, o particular ainda assumiria a obriga\u00e7\u00e3o de construir a quadra poliesportiva na nova localiza\u00e7\u00e3o, nos termos a serem definidos em contrato e que constar\u00e3o na Lei que autorizar a permuta ora pretendida, em contrapartida, o Munic\u00edpio passaria para sua propriedade o lote de terreno onde hoje est\u00e1 situada a Quadra de Esportes do referido bairro."}, {"id": "6833", "ano": "2021", "numero": "179", "tipo__sigla": "REQ", "tipo__descricao": "Requerimento", "autoria": "Carol Castro", "texto_original": "http://sapl.lagoadaprata.mg.leg.br/media/sapl/public/materialegislativa/2021/6833/requerimento_179-2021_-_carol_-_violencia_contra_mulher_-_capacitacao_profissionais_de_beleza_16-08.pdf", "ementa": "Sra. Presidente,\r\n\r\n\tA Vereadora infra-assinada, na forma regimental e consultado o Plen\u00e1rio, requer a Vossa Excel\u00eancia que seja enviado of\u00edcio ao Chefe do Poder Executivo Municipal, encaminhando o presente Requerimento, que solicita \u00e0 Secret\u00e1ria de Assist\u00eancia Social, Amanda Talita Luiz   Lopes, que informe a esta Casa Legislativa se h\u00e1 possibilidade da implanta\u00e7\u00e3o de Programa de Capacita\u00e7\u00e3o de Profissionais da \u00e1rea de Beleza e Est\u00e9tica para que se qualifiquem como agentes multiplicadores de informa\u00e7\u00e3o contra a viol\u00eancia dom\u00e9stica e familiar."}, {"id": "6843", "ano": "2021", "numero": "180", "tipo__sigla": "REQ", "tipo__descricao": "Requerimento", "autoria": "Carol Castro", "texto_original": "http://sapl.lagoadaprata.mg.leg.br/media/sapl/public/materialegislativa/2021/6843/requerimento_180-2021_-_carol_-_limpeza_dos_corregos_23-08.pdf", "ementa": "Sra. Presidente,\r\n\r\n\tA Vereadora infra-assinada, na forma regimental, requer a Vossa Excel\u00eancia, consultado o Plen\u00e1rio, que seja enviado of\u00edcio ao Chefe do Poder Executivo Municipal, encaminhando o presente Requerimento, que solicita ao Secret\u00e1rio Municipal de Administra\u00e7\u00e3o e Governo, Sr. Lucas Rafael Gontijo de Melo, bem como ao Secret\u00e1rio de Meio Ambiente, Anderson Rodrigues Andrade e ao Secret\u00e1rio de Obras e Urbanismo,                   Sr. Reginaldo Henrique Santos, que informem a esta Casa se h\u00e1 possibilidade de se realizar limpeza, drenagem e desassoreamento dos leitos e margens dos C\u00f3rregos Chico Messias,  Chico F\u00e9lix e Chico Silveira, em todas suas extens\u00f5es que ainda se encontram \u201ca c\u00e9u aberto.\u201d"}, {"id": "6844", "ano": "2021", "numero": "181", "tipo__sigla": "REQ", "tipo__descricao": "Requerimento", "autoria": "Lisa Miranda", "texto_original": "http://sapl.lagoadaprata.mg.leg.br/media/sapl/public/materialegislativa/2021/6844/requerimento_181-2021_-_lisa_-_monitora_transporte_escolar_23-08.pdf", "ementa": "Sra. Presidente,\r\n\r\n\tA Vereadora infra-assinada, na forma regimental e consultado o Plen\u00e1rio, requer a Vossa Excel\u00eancia que seja enviado of\u00edcio ao Chefe do Poder Executivo Municipal encaminhando o presente Requerimento, que solicita \u00e0 Secret\u00e1ria Municipal de Educa\u00e7\u00e3o, Adriana Aparecida Ferreira, que informe a esta Casa se h\u00e1 possibilidade de se destinar a cada ve\u00edculo de transporte escolar municipal um(a) monitor(a) treinado(a) para orientar os estudantes em rela\u00e7\u00e3o \u00e0 seguran\u00e7a de tr\u00e2nsito durante as viagens e auxiliar nas opera\u00e7\u00f5es de embarque e desembarque no ve\u00edculo."}, {"id": "6845", "ano": "2021", "numero": "182", "tipo__sigla": "REQ", "tipo__descricao": "Requerimento", "autoria": "Cici", "texto_original": "http://sapl.lagoadaprata.mg.leg.br/media/sapl/public/materialegislativa/2021/6845/requerimento_182-2021_-_cici_-_reforma_da_praca_no_rodolfo_pio_23-08.pdf", "ementa": "Sra. Presidente,\r\n\r\n    \u200b \tO Vereador infra-assinado, na forma regimental e consultado o Plen\u00e1rio, requer a Vossa Excel\u00eancia que seja enviado Of\u00edcio ao Chefe do Poder Executivo Municipal encaminhando o presente Requerimento, que solicita ao Secret\u00e1rio Municipal de Administra\u00e7\u00e3o e Governo, Sr Lucas Rafael Gontijo de Melo, bem como ao Secret\u00e1rio Municipal de Obras e Urbanismo, Sr Reginaldo Henrique Santos, que informem a esta Casa, se h\u00e1 possibilidade da realiza\u00e7\u00e3o de melhorias na pra\u00e7a situada no Loteamento Rodolfo Pio, tais como arboriza\u00e7\u00e3o, plantio de grama, sistema de monitoramento e ilumina\u00e7\u00e3o adequada."}, {"id": "6846", "ano": "2021", "numero": "183", "tipo__sigla": "REQ", "tipo__descricao": "Requerimento", "autoria": "Toninho da Laje", "texto_original": "http://sapl.lagoadaprata.mg.leg.br/media/sapl/public/materialegislativa/2021/6846/requerimento_183-2021_-_toninho_da_laje_-_poste_de_iluninacao_23-08.pdf", "ementa": "Sra. Presidente,\r\n\r\n\tO Vereador infra-assinado, na forma regimental e ouvido o Plen\u00e1rio, requer a Vossa Excel\u00eancia que seja enviado of\u00edcio ao Chefe do Poder Executivo Municipal encaminhando o presente Requerimento, que solicita ao Secret\u00e1rio de Administra\u00e7\u00e3o e Governo, Sr. Lucas Rafael Gontijo de Melo, bem como ao Secret\u00e1rio de Obras e Urbanismo, Sr Reginaldo Henrique Santos, que informem a esta Casa, se h\u00e1 possibilidade de se ampliar a rede de ilumina\u00e7\u00e3o p\u00fablica, colocando um bra\u00e7o em a\u00e7o galvanizado curvo, com a respectiva lumin\u00e1ria, no poste de energia el\u00e9trica j\u00e1 existente \u00e0 Rua Jo\u00e3o Martins de Miranda, pr\u00f3ximo \u00e0 casa 02 de n\u00ba 655, onde funcionava uma granja, que hoje est\u00e1 desativada, no Bairro Sol Nascente, nesta cidade."}, {"id": "6847", "ano": "2021", "numero": "184", "tipo__sigla": "REQ", "tipo__descricao": "Requerimento", "autoria": "Leandro Bibiano", "texto_original": "http://sapl.lagoadaprata.mg.leg.br/media/sapl/public/materialegislativa/2021/6847/requerimento_184-2021_-_leandro_bibiano_-_limpeza_e_manutencao_rede_esgoto_23-08_1.pdf", "ementa": "Sra. Presidente,\r\n\r\n\tO Vereador infra-assinado, na forma regimental e consultado o Plen\u00e1rio, requer a Vossa Excel\u00eancia que seja enviado of\u00edcio ao Diretor do Servi\u00e7o Aut\u00f4nomo de \u00c1gua e Esgoto de Lagoa da Prata \u2013 SAAE-LP, solicitando que ele informe a esta Casa se h\u00e1 possibilidade de se providenciar a limpeza e manuten\u00e7\u00e3o da rede de coleta de esgoto da Rua Dona Nan\u00e1, at\u00e9 o final da Rua Daniel Ferreira da Rocha, no Bairro Gomes, nesta cidade."}, {"id": "6848", "ano": "2021", "numero": "185", "tipo__sigla": "REQ", "tipo__descricao": "Requerimento", "autoria": "Pavio", "texto_original": "http://sapl.lagoadaprata.mg.leg.br/media/sapl/public/materialegislativa/2021/6848/requerimento_185-2021_-_pavio_-_passagem_elevada_de_pedestres_upa_23-08.pdf", "ementa": "Sra. Presidente,\r\n\r\n\tO Vereador infra-assinado, na forma regimental e consultado o Plen\u00e1rio, requer a Vossa Excel\u00eancia que seja enviado of\u00edcio ao Chefe do Poder Executivo Municipal encaminhando o presente Requerimento, solicitando ao Secret\u00e1rio Municipal de Administra\u00e7\u00e3o e Governo, Lucas Rafael Gontijo de Melo, e ao Secret\u00e1rio Municipal de Obras e Urbanismo, Reginaldo Henrique Santos, que informem a esta Casa se h\u00e1 possibilidade de se instalar passagem elevada para pedestres, com ondula\u00e7\u00e3o, na Rua Alexandre Bernardes Primo, em frente \u00e0 entrada principal da UPA."}, {"id": "6855", "ano": "2021", "numero": "186", "tipo__sigla": "REQ", "tipo__descricao": "Requerimento", "autoria": "Pavio", "texto_original": "http://sapl.lagoadaprata.mg.leg.br/media/sapl/public/materialegislativa/2021/6855/requerimento_186-2021_-_pavio_-_adesivos_veiculos_30-08.pdf", "ementa": "Sra. Presidente,\r\n\r\n\tO Vereador infra-assinado, na forma regimental e consultado o Plen\u00e1rio, requer a Vossa Excel\u00eancia que se envie of\u00edcio ao Chefe do Poder Executivo Municipal  encaminhando o presente Requerimento, que solicita ao Secret\u00e1rio de Administra\u00e7\u00e3o e Governo, Lucas Rafael Gontijo de Melo, que informe a esta Casa, se h\u00e1 possibilidade de se providenciar a coloca\u00e7\u00e3o dos novos adesivos de identifica\u00e7\u00e3o nos ve\u00edculos oficiais do Poder Executivo Municipal, de acordo com os crit\u00e9rios estabelecidos na Lei Municipal n\u00ba 3.394/2021. Que informe ainda, o que vem impedindo o cumprimento da Lei retrocitada."}, {"id": "6856", "ano": "2021", "numero": "187", "tipo__sigla": "REQ", "tipo__descricao": "Requerimento", "autoria": "Leandro Bibiano", "texto_original": "http://sapl.lagoadaprata.mg.leg.br/media/", "ementa": "Sra. Presidente,\r\n\r\n\tO Vereador e a Vereadora infra-assinados, na forma regimental e consultado o Plen\u00e1rio, requerem a Vossa Excel\u00eancia que seja enviado Of\u00edcio ao Chefe do Poder Executivo Municipal encaminhando o presente Requerimento, que solicita ao Secret\u00e1rio Municipal de Administra\u00e7\u00e3o e Governo, Sr. Lucas Rafael Gontijo de Melo, bem como ao Secret\u00e1rio Municipal de Obras e Urbanismo, Sr. Reginaldo Henrique Santos, que informem a esta Casa, se h\u00e1 possibilidade da constru\u00e7\u00e3o de uma pra\u00e7a no entroncamento da Rua Rio de Janeiro com a Travessa Zino Gomes e tamb\u00e9m a arboriza\u00e7\u00e3o, plantio de grama, coloca\u00e7\u00e3o de bancos e ilumina\u00e7\u00e3o adequada."}, {"id": "6857", "ano": "2021", "numero": "188", "tipo__sigla": "REQ", "tipo__descricao": "Requerimento", "autoria": "Carol Castro", "texto_original": "http://sapl.lagoadaprata.mg.leg.br/media/sapl/public/materialegislativa/2021/6857/requerimento_188-2021_-_carol_-_limpeza_dos_bueiros_30-08.pdf", "ementa": "Sra. Presidente,\r\n\r\n\tA Vereadora infra-assinada, na forma regimental, requer a Vossa Excel\u00eancia, consultado o Plen\u00e1rio, que seja enviado of\u00edcio ao Chefe do Poder Executivo Municipal, encaminhando o presente Requerimento, que solicita ao Secret\u00e1rio Municipal de Administra\u00e7\u00e3o e Governo, Sr. Lucas Rafael Gontijo de Melo, bem como ao Secret\u00e1rio de Transportes e Limpeza P\u00fablica, Ivanir J\u00fanior Rezende Trindade, que informem a esta Casa se h\u00e1 possibilidade de se realizar limpeza dos bueiros em toda extens\u00e3o da zona urbana de Lagoa da Prata."}, {"id": "6858", "ano": "2021", "numero": "189", "tipo__sigla": "REQ", "tipo__descricao": "Requerimento", "autoria": "Toninho da Laje", "texto_original": "http://sapl.lagoadaprata.mg.leg.br/media/sapl/public/materialegislativa/2021/6858/requerimento_189-2021_-_toninho_-_auxilio_estudantes_30-08.pdf", "ementa": "Senhora Presidente, \r\n\r\n\tO Vereador infra-assinado, na forma regimental e consultado o Plen\u00e1rio, requer a Vossa Excel\u00eancia que seja enviado of\u00edcio ao Chefe do Poder Executivo Municipal encaminhando o presente Requerimento, que solicita \u00e0 Secret\u00e1ria de Assist\u00eancia Social, Amanda Talita Luiz Lopes, que informe a esta Casa, quais provid\u00eancias foram tomadas para o efetivo repasse do Aux\u00edlio-transporte aos estudantes universit\u00e1rios de Lagoa da Prata, cujo pagamento estava previsto para o segundo semestre. Que informe ainda quais provid\u00eancias foram tomadas, considerando que em resposta ao Requerimento n\u00ba 100/2021, desta Casa Legislativa, a Secret\u00e1ria Talita informou que fariam uma revis\u00e3o em alguns aspectos da Lei Municipal que instituiu o Aux\u00edlio."}, {"id": "6859", "ano": "2021", "numero": "190", "tipo__sigla": "REQ", "tipo__descricao": "Requerimento", "autoria": "Lisa Miranda", "texto_original": "http://sapl.lagoadaprata.mg.leg.br/media/sapl/public/materialegislativa/2021/6859/requerimento_190-2021_-_lisa_miranda_-_concurso_30-08.pdf", "ementa": "Sra. Presidente,\r\n\r\n\tA Vereadora infra-assinada, na forma regimental e consultado o Plen\u00e1rio, requer a Vossa Excel\u00eancia que seja enviado of\u00edcio ao Chefe do Poder Executivo Municipal encaminhando o presente Requerimento, solicitando ao Secret\u00e1rio Municipal de Administra\u00e7\u00e3o e Governo, Lucas Rafael Gontijo de Melo, que informe a esta Casa se h\u00e1   estudos com o objetivo de se realizar e Concurso P\u00fablico para o ano de 2022. Que informe ainda, se h\u00e1 estudos para o envio de Projeto de Lei Complementar ao Legislativo visando a cria\u00e7\u00e3o das vagas necess\u00e1rias para completar o quadro de empregados do Munic\u00edpio"}, {"id": "6860", "ano": "2021", "numero": "191", "tipo__sigla": "REQ", "tipo__descricao": "Requerimento", "autoria": "Soninha", "texto_original": "http://sapl.lagoadaprata.mg.leg.br/media/", "ementa": "Sra. Presidente,\r\n\r\n\tA Vereadora infra-assinada, na forma regimental e consultado o Plen\u00e1rio, requer a Vossa Excel\u00eancia que envie of\u00edcio ao Chefe do Poder Executivo Municipal encaminhando o presente Requerimento, que solicita ao Secret\u00e1rio de Administra\u00e7\u00e3o e Governo, Lucas Rafael Gontijo de Melo, bem como \u00e0 Secret\u00e1ria Municipal de Assist\u00eancia Social, que informem se h\u00e1 possibilidade de se fazer um estudo para o envio de um Projeto de Lei ao Legislativo, que vise prorrogar o aux\u00edlio emergencial municipal, pelo mesmo per\u00edodo concedido inicialmente."}, {"id": "6866", "ano": "2021", "numero": "192", "tipo__sigla": "REQ", "tipo__descricao": "Requerimento", "autoria": "Lisa Miranda", "texto_original": "http://sapl.lagoadaprata.mg.leg.br/media/sapl/public/materialegislativa/2021/6866/requerimento_192-2021_-_lisa_miranda_-_desassoreamento_da_lagoa_do_pocao_06-09_1.pdf", "ementa": "Sra. Presidente,\r\n\r\n\tA Vereadora infra-assinada, na forma regimental e consultado o Plen\u00e1rio, requer a Vossa Excel\u00eancia que seja enviado Of\u00edcio ao Chefe do Poder Executivo Municipal encaminhando o presente Requerimento, que solicita ao Secret\u00e1rio Municipal de Administra\u00e7\u00e3o e Governo, Sr. Lucas Rafael Gontijo de Melo, ao Secret\u00e1rio Municipal de Meio Ambiente, Sr. Anderson Rodrigues Andrade e ao Secret\u00e1rio de Obras e Urbanismo,                   Sr. Reginaldo Henrique Santos, que informem a esta Casa, se h\u00e1 possibilidade da execu\u00e7\u00e3o de obras para a revitaliza\u00e7\u00e3o, desassoreamento e limpeza da Lagoa do Po\u00e7\u00e3o, com a anu\u00eancia e a observ\u00e2ncia das Resolu\u00e7\u00f5es do CONAMA e o devido licenciamento e aprova\u00e7\u00e3o dos \u00f3rg\u00e3os ambientais."}, {"id": "6867", "ano": "2021", "numero": "193", "tipo__sigla": "REQ", "tipo__descricao": "Requerimento", "autoria": "Soninha", "texto_original": "http://sapl.lagoadaprata.mg.leg.br/media/sapl/public/materialegislativa/2021/6867/requerimento_193-2021_-_soninha_-_vacinacao_antirrabica_06-09.pdf", "ementa": "Sra. Presidente,\r\n\r\n\tA Vereadora infra-assinada, na forma regimental e consultado o Plen\u00e1rio, requer a Vossa Excel\u00eancia que envie of\u00edcio ao Chefe do Poder Executivo Municipal encaminhando o presente Requerimento, que solicita ao Secret\u00e1rio de Administra\u00e7\u00e3o e Governo, Lucas Rafael Gontijo de Melo, bem como \u00e0 Secret\u00e1ria Municipal de Sa\u00fade, Margarete Borges de Lacerda Dias, que informem aos Vereadores e popula\u00e7\u00e3o sobre a Vacina\u00e7\u00e3o Antirr\u00e1bica no munic\u00edpio, nos seguintes termos: como est\u00e1 o calend\u00e1rio de vacina\u00e7\u00e3o e quais os pontos de aplica\u00e7\u00e3o das doses antirr\u00e1bicas? Caso n\u00e3o esteja havendo a imuniza\u00e7\u00e3o, qual o motivo."}, {"id": "6868", "ano": "2021", "numero": "194", "tipo__sigla": "REQ", "tipo__descricao": "Requerimento", "autoria": "Leandro Bibiano", "texto_original": "http://sapl.lagoadaprata.mg.leg.br/media/sapl/public/materialegislativa/2021/6868/requerimento_194-2021_-_leandro_bibiano_-_braco_de_iluninacao_06-09.pdf", "ementa": "Sra. Presidente,\r\n\r\n\tO Vereador infra-assinado, na forma regimental e ouvido o Plen\u00e1rio, requer a Vossa Excel\u00eancia que seja enviado of\u00edcio ao Chefe do Poder Executivo Municipal encaminhando o presente Requerimento, que solicita ao Secret\u00e1rio de Administra\u00e7\u00e3o e Governo, Sr. Lucas Rafael Gontijo de Melo, bem como ao Secret\u00e1rio de Obras e Urbanismo, Sr Reginaldo Henrique Santos, que informem a esta Casa, se h\u00e1 possibilidade de se ampliar a rede de ilumina\u00e7\u00e3o p\u00fablica, colocando um bra\u00e7o em a\u00e7o galvanizado curvo, com a respectiva lumin\u00e1ria, no poste de energia el\u00e9trica j\u00e1 existente na Rua Sr. Doca, conhecida como Travessa Retiro, no Bairro Gomes, nesta cidade."}, {"id": "6869", "ano": "2021", "numero": "195", "tipo__sigla": "REQ", "tipo__descricao": "Requerimento", "autoria": "Sargento Washington", "texto_original": "http://sapl.lagoadaprata.mg.leg.br/media/sapl/public/materialegislativa/2021/6869/requerimento_195-2021_-_sargento_washington_-_pavimentacao_asfaltica_06-09.pdf", "ementa": "Sra. Presidente,\r\n\r\n\tO Vereador infra-assinado, na forma regimental, requer a Vossa Excel\u00eancia, consultado o Plen\u00e1rio, que seja enviado of\u00edcio ao Chefe do Poder Executivo Municipal, encaminhando o presente Requerimento que solicita ao Secret\u00e1rio de Administra\u00e7\u00e3o e Governo, Lucas Rafael Gontijo de Melo, bem como ao Secret\u00e1rio de Obras e Urbanismo, Reginaldo Henrique Santos, que informem a esta Casa se h\u00e1 possibilidade de se realizar a pavimenta\u00e7\u00e3o asf\u00e1ltica na Rua \u00c2ngelo Perilo, do cruzamento da Rua Alexandre Bernardes Primo at\u00e9 a Rua Francisco Bernardes Primo, pr\u00f3ximo \u00e0 Lagoa do Loteamento Palmeiras."}, {"id": "6870", "ano": "2021", "numero": "196", "tipo__sigla": "REQ", "tipo__descricao": "Requerimento", "autoria": "Cici", "texto_original": "http://sapl.lagoadaprata.mg.leg.br/media/sapl/public/materialegislativa/2021/6870/requerimento_196-2021_-_cici_-_horas_extras_06-09.pdf", "ementa": "Sra. Presidente,\r\n\r\n\tO Vereador infra-assinado, na forma regimental, requer a Vossa Excel\u00eancia, consultado o Plen\u00e1rio, seja enviado of\u00edcio ao Chefe do Poder Executivo Municipal encaminhando o presente Requerimento que solicita ao Secret\u00e1rio de Administra\u00e7\u00e3o e Governo, Lucas Rafael Gontijo de Melo, bem como ao Chefe do Setor de Pessoal, Ronan Ferreira dos Santos, que enviem a esta Casa as seguintes informa\u00e7\u00f5es:\r\n\r\n\t1 \u2013 Se todos os servidores que est\u00e3o fazendo horas extras receber\u00e3o de acordo com seus direitos, sendo a partir da s\u00e9tima hora realizada? \r\n\r\n\t2 \u2013 Se todos os servidores est\u00e3o recebendo o mesmo tratamento no pagamento destas horas?"}, {"id": "6871", "ano": "2021", "numero": "197", "tipo__sigla": "REQ", "tipo__descricao": "Requerimento", "autoria": "Hermano Fof\u00e3o", "texto_original": "http://sapl.lagoadaprata.mg.leg.br/media/sapl/public/materialegislativa/2021/6871/requerimento_197-2021_-_hermano_-_conselhos_municipais_06-09.pdf", "ementa": "Sra. Presidente,\r\n\r\n    \u200b \tO Vereador infra-assinado, na forma regimental e consultado o Plen\u00e1rio, requer a Vossa Excel\u00eancia que seja enviado ao Chefe do Poder Executivo Municipal of\u00edcio encaminhando o presente Requerimento, solicitando ao Secret\u00e1rio de Administra\u00e7\u00e3o e Governo, Lucas Rafael Gontijo de Melo, informa\u00e7\u00f5es a respeito dos Conselhos Municipais de Lagoa da Prata, nos     seguintes termos:1 - Rela\u00e7\u00e3o dos Conselhos Municipais que se encontram ativos e inativos, assim como a justificativa quanto \u00e0 inatividade;\t2 - C\u00f3pia da \u00faltima Portaria ou Decreto Municipal de nomea\u00e7\u00e3o dos conselheiros e     suplentes dos Conselhos Municipais existentes;3 - Local, data e hor\u00e1rio em que ocorrem as reuni\u00f5es de cada Conselho Municipal;4 - Contato (telefone e e-mail) do Presidente e Secret\u00e1rio de cada Conselho Municipal;5 - Existe algum servidor p\u00fablico dispon\u00edvel para atender as necessidades dos            conselhos?6Quanto \u00e0 publicidade e transpar\u00eancia dos atos dos Conselhos, s\u00e3o publicados onde?"}, {"id": "6872", "ano": "2021", "numero": "198", "tipo__sigla": "REQ", "tipo__descricao": "Requerimento", "autoria": "Toninho da Laje", "texto_original": "http://sapl.lagoadaprata.mg.leg.br/media/sapl/public/materialegislativa/2021/6872/requerimento_198-2021_-_toninho_da_laje_-_construcao_calcadao_06-09.pdf", "ementa": "Sra. Presidente,\r\n\r\n\tO Vereador infra-assinado, na forma regimental e consultado o Plen\u00e1rio, requer a Vossa Excel\u00eancia que seja enviado Of\u00edcio ao Chefe do Poder Executivo Municipal encaminhando o presente Requerimento, que solicita ao Secret\u00e1rio Municipal de Administra\u00e7\u00e3o e Governo, Sr. Lucas Rafael Gontijo de Melo, bem como ao Secret\u00e1rio Municipal de Obras e Urbanismo, Sr. Reginaldo Henrique Santos, que informem a esta Casa, se h\u00e1 possibilidade de se fazer um projeto de constru\u00e7\u00e3o de cal\u00e7ad\u00e3o, com alambrados, requalifica\u00e7\u00e3o de cal\u00e7adas e sistema de ilumina\u00e7\u00e3o de LED, no dois lados que circundam o parque dos Buritis e tamb\u00e9m incluir lixeiras, na Avenida Jos\u00e9 Bernardes Maciel, nesta cidade."}, {"id": "6873", "ano": "2021", "numero": "199", "tipo__sigla": "REQ", "tipo__descricao": "Requerimento", "autoria": "Carol Castro", "texto_original": "http://sapl.lagoadaprata.mg.leg.br/media/sapl/public/materialegislativa/2021/6873/requerimento_199-2021_-_carol_castro_-_reuniao_contadores_06-09.pdf", "ementa": "Senhora Presidente,\r\n    \u200b \r\n    \u200b \tA Vereadora infra-assinada, na forma regimental, consultado o Plen\u00e1rio, requer a Vossa Excel\u00eancia, na condi\u00e7\u00e3o de Presidente desta Casa de Leis, que informe se h\u00e1 possibilidade de se agendar uma reuni\u00e3o, em data a ser definida, convidando os contabilistas e contadores do Munic\u00edpio de Lagoa da Prata, para, juntamente, com os Vereadores, Secretarias Municipais de Assist\u00eancia Social e de Desenvolvimento Econ\u00f4mico, Conselho Municipal da Crian\u00e7a e do Adolescente, Conselho Municipal do Idoso e entidades de atendimento a esse p\u00fablico, para tratarmos de doa\u00e7\u00e3o de parte do Imposto de Renda para as entidades sociais, uma vez que a pessoa f\u00edsica que faz a declara\u00e7\u00e3o completa pode destinar at\u00e9 6 % do valor devido e jur\u00eddicas at\u00e9 1 % do Imposto de Renda de Pessoa Jur\u00eddica a pagar."}, {"id": "6879", "ano": "2021", "numero": "200", "tipo__sigla": "REQ", "tipo__descricao": "Requerimento", "autoria": "Toninho da Laje", "texto_original": "http://sapl.lagoadaprata.mg.leg.br/media/sapl/public/materialegislativa/2021/6879/requerimento_200-2021_-_toninho_da_laje_-_beneficios_fiscais_aos_cidadaos_13-09.pdf", "ementa": "Sra. Presidente,\r\n\r\n    \u200b \tO Vereador infra-assinado, na forma regimental e consultado o Plen\u00e1rio, requer a Vossa           Excel\u00eancia que seja enviado ao Chefe do Poder Executivo Municipal of\u00edcio encaminhando o presente Requerimento, que solicita ao Secret\u00e1rio de Administra\u00e7\u00e3o e Governo, Lucas Rafael Gontijo de Melo, bem como \u00e0 Secret\u00e1ria de Fazenda, N\u00edvia Maria de Melo, que informem a esta Casa, se h\u00e1 possibilidade de se enviar ao Poder Legislativo, ap\u00f3s aprofundado estudo das situa\u00e7\u00f5es de car\u00eancia e vulnerabilidade social e/ou econ\u00f4mica de determinados cidad\u00e3os, provocadas estas, pela Pandemia do Novo                Coronav\u00edrus, assim como as quest\u00f5es legais, Projeto de Lei concedendo aos cidad\u00e3os que se encaixem nesta situa\u00e7\u00e3o, os seguintes benef\u00edcios:1 \u2013 Remiss\u00e3o de juros e multas, bem como o parcelamento do valor do IPTU referente aos anos de 2020 e 2021, nos casos em que sejam vi\u00e1veis tais medidas;2 \u2013 Remiss\u00e3o do IPTU, dos juros e multas referentes aos anos de 2020 e 2021..."}, {"id": "6880", "ano": "2021", "numero": "201", "tipo__sigla": "REQ", "tipo__descricao": "Requerimento", "autoria": "Lisa Miranda", "texto_original": "http://sapl.lagoadaprata.mg.leg.br/media/sapl/public/materialegislativa/2021/6880/requerimento_201-2021_-_lisa_-_equoterapia_13-09.pdf", "ementa": "Senhora Presidente,\r\n\r\n    \u200b \tA Vereadora infra-assinada, na forma regimental, requer a Vossa Excel\u00eancia, consultado o Plen\u00e1rio, que seja enviado of\u00edcio ao Chefe do Poder Executivo Municipal, encaminhando o presente Requerimento, que solicita ao Secret\u00e1rio de Administra\u00e7\u00e3o e Governo, Lucas Rafael Gontijo de Melo, que informe aos Vereadores e \u00e0 popula\u00e7\u00e3o de Lagoa da Prata, quando se dar\u00e1 in\u00edcio o atendimento por meio da Equoterapia no Munic\u00edpio e que nos envie c\u00f3pia dos autos do Processo Licitat\u00f3rio referente \u00e0 contrata\u00e7\u00e3o deste servi\u00e7o."}, {"id": "6881", "ano": "2021", "numero": "202", "tipo__sigla": "REQ", "tipo__descricao": "Requerimento", "autoria": "Pavio", "texto_original": "http://sapl.lagoadaprata.mg.leg.br/media/sapl/public/materialegislativa/2021/6881/requerimento_202-2021_-_pavio_-_caminhao-pipa_13-09.pdf", "ementa": "Sra. Presidente,\r\n\r\n\tO Vereador infra-assinado, na forma regimental, requer a Vossa Excel\u00eancia, consultado o Plen\u00e1rio, seja enviado of\u00edcio ao Chefe do Poder Executivo Municipal,  encaminhando o presente Requerimento, que solicita ao Secret\u00e1rio de Administra\u00e7\u00e3o e Governo, Sr. Lucas Rafael Gontijo de Melo, que informe a esta Casa se h\u00e1 possibilidade de se adquirir um caminh\u00e3o-pipa para o Munic\u00edpio de Lagoa da Prata."}, {"id": "6882", "ano": "2021", "numero": "203", "tipo__sigla": "REQ", "tipo__descricao": "Requerimento", "autoria": "Soninha", "texto_original": "http://sapl.lagoadaprata.mg.leg.br/media/sapl/public/materialegislativa/2021/6882/requerimento_203-2021_-_soninha_-_iluminacao_na_praia_13-09.pdf", "ementa": "Sra. Presidente,\r\n\r\n\tA Vereadora infra-assinada, na forma regimental e consultado o Plen\u00e1rio, requer a Vossa Excel\u00eancia que envie of\u00edcio ao Chefe do Poder Executivo Municipal encaminhando o presente Requerimento, que solicita ao Secret\u00e1rio de Obras e Urbanismo, Sr. Reginaldo Henrique dos Santos, que informe a esta Casa, se h\u00e1 possibilidade de se realizar a reposi\u00e7\u00e3o da ilumina\u00e7\u00e3o (globos e l\u00e2mpadas queimadas) na \u00e1rea ampliada do cal\u00e7ad\u00e3o no entorno da Praia P\u00fablica Municipal."}, {"id": "6883", "ano": "2021", "numero": "204", "tipo__sigla": "REQ", "tipo__descricao": "Requerimento", "autoria": "Carol Castro", "texto_original": "http://sapl.lagoadaprata.mg.leg.br/media/sapl/public/materialegislativa/2021/6883/requerimento_204-2021_-_carol_castro_-__vacinacao_covid__13.09.pdf", "ementa": "Senhora Presidente,\r\n\r\n\tA Vereadora infra-assinada, na forma regimental e consultado o Plen\u00e1rio, requer a Vossa Excel\u00eancia que envie of\u00edcio ao Chefe do Poder Executivo Municipal encaminhando o presente Requerimento, que solicita ao Secret\u00e1rio de Administra\u00e7\u00e3o e Governo, Lucas Rafael Gontijo de Melo, bem como \u00e0 Secret\u00e1ria Municipal de Sa\u00fade, Margarete Borges de Lacerda Dias, que informem a esta Casa, por meio de relat\u00f3rio detalhado, sobre a ades\u00e3o da popula\u00e7\u00e3o de Lagoa da  Prata \u00e0 segunda dose da Vacina\u00e7\u00e3o contra a Covid-19, conforme estabelecido pelo Programa Nacional de Imuniza\u00e7\u00e3o (PNI) do Minist\u00e9rio da Sa\u00fade, e se existe algum planejamento do Munic\u00edpio, por meio de campanhas publicit\u00e1rias ou outras estrat\u00e9gias, para se atingir o maior n\u00famero de pessoas programadas poss\u00edvel, para receber a segunda dose da Vacina."}, {"id": "6885", "ano": "2021", "numero": "205", "tipo__sigla": "REQ", "tipo__descricao": "Requerimento", "autoria": "Pavio", "texto_original": "http://sapl.lagoadaprata.mg.leg.br/media/sapl/public/materialegislativa/2021/6885/requerimento_205-2021_-_pavio_-_posto_de_coleta_doacao_sangue__20-09.pdf", "ementa": "O Vereador infra-assinado, na forma regimental e consultado o Plen\u00e1rio, requer a Vossa Excel\u00eancia que se envie of\u00edcio ao Chefe do Poder Executivo Municipal encaminhando o presente Requerimento, que solicita ao Secret\u00e1rio de Administra\u00e7\u00e3o e Governo, Lucas Rafael Gontijo de Melo e \u00e0 Secret\u00e1ria de Sa\u00fade, Margarete Borges de Lacerda Dias, que informem a esta Casa, se h\u00e1 possibilidade de se implantar um Posto Avan\u00e7ado de Coleta Externa \u2013 PACE, no munic\u00edpio, viabilizando as doa\u00e7\u00f5es de sangue sem que haja necessidade dos cidad\u00e3os se deslocarem at\u00e9 outras cidades."}, {"id": "6886", "ano": "2021", "numero": "206", "tipo__sigla": "REQ", "tipo__descricao": "Requerimento", "autoria": "Hermano Fof\u00e3o", "texto_original": "http://sapl.lagoadaprata.mg.leg.br/media/sapl/public/materialegislativa/2021/6886/requerimento_206-2021_-_hermano_-_melhoria_de_vias_20-09.pdf", "ementa": "O Vereador infra-assinado, na forma regimental, requer a Vossa Excel\u00eancia, consultado o Plen\u00e1rio, que seja enviado of\u00edcio ao Chefe do Poder Executivo Municipal, encaminhando o presente Requerimento que solicita ao Secret\u00e1rio de Obras e Urbanismo, Reginaldo Henrique Santos, que informe a esta Casa se h\u00e1 possibilidade da realiza\u00e7\u00e3o de estudo para a viabilidade das seguintes mudan\u00e7as e melhoria de v\u00e1rios pontos das seguintes vias p\u00fablicas no munic\u00edpio: 1 \u2013 Retirada e transfer\u00eancia do redutor de velocidade (quebra-molas) existente na Rua Bom Despacho, no quarteir\u00e3o entre as Av. Get\u00falio Vargas e Alexandre Bernardes Primo, para a mesma rua, por\u00e9m, pr\u00f3ximo \u00e0 esquina da Av. Benedito Valadares, onde est\u00e1 localizada a Escola Estadual Jos\u00e9 Theot\u00f4nio de Castro, onde far\u00e1 mais efeito e obrigar\u00e1 os condutores de ve\u00edculos a pararem ou diminuir a velocidade; 2 - Implanta\u00e7\u00e3o e pintura das faixas de pedestres no piso e esquinas da Rua Bom Despacho e Av. Benedito Valadares."}, {"id": "6887", "ano": "2021", "numero": "207", "tipo__sigla": "REQ", "tipo__descricao": "Requerimento", "autoria": "Cici", "texto_original": "http://sapl.lagoadaprata.mg.leg.br/media/sapl/public/materialegislativa/2021/6887/requerimento_207-2021_-_cici_-_passagem_elevada_de_pedestres_20-09.pdf", "ementa": "O Vereador infra-assinado, na forma regimental e consultado o Plen\u00e1rio, requer a Vossa Excel\u00eancia que seja enviado of\u00edcio ao Chefe do Poder Executivo Municipal encaminhando o presente Requerimento, solicitando ao Secret\u00e1rio Municipal de Administra\u00e7\u00e3o e Governo, Lucas Rafael Gontijo de Melo, e ao Secret\u00e1rio Municipal de Obras e Urbanismo, Reginaldo Henrique Santos, que informem a esta Casa se h\u00e1 possibilidade de se instalar passagem elevada para pedestres, com ondula\u00e7\u00e3o, na Rua Mato Grosso, entre os n\u00fameros 2.164 at\u00e9 2.246, pr\u00f3ximo \u00e0 Igreja de S\u00e3o Sebasti\u00e3o, no bairro Chico Miranda."}, {"id": "6888", "ano": "2021", "numero": "208", "tipo__sigla": "REQ", "tipo__descricao": "Requerimento", "autoria": "Leandro Bibiano", "texto_original": "http://sapl.lagoadaprata.mg.leg.br/media/sapl/public/materialegislativa/2021/6888/requerimento_208-2021_-_leandro_bibiano_-_reforma_da_praca_congadeiros_20-09.pdf", "ementa": "O Vereador infra-assinado, na forma regimental e consultado o Plen\u00e1rio, requer a Vossa Excel\u00eancia que seja enviado Of\u00edcio ao Chefe do Poder Executivo Municipal encaminhando o presente Requerimento, que solicita ao Secret\u00e1rio Municipal de Administra\u00e7\u00e3o e Governo, Sr Lucas Rafael Gontijo de Melo, bem como ao Secret\u00e1rio Municipal de Obras e Urbanismo, Sr Reginaldo Henrique Santos, que informem a esta Casa se h\u00e1 possibilidade de se colocar bancos e ilumina\u00e7\u00e3o adequada na conhecida Pra\u00e7a dos Congadeiros, situada nos trechos das ruas Samuel Bernardes, Jo\u00e3o M\u00e1ximo Barbosa, Eurico dos Santos Ribeiro e Joaquim Gomes Bernardes, no bairro Mar\u00edlia."}, {"id": "6889", "ano": "2021", "numero": "209", "tipo__sigla": "REQ", "tipo__descricao": "Requerimento", "autoria": "Lisa Miranda", "texto_original": "http://sapl.lagoadaprata.mg.leg.br/media/sapl/public/materialegislativa/2021/6889/requerimento_209-2021_-_lisa_miranda_-_bueiros_inteligentes_20-09.pdf", "ementa": "A Vereadora infra-assinada, na forma regimental, requer a Vossa Excel\u00eancia, consultado o Plen\u00e1rio, que seja enviado of\u00edcio ao Chefe do Poder Executivo Municipal, encaminhando o presente Requerimento que solicita ao Secret\u00e1rio Municipal de Meio Ambiente, que informe a esta Casa se h\u00e1 possibilidade de se realizar estudo para implanta\u00e7\u00e3o de bueiros inteligentes, no nosso munic\u00edpio."}, {"id": "6890", "ano": "2021", "numero": "210", "tipo__sigla": "REQ", "tipo__descricao": "Requerimento", "autoria": "Soninha", "texto_original": "http://sapl.lagoadaprata.mg.leg.br/media/sapl/public/materialegislativa/2021/6890/requerimento_210-2021_-_soninha_-_consultas_medicas_pediatrica_20-09.pdf", "ementa": "A Vereadora infra-assinada, na forma regimental, requerer a Vossa Excel\u00eancia, consultado o Plen\u00e1rio, que seja enviado of\u00edcio ao Chefe do Poder Executivo Municipal, encaminhando o presente Requerimento, que solicita \u00e0 Secret\u00e1ria Municipal de Sa\u00fade, Margarete Borges de Lacerda Dias, que informe a esta Casa, se h\u00e1 possibilidade de se aumentar a quantidade de Consultas M\u00e9dicas Pedi\u00e1tricas, aumentando com o n\u00famero de consultas oferecidas \u00e0 pula\u00e7\u00e3o, mesmo mantendo a quantidade de m\u00e9dicos credenciados."}, {"id": "6891", "ano": "2021", "numero": "211", "tipo__sigla": "REQ", "tipo__descricao": "Requerimento", "autoria": "Carol Castro", "texto_original": "http://sapl.lagoadaprata.mg.leg.br/media/sapl/public/materialegislativa/2021/6891/requerimento_211-2021_-_carol_castro_-__reestruturacao_cpd_20-09.pdf", "ementa": "A Vereadora infra-assinada, na forma regimental, requer a Vossa Excel\u00eancia, consultado o Plen\u00e1rio, que seja enviado of\u00edcio ao Chefe do Poder Executivo Municipal, encaminhando o presente Requerimento, que solicita ao Secret\u00e1rio Municipal de Administra\u00e7\u00e3o e Governo, Sr. Lucas Rafael Gontijo de Melo, bem como \u00e0 Secret\u00e1ria Municipal de Fazenda, N\u00edvia Maria de Melo, que informem a esta Casa se h\u00e1 possibilidade de se reestruturar o Centro de Processamento de Dados (CPD) da Administra\u00e7\u00e3o P\u00fablica Municipal, tendo em vista a falta de estrutura f\u00edsica e condi\u00e7\u00f5es de trabalho adequadas para se atender a demanda crescente do Munic\u00edpio."}, {"id": "6892", "ano": "2021", "numero": "212", "tipo__sigla": "REQ", "tipo__descricao": "Requerimento", "autoria": "Sargento Washington", "texto_original": "http://sapl.lagoadaprata.mg.leg.br/media/sapl/public/materialegislativa/2021/6892/requerimento_212-2021_-_sargento_washington_-_direitos_empregados_saude_20-09.pdf", "ementa": "O Vereador infra-assinado, na forma regimental, requer a Vossa Excel\u00eancia, consultado o Plen\u00e1rio, que seja enviado of\u00edcio ao Chefe do Poder Executivo Municipal, encaminhando o presente Requerimento que solicita ao Secret\u00e1rio de Administra\u00e7\u00e3o e Governo, Lucas Rafael Gontijo de Melo, que informe a esta Casa o seguinte a respeito do pagamento de horas extras aos profissionais da Sa\u00fade, bem como da progress\u00e3o horizontal na carreira dos Empregados P\u00fablicos Municipais."}, {"id": "6897", "ano": "2021", "numero": "213", "tipo__sigla": "REQ", "tipo__descricao": "Requerimento", "autoria": "Soninha", "texto_original": "http://sapl.lagoadaprata.mg.leg.br/media/sapl/public/materialegislativa/2021/6897/requerimento_213-2021_-_soninha_-_passagem_elevada_de_pedestres_27-09.pdf", "ementa": "Sra. Presidente,\r\n\t\r\n\tA Vereadora infra-assinada, na forma regimental e consultado o Plen\u00e1rio, requer a Vossa Excel\u00eancia que seja enviado of\u00edcio ao Chefe do Poder Executivo Municipal encaminhando o presente Requerimento, solicitando ao Secret\u00e1rio Municipal de Administra\u00e7\u00e3o e Governo, Lucas Rafael Gontijo de Melo, e ao Secret\u00e1rio Municipal de Obras e Urbanismo, Reginaldo Henrique Santos, que informem a esta Casa se h\u00e1 possibilidade de se instalar passagem elevada para pedestres, com ondula\u00e7\u00e3o, na Rua Pernambuco em frente ao  n\u00famero 1.193, que fica ao lado de uma Igreja Evang\u00e9lica, no bairro Santa Eug\u00eania."}, {"id": "6898", "ano": "2021", "numero": "214", "tipo__sigla": "REQ", "tipo__descricao": "Requerimento", "autoria": "Pavio", "texto_original": "http://sapl.lagoadaprata.mg.leg.br/media/sapl/public/materialegislativa/2021/6898/requerimento_214-2021_-_pavio_-_plano_de_saude_27-09_1.pdf", "ementa": "Sra. Presidente,\r\n\r\n\tO Vereador infra-assinado, na forma regimental e consultado o Plen\u00e1rio, requer a Vossa Excel\u00eancia que seja enviado of\u00edcio ao Chefe do Poder Executivo Municipal encaminhando o presente Requerimento, solicitando ao Secret\u00e1rio de Administra\u00e7\u00e3o e Governo, que informe a esta Casa se h\u00e1 possibilidade de se contratar empresa para fornecimento de Plano de Sa\u00fade para os servidores p\u00fablicos municipais, no mesmo modelo adotado pela C\u00e2mara Municipal em favor de seus servidores."}, {"id": "6899", "ano": "2021", "numero": "215", "tipo__sigla": "REQ", "tipo__descricao": "Requerimento", "autoria": "Carol Castro", "texto_original": "http://sapl.lagoadaprata.mg.leg.br/media/sapl/public/materialegislativa/2021/6899/requerimento_215-2021_-_carol_-_abastecimetno_de_agua_27-09.pdf", "ementa": "A Vereadora infra-assinada, na forma regimental, requer a Vossa Excel\u00eancia, consultado o Plen\u00e1rio, que seja enviado of\u00edcio ao Chefe do Poder Executivo Municipal, encaminhando o presente Requerimento, que solicita ao Secret\u00e1rio Municipal de Administra\u00e7\u00e3o e Governo, Lucas Rafael Gontijo de Melo, bem como ao Secret\u00e1rio de Meio Ambiente, Anderson Rodrigues Andrade, e ao Diretor do Servi\u00e7o Aut\u00f4nomo de \u00c1gua e Esgoto de Lagoa da Pratta - SAAE-LP, Edmilson Jos\u00e9 da Lage, que informem a esta Casa sobre as a\u00e7\u00f5es que est\u00e3o sendo adotadas para minimizar no Munic\u00edpio de Lagoa da Prata, o impacto da crise h\u00eddrica que assola o pa\u00eds, respondendo aos questionamentos abaixo descritos:\r\n\tI -  Existem riscos de racionamento e/ou desabastecimento de \u00e1gua no Munic\u00edpio de Lagoa da Prata?\r\n\tII \u2013 Diante da expans\u00e3o significativa dos bairros nos \u00faltimos anos, existem po\u00e7os artesianos em qualidade e quantidade suficientes para atender a popula\u00e7\u00e3o?\r\n\tIII \u2013 Caso n\u00e3o haja po\u00e7os artesianos suficientes, qual a previs\u00e3o.."}, {"id": "6900", "ano": "2021", "numero": "216", "tipo__sigla": "REQ", "tipo__descricao": "Requerimento", "autoria": "Lisa Miranda", "texto_original": "http://sapl.lagoadaprata.mg.leg.br/media/sapl/public/materialegislativa/2021/6900/requerimento_216-2021_-_lisa_miranda_-_adote_um_atleta_27-09.pdf", "ementa": "Senhora Presidente,\r\n\r\n    \u200b \t\tA Vereadora infra-assinada, na forma regimental, requer a Vossa Excel\u00eancia, consultado o Plen\u00e1rio, que seja enviado of\u00edcio ao Chefe do Poder Executivo Municipal, encaminhando o presente Requerimento, que solicita ao Secret\u00e1rio Municipal de Desportos, Carlos Henrique Xavier, que informe aos Vereadores e \u00e0 popula\u00e7\u00e3o de Lagoa da Prata sobre a possibilidade de se fazer um estudo para a cria\u00e7\u00e3o do Programa Municipal a ser denominado de \u201cAdote um Atleta\u201d na cidade de Lagoa da Prata."}, {"id": "6901", "ano": "2021", "numero": "217", "tipo__sigla": "REQ", "tipo__descricao": "Requerimento", "autoria": "Toninho da Laje", "texto_original": "http://sapl.lagoadaprata.mg.leg.br/media/sapl/public/materialegislativa/2021/6901/requerimento_217-2021_-_toninho_da_laje_-_salva-vidas_na_praia_27-09.pdf", "ementa": "Sra. Presidente,\r\n\r\n    \u200b \tO Vereador infra-assinado, na forma regimental e consultado o Plen\u00e1rio, requer a    Vossa Excel\u00eancia que seja enviado ao Chefe do Poder Executivo Municipal of\u00edcio               encaminhando o presente Requerimento, solicitando ao Secret\u00e1rio de Administra\u00e7\u00e3o e         Governo, Lucas Rafael Gontijo de Melo, bem como ao Secret\u00e1rio de Cultura e Turismo,     Daniel Ribeiro Melo, que informem a esta Casa se h\u00e1 possibilidade de se instalar uma guarita de observa\u00e7\u00e3o para os Salva-vidas na Praia P\u00fablica Municipal, bem como de se renovar os seus equipamentos de trabalho, e aumentar, o mais r\u00e1pido poss\u00edvel, o n\u00famero destes            profissionais no mencionado local."}, {"id": "6914", "ano": "2021", "numero": "218", "tipo__sigla": "REQ", "tipo__descricao": "Requerimento", "autoria": "Lisa Miranda", "texto_original": "http://sapl.lagoadaprata.mg.leg.br/media/sapl/public/materialegislativa/2021/6914/requerimento_218-2021_-_lisa_miranda_-_outubro_rosa_04-10.pdf", "ementa": "Senhora Presidente,\r\n\r\n    \u200b \tA Vereadora infra-assinada, na forma regimental, requer a Vossa Excel\u00eancia, consultado o Plen\u00e1rio, que seja enviado of\u00edcio ao Chefe do Poder Executivo Municipal, encaminhando o presente Requerimento, que solicita \u00e0 Secret\u00e1ria Municipal de Sa\u00fade, que informe aos Vereadores e \u00e0 popula\u00e7\u00e3o de Lagoa da Prata, quais ser\u00e3o as a\u00e7\u00f5es desta Secretaria Municipal referente ao m\u00eas de combate ao C\u00e2ncer de Mama \u201cOutubro Rosa\u201d e a possibilidade de descentraliza\u00e7\u00e3o, levando a todas as Unidades B\u00e1sicas de Sa\u00fade \u2013 UBS - atividades e atendimentos em rela\u00e7\u00e3o \u00e0 preven\u00e7\u00e3o do C\u00e2ncer de Mama."}, {"id": "6915", "ano": "2021", "numero": "219", "tipo__sigla": "REQ", "tipo__descricao": "Requerimento", "autoria": "Soninha", "texto_original": "http://sapl.lagoadaprata.mg.leg.br/media/sapl/public/materialegislativa/2021/6915/requerimento_219-2021_-_soninha_-_aparelho_saude_04-10.pdf", "ementa": "Sra. Presidente,\r\n\r\n\tA Vereadora infra-assinada, na forma regimental e consultado o Plen\u00e1rio, requer a Vossa Excel\u00eancia que se envie of\u00edcio ao Chefe do Poder Executivo Municipal encaminhando o presente Requerimento, que solicita \u00e0 Secret\u00e1ria Municipal de Sa\u00fade, Margarete Borges de Lacerda Dias, que informe a esta Casa se h\u00e1 possibilidade de se adquirir um aparelho para realiza\u00e7\u00e3o de Eletroencefalograma para ser usado na rede p\u00fablica de sa\u00fade."}, {"id": "6916", "ano": "2021", "numero": "220", "tipo__sigla": "REQ", "tipo__descricao": "Requerimento", "autoria": "Carol Castro", "texto_original": "http://sapl.lagoadaprata.mg.leg.br/media/sapl/public/materialegislativa/2021/6916/requerimento_220-2021_-_carol_-_campanha_doacao_ir_04-10.pdf", "ementa": "Sra. Presidente,\r\n\r\n\tA Vereadora infra-assinada, na forma regimental, requer a Vossa Excel\u00eancia, consultado o Plen\u00e1rio, que seja enviado of\u00edcio ao Chefe do Poder Executivo Municipal, encaminhando o presente Requerimento, que solicita ao Secret\u00e1rio Municipal de Administra\u00e7\u00e3o e Governo, Lucas Rafael Gontijo de Melo, bem como \u00e0 Secret\u00e1ria Municipal de Assist\u00eancia Social, Amanda Talita Luiz Lopes, que informem a esta Casa sobre a possibilidade de se realizar, junto aos servidores p\u00fablicos municipais, Campanha Educativa de Conscientiza\u00e7\u00e3o sobre a import\u00e2ncia da doa\u00e7\u00e3o de parte do Imposto de Renda aos projetos sociais do Munic\u00edpio, uma vez que a pessoa f\u00edsica que faz a declara\u00e7\u00e3o completa pode destinar at\u00e9 6 % do valor devido aos Fundos Municipais, que posteriormente, ser\u00e1 repassado \u00e0s entidades locais."}, {"id": "6927", "ano": "2021", "numero": "221", "tipo__sigla": "REQ", "tipo__descricao": "Requerimento", "autoria": "Leandro Bibiano", "texto_original": "http://sapl.lagoadaprata.mg.leg.br/media/sapl/public/materialegislativa/2021/6927/requerimento_221-2021_-_leandro_bibiano_-_rotatoria_11-10.pdf", "ementa": "Sra. Presidente,\r\n\r\n\tO Vereador infra-assinado, na forma regimental, requer a Vossa Excel\u00eancia, consultado o Plen\u00e1rio, que seja enviado of\u00edcio ao Chefe do Poder Executivo Municipal, encaminhando o presente Requerimento que solicita ao Ilustre Secret\u00e1rio de Administra\u00e7\u00e3o e Governo, Lucas Rafael Gontijo de Melo, bem como ao Ilustre Secret\u00e1rio de Obras e Urbanismo, Reginaldo Henrique Santos, que informem a esta Casa se h\u00e1 possibilidade de se colocar uma rotat\u00f3ria na Rua Amazonas, no cruzamento com a Rua Geraldo In\u00e1cio da Fonseca, no Bairro Mar\u00edlia, nesta cidade."}, {"id": "6928", "ano": "2021", "numero": "222", "tipo__sigla": "REQ", "tipo__descricao": "Requerimento", "autoria": "Carol Castro, Cici, Hermano Fof\u00e3o, Leandro Bibiano, Lisa Miranda, Pavio, Sargento Washington, Soninha, Toninho da Laje", "texto_original": "http://sapl.lagoadaprata.mg.leg.br/media/sapl/public/materialegislativa/2021/6928/requerimento_222-2021_-_todos_vereadores_-_remocao_de_quebra_molas_11-10.pdf", "ementa": "Sra. Presidente,\r\n\r\n    \u200b \tOs Vereadores infra-assinados, na forma regimental e consultado o Plen\u00e1rio, requerem a Vossa Excel\u00eancia que seja enviado ao Chefe do Poder Executivo Municipal of\u00edcio             encaminhando o presente Requerimento, solicitando ao Secret\u00e1rio de Obras e Urbanismo, Sr. Reginaldo Henrique Santos, que informe a esta Casa se h\u00e1 possibilidade de se fazer a remo\u00e7\u00e3o de redutor de velocidade, tipo lombada, que fica na Rua Ant\u00f4nio Corn\u00e9lio de Oliveira, no Bairro Monsenhor Alfredo Dohr, nesta cidade."}, {"id": "6929", "ano": "2021", "numero": "223", "tipo__sigla": "REQ", "tipo__descricao": "Requerimento", "autoria": "Sargento Washington", "texto_original": "http://sapl.lagoadaprata.mg.leg.br/media/sapl/public/materialegislativa/2021/6929/requerimento_223-2021_-_sargento_washington_-_acessibilidade_11-10.pdf", "ementa": "Sra. Presidente,\r\n\r\n\tO Vereador infra-assinado, na forma regimental, requer a Vossa Excel\u00eancia, consultado o Plen\u00e1rio, que seja enviado of\u00edcio ao Chefe do Poder Executivo Municipal, encaminhando o presente Requerimento que solicita ao Secret\u00e1rio de Administra\u00e7\u00e3o e Governo, Lucas Rafael Gontijo de Melo e ao Secret\u00e1rio Municipal de Obras e Urbanismo, Reginaldo Henrique Santos, que informem a esta Casa se h\u00e1 previs\u00e3o para a execu\u00e7\u00e3o de obras e interven\u00e7\u00f5es visando cumprir a Lei da Acessibilidade no Munic\u00edpio, como por exemplo, a constru\u00e7\u00e3o, amplia\u00e7\u00e3o e adequa\u00e7\u00e3o de rampas, corrim\u00f5es, \u00e1reas de estacionamento, com as devidas placas de sinaliza\u00e7\u00e3o, em todos os pr\u00e9dios escolares e reparti\u00e7\u00f5es p\u00fablicas municipais, visando o acesso facilitado das pessoas portadoras de defici\u00eancia ou com mobilidade reduzida, de acordo com o estabelecido na Lei Municipal n\u00ba 1.089/2003, bem como a Legisla\u00e7\u00e3o Nacional e Estadual a respeito."}, {"id": "6930", "ano": "2021", "numero": "224", "tipo__sigla": "REQ", "tipo__descricao": "Requerimento", "autoria": "Soninha", "texto_original": "http://sapl.lagoadaprata.mg.leg.br/media/sapl/public/materialegislativa/2021/6930/requerimento_224-2021_-_soninha_-_hidroginastica_11-10.pdf", "ementa": "Sra. Presidente,\r\n\r\n\tA Vereadora infra-assinada, na forma regimental e consultado o Plen\u00e1rio, requer a Vossa Excel\u00eancia que se envie of\u00edcio ao Chefe do Poder Executivo Municipal encaminhando o presente Requerimento, que solicita ao Secret\u00e1rio Municipal de Desportos, que informe a esta Casa se h\u00e1 possibilidade de se realizar campanha informativa para a popula\u00e7\u00e3o, sobre as aulas de hidrogin\u00e1stica que s\u00e3o oferecidas na Pra\u00e7a de Esportes Municipal para Terceira Idade e se tamb\u00e9m s\u00e3o abertas \u00e0 popula\u00e7\u00e3o que tem encaminhamento m\u00e9dico para este tipo de tratamento de sa\u00fade."}, {"id": "6931", "ano": "2021", "numero": "225", "tipo__sigla": "REQ", "tipo__descricao": "Requerimento", "autoria": "Carol Castro", "texto_original": "http://sapl.lagoadaprata.mg.leg.br/media/sapl/public/materialegislativa/2021/6931/requerimento_225-2021_-_carol_-_reflorestamento_margem_dos_corregos_11-10.pdf", "ementa": "Sra. Presidente,\r\n\r\n\tA Vereadora infra-assinada, na forma regimental, requer a Vossa Excel\u00eancia, consultado o Plen\u00e1rio, que seja enviado of\u00edcio ao Chefe do Poder Executivo Municipal, encaminhando o presente Requerimento, que solicita ao Secret\u00e1rio Municipal de Administra\u00e7\u00e3o e Governo, Lucas Rafael Gontijo de Melo, bem como ao Secret\u00e1rio Municipal de Meio Ambiente, Anderson Rodrigues Andrade, que informem a esta Casa se h\u00e1 possibilidade de se realizar um estudo pr\u00e9vio sobre a execu\u00e7\u00e3o de projeto de reflorestamento, com plantio de vegeta\u00e7\u00e3o ciliar, \u00e0s margens dos c\u00f3rregos Chico Silveira e Chico Messias, que est\u00e3o recebendo servi\u00e7o de limpeza urbana pela Administra\u00e7\u00e3o P\u00fablica Municipal."}, {"id": "6932", "ano": "2021", "numero": "226", "tipo__sigla": "REQ", "tipo__descricao": "Requerimento", "autoria": "Lisa Miranda", "texto_original": "http://sapl.lagoadaprata.mg.leg.br/media/sapl/public/materialegislativa/2021/6932/requerimento_226-2021_-_lisa_-_cursos_profissionalizantes_11-10.pdf", "ementa": "Sra. Presidente,\r\n\r\n\tA Vereadora infra-assinada, na forma regimental e consultado o Plen\u00e1rio, requer a Vossa Excel\u00eancia que se envie of\u00edcio ao Chefe do Poder Executivo Municipal encaminhando o presente Requerimento, que solicita ao Secret\u00e1rio de Desenvolvimento Econ\u00f4mico, Rog\u00e9rio C\u00e9sar Corgosinho, e ao Secret\u00e1rio de Administra\u00e7\u00e3o e Governo, Lucas Rafael Gontijo de Melo, que informem a esta Casa, se h\u00e1 possibilidade da contrata\u00e7\u00e3o e disponibiliza\u00e7\u00e3o de Cursos T\u00e9cnicos Profissionalizantes focados nas \u00e1reas com mais oportunidades de trabalho em nosso Munic\u00edpio, como aquelas ligadas \u00e0 presta\u00e7\u00e3o de servi\u00e7os em geral, capacitando os nossos jovens e outros interessados na busca pelo primeiro emprego e otimizando a qualidade dos servi\u00e7os dos que j\u00e1 est\u00e3o no mercado de trabalho."}, {"id": "6933", "ano": "2021", "numero": "227", "tipo__sigla": "REQ", "tipo__descricao": "Requerimento", "autoria": "Cici", "texto_original": "http://sapl.lagoadaprata.mg.leg.br/media/sapl/public/materialegislativa/2021/6933/requerimento_227-2021_-_cici_-_extensao_projeto_as_comunidades_terapeuticas_11-10.pdf", "ementa": "Sra. Presidente,\r\n\r\n\tO Vereador infra-assinado, na forma regimental e consultado o Plen\u00e1rio, requer a Vossa Excel\u00eancia que se envie of\u00edcio ao Chefe do Poder Executivo Municipal encaminhando o presente Requerimento que solicita \u00e0 Secret\u00e1ria Municipal de Assist\u00eancia Social, que informe aos Vereadores e \u00e0 popula\u00e7\u00e3o de Lagoa da Prata, se h\u00e1 possibilidade de se realizar estudo junto \u00e0 Procuradoria-Geral do Executivo Municipal, em busca de meios legais que possibilitem a extens\u00e3o do Projeto \u201cFazer Valer a Pena\u201d, que ser\u00e1 executado na APAC, \u00e0s Comunidades Terap\u00eauticas, tamb\u00e9m denominadas de \u201cFazendas ou Cl\u00ednicas de Recupera\u00e7\u00e3o\u201d, que atendem no Munic\u00edpio."}, {"id": "6944", "ano": "2021", "numero": "228", "tipo__sigla": "REQ", "tipo__descricao": "Requerimento", "autoria": "Toninho da Laje", "texto_original": "http://sapl.lagoadaprata.mg.leg.br/media/sapl/public/materialegislativa/2021/6944/requerimento_228-2021_-_toninho_da_laje_-_caminhao_desentupidor_saae-lp_18-10.pdf", "ementa": "O Vereador infra-assinado, na forma regimental e consultado o Plen\u00e1rio, requer a Vossa Excel\u00eancia que seja enviado of\u00edcio ao Diretor do Servi\u00e7o Aut\u00f4nomo de \u00c1gua e Esgoto de Lagoa da Prata \u2013 SAAE-LP, Edmilson Jos\u00e9 da Lage, solicitando que ele informe a esta Casa se h\u00e1 possibilidade da Autarquia Municipal adquirir um caminh\u00e3o desentupidor de rede de esgoto."}, {"id": "6945", "ano": "2021", "numero": "229", "tipo__sigla": "REQ", "tipo__descricao": "Requerimento", "autoria": "Carol Castro", "texto_original": "http://sapl.lagoadaprata.mg.leg.br/media/sapl/public/materialegislativa/2021/6945/requerimento_229-2021_-_carol_-_audiencia_publica_acessibilidade_18-10.pdf", "ementa": "A Vereadora infra-assinada, na forma regimental, requer a Vossa Excel\u00eancia, ouvido o Plen\u00e1rio, que seja determinada a realiza\u00e7\u00e3o de uma Audi\u00eancia P\u00fablica sobre Acessibilidade, para debater sobre as medidas e instrumentos necess\u00e1rios para garantir o cumprimento das Leis de acessibilidade vigentes, em especial a Lei Brasileira de Inclus\u00e3o da Pessoa com Defici\u00eancia (Lei Nacional n\u00ba 13.146/2015), que imp\u00f4s novas compet\u00eancias, em mat\u00e9ria de acessibilidade, \u00e0 Uni\u00e3o, aos Estados, ao Distrito Federal e aos Munic\u00edpios, a se realizar no m\u00eas de outubro do corrente ano, com transmiss\u00e3o por meio do r\u00e1dio e da p\u00e1gina da C\u00e2mara Municipal no Facebook e no YouTube.\r\nProponho que sejam convidados o Prefeito Municipal, a Promotora de Justi\u00e7a desta Comarca, o Procurador-Geral do Munic\u00edpio, Comandante da Guarda Civil Municipal, o Comandante da Pol\u00edcia Militar, Presidente da Associa\u00e7\u00e3o Comercial e Empresarial ACE/CDL, os Secret\u00e1rios Municipais das Pol\u00edticas P\u00fablicas de Sa\u00fade, Educa\u00e7\u00e3o, Assist\u00eancia Social..."}, {"id": "6946", "ano": "2021", "numero": "230", "tipo__sigla": "REQ", "tipo__descricao": "Requerimento", "autoria": "Lisa Miranda", "texto_original": "http://sapl.lagoadaprata.mg.leg.br/media/sapl/public/materialegislativa/2021/6946/requerimento_230-2021_-_lisa_miranda_-_pavimentacao_asfaltica_18-10.pdf", "ementa": "Sra. Presidente,\r\n\r\n\tA Vereadora infra-assinada, na forma regimental, requer a Vossa Excel\u00eancia, consultado o Plen\u00e1rio, que seja enviado of\u00edcio ao Chefe do Poder Executivo Municipal, encaminhando o presente Requerimento que solicita ao Secret\u00e1rio de Administra\u00e7\u00e3o e Governo, Lucas Rafael Gontijo de Melo, bem como ao Secret\u00e1rio de Obras e Urbanismo, Reginaldo Henrique Santos, que informem a esta Casa se h\u00e1 possibilidade de se realizar a pavimenta\u00e7\u00e3o asf\u00e1ltica na Rua Rio Grande do Sul, desde seu in\u00edcio at\u00e9 a MG-170."}, {"id": "6947", "ano": "2021", "numero": "231", "tipo__sigla": "REQ", "tipo__descricao": "Requerimento", "autoria": "Leandro Bibiano", "texto_original": "http://sapl.lagoadaprata.mg.leg.br/media/sapl/public/materialegislativa/2021/6947/requerimento_231-2021_-_leandro_bibiano_-_bueiros_rua_maranhao_e_piaui_18-10.pdf", "ementa": "Sra. Presidente,\r\n\r\n\tO Vereador infra-assinado, na forma regimental, requer a Vossa Excel\u00eancia, consultado o Plen\u00e1rio, que seja enviado of\u00edcio ao Chefe do Poder Executivo Municipal, encaminhando o presente Requerimento que solicita ao Ilustre Secret\u00e1rio de Administra\u00e7\u00e3o e Governo, Lucas Rafael Gontijo de Melo, bem como ao Ilustre Secret\u00e1rio de Obras e Urbanismo, Reginaldo Henrique Santos, que informem a esta Casa se h\u00e1 possibilidade de se  reformar os bueiros na Rua Maranh\u00e3o, pr\u00f3ximo \u00e0 esquina com a Av. Brasil, e da Rua Piau\u00ed, que fica na esquina da Vila Vicentina, no Bairro Santa Helena, nesta cidade."}, {"id": "6948", "ano": "2021", "numero": "232", "tipo__sigla": "REQ", "tipo__descricao": "Requerimento", "autoria": "Soninha", "texto_original": "http://sapl.lagoadaprata.mg.leg.br/media/sapl/public/materialegislativa/2021/6948/requerimento_232-2021_-_soninha_-_terminar_asfaltar_rua_daniel_ferreira_da_rocha_18-10.pdf", "ementa": "Sra. Presidente,\r\n\r\n    \u200b \tA Vereadora infra-assinada, na forma regimental e consultado o Plen\u00e1rio, requer a   Vossa Excel\u00eancia que seja enviado of\u00edcio ao Chefe do Poder Executivo Municipal,               encaminhando o presente Requerimento, solicitando ao Secret\u00e1rio Municipal de                  Administra\u00e7\u00e3o e Governo, Lucas Rafael Gontijo de Melo, e ao Secret\u00e1rio de Obras e            Urbanismo, Reginaldo Henrique Santos, que informem a esta Casa, se h\u00e1 possibilidade de    se finalizar a pavimenta\u00e7\u00e3o asf\u00e1ltica na Rua Daniel Ferreira da Rocha, no Bairro Gomes, no pequeno trecho em que a via ainda n\u00e3o est\u00e1 pavimentada.\r\n    \u200b"}, {"id": "6949", "ano": "2021", "numero": "233", "tipo__sigla": "REQ", "tipo__descricao": "Requerimento", "autoria": "Sargento Washington", "texto_original": "http://sapl.lagoadaprata.mg.leg.br/media/sapl/public/materialegislativa/2021/6949/requerimento_233-2021_-_sargento_washington_-_volta_do_camara_mirim_18-10.pdf", "ementa": "Sra. Presidente,\r\n\r\n\tO Vereador infra-assinado, na forma regimental, requer a Vossa Excel\u00eancia, consultado o Plen\u00e1rio, que informe aos demais colegas, bem como \u00e0 popula\u00e7\u00e3o, em especial aos estudantes do 6\u00ba ao 9\u00ba ano do Ensino Fundamental e da Associa\u00e7\u00e3o de Pais e Amigos dos Excepcionais de Lagoa da Prata \u2013 APAE-LP, se h\u00e1 previs\u00e3o para o retorno das atividades do Programa C\u00e2mara Mirim, nesta Casa Legislativa."}, {"id": "6950", "ano": "2021", "numero": "234", "tipo__sigla": "REQ", "tipo__descricao": "Requerimento", "autoria": "Soninha", "texto_original": "http://sapl.lagoadaprata.mg.leg.br/media/sapl/public/materialegislativa/2021/6950/requerimento_234-2021_-_soninha_-_aparelho_de_ultrassonografia_25-10.pdf", "ementa": "Sra. Presidente,\r\n\r\n\tA Vereadora infra-assinada, na forma regimental e consultado o Plen\u00e1rio, requer a Vossa Excel\u00eancia que se envie of\u00edcio ao Chefe do Poder Executivo Municipal encaminhando o presente Requerimento, que solicita \u00e0 Secret\u00e1ria Municipal de Sa\u00fade, Margarete Borges de Lacerda Dias, que informe a esta Casa se h\u00e1 possibilidade de se adquirir um aparelho de ultrassonografia para ser utilizado na Unidade de Pronto Atendimento \u2013 UPA - no Munic\u00edpio de Lagoa da Prata."}, {"id": "6951", "ano": "2021", "numero": "235", "tipo__sigla": "REQ", "tipo__descricao": "Requerimento", "autoria": "Lisa Miranda", "texto_original": "http://sapl.lagoadaprata.mg.leg.br/media/sapl/public/materialegislativa/2021/6951/requerimento_235-2021_-_lisa_-_hortas_e_jardim_nas_escolas_25-10.pdf", "ementa": "Sra. Presidente,\r\n\r\n    \u200b \tA Vereadora infra-assinada, na forma regimental e consultado o Plen\u00e1rio, requer a Vossa  Excel\u00eancia que seja enviado ao Chefe do Poder Executivo Municipal of\u00edcio encaminhando o       presente Requerimento, que solicita \u00e0 Secret\u00e1ria de Educa\u00e7\u00e3o, Sra. Adriana Aparecida Ferreira, que informe a esta Casa, se h\u00e1 possibilidade de se introduzir na grade curricular das Escolas Municipais uma mat\u00e9ria cobre o cultivo de hortas e jardinagem nas Escolas Municipais."}, {"id": "6952", "ano": "2021", "numero": "236", "tipo__sigla": "REQ", "tipo__descricao": "Requerimento", "autoria": "Leandro Bibiano", "texto_original": "http://sapl.lagoadaprata.mg.leg.br/media/sapl/public/materialegislativa/2021/6952/requerimento_236-2021_-_leandro_bibiano_-_reforma_da_estrada_vicinal_25-10.pdf", "ementa": "Sr. Presidente,\r\n\r\n\tO Vereador infra-assinado, na forma regimental, requer a Vossa Excel\u00eancia, consultado o Plen\u00e1rio, que seja enviado of\u00edcio ao Chefe do Poder Executivo Municipal encaminhando o presente Requerimento, que solicita ao Secret\u00e1rio de Obras e Urbanismo, Sr. Reginaldo Henrique dos Santos, que informe a esta Casa se h\u00e1 possibilidade de se patrolar e cascalhar a estrada vicinal que d\u00e1 acesso ao \u201cChacreamento Jos\u00e9 Pequeno\u201d (Lagoa Feia)."}, {"id": "6953", "ano": "2021", "numero": "237", "tipo__sigla": "REQ", "tipo__descricao": "Requerimento", "autoria": "Toninho da Laje", "texto_original": "http://sapl.lagoadaprata.mg.leg.br/media/sapl/public/materialegislativa/2021/6953/requerimento_237-2021_-_toninho_da_laje_-_pavimentacao_asfaltica_25-10.pdf", "ementa": "Sra. Presidente,\r\n\r\n\tO Vereador infra-assinado, na forma regimental e consultado o Plen\u00e1rio, requer a Vossa Excel\u00eancia que seja enviado of\u00edcio ao Chefe do Poder Executivo Municipal,               encaminhando o presente Requerimento, solicitando ao Secret\u00e1rio Municipal de                  Administra\u00e7\u00e3o e Governo, Lucas Rafael Gontijo de Melo, e ao Secret\u00e1rio de Obras e            Urbanismo, Reginaldo Henrique Santos, que informem a esta Casa, se h\u00e1 previs\u00e3o de finaliza\u00e7\u00e3o da pavimenta\u00e7\u00e3o asf\u00e1ltica nos tr\u00eas \u00faltimos quarteir\u00f5es da Av. Dona Rosa Maciel e Av. Dona Maria Rita, no bairro Chico Miranda."}, {"id": "6954", "ano": "2021", "numero": "238", "tipo__sigla": "REQ", "tipo__descricao": "Requerimento", "autoria": "Cici", "texto_original": "http://sapl.lagoadaprata.mg.leg.br/media/sapl/public/materialegislativa/2021/6954/requerimento_238-2021_-_cici_-_convoca_diretor_do_saae-lp_25-10.pdf", "ementa": "Sra. Presidente,\r\n\r\n\tO Vereador infra-assinado, na forma regimental e consultado o Plen\u00e1rio, requer a Vossa Excel\u00eancia que se envie of\u00edcio ao Diretor do Servi\u00e7o Aut\u00f4nomo de \u00c1gua e Esgoto de Lagoa da Prata \u2013 SAAE-LP, Edmilson Jos\u00e9 da Lage, convocando-o a comparecer a esta Casa, no prazo regimental e nos termos da Lei Org\u00e2nica do Munic\u00edpio, acompanhado do Contador da Autarquia Municipal, bem como de outros profissionais que entender pertinentes, para que possam prestar contas a esta Casa Legislativa e \u00e0 popula\u00e7\u00e3o a respeito das atividades exercidas, projetos a serem implementados e, principalmente, sobre a situa\u00e7\u00e3o financeira do SAAE-LP."}, {"id": "6960", "ano": "2021", "numero": "239", "tipo__sigla": "REQ", "tipo__descricao": "Requerimento", "autoria": "Soninha", "texto_original": "http://sapl.lagoadaprata.mg.leg.br/media/sapl/public/materialegislativa/2021/6960/requerimento_239-2021_-_soninha_-_passagem_elevada_de_pedestres_01-11.pdf", "ementa": "A Vereadora infra-assinada, na forma regimental e consultado o Plen\u00e1rio, requer a Vossa Excel\u00eancia que seja enviado of\u00edcio ao Chefe do Poder Executivo Municipal encaminhando o presente Requerimento, solicitando ao Secret\u00e1rio Municipal de Administra\u00e7\u00e3o e Governo, Lucas Rafael Gontijo de Melo, e ao Secret\u00e1rio Municipal de Obras e Urbanismo, Reginaldo Henrique Santos, que informem a esta Casa se h\u00e1 possibilidade de se instalar passagem elevada para pedestres, com ondula\u00e7\u00e3o, na Rua Joaquim Gomes Pereira, em frente a Prefeitura Municipal, no Centro."}, {"id": "6961", "ano": "2021", "numero": "240", "tipo__sigla": "REQ", "tipo__descricao": "Requerimento", "autoria": "Pavio", "texto_original": "http://sapl.lagoadaprata.mg.leg.br/media/sapl/public/materialegislativa/2021/6961/requerimento_240-2021_-_pavio_-_praca_de_eventos_01-11.pdf", "ementa": "Sra. Presidente,\r\n\r\n\tO Vereador infra-assinado, na forma regimental e consultado o Plen\u00e1rio, requer a Vossa Excel\u00eancia que seja enviado of\u00edcio ao Chefe do Poder Executivo Municipal encaminhando o presente Requerimento, solicitando ao Secret\u00e1rio de Obras e Urbanismo,  Reginaldo Henrique dos Santos, que informe a esta Casa se h\u00e1 possibilidade de uma urgente manuten\u00e7\u00e3o nas redes el\u00e9tricas da Pra\u00e7a de Eventos."}, {"id": "6962", "ano": "2021", "numero": "241", "tipo__sigla": "REQ", "tipo__descricao": "Requerimento", "autoria": "Lisa Miranda", "texto_original": "http://sapl.lagoadaprata.mg.leg.br/media/sapl/public/materialegislativa/2021/6962/requerimento_241-2021_-_lisa_-_aparelho_de_mamografia_01-11.pdf", "ementa": "Sra. Presidente,\r\n\r\n\tA Vereadora infra-assinada, na forma regimental e consultado o Plen\u00e1rio, requer a Vossa Excel\u00eancia que se envie of\u00edcio ao Chefe do Poder Executivo Municipal encaminhando o presente Requerimento, que solicita \u00e0 Secret\u00e1ria Municipal de Sa\u00fade, Margarete Borges de Lacerda Dias, que informe a esta Casa se h\u00e1 possibilidade de se adquirir um aparelho de Mamografia Digital para uso no sistema de sa\u00fade do Munic\u00edpio de Lagoa da Prata."}, {"id": "6963", "ano": "2021", "numero": "242", "tipo__sigla": "REQ", "tipo__descricao": "Requerimento", "autoria": "Carol Castro", "texto_original": "http://sapl.lagoadaprata.mg.leg.br/media/sapl/public/materialegislativa/2021/6963/requerimento_242_-_2021_carol_-fundeb.pdf", "ementa": "Sra. Presidente,\r\n\r\n\tA Vereadora infra-assinada, na forma regimental, requer a Vossa Excel\u00eancia, consultado o Plen\u00e1rio, que seja enviado of\u00edcio ao Chefe do Poder Executivo Municipal, encaminhando o presente Requerimento, que solicita ao Procurador-Geral do Munic\u00edpio, bem como ao Secret\u00e1rio Municipal de Administra\u00e7\u00e3o e Governo, Sr. Lucas Rafael Gontijo de Melo, bem como \u00e0 Secret\u00e1ria Municipal de Educa\u00e7\u00e3o, Adriana Aparecida Ferreira, que informem a esta Casa, em que fase de tramita\u00e7\u00e3o se encontra o Processo Judicial referente aos repasses do antigo FUNDEF e atual FUNDEB, em que o Munic\u00edpio \u00e9 parte, considerando a decis\u00e3o do STF e a tramita\u00e7\u00e3o de Projeto de Lei na C\u00e2mara dos Deputados sobre esta mat\u00e9ria. \r\n\r\n\tQue se poss\u00edvel, possam responder os questionamentos abaixo descritos, sobre a proposta aprovada pela Comiss\u00e3o de Educa\u00e7\u00e3o da C\u00e2mara dos Deputados, que destina precat\u00f3rios do Fundef e do Fundeb, para o sal\u00e1rio dos professores, estabelecendo que os Estados e Munic\u00edpios definir\u00e3o..."}, {"id": "6964", "ano": "2021", "numero": "243", "tipo__sigla": "REQ", "tipo__descricao": "Requerimento", "autoria": "Leandro Bibiano", "texto_original": "http://sapl.lagoadaprata.mg.leg.br/media/sapl/public/materialegislativa/2021/6964/requerimento_243-2021_-_leandro_bibiano_-_tapa-buracos__08-11.pdf", "ementa": "Sra. Presidente,\r\n\r\n\tO Vereador infra-assinado, na forma regimental, requer a Vossa Excel\u00eancia, consultado o Plen\u00e1rio, que seja enviado of\u00edcio ao Chefe do Poder Executivo Municipal, encaminhando o presente Requerimento que solicita ao Secret\u00e1rio de Administra\u00e7\u00e3o e Governo, Lucas Rafael Gontijo de Melo, bem como ao Secret\u00e1rio de Obras e Urbanismo, Reginaldo Henrique Santos, que informem a esta Casa se h\u00e1 possibilidade de se realizar servi\u00e7o de tapa-buracos na Av. Get\u00falio Vargas, em frente \u00e0 resid\u00eancia de n\u00ba 1.164, no Centro, nesta cidade."}, {"id": "6965", "ano": "2021", "numero": "244", "tipo__sigla": "REQ", "tipo__descricao": "Requerimento", "autoria": "Soninha", "texto_original": "http://sapl.lagoadaprata.mg.leg.br/media/sapl/public/materialegislativa/2021/6965/requerimento_244-2021_-_soninha_-_sede_guarda_civil_municipal_08-11.pdf", "ementa": "Sra. Presidente,\r\n\t\r\n\tA Vereadora infra-assinada, na forma regimental e consultado o Plen\u00e1rio, requer a Vossa Excel\u00eancia que seja enviado of\u00edcio ao Chefe do Poder Executivo Municipal encaminhando o presente Requerimento, solicitando ao Secret\u00e1rio Municipal de Administra\u00e7\u00e3o e Governo, Lucas Rafael Gontijo de Melo, e ao Secret\u00e1rio Municipal de Obras e Urbanismo, Reginaldo Henrique Santos, que informem a esta Casa se h\u00e1 um estudo ou projeto para a constru\u00e7\u00e3o de uma sede pr\u00f3pria para a Guarda Civil Municipal."}, {"id": "6966", "ano": "2021", "numero": "245", "tipo__sigla": "REQ", "tipo__descricao": "Requerimento", "autoria": "Pavio", "texto_original": "http://sapl.lagoadaprata.mg.leg.br/media/sapl/public/materialegislativa/2021/6966/requerimento_245-2021_-_pavio_-_reuniao_com_contadores_08-11.pdf", "ementa": "Sra. Presidente,\r\n\r\n\tO Vereador infra-assinado, na forma regimental e consultado o Plen\u00e1rio, requer a Vossa Excel\u00eancia que seja enviado of\u00edcio ao Chefe do Poder Executivo Municipal encaminhando o presente Requerimento, solicitando ao Secret\u00e1rio de Administra\u00e7\u00e3o e Governo, que informe a esta Casa se h\u00e1 possibilidade de se agendar uma reuni\u00e3o com a participa\u00e7\u00e3o de Contadores que prestam servi\u00e7o \u00e0s entidades beneficentes situadas no Munic\u00edpio, representantes destas, representantes do Cart\u00f3rio de Registro Civil das Pessoas Jur\u00eddicas e servidores do Executivo, visando facilitar o trabalho das entidades beneficentes na busca pela capta\u00e7\u00e3o e aplica\u00e7\u00e3o de recursos p\u00fablicos, em especial quanto \u00e0 organiza\u00e7\u00e3o e regulariza\u00e7\u00e3o da documenta\u00e7\u00e3o das Organiza\u00e7\u00f5es da Sociedade Civil."}, {"id": "6967", "ano": "2021", "numero": "246", "tipo__sigla": "REQ", "tipo__descricao": "Requerimento", "autoria": "Hermano Fof\u00e3o", "texto_original": "http://sapl.lagoadaprata.mg.leg.br/media/sapl/public/materialegislativa/2021/6967/requerimento_246-2021_-_hermano_-_redutores_de_velocidade_-_abaixo-assinado_08-11.pdf", "ementa": "Sra. Presidente,\r\n\t\r\n\tO Vereador infra-assinado, na forma regimental e consultado o Plen\u00e1rio, requer a Vossa Excel\u00eancia que seja enviado of\u00edcio ao Chefe do Poder Executivo Municipal encaminhando o presente Requerimento, solicitando ao Secret\u00e1rio Municipal de Administra\u00e7\u00e3o e Governo, Lucas Rafael Gontijo de Melo, ao Secret\u00e1rio Municipal de Obras e Urbanismo, Reginaldo Henrique Santos, e ao Secret\u00e1rio de Transportes e Limpeza P\u00fablica, Ivanir J\u00fanior Rezende Trindade, que informem a esta Casa se h\u00e1 possibilidade de se analisar a viabilidade de se colocar redutores de velocidade, na forma de lombada (quebra-molas), nos seguintes endere\u00e7os: um na Rua M\u00e1rio Mendes, antes de seu cruzamento com a Rua Pernambuco, no sentido bairro/centro; e outro na Rua Para\u00edba, logo ap\u00f3s o seu cruzamento com a Av. Jos\u00e9 Bernardes Maciel, no sentido centro/bairro, nesta cidade."}, {"id": "6979", "ano": "2021", "numero": "247", "tipo__sigla": "REQ", "tipo__descricao": "Requerimento", "autoria": "Pavio", "texto_original": "http://sapl.lagoadaprata.mg.leg.br/media/sapl/public/materialegislativa/2021/6979/requerimento_247-2021_-_pavio_-_pavimentacao_asfaltica_16-11.pdf", "ementa": "Sra. Presidente,\r\n\r\n\tO Vereador infra-assinado, na forma regimental, requer a Vossa Excel\u00eancia, consultado o Plen\u00e1rio, que seja enviado of\u00edcio ao Chefe do Poder Executivo Municipal, encaminhando o presente Requerimento que solicita ao Secret\u00e1rio de Administra\u00e7\u00e3o e Governo, Lucas Rafael Gontijo de Melo, bem como ao Secret\u00e1rio de Obras e Urbanismo, Reginaldo Henrique Santos, que informem a esta Casa se h\u00e1 possibilidade de se realizar a conclus\u00e3o da pavimenta\u00e7\u00e3o asf\u00e1ltica da Rua Modesto Gomes at\u00e9 a Av. Isabel de Castro, dando continuidade pela Rua Raul Gomes Bernardes at\u00e9 a Rua Bahia, sendo tr\u00eas quarteir\u00f5es, nesta cidade."}, {"id": "6980", "ano": "2021", "numero": "248", "tipo__sigla": "REQ", "tipo__descricao": "Requerimento", "autoria": "Leandro Bibiano", "texto_original": "http://sapl.lagoadaprata.mg.leg.br/media/sapl/public/materialegislativa/2021/6980/requerimento_248-2021_-_leandro_bibiano_-_bueiro_rua_coronel_amancio_bernardes_16-11.pdf", "ementa": "Sra. Presidente,\r\n\r\n\tO Vereador infra-assinado, na forma regimental, requer a Vossa Excel\u00eancia, consultado o Plen\u00e1rio, que seja enviado of\u00edcio ao Chefe do Poder Executivo Municipal, encaminhando o presente Requerimento que solicita ao Secret\u00e1rio de Administra\u00e7\u00e3o e Governo, Lucas Rafael Gontijo de Melo, bem como ao Secret\u00e1rio de Obras e Urbanismo, Reginaldo Henrique Santos, que informem a esta Casa se h\u00e1 possibilidade de se implantar uma prote\u00e7\u00e3o, com grade de ferro, no bueiro de capta\u00e7\u00e3o pluvial situado na Rua Coronel Am\u00e2ncio Bernardes, pr\u00f3ximo ao n\u00famero 560, no Bairro Santa Helena, nesta cidade."}, {"id": "6981", "ano": "2021", "numero": "249", "tipo__sigla": "REQ", "tipo__descricao": "Requerimento", "autoria": "Lisa Miranda", "texto_original": "http://sapl.lagoadaprata.mg.leg.br/media/sapl/public/materialegislativa/2021/6981/requerimento_249-2021_-_lisa_-_sinalizacao_16-11.pdf", "ementa": "Sra. Presidente,\r\n\r\n\tA Vereadora infra-assinada, na forma regimental, requer a Vossa Excel\u00eancia, consultado o Plen\u00e1rio, seja enviado of\u00edcio ao Chefe do Poder Executivo Municipal, encaminhando o presente Requerimento que solicita ao Secret\u00e1rio de Administra\u00e7\u00e3o e Governo, Lucas Rafael Gontijo de Melo, bem como ao Secret\u00e1rio de Obras e Urbanismo, Reginaldo Henrique Santos, e ao Secret\u00e1rio de Transportes e Limpeza P\u00fablica, Ivanir Junior Rezende Trindade, que informem a esta Casa se h\u00e1 possibilidade de se contratar, o mais breve poss\u00edvel, empresa para realizar a recoloca\u00e7\u00e3o da sinaliza\u00e7\u00e3o horizontal e vertical de tr\u00e2nsito nas vias p\u00fablicas do munic\u00edpio que j\u00e1 foram e ser\u00e3o recapeadas, nesta cidade."}, {"id": "6982", "ano": "2021", "numero": "250", "tipo__sigla": "REQ", "tipo__descricao": "Requerimento", "autoria": "Soninha", "texto_original": "http://sapl.lagoadaprata.mg.leg.br/media/sapl/public/materialegislativa/2021/6982/requerimento_250-2021_-_soninha_-_contratacao_de_nutricionista_16-11.pdf", "ementa": "Senhora Presidente,\r\n\r\n    \u200b \tA Vereadora infra-assinada, na forma regimental, requer a Vossa Excel\u00eancia, consultado o Plen\u00e1rio, que seja enviado of\u00edcio ao Chefe do Poder Executivo Municipal, encaminhando o presente Requerimento que solicita ao Secret\u00e1rio de Administra\u00e7\u00e3o e Governo, Lucas Rafael Gontijo de Melo, bem como \u00e0 Secret\u00e1ria Municipal de Sa\u00fade, Margarete Borges de Lacerda Dias, que informem a esta Casa, se h\u00e1 possibilidade de se contratar um Nutricionista para atender na Policl\u00ednica de nosso Munic\u00edpio."}, {"id": "6983", "ano": "2021", "numero": "251", "tipo__sigla": "REQ", "tipo__descricao": "Requerimento", "autoria": "Sargento Washington", "texto_original": "http://sapl.lagoadaprata.mg.leg.br/media/sapl/public/materialegislativa/2021/6983/requerimento_251-2021_-_sargento_washington_-_bibliotecas_nas_escolas_16-11.pdf", "ementa": "Sra. Presidente,\r\n\r\n\tO Vereador infra-assinado, na forma regimental, requer a Vossa Excel\u00eancia, consultado o Plen\u00e1rio, que seja enviado of\u00edcio ao Chefe do Poder Executivo Municipal, encaminhando o presente Requerimento que solicita ao Secret\u00e1rio de Administra\u00e7\u00e3o e Governo, Lucas Rafael Gontijo de Melo, bem como \u00e0 Secret\u00e1ria Municipal de Educa\u00e7\u00e3o, Adriana Aparecida Ferreira, que informem a esta Casa, se tem previs\u00e3o ou projetos para o cumprimento da Lei Nacional n\u00ba 12.244, de 24 de maio de 2010, que Disp\u00f5e sobre a universaliza\u00e7\u00e3o das bibliotecas nas institui\u00e7\u00f5es de ensino do Pa\u00eds, nas escolas p\u00fablicas municipais."}, {"id": "6984", "ano": "2021", "numero": "252", "tipo__sigla": "REQ", "tipo__descricao": "Requerimento", "autoria": "Carol Castro", "texto_original": "http://sapl.lagoadaprata.mg.leg.br/media/sapl/public/materialegislativa/2021/6984/requerimento_252-2021_-_carol_-_audiencia_publica_violencia_contra_a_mulher__16-11.pdf", "ementa": "Sra. Presidente,\r\n\r\n\tA Vereadora infra-assinada, na forma regimental, requer a Vossa Excel\u00eancia, ouvido o Plen\u00e1rio, que seja determinada a realiza\u00e7\u00e3o de uma Audi\u00eancia P\u00fablica com o objetivo de debater sobre a Viol\u00eancia Dom\u00e9stica e Familiar contra a Mulher, as redes de apoio existentes e a cria\u00e7\u00e3o de estrat\u00e9gias para o enfrentamento da viol\u00eancia contra mulheres, tem\u00e1ticas de relevante interesse social, a realizar-se no dia 24 de novembro de 2021, \u00e0s 14 horas, no Plen\u00e1rio desta Casa Legislativa, com transmiss\u00e3o ao vivo por meio da p\u00e1gina da C\u00e2mara Municipal no Facebook e no YouTube."}, {"id": "6986", "ano": "2021", "numero": "253", "tipo__sigla": "REQ", "tipo__descricao": "Requerimento", "autoria": "Lisa Miranda", "texto_original": "http://sapl.lagoadaprata.mg.leg.br/media/sapl/public/materialegislativa/2021/6986/requerimento_253-2021_-_lisa_-_historia_de_lp_na_grade_curricular_22-11.pdf", "ementa": "Senhora Presidente,\r\n\r\n    \u200b \tA Vereadora infra-assinada, na forma regimental, requer a Vossa Excel\u00eancia, consultado o Plen\u00e1rio, que seja enviado of\u00edcio ao Chefe do Poder Executivo Municipal, encaminhando o presente Requerimento, que solicita ao Secret\u00e1rio de Administra\u00e7\u00e3o e Governo, Lucas Rafael Gontijo de Melo, bem como \u00e0  Secret\u00e1ria Municipal de Educa\u00e7\u00e3o, Adriana Aparecida Ferreira, que informem aos Vereadores e \u00e0 popula\u00e7\u00e3o de Lagoa da Prata, sobre a possibilidade de inclus\u00e3o dos conte\u00fados sobre a Hist\u00f3ria de Lagoa da Prata, nas grades curriculares da Rede de Ensino Municipal, passando a constar nas propostas pedag\u00f3gicas das escolas."}, {"id": "6987", "ano": "2021", "numero": "254", "tipo__sigla": "REQ", "tipo__descricao": "Requerimento", "autoria": "Soninha", "texto_original": "http://sapl.lagoadaprata.mg.leg.br/media/sapl/public/materialegislativa/2021/6987/requerimento_254-2021_-_soninha_-_convoca_sec__desenv_economico_22-11.pdf", "ementa": "Senhora Presidente,\r\n\r\n\tA Vereadora infra-assinada, na forma regimental, requer a Vossa Excel\u00eancia, consultado o Plen\u00e1rio, que seja enviado of\u00edcio ao Chefe do Poder Executivo Municipal, encaminhando o presente Requerimento, que convoca o Secret\u00e1rio Municipal de Desenvolvimento Econ\u00f4mico, Rog\u00e9rio C\u00e9sar Gorgosinho, a comparecer a esta Casa, no prazo regimental e nos termos da Lei Org\u00e2nica do Munic\u00edpio, para falar a respeito dos seguintes assuntos:\r\n\r\n\t1 - O trabalho que vem sendo realizado pelo SINE, bem como dos projetos existentes para o corrente ano e para o pr\u00f3ximo;\r\n\t\r\n\t2 - Reclama\u00e7\u00f5es feitas pela popula\u00e7\u00e3o em rela\u00e7\u00e3o ao atendimento, servi\u00e7os prestados, hor\u00e1rio de funcionamento e local de publica\u00e7\u00e3o das vagas do SINE;\r\n\r\n\t3 \u2013 Assuntos relacionados \u00e0 Feira Livre, como: crit\u00e9rios estabelecidos para que um feirante consiga um espa\u00e7o; se \u00e9 cobrada alguma taxa; etc."}, {"id": "6988", "ano": "2021", "numero": "255", "tipo__sigla": "REQ", "tipo__descricao": "Requerimento", "autoria": "Carol Castro", "texto_original": "http://sapl.lagoadaprata.mg.leg.br/media/sapl/public/materialegislativa/2021/6988/requerimento_255-2021_-_carol_-_cerimonia_honra_merito_doador_de_sangue_22-11.pdf", "ementa": "Senhora Presidente,\r\n\r\n\tA Vereadora infra-assinada, regimentalmente apoiada, requer a Vossa Excel\u00eancia que seja submetida \u00e0 aprova\u00e7\u00e3o do Plen\u00e1rio, a realiza\u00e7\u00e3o de uma Cerim\u00f4nia de Honra ao M\u00e9rito, nos termos do Art. 8\u00ba da Lei Municipal n\u00ba 2.124/2013, visando a concess\u00e3o de   CERTIFICADO DE HONRA AO M\u00c9RITO ao doador de sangue Francisco Duarte de Mattos, indicado pela Funda\u00e7\u00e3o Hemominas, Unidade de Divin\u00f3polis, a receber a honraria em  homenagem \u00e0s comemora\u00e7\u00f5es do Dia Nacional do Doador Volunt\u00e1rio de Sangue, dia 25 de novembro, em reconhecimento ao nobre gesto de amor e compromisso com a vida e solidariedade para com a sociedade."}, {"id": "6989", "ano": "2021", "numero": "256", "tipo__sigla": "REQ", "tipo__descricao": "Requerimento", "autoria": "Cici", "texto_original": "http://sapl.lagoadaprata.mg.leg.br/media/sapl/public/materialegislativa/2021/6989/requerimento_256-2021_-_cici_-_placas_de_identificacao_ubs_22-11.pdf", "ementa": "Sra. Presidente,\r\n\r\n    \u200b \tO Vereador infra-assinado, na forma regimental e consultado o Plen\u00e1rio, requer a Vossa Excel\u00eancia que seja enviado Of\u00edcio ao Chefe do Poder Executivo Municipal encaminhando o presente Requerimento, que solicita ao Secret\u00e1rio Municipal de Administra\u00e7\u00e3o e Governo, Sr. Lucas Rafael Gontijo de Melo, bem como ao Secret\u00e1rio Municipal de Obras e Urbanismo, Sr. Reginaldo Henrique Santos, que informem a esta Casa, se h\u00e1 possibilidade de se instalar placas de identifica\u00e7\u00e3o nas Unidades B\u00e1sicas de Sa\u00fade, Edil Handan e Monsenhor Alfredo Dohr, bem como o n\u00famero de identifica\u00e7\u00e3o do im\u00f3vel, localizado na rua Amazonas, n\u00ba 1.959, Bairro Mar\u00edlia, neste munic\u00edpio."}, {"id": "6990", "ano": "2021", "numero": "257", "tipo__sigla": "REQ", "tipo__descricao": "Requerimento", "autoria": "Leandro Bibiano", "texto_original": "http://sapl.lagoadaprata.mg.leg.br/media/sapl/public/materialegislativa/2021/6990/requerimento_257-2021_-_leandro_-_recapeamento_22-11.pdf", "ementa": "Sra. Presidente,\r\n\r\n\tO Vereador infra-assinado, na forma regimental, requer a Vossa Excel\u00eancia, consultado o Plen\u00e1rio, que seja enviado of\u00edcio ao Chefe do Poder Executivo Municipal, encaminhando o presente Requerimento que solicita ao Secret\u00e1rio de Administra\u00e7\u00e3o e Governo, Lucas Rafael Gontijo de Melo, bem como ao Secret\u00e1rio de Obras e Urbanismo, Reginaldo Henrique Santos, que informem a esta Casa se h\u00e1 possibilidade de se recapear o piso das Ruas Ol\u00edmpio Crioulo, pr\u00f3ximo \u00e0 ind\u00fastria farmac\u00eautica l\u00e1 localizada, da Rua Direita, Rua Jo\u00e3o Martins Vasconcelos, no bairro Mangabeiras, nesta cidade."}, {"id": "6991", "ano": "2021", "numero": "258", "tipo__sigla": "REQ", "tipo__descricao": "Requerimento", "autoria": "Hermano Fof\u00e3o", "texto_original": "http://sapl.lagoadaprata.mg.leg.br/media/sapl/public/materialegislativa/2021/6991/requerimento_258-2021_-_hermano_-_certificado_vacinacao_p_eventos_22-11.pdf", "ementa": "Sra. Presidente,\r\n\t\r\n\tO Vereador infra-assinado, na forma regimental e consultado o Plen\u00e1rio, requer a Vossa Excel\u00eancia que seja enviado of\u00edcio ao Chefe do Poder Executivo Municipal encaminhando o presente Requerimento, solicitando ao Secret\u00e1rio de Administra\u00e7\u00e3o e Governo, Lucas Rafael Gontijo de Melo, que informe a esta Casa se h\u00e1 possibilidade de se exigir dos promotores de eventos, festas e cong\u00eanere, que exija dos frequentadores o Certificado Nacional de Vacina\u00e7\u00e3o \u2013 Covid-19, emitido pelo Minist\u00e9rio de Sa\u00fade por meio do Aplicativo \u201cConecta SUS\u201d, quando da concess\u00e3o do Alvar\u00e1 para realiza\u00e7\u00e3o destes eventos, em especial nos de final de ano."}, {"id": "6997", "ano": "2021", "numero": "259", "tipo__sigla": "REQ", "tipo__descricao": "Requerimento", "autoria": "Lisa Miranda", "texto_original": "http://sapl.lagoadaprata.mg.leg.br/media/sapl/public/materialegislativa/2021/6997/requerimento_259-2021_-_lisa_miranda_-_programa_e_campanha_drogas_29-11.pdf", "ementa": "Senhora Presidente,\r\n\r\n    \u200b \tA Vereadora infra-assinada, na forma regimental, requer a Vossa Excel\u00eancia, consultado o Plen\u00e1rio, que seja enviado of\u00edcio ao Chefe do Poder Executivo Municipal, encaminhando o presente Requerimento, que solicita ao Secret\u00e1rio de Administra\u00e7\u00e3o e Governo, Lucas Rafael Gontijo de Melo, bem como \u00e0 Secret\u00e1ria Municipal de Educa\u00e7\u00e3o, Adriana Aparecida Ferreira, que informem aos Vereadores e \u00e0 popula\u00e7\u00e3o de Lagoa da Prata, sobre a possibilidade de se instituir no Munic\u00edpio algum programa para a\u00e7\u00e3o preventiva no combate \u00e0s drogas ou de se realizar campanha permanente de orienta\u00e7\u00e3o aos adolescentes, jovens e crian\u00e7as, sobre o combate \u00e0s drogas l\u00edcitas e il\u00edcitas na Rede Municipal de Ensino, passando a constar nas propostas pedag\u00f3gicas das escolas."}, {"id": "6998", "ano": "2021", "numero": "260", "tipo__sigla": "REQ", "tipo__descricao": "Requerimento", "autoria": "Soninha", "texto_original": "http://sapl.lagoadaprata.mg.leg.br/media/sapl/public/materialegislativa/2021/6998/requerimento_260-2021_-_soninha_-_obras_publicas_29-11.pdf", "ementa": "Sra. Presidente,\r\n\t\r\n\tA Vereadora infra-assinada, na forma regimental e consultado o Plen\u00e1rio, requer a Vossa Excel\u00eancia que seja enviado of\u00edcio ao Chefe do Poder Executivo Municipal encaminhando o presente Requerimento, solicitando ao Secret\u00e1rio Municipal de Administra\u00e7\u00e3o e Governo, Lucas Rafael Gontijo de Melo, e ao Secret\u00e1rio Municipal de Obras e Urbanismo, Reginaldo Henrique Santos, que informem a esta Casa, por meio de um relat\u00f3rio, as seguintes informa\u00e7\u00f5es:\r\n\r\n\t01 - Quantas obras/constru\u00e7\u00f5es p\u00fablicas em andamento foram assumidas pela nova gest\u00e3o, provenientes da Administra\u00e7\u00e3o anterior? Quantas obras iniciadas pela atual gest\u00e3o se encontram em execu\u00e7\u00e3o ou j\u00e1 foram conclu\u00eddas? Favor levar em considera\u00e7\u00e3o e listar as obras assumidas por todas pastas/secretarias;\r\n\r\n\t02 - Quais s\u00e3o essas obras/constru\u00e7\u00f5es p\u00fablicas? Favor listar o endere\u00e7o completo do pr\u00e9dio/constru\u00e7\u00e3o, o valor da obra, a data de in\u00edcio da obra, o prazo previsto para a sua entrega e a empresa respons\u00e1vel pela sua execu\u00e7\u00e3o."}, {"id": "6999", "ano": "2021", "numero": "261", "tipo__sigla": "REQ", "tipo__descricao": "Requerimento", "autoria": "Carol Castro", "texto_original": "http://sapl.lagoadaprata.mg.leg.br/media/sapl/public/materialegislativa/2021/6999/requerimento_261-2021_-_carol_-_cerimonia_honra_merito_doador_de_sangue_franciele_29-11.pdf", "ementa": "Senhora Presidente,\r\n\r\n\tA Vereadora infra-assinada, regimentalmente apoiada, requer a Vossa Excel\u00eancia que seja submetida \u00e0 aprova\u00e7\u00e3o do Plen\u00e1rio, a inclus\u00e3o da doadora de sangue, Franciele Azevedo Bernardes, na Cerim\u00f4nia de entrega do CERTIFICADO DE HONRA AO M\u00c9RITO, nos termos do Art. 8\u00ba da Lei Municipal n\u00ba 2.124/2013, indicada pela Funda\u00e7\u00e3o Hemominas, Unidade de Divin\u00f3polis, a receber a honraria em homenagem \u00e0s comemora\u00e7\u00f5es do Dia Nacional do Doador Volunt\u00e1rio de Sangue, dia 25 de novembro, em reconhecimento ao nobre gesto de amor e compromisso com a vida e solidariedade para com a sociedade."}, {"id": "7000", "ano": "2021", "numero": "262", "tipo__sigla": "REQ", "tipo__descricao": "Requerimento", "autoria": "Leandro Bibiano", "texto_original": "http://sapl.lagoadaprata.mg.leg.br/media/sapl/public/materialegislativa/2021/7000/requerimento_262-2021_-_leandro_bibiano_-_canteiro_central_29-11.pdf", "ementa": "Sra. Presidente,\r\n\r\n\tO Vereador infra-assinado, na forma regimental, requer a Vossa Excel\u00eancia, consultado o Plen\u00e1rio, que seja enviado of\u00edcio ao Chefe do Poder Executivo Municipal, encaminhando o presente Requerimento que solicita ao Secret\u00e1rio de Administra\u00e7\u00e3o e Governo, Lucas Rafael Gontijo de Melo, bem como ao Secret\u00e1rio de Obras e Urbanismo, Reginaldo Henrique Santos, que informem a esta Casa se h\u00e1 possibilidade de se retirar o canteiro central da Rua Joaquim Deusdete Neves, em frente ao n\u00famero 109, bairro Chico Miranda, nesta cidade."}, {"id": "7001", "ano": "2021", "numero": "263", "tipo__sigla": "REQ", "tipo__descricao": "Requerimento", "autoria": "Pavio", "texto_original": "http://sapl.lagoadaprata.mg.leg.br/media/sapl/public/materialegislativa/2021/7001/requerimento_263-2021_-_pavio_-_pavimentacao_asfaltica_29-11.pdf", "ementa": "Sra. Presidente,\r\n\r\n\tO Vereador infra-assinado, na forma regimental, requer a Vossa Excel\u00eancia, consultado o Plen\u00e1rio, que seja enviado of\u00edcio ao Chefe do Poder Executivo Municipal, encaminhando o presente Requerimento que solicita ao Secret\u00e1rio de Administra\u00e7\u00e3o e Governo, Lucas Rafael Gontijo de Melo, bem como ao Secret\u00e1rio de Obras e Urbanismo, Reginaldo Henrique Santos, que informem a esta Casa se h\u00e1 possibilidade de se realizar o recapeamento asf\u00e1ltico no prolongamento do Bairro Am\u00e9rico Silva, que est\u00e1 em situa\u00e7\u00e3o de calamidade."}, {"id": "7006", "ano": "2021", "numero": "264", "tipo__sigla": "REQ", "tipo__descricao": "Requerimento", "autoria": "Lisa Miranda", "texto_original": "http://sapl.lagoadaprata.mg.leg.br/media/sapl/public/materialegislativa/2021/7006/requerimento_264-2021_-_lisa_-_programa_descarte_de_oleo_06-12.pdf", "ementa": "Senhora Presidente,\r\n\r\n    \u200b \tA Vereadora infra-assinada, na forma regimental, requer a Vossa Excel\u00eancia, consultado o Plen\u00e1rio, que seja enviado of\u00edcio ao Chefe do Poder Executivo Municipal, encaminhando o presente Requerimento, que solicita ao Secret\u00e1rio Municipal de Meio Ambiente, Anderson Rodrigues Andrade, que informe aos Vereadores e \u00e0 popula\u00e7\u00e3o de Lagoa da Prata se h\u00e1 possibilidade de se criar um Programa de Reciclagem do \u00d3leo de Fritura, que consiste em conscientizar a popula\u00e7\u00e3o sobre a import\u00e2ncia da realiza\u00e7\u00e3o da coleta e reciclagem do referido produto."}, {"id": "7007", "ano": "2021", "numero": "265", "tipo__sigla": "REQ", "tipo__descricao": "Requerimento", "autoria": "Leandro Bibiano", "texto_original": "http://sapl.lagoadaprata.mg.leg.br/media/sapl/public/materialegislativa/2021/7007/requerimento_265-2021_-_leandro_-_recapeamento_06-12_1.pdf", "ementa": "Sra. Presidente,\r\n\r\n\tO Vereador infra-assinado, na forma regimental, requer a Vossa Excel\u00eancia, consultado o Plen\u00e1rio, que seja enviado of\u00edcio ao Chefe do Poder Executivo Municipal, encaminhando o presente Requerimento que solicita ao Secret\u00e1rio de Administra\u00e7\u00e3o e Governo, Lucas Rafael Gontijo de Melo, bem como ao Secret\u00e1rio de Obras e Urbanismo, Reginaldo Henrique Santos, que informem a esta Casa se h\u00e1 possibilidade de se recapear o piso da Rua Eurico dos Santos Ribeiro e da Rua Jos\u00e9 Ribeiro de Oliveira, no bairro Mar\u00edlia, nesta cidade."}, {"id": "7008", "ano": "2021", "numero": "266", "tipo__sigla": "REQ", "tipo__descricao": "Requerimento", "autoria": "Toninho da Laje", "texto_original": "http://sapl.lagoadaprata.mg.leg.br/media/sapl/public/materialegislativa/2021/7008/requerimento_266-2021_-_toniho_da_laje_-_passagem_elevada_de_pedestres_06-12.pdf", "ementa": "Sra. Presidente,\r\n\t\r\n\tO Vereador infra-assinado, na forma regimental e consultado o Plen\u00e1rio, requer a Vossa Excel\u00eancia que seja enviado of\u00edcio ao Chefe do Poder Executivo Municipal encaminhando o presente Requerimento, solicitando ao Secret\u00e1rio Municipal de Administra\u00e7\u00e3o e Governo, Lucas Rafael Gontijo de Melo, e ao Secret\u00e1rio Municipal de Obras e Urbanismo, Reginaldo Henrique Santos, que informem a esta Casa se h\u00e1 possibilidade da   constru\u00e7\u00e3o de uma faixa de pedestres elevada, com ondula\u00e7\u00e3o, na Rua Osvaldo Damasceno, pr\u00f3ximo ao n\u00famero 437, em frente \u00e0 entrada principal da Igreja Mensageiros dos Church, no bairro Maria Fernanda I."}, {"id": "7009", "ano": "2021", "numero": "267", "tipo__sigla": "REQ", "tipo__descricao": "Requerimento", "autoria": "Pavio", "texto_original": "http://sapl.lagoadaprata.mg.leg.br/media/sapl/public/materialegislativa/2021/7009/requerimento_267-2021_-_pavio_-_reajuste_salarial_-_06-12.pdf", "ementa": "Sra. Presidente,\r\n\r\n\tO Vereador infra-assinado, na forma regimental, requer a Vossa Excel\u00eancia, consultado o Plen\u00e1rio, que seja enviado of\u00edcio ao Chefe do Poder Executivo Municipal, encaminhando o presente Requerimento que solicita ao Secret\u00e1rio de Administra\u00e7\u00e3o e Governo, Lucas Rafael Gontijo de Melo, que informe a esta Casa se h\u00e1 possibilidade de se enviar um Projeto de Lei dispondo sobre a corre\u00e7\u00e3o das perdas salariais dos servidores p\u00fablicos municipais ao longo dos anos passados, fazendo com que os vencimentos fiquem muito defasados."}, {"id": "7010", "ano": "2021", "numero": "268", "tipo__sigla": "REQ", "tipo__descricao": "Requerimento", "autoria": "Carol Castro", "texto_original": "http://sapl.lagoadaprata.mg.leg.br/media/sapl/public/materialegislativa/2021/7010/requerimento_268-2021_-_carol_castro_-_segunda_dose_vacina_covid_06-12.pdf", "ementa": "Senhora Presidente,\r\n\r\n\tA Vereadora infra-assinada, na forma regimental e consultado o Plen\u00e1rio, requer a Vossa Excel\u00eancia que envie of\u00edcio ao Chefe do Poder Executivo Municipal encaminhando o presente Requerimento, que solicita ao Secret\u00e1rio de Administra\u00e7\u00e3o e Governo, Lucas Rafael Gontijo de Melo, bem como \u00e0 Secret\u00e1ria Municipal de Sa\u00fade, Margarete Borges de Lacerda Dias, que informem a esta Casa, sobre a possibilidade de se enviar equipes de vacina\u00e7\u00e3o \u00e0s escolas da Rede Estadual de Ensino de Lagoa da Prata, a fim de imunizar os alunos com idade entre 12 e 17 anos, programados para receberem a segunda dose da Vacina contra a Covid-19, conforme estabelecido pelo Programa Nacional de Imuniza\u00e7\u00e3o (PNI) do Minist\u00e9rio da Sa\u00fade, tendo em vista a baixa cobertura vacinal dos adolescentes."}, {"id": "7017", "ano": "2021", "numero": "269", "tipo__sigla": "REQ", "tipo__descricao": "Requerimento", "autoria": "Soninha", "texto_original": "http://sapl.lagoadaprata.mg.leg.br/media/sapl/public/materialegislativa/2021/7017/requerimento_269-2021_-_soninha_-_passagem_elevada_de_pedestres_13-12.pdf", "ementa": "Sra. Presidente,\r\n\t\r\n\tA Vereadora infra-assinada, na forma regimental e consultado o Plen\u00e1rio, requer a Vossa Excel\u00eancia que seja enviado of\u00edcio ao Chefe do Poder Executivo Municipal encaminhando o presente Requerimento, solicitando ao Secret\u00e1rio Municipal de Administra\u00e7\u00e3o e Governo, Lucas Rafael Gontijo de Melo, e ao Secret\u00e1rio Municipal de Obras e Urbanismo, Reginaldo Henrique Santos, que informem a esta Casa se h\u00e1 projeto ou pretens\u00e3o por parte da Administra\u00e7\u00e3o P\u00fablica Municipal de se construir passagens elevadas para pedestres nas portas de todas as escolas, p\u00fablicas e particulares, que ainda n\u00e3o a possuem, ou de outra medida adequada, como forma de aumentar a seguran\u00e7a dos alunos, pais e professores, que muitas vezes se veem em risco de acidentes."}, {"id": "7018", "ano": "2021", "numero": "270", "tipo__sigla": "REQ", "tipo__descricao": "Requerimento", "autoria": "Lisa Miranda", "texto_original": "http://sapl.lagoadaprata.mg.leg.br/media/sapl/public/materialegislativa/2021/7018/requerimento_270-2021_-_lisa_-_primeiros_socorros_nas_escolas_13-12.pdf", "ementa": "Senhora Presidente,\r\n\r\n    \u200b \tA Vereadora infra-assinada, na forma regimental, requer a Vossa Excel\u00eancia, consultado o Plen\u00e1rio, que seja enviado of\u00edcio ao Chefe do Poder Executivo Municipal, encaminhando o presente Requerimento, que solicita ao Secret\u00e1rio de Administra\u00e7\u00e3o e Governo, Lucas Rafael Gontijo de Melo, bem como \u00e0  Secret\u00e1ria Municipal de Educa\u00e7\u00e3o, Adriana Aparecida Ferreira, que informem aos Vereadores e \u00e0 popula\u00e7\u00e3o de Lagoa da Prata, sobre a possibilidade de se fazer Treinamento e Capacita\u00e7\u00e3o em Primeiros Socorros, em cumprimento da Lei Nacional n\u00ba 13.722, de 04 de outubro de 2018 (Lei Lucas), que torna obrigat\u00f3ria a capacita\u00e7\u00e3o em no\u00e7\u00f5es b\u00e1sicas de primeiros socorros de professores e funcion\u00e1rios de estabelecimentos de ensino p\u00fablicos e privados de educa\u00e7\u00e3o b\u00e1sica e de estabelecimentos de recrea\u00e7\u00e3o infantil."}, {"id": "7019", "ano": "2021", "numero": "271", "tipo__sigla": "REQ", "tipo__descricao": "Requerimento", "autoria": "Toninho da Laje", "texto_original": "http://sapl.lagoadaprata.mg.leg.br/media/sapl/public/materialegislativa/2021/7019/requerimento_271-2021_-_toninho_da_laje_-_academias_ao_ar_livre__13-12.pdf", "ementa": "Sra. Presidente,\r\n\r\n\tO Vereador infra-assinado, na forma regimental e consultado o Plen\u00e1rio, requer a Vossa Excel\u00eancia que se envie of\u00edcio ao Chefe do Poder Executivo Municipal  encaminhando o presente Requerimento, que solicita ao Secret\u00e1rio de Administra\u00e7\u00e3o e Governo, Lucas Rafael Gontijo de Melo e ao Secret\u00e1rio de Desportos, Carlos Henrique Xavier, que informem a esta Casa, se h\u00e1 possibilidade de se adquirir uma Academia ao Ar Livre, bem como um Playground, para serem instalados na \u201cPra\u00e7a do Conjunto Habitacional Clara Luciano\u201d, que est\u00e1 localizada  entre as ruas Jair de Carvalho e Ildeu Perilo, no Bairro Mar\u00edlia."}, {"id": "7020", "ano": "2021", "numero": "272", "tipo__sigla": "REQ", "tipo__descricao": "Requerimento", "autoria": "Cici", "texto_original": "http://sapl.lagoadaprata.mg.leg.br/media/sapl/public/materialegislativa/2021/7020/requerimento_272-2021_-_cici_-_triangulo_bairro_maria_fernanda_i_-_13-12.pdf", "ementa": "Sra. Presidente,\r\n\t\r\n\tO Vereador infra-assinado, na forma regimental e consultado o Plen\u00e1rio, requer a Vossa Excel\u00eancia que seja enviado of\u00edcio ao Chefe do Poder Executivo Municipal encaminhando o presente Requerimento, solicitando ao Secret\u00e1rio Municipal de Administra\u00e7\u00e3o e Governo, Lucas Rafael Gontijo de Melo, ao Secret\u00e1rio Municipal de Obras e Urbanismo, Reginaldo Henrique Santos, ao Secret\u00e1rio Municipal de Meio Ambiente, Anderson Rodrigues Andrade, e ao Secret\u00e1rio de Transportes e Limpeza P\u00fablica, Ivanir J\u00fanior Rezende Trindade, que informem a esta Casa se h\u00e1 possibilidade de se realizar a limpeza e manuten\u00e7\u00e3o da \u00e1rea localizada entre as Ruas Secundino Rodrigues, Mato Grosso, Jo\u00e3o Ant\u00f4nio de Oliveira e Zeca Francisco, no bairro Maria Fernanda I, nesta cidade, ou de se realizar um estudo para poss\u00edvel constru\u00e7\u00e3o de uma pra\u00e7a ou at\u00e9 mesmo uma solu\u00e7\u00e3o emergencial para esta \u00e1rea pertencente ao munic\u00edpio."}, {"id": "7021", "ano": "2021", "numero": "273", "tipo__sigla": "REQ", "tipo__descricao": "Requerimento", "autoria": "Sargento Washington", "texto_original": "http://sapl.lagoadaprata.mg.leg.br/media/sapl/public/materialegislativa/2021/7021/requerimento_273-2021_-_sargento_washington_-_iluminacao_praca_donana_-_13-12.pdf", "ementa": "Senhora Presidente, \r\n\r\n\tO Vereador infra-assinado, na forma regimental e consultado o Plen\u00e1rio, requer a Vossa Excel\u00eancia que seja enviado of\u00edcio ao Chefe do Poder Executivo Municipal, encaminhando o presente Requerimento, que solicita ao Secret\u00e1rio de Obras e Urbanismo que informe a esta Casa se h\u00e1 possibilidade de se executar melhorias da ilumina\u00e7\u00e3o na Pra\u00e7a Donana e no seu entorno."}, {"id": "7023", "ano": "2021", "numero": "274", "tipo__sigla": "REQ", "tipo__descricao": "Requerimento", "autoria": "Soninha", "texto_original": "http://sapl.lagoadaprata.mg.leg.br/media/sapl/public/materialegislativa/2021/7023/requerimento_274-2021_-_soninha_-_veiculos_para_transporte_saude_20-12_1.pdf", "ementa": "Sra. Presidente,\r\n\r\nA Vereadora infra-assinada, na forma regimental e consultado o Plen\u00e1rio, requer a Vossa Excel\u00eancia que envie of\u00edcio ao Chefe do Poder Executivo Municipal encaminhando o presente Requerimento, que solicita ao Secret\u00e1rio de Administra\u00e7\u00e3o e Governo, Lucas Rafael Gontijo de Melo, ao Secret\u00e1rio de Transportes e Limpeza P\u00fablica, Ivanir J\u00fanior Rezende Trindade, bem como \u00e0 Secret\u00e1ria de Sa\u00fade, Margarete Borges de Lacerda Dias, que informem a esta Casa se h\u00e1 possibilidade de se disponibilizar 02 (dois) ve\u00edculos (Vans/\u00f4nibus) para o transporte dos pacientes que fazem tratamento na cidade de Betim, no sentido de minimizar o sacrif\u00edcio por causa do hor\u00e1rio de sa\u00edda e o tempo de espera."}, {"id": "7024", "ano": "2021", "numero": "275", "tipo__sigla": "REQ", "tipo__descricao": "Requerimento", "autoria": "Lisa Miranda", "texto_original": "http://sapl.lagoadaprata.mg.leg.br/media/sapl/public/materialegislativa/2021/7024/requerimento_275-2021_-_lisa_miranda_-_programa_saude_vocal_professor_20-12.pdf", "ementa": "Senhora Presidente,\r\n\r\n    \u200b \tA Vereadora infra-assinada, na forma regimental, requer a Vossa Excel\u00eancia, consultado o Plen\u00e1rio, que seja enviado of\u00edcio ao Chefe do Poder Executivo Municipal, encaminhando o presente Requerimento, que solicita ao Secret\u00e1rio de Administra\u00e7\u00e3o e Governo, Lucas Rafael Gontijo de Melo, \u00e0 Secret\u00e1ria Municipal de Sa\u00fade, Margarete Borges de Lacerda Dias, bem como \u00e0  Secret\u00e1ria Municipal de Educa\u00e7\u00e3o, Adriana Aparecida Ferreira, que informem aos Vereadores e \u00e0 popula\u00e7\u00e3o de Lagoa da Prata, sobre a possibilidade da cria\u00e7\u00e3o do Programa Municipal de Sa\u00fade Vocal dos Professores da Rede Municipal de Ensino."}, {"id": "7025", "ano": "2021", "numero": "276", "tipo__sigla": "REQ", "tipo__descricao": "Requerimento", "autoria": "Toninho da Laje", "texto_original": "http://sapl.lagoadaprata.mg.leg.br/media/sapl/public/materialegislativa/2021/7025/requerimento_276-2021_-toninho_-_bueiros_20-12.pdf", "ementa": "Sra. Presidente,\r\n\r\n    \u200b \t\tO Vereador infra-assinado, na forma regimental e consultado o Plen\u00e1rio, requer a Vossa Excel\u00eancia que seja enviado ao Chefe do Poder Executivo Municipal of\u00edcio             encaminhando o presente Requerimento, solicitando ao Secret\u00e1rio de Obras e Urbanismo,  Reginaldo Henrique Santos, bem como ao Diretor do SAAE/LP, Edmilson Jos\u00e9 da Laje que informem a esta Casa se h\u00e1 possibilidade de se reformar e dar manuten\u00e7\u00e3o preventiva aos bueiros da Av. Fern\u00e3o dias em frente ao n\u00famero 470 e aos da Rua Rodolfo Bernardes em frente ao n\u00famero 05 no Bairro Santa Helena, nesta cidade, conforme fotografias que seguem anexas."}, {"id": "7026", "ano": "2021", "numero": "277", "tipo__sigla": "REQ", "tipo__descricao": "Requerimento", "autoria": "Leandro Bibiano", "texto_original": "http://sapl.lagoadaprata.mg.leg.br/media/sapl/public/materialegislativa/2021/7026/requerimento_277-2021_-_leandro_bibiano_-_rotatorias_20-12.pdf", "ementa": "Sra. Presidente,\r\n\r\n    \u200b \t\tO Vereador infra-assinado, na forma regimental e consultado o Plen\u00e1rio, requer a Vossa Excel\u00eancia que seja enviado ao Chefe do Poder Executivo Municipal of\u00edcio             encaminhando o presente Requerimento, solicitando ao Secret\u00e1rio de Obras e Urbanismo,  Reginaldo Henrique Santos, que informe a esta Casa se h\u00e1 possibilidade de se realizar estudo para implanta\u00e7\u00e3o de uma rotat\u00f3ria no cruzamento da Rua Rio de Janeiro com a Rua S\u00e3o Paulo  e outra no cruzamento da Rua Rio de Janeiro com a Av. Jos\u00e9 Bernardes Maciel, no Centro, nesta cidade."}, {"id": "6684", "ano": "2021", "numero": "1", "tipo__sigla": "PPTCE", "tipo__descricao": "Parecer Pr\u00e9vio do Tribunal de Contas do Estado", "autoria": "", "texto_original": "http://sapl.lagoadaprata.mg.leg.br/media/sapl/public/materialegislativa/2021/6684/tce-mg_-_parecer_contas_lp_2017.pdf", "ementa": "PARECER PR\u00c9VIO emitido pelo Tribunal de Contas do Estado de Minas Gerais sobre a Presta\u00e7\u00e3o de Contas do Executivo Municipal de Lagoa da Prata \u2013 Exerc\u00edcio de 2017."}, {"id": "6685", "ano": "2021", "numero": "2", "tipo__sigla": "PPTCE", "tipo__descricao": "Parecer Pr\u00e9vio do Tribunal de Contas do Estado", "autoria": "", "texto_original": "http://sapl.lagoadaprata.mg.leg.br/media/sapl/public/materialegislativa/2021/6685/tce-mg_-_parecer_contas_lp_2019.pdf", "ementa": "PARECER PR\u00c9VIO emitido pelo Tribunal de Contas do Estado de Minas Gerais sobre a Presta\u00e7\u00e3o de Contas do Executivo Municipal de Lagoa da Prata \u2013 Exerc\u00edcio de 2019."}]}